
{"id":2817,"date":"2009-04-13T08:00:44","date_gmt":"2009-04-13T11:00:44","guid":{"rendered":"http:\/\/www.oarcanjo.net\/site\/?p=2817"},"modified":"2009-04-12T12:13:00","modified_gmt":"2009-04-12T15:13:00","slug":"massacre-de-eldorado-de-carajas-completa-13-anos-sem-desfecho","status":"publish","type":"post","link":"https:\/\/www.oarcanjo.net\/site\/massacre-de-eldorado-de-carajas-completa-13-anos-sem-desfecho\/","title":{"rendered":"Massacre de Eldorado de Caraj\u00e1s completa 13 anos sem desfecho"},"content":{"rendered":"<p>Em 17 de abril de 1996 policiais militares promoveram o Massacre de Eldorado de Caraj\u00e1s, que ganhou repercuss\u00e3o internacional e deixou marca na hist\u00f3ria do pa\u00eds, ao lado do Massacre do Carandiru (1992) e da Chacina da Candel\u00e1ria (1993), como uma das a\u00e7\u00f5es policiais mais violentas do Brasil. Em 2002, o presidente FHC instituiu essa data como o Dia Nacional de Luta pela Reforma Agr\u00e1ria. <\/p>\n<p>Passados 13 anos do massacre no Par\u00e1, permanecem soltos os 155 policiais que mataram 19 trabalhadores rurais, deixaram centenas de feridos e 69 mutilados. Entre os 144 incriminados, apenas dois foram condenados depois de tr\u00eas conturbados julgamentos: o coronel M\u00e1rio Collares Pantoja e o major Jos\u00e9 Maria Pereira de Oliveira. Ambos aguardam em liberdade a an\u00e1lise do recurso da senten\u00e7a, que est\u00e1 sob avalia\u00e7\u00e3o da ministra Laurita Vaz, do STJ (Superior Tribunal de Justi\u00e7a).<\/p>\n<p>O MST &#8211; Movimento dos Sem Terra &#8211; montou dois acampamento no estado, para cobrar a condena\u00e7\u00e3o dos respons\u00e1veis pelo massacre e apoio \u00e0s fam\u00edlias sobreviventes, com encerramento das atividades no dia 17. Na Curva do S, em Eldorado de Caraj\u00e1s, 500 trabalhadores rurais participam das atividades do Acampamento da Juventude, a partir do dia 10. Em Bel\u00e9m, 600 pessoas estar\u00e3o mobilizadas depois do dia 14.<\/p>\n<p>&#8220;Estamos mobilizados para denunciar que depois de tanto tempo do massacre ningu\u00e9m foi preso e as fam\u00edlias ainda n\u00e3o foram indenizadas. Cobramos a indeniza\u00e7\u00e3o de todas as fam\u00edlias e atendimento m\u00e9dico aos sobreviventes. Defendemos tamb\u00e9m um novo julgamento para impedir que a morte de 19 companheiros fique impune. Al\u00e9m disso, exigimos a Reforma Agr\u00e1ria para acabar com a viol\u00eancia contra os trabalhadores rurais&#8221;, explica o integrante da coodena\u00e7\u00e3o nacional do MST, Ulisses Mana\u00e7as.<\/p>\n<p>Em 2007, os trabalhadores Sem Terra conseguiram uma vit\u00f3ria parcial, com a indeniza\u00e7\u00e3o de 23 fam\u00edlias que foram v\u00edtimas do massacre pela governadora Ana J\u00falia. No entanto, no ano passado o governo estadual promoveu soldados que participaram do Massacre. O Movimento cobra a indeniza\u00e7\u00e3o do total de 79 fam\u00edlias, al\u00e9m da regulariza\u00e7\u00e3o do atendimento m\u00e9dico multidisciplinar aos feridos durante o massacre, que ficaram com balas alojadas pelo corpo. <\/p>\n<p>\u201cA gente lamenta essa mentalidade de grande parte dos juristas, que acha que a pessoa deve recorrer eternamente, pela chamada presun\u00e7\u00e3o de inoc\u00eancia. Esse processo acaba gerando impunidade total e absoluta\u201d afirma o promotor de Justi\u00e7a do caso, Marco Aur\u00e9lio Nascimento.<\/p>\n<p>O advogado Carlos Guedes, que acompanhou o caso desde abril de 1996 at\u00e9 o \u00faltimo julgamento, em maio de 2002, acredita que a Justi\u00e7a ainda n\u00e3o resolveu o caso. Guedes tamb\u00e9m alerta que existem dois tipos de responsabilidades em rela\u00e7\u00e3o ao massacre que a Justi\u00e7a tem de levar em considera\u00e7\u00e3o: as responsabilidades criminal e pol\u00edtica.<\/p>\n<p>\u201cSe todos os que foram denunciados, desde o coronel Pantoja at\u00e9 o \u00faltimo soldado, tivessem sido condenados, isso por si s\u00f3 seria insuficiente. Outras pessoas tiveram participa\u00e7\u00e3o decisiva no massacre, como o governador (Almir Gabriel), o comandante geral da Pol\u00edcia Militar e o secret\u00e1rio de Seguran\u00e7a P\u00fablica (Paulo Sette C\u00e2mara). Estes sequer foram envolvidos no caso\u201d, contesta o advogado.<\/p>\n<p>Na opini\u00e3o dos sobreviventes do massacre e dos advogados do MST, a justi\u00e7a ainda n\u00e3o veio. As pessoas mutiladas, assim como as 13 vi\u00favas que tiveram seus maridos executados naquele dia, ainda n\u00e3o receberam indeniza\u00e7\u00f5es. Tanto para o coordenador nacional do MST no Par\u00e1, Charles Trocate, quanto para os mutilados do massacre, o Estado foi o culpado pelo incidente. <\/p>\n<p>\u201cA cultura da viol\u00eancia gera a cultura da impunidade. Caraj\u00e1s evidenciou um problema em propor\u00e7\u00f5es maiores, mas o Estado n\u00e3o foi capaz de criar instrumentos que corrigissem isso. Primeiro se negou julgar e condenar o governador, o secret\u00e1rio de Justi\u00e7a e o comandante geral da PM. Segundo, nestes 13 anos, n\u00e3o foi produzida nenhuma condena\u00e7\u00e3o porque \u00e9 o Estado que est\u00e1 no banco dos r\u00e9us\u201d, afirmou Trocate.<\/p>\n<p>O 17 de abril foi marcado como dia internacional da luta das lutas dos camponeses, em homenagem \u00e0 luta pela terra pelos camponeses de Caraj\u00e1s e de todas as partes do mundo. Todos os anos, a Via Campesina realiza mobiliza\u00e7\u00f5es nesse per\u00edodo do ano para cobrar o julgamento dos respons\u00e1veis pela viol\u00eancia no campo e pela realiza\u00e7\u00e3o da Reforma Agr\u00e1ria.<\/p>\n<hr \/>\n<p><strong>Caminho do processo na Justi\u00e7a<\/strong><\/p>\n<p>Junho de 1996 &#8211; In\u00edcio do maior processo em n\u00famero de r\u00e9us da hist\u00f3ria criminal brasileira, envolvendo 155 policiais militares. Em 10 anos, o processo ultrapassou as 10 mil p\u00e1ginas.<\/p>\n<p>16 de agosto de 1999 &#8211; Primeira sess\u00e3o do Tribunal do J\u00fari para julgamento dos r\u00e9us em Bel\u00e9m, presidida pelo juiz Ronaldo Valle. Foram absolvidos tr\u00eas oficiais julgados &#8211; coronel M\u00e1rio Colares Pantoja, major Jos\u00e9 Maria Pereira de Oliveira e capit\u00e3o Raimundo Jos\u00e9 Almendra Lameira. Foram tr\u00eas dias de sess\u00e3o com cerceamento dos poderes da acusa\u00e7\u00e3o, impedimento da utiliza\u00e7\u00e3o em plen\u00e1rio de documentos juntados no prazo legal, permiss\u00e3o de manifesta\u00e7\u00f5es p\u00fablicas de jurados criticando a tese da acusa\u00e7\u00e3o e defendendo pontos de vista apresentados pela defesa. <\/p>\n<p>Abril de 2000 &#8211; O Tribunal de Justi\u00e7a do Estado do Par\u00e1 determinou a anula\u00e7\u00e3o do julgamento, decis\u00e3o mantida em um segundo julgamento, em outubro de 2000. Antevendo a anula\u00e7\u00e3o do julgamento, o juiz Ronaldo Valle solicitou o afastamento do caso. Dos 18 ju\u00edzes criminais da Comarca de Bel\u00e9m, 17 informaram ao Presidente do Tribunal de Justi\u00e7a que n\u00e3o aceitariam presidir o julgamento, alegando, na maioria dos casos, simpatia pelos policiais militares e avers\u00e3o ao Movimento dos Trabalhadores Rurais Sem Terra (MST) e aos trabalhadores rurais.<\/p>\n<p>Abril de 2001 &#8211; Nomeada uma nova ju\u00edza para o caso, Eva do Amaral Coelho, que designou o dia 18 de junho de 2001 como data para o novo julgamento dos tr\u00eas oficiais. Alguns dias antes do in\u00edcio da sess\u00e3o, a ju\u00edza determinou a retirada do processo da principal prova da acusa\u00e7\u00e3o, um minucioso parecer t\u00e9cnico da Universidade Estadual de Campinas (Unicamp), com imagens digitais que comprovavam que os respons\u00e1veis pelos primeiros disparos foram os policiais militares. O MST reagiu e a ju\u00edza reviu sua posi\u00e7\u00e3o, suspendendo o julgamento sem marcar nova data. <\/p>\n<p>14 de maio a 10 de junho de 2002 &#8211; O julgamento foi retomado. Ap\u00f3s cinco sess\u00f5es, entre os 144 acusados julgados, 142 foram absolvidos (soldados e 1 oficial) e dois condenados (coronel Pantoja e major Oliveira), com o benef\u00edcio de recorrer da decis\u00e3o em liberdade. Em decorr\u00eancia dos benef\u00edcios estendidos aos dois \u00fanicos condenados, as testemunhas de acusa\u00e7\u00e3o n\u00e3o compareceram mais ao julgamento, em fun\u00e7\u00e3o de amea\u00e7as de morte e por n\u00e3o acreditar na seriedade do julgamento. Durante vinte dias, jornais do Estado do Par\u00e1 publicaram detalhes sobre intimida\u00e7\u00f5es e amea\u00e7as de morte que estariam recebendo as principais testemunhas da acusa\u00e7\u00e3o, principalmente Raimundo Ara\u00fajo dos Anjos e Valderes Tavares. Nada foi feito em rela\u00e7\u00e3o \u00e0 prote\u00e7\u00e3o e salvaguarda de tais testemunhas. O MST n\u00e3o aceitou participar de um julgamento onde n\u00e3o estivessem sequer garantidas a seguran\u00e7a e a tranq\u00fcilidade das pessoas fundamentais para a acusa\u00e7\u00e3o.<\/p>\n<p>Novembro de 2004 &#8211; A 2\u00aa C\u00e2mara do Tribunal de Justi\u00e7a do Par\u00e1 julga numa s\u00f3 sess\u00e3o todos os recursos da defesa e da acusa\u00e7\u00e3o e mant\u00e9m a decis\u00e3o dos dois julgamentos realizados pelo Tribunal do J\u00fari, absolvendo os 142 policiais militares e condenando o coronel Pantoja (228 anos de pris\u00e3o) e o major Oliveira (154 anos de pris\u00e3o).<\/p>\n<p>22 de setembro de 2005 \u2013 O coronel Pantoja \u00e9 posto em liberdade por decis\u00e3o do Supremo Tribunal Federal. <\/p>\n<p>13 de outubro de 2005 \u2013 O major Oliveira \u00e9 posto em liberdade por decis\u00e3o do Supremo Tribunal Federal.<\/p>\n<p>2006 &#8211; Recurso especial \u00e9 apresentado ao Superior Tribunal de Justi\u00e7a e, posteriormente, recurso extraordin\u00e1rio \u00e9 apresentado ao Supremo Tribunal Federal. <\/p>\n<p>Abril\/2007 &#8211; A governadora do estado Ana J\u00falia Carepa assinou decreto que concede indeniza\u00e7\u00e3o e pens\u00f5es especiais a 22 fam\u00edlias de trabalhadores sem-terra v\u00edtimas da chacina. \u201cO que eu fiz foi reparar uma injusti\u00e7a, reconhecendo a responsabilidade do governo do Estado\u201d, disse Ana J\u00falia. A governadora classificou o massacre de Eldorado do Caraj\u00e1s como \u201cum dos epis\u00f3dios que mais envergonhou n\u00e3o s\u00f3 o Par\u00e1 diante do Brasil, mas o Par\u00e1 diante do mundo\u201d.<\/p>\n<p>Setembro\/2008 &#8211;  O governo de Ana J\u00falia Carepa promoveu os soldados que participaram do Massacre de Eldorado do Caraj\u00e1s. Entre 87 e 90 policiais foram promovidos a cabo. Apesar de todos os promovidos j\u00e1 terem sido absolvidos em primeira inst\u00e2ncia pela acusa\u00e7\u00e3o de homic\u00eddio qualificado, ainda h\u00e1 um recurso no STJ (Supremo Tribunal de Justi\u00e7a) que pede suas condena\u00e7\u00f5es.<\/p>\n<div id=\"themify_builder_content-2817\" data-postid=\"2817\" class=\"themify_builder_content themify_builder_content-2817 themify_builder themify_builder_front\">\n\t<\/div>\n<!-- \/themify_builder_content -->","protected":false},"excerpt":{"rendered":"<p>Em 17 de abril de 1996 policiais militares promoveram o Massacre de Eldorado de Caraj\u00e1s, que ganhou repercuss\u00e3o internacional e deixou marca na hist\u00f3ria do pa\u00eds, ao lado do Massacre do Carandiru (1992) e da Chacina da Candel\u00e1ria (1993), como uma das a\u00e7\u00f5es policiais mais violentas do Brasil. Em 2002, o presidente FHC instituiu essa [&hellip;]<\/p>\n","protected":false},"author":5,"featured_media":0,"comment_status":"open","ping_status":"open","sticky":false,"template":"","format":"standard","meta":{"ngg_post_thumbnail":0,"footnotes":""},"categories":[8],"tags":[487,484,292,293,483,413],"yoast_head":"<!-- This site is optimized with the Yoast SEO plugin v23.5 - https:\/\/yoast.com\/wordpress\/plugins\/seo\/ -->\n<title>Massacre de Eldorado de Caraj\u00e1s completa 13 anos sem desfecho - O Arcanjo no ar<\/title>\n<meta name=\"robots\" content=\"index, follow, max-snippet:-1, max-image-preview:large, max-video-preview:-1\" \/>\n<link rel=\"canonical\" href=\"https:\/\/www.oarcanjo.net\/site\/massacre-de-eldorado-de-carajas-completa-13-anos-sem-desfecho\/\" \/>\n<meta property=\"og:locale\" content=\"pt_BR\" \/>\n<meta property=\"og:type\" content=\"article\" \/>\n<meta property=\"og:title\" content=\"Massacre de Eldorado de Caraj\u00e1s completa 13 anos sem desfecho - O Arcanjo no ar\" \/>\n<meta property=\"og:description\" content=\"Em 17 de abril de 1996 policiais militares promoveram o Massacre de Eldorado de Caraj\u00e1s, que ganhou repercuss\u00e3o internacional e deixou marca na hist\u00f3ria do pa\u00eds, ao lado do Massacre do Carandiru (1992) e da Chacina da Candel\u00e1ria (1993), como uma das a\u00e7\u00f5es policiais mais violentas do Brasil. Em 2002, o presidente FHC instituiu essa [&hellip;]\" \/>\n<meta property=\"og:url\" content=\"https:\/\/www.oarcanjo.net\/site\/massacre-de-eldorado-de-carajas-completa-13-anos-sem-desfecho\/\" \/>\n<meta property=\"og:site_name\" content=\"O Arcanjo no ar\" \/>\n<meta property=\"article:publisher\" content=\"https:\/\/www.facebook.com\/OArcanjoNoAr\/\" \/>\n<meta property=\"article:published_time\" content=\"2009-04-13T11:00:44+00:00\" \/>\n<meta property=\"article:modified_time\" content=\"2009-04-12T15:13:00+00:00\" \/>\n<meta property=\"og:image\" content=\"https:\/\/www.oarcanjo.net\/site\/wp-content\/uploads\/logo-o-arcanjo-no-ar-facebook.png\" \/>\n\t<meta property=\"og:image:width\" content=\"300\" \/>\n\t<meta property=\"og:image:height\" content=\"300\" \/>\n\t<meta property=\"og:image:type\" content=\"image\/png\" \/>\n<meta name=\"author\" content=\"editor\" \/>\n<meta name=\"twitter:card\" content=\"summary_large_image\" \/>\n<meta name=\"twitter:label1\" content=\"Escrito por\" \/>\n\t<meta name=\"twitter:data1\" content=\"editor\" \/>\n\t<meta name=\"twitter:label2\" content=\"Est. tempo de leitura\" \/>\n\t<meta name=\"twitter:data2\" content=\"7 minutos\" \/>\n<script type=\"application\/ld+json\" class=\"yoast-schema-graph\">{\"@context\":\"https:\/\/schema.org\",\"@graph\":[{\"@type\":\"Article\",\"@id\":\"https:\/\/www.oarcanjo.net\/site\/massacre-de-eldorado-de-carajas-completa-13-anos-sem-desfecho\/#article\",\"isPartOf\":{\"@id\":\"https:\/\/www.oarcanjo.net\/site\/massacre-de-eldorado-de-carajas-completa-13-anos-sem-desfecho\/\"},\"author\":{\"name\":\"editor\",\"@id\":\"https:\/\/www.oarcanjo.net\/site\/#\/schema\/person\/f7024d007863202483a31326673a0838\"},\"headline\":\"Massacre de Eldorado de Caraj\u00e1s completa 13 anos sem desfecho\",\"datePublished\":\"2009-04-13T11:00:44+00:00\",\"dateModified\":\"2009-04-12T15:13:00+00:00\",\"mainEntityOfPage\":{\"@id\":\"https:\/\/www.oarcanjo.net\/site\/massacre-de-eldorado-de-carajas-completa-13-anos-sem-desfecho\/\"},\"wordCount\":1501,\"commentCount\":0,\"publisher\":{\"@id\":\"https:\/\/www.oarcanjo.net\/site\/#organization\"},\"keywords\":[\"Eldorado de Caraj\u00e1s\",\"impunidade\",\"MST\",\"Reforma agr\u00e1ria\",\"sem terra\",\"viol\u00eancia no campo\"],\"articleSection\":[\"Not\u00edcias\"],\"inLanguage\":\"pt-BR\",\"potentialAction\":[{\"@type\":\"CommentAction\",\"name\":\"Comment\",\"target\":[\"https:\/\/www.oarcanjo.net\/site\/massacre-de-eldorado-de-carajas-completa-13-anos-sem-desfecho\/#respond\"]}]},{\"@type\":\"WebPage\",\"@id\":\"https:\/\/www.oarcanjo.net\/site\/massacre-de-eldorado-de-carajas-completa-13-anos-sem-desfecho\/\",\"url\":\"https:\/\/www.oarcanjo.net\/site\/massacre-de-eldorado-de-carajas-completa-13-anos-sem-desfecho\/\",\"name\":\"Massacre de Eldorado de Caraj\u00e1s completa 13 anos sem desfecho - O Arcanjo no ar\",\"isPartOf\":{\"@id\":\"https:\/\/www.oarcanjo.net\/site\/#website\"},\"datePublished\":\"2009-04-13T11:00:44+00:00\",\"dateModified\":\"2009-04-12T15:13:00+00:00\",\"breadcrumb\":{\"@id\":\"https:\/\/www.oarcanjo.net\/site\/massacre-de-eldorado-de-carajas-completa-13-anos-sem-desfecho\/#breadcrumb\"},\"inLanguage\":\"pt-BR\",\"potentialAction\":[{\"@type\":\"ReadAction\",\"target\":[\"https:\/\/www.oarcanjo.net\/site\/massacre-de-eldorado-de-carajas-completa-13-anos-sem-desfecho\/\"]}]},{\"@type\":\"BreadcrumbList\",\"@id\":\"https:\/\/www.oarcanjo.net\/site\/massacre-de-eldorado-de-carajas-completa-13-anos-sem-desfecho\/#breadcrumb\",\"itemListElement\":[{\"@type\":\"ListItem\",\"position\":1,\"name\":\"In\u00edcio\",\"item\":\"https:\/\/www.oarcanjo.net\/site\/\"},{\"@type\":\"ListItem\",\"position\":2,\"name\":\"Massacre de Eldorado de Caraj\u00e1s completa 13 anos sem desfecho\"}]},{\"@type\":\"WebSite\",\"@id\":\"https:\/\/www.oarcanjo.net\/site\/#website\",\"url\":\"https:\/\/www.oarcanjo.net\/site\/\",\"name\":\"O Arcanjo no ar\",\"description\":\"Site da Par\u00f3quia S\u00e3o Miguel Arcanjo (Arquidiocese de SP)\",\"publisher\":{\"@id\":\"https:\/\/www.oarcanjo.net\/site\/#organization\"},\"potentialAction\":[{\"@type\":\"SearchAction\",\"target\":{\"@type\":\"EntryPoint\",\"urlTemplate\":\"https:\/\/www.oarcanjo.net\/site\/?s={search_term_string}\"},\"query-input\":{\"@type\":\"PropertyValueSpecification\",\"valueRequired\":true,\"valueName\":\"search_term_string\"}}],\"inLanguage\":\"pt-BR\"},{\"@type\":\"Organization\",\"@id\":\"https:\/\/www.oarcanjo.net\/site\/#organization\",\"name\":\"Par\u00f3quia S\u00e3o Miguel Arcanjo\",\"url\":\"https:\/\/www.oarcanjo.net\/site\/\",\"logo\":{\"@type\":\"ImageObject\",\"inLanguage\":\"pt-BR\",\"@id\":\"https:\/\/www.oarcanjo.net\/site\/#\/schema\/logo\/image\/\",\"url\":\"https:\/\/www.oarcanjo.net\/site\/wp-content\/uploads\/LogoOArcanjo.png\",\"contentUrl\":\"https:\/\/www.oarcanjo.net\/site\/wp-content\/uploads\/LogoOArcanjo.png\",\"width\":319,\"height\":99,\"caption\":\"Par\u00f3quia S\u00e3o Miguel Arcanjo\"},\"image\":{\"@id\":\"https:\/\/www.oarcanjo.net\/site\/#\/schema\/logo\/image\/\"},\"sameAs\":[\"https:\/\/www.facebook.com\/OArcanjoNoAr\/\"]},{\"@type\":\"Person\",\"@id\":\"https:\/\/www.oarcanjo.net\/site\/#\/schema\/person\/f7024d007863202483a31326673a0838\",\"name\":\"editor\",\"sameAs\":[\"http:\/\/www.oarcanjo.net\"]}]}<\/script>\n<!-- \/ Yoast SEO plugin. -->","yoast_head_json":{"title":"Massacre de Eldorado de Caraj\u00e1s completa 13 anos sem desfecho - O Arcanjo no ar","robots":{"index":"index","follow":"follow","max-snippet":"max-snippet:-1","max-image-preview":"max-image-preview:large","max-video-preview":"max-video-preview:-1"},"canonical":"https:\/\/www.oarcanjo.net\/site\/massacre-de-eldorado-de-carajas-completa-13-anos-sem-desfecho\/","og_locale":"pt_BR","og_type":"article","og_title":"Massacre de Eldorado de Caraj\u00e1s completa 13 anos sem desfecho - O Arcanjo no ar","og_description":"Em 17 de abril de 1996 policiais militares promoveram o Massacre de Eldorado de Caraj\u00e1s, que ganhou repercuss\u00e3o internacional e deixou marca na hist\u00f3ria do pa\u00eds, ao lado do Massacre do Carandiru (1992) e da Chacina da Candel\u00e1ria (1993), como uma das a\u00e7\u00f5es policiais mais violentas do Brasil. Em 2002, o presidente FHC instituiu essa [&hellip;]","og_url":"https:\/\/www.oarcanjo.net\/site\/massacre-de-eldorado-de-carajas-completa-13-anos-sem-desfecho\/","og_site_name":"O Arcanjo no ar","article_publisher":"https:\/\/www.facebook.com\/OArcanjoNoAr\/","article_published_time":"2009-04-13T11:00:44+00:00","article_modified_time":"2009-04-12T15:13:00+00:00","og_image":[{"width":300,"height":300,"url":"https:\/\/www.oarcanjo.net\/site\/wp-content\/uploads\/logo-o-arcanjo-no-ar-facebook.png","type":"image\/png"}],"author":"editor","twitter_card":"summary_large_image","twitter_misc":{"Escrito por":"editor","Est. tempo de leitura":"7 minutos"},"schema":{"@context":"https:\/\/schema.org","@graph":[{"@type":"Article","@id":"https:\/\/www.oarcanjo.net\/site\/massacre-de-eldorado-de-carajas-completa-13-anos-sem-desfecho\/#article","isPartOf":{"@id":"https:\/\/www.oarcanjo.net\/site\/massacre-de-eldorado-de-carajas-completa-13-anos-sem-desfecho\/"},"author":{"name":"editor","@id":"https:\/\/www.oarcanjo.net\/site\/#\/schema\/person\/f7024d007863202483a31326673a0838"},"headline":"Massacre de Eldorado de Caraj\u00e1s completa 13 anos sem desfecho","datePublished":"2009-04-13T11:00:44+00:00","dateModified":"2009-04-12T15:13:00+00:00","mainEntityOfPage":{"@id":"https:\/\/www.oarcanjo.net\/site\/massacre-de-eldorado-de-carajas-completa-13-anos-sem-desfecho\/"},"wordCount":1501,"commentCount":0,"publisher":{"@id":"https:\/\/www.oarcanjo.net\/site\/#organization"},"keywords":["Eldorado de Caraj\u00e1s","impunidade","MST","Reforma agr\u00e1ria","sem terra","viol\u00eancia no campo"],"articleSection":["Not\u00edcias"],"inLanguage":"pt-BR","potentialAction":[{"@type":"CommentAction","name":"Comment","target":["https:\/\/www.oarcanjo.net\/site\/massacre-de-eldorado-de-carajas-completa-13-anos-sem-desfecho\/#respond"]}]},{"@type":"WebPage","@id":"https:\/\/www.oarcanjo.net\/site\/massacre-de-eldorado-de-carajas-completa-13-anos-sem-desfecho\/","url":"https:\/\/www.oarcanjo.net\/site\/massacre-de-eldorado-de-carajas-completa-13-anos-sem-desfecho\/","name":"Massacre de Eldorado de Caraj\u00e1s completa 13 anos sem desfecho - O Arcanjo no ar","isPartOf":{"@id":"https:\/\/www.oarcanjo.net\/site\/#website"},"datePublished":"2009-04-13T11:00:44+00:00","dateModified":"2009-04-12T15:13:00+00:00","breadcrumb":{"@id":"https:\/\/www.oarcanjo.net\/site\/massacre-de-eldorado-de-carajas-completa-13-anos-sem-desfecho\/#breadcrumb"},"inLanguage":"pt-BR","potentialAction":[{"@type":"ReadAction","target":["https:\/\/www.oarcanjo.net\/site\/massacre-de-eldorado-de-carajas-completa-13-anos-sem-desfecho\/"]}]},{"@type":"BreadcrumbList","@id":"https:\/\/www.oarcanjo.net\/site\/massacre-de-eldorado-de-carajas-completa-13-anos-sem-desfecho\/#breadcrumb","itemListElement":[{"@type":"ListItem","position":1,"name":"In\u00edcio","item":"https:\/\/www.oarcanjo.net\/site\/"},{"@type":"ListItem","position":2,"name":"Massacre de Eldorado de Caraj\u00e1s completa 13 anos sem desfecho"}]},{"@type":"WebSite","@id":"https:\/\/www.oarcanjo.net\/site\/#website","url":"https:\/\/www.oarcanjo.net\/site\/","name":"O Arcanjo no ar","description":"Site da Par\u00f3quia S\u00e3o Miguel Arcanjo (Arquidiocese de SP)","publisher":{"@id":"https:\/\/www.oarcanjo.net\/site\/#organization"},"potentialAction":[{"@type":"SearchAction","target":{"@type":"EntryPoint","urlTemplate":"https:\/\/www.oarcanjo.net\/site\/?s={search_term_string}"},"query-input":{"@type":"PropertyValueSpecification","valueRequired":true,"valueName":"search_term_string"}}],"inLanguage":"pt-BR"},{"@type":"Organization","@id":"https:\/\/www.oarcanjo.net\/site\/#organization","name":"Par\u00f3quia S\u00e3o Miguel Arcanjo","url":"https:\/\/www.oarcanjo.net\/site\/","logo":{"@type":"ImageObject","inLanguage":"pt-BR","@id":"https:\/\/www.oarcanjo.net\/site\/#\/schema\/logo\/image\/","url":"https:\/\/www.oarcanjo.net\/site\/wp-content\/uploads\/LogoOArcanjo.png","contentUrl":"https:\/\/www.oarcanjo.net\/site\/wp-content\/uploads\/LogoOArcanjo.png","width":319,"height":99,"caption":"Par\u00f3quia S\u00e3o Miguel Arcanjo"},"image":{"@id":"https:\/\/www.oarcanjo.net\/site\/#\/schema\/logo\/image\/"},"sameAs":["https:\/\/www.facebook.com\/OArcanjoNoAr\/"]},{"@type":"Person","@id":"https:\/\/www.oarcanjo.net\/site\/#\/schema\/person\/f7024d007863202483a31326673a0838","name":"editor","sameAs":["http:\/\/www.oarcanjo.net"]}]}},"publishpress_future_action":{"enabled":false,"date":"2026-05-08 22:29:29","action":"category","newStatus":"draft","terms":[],"taxonomy":"category"},"publishpress_future_workflow_manual_trigger":{"enabledWorkflows":[]},"_links":{"self":[{"href":"https:\/\/www.oarcanjo.net\/site\/wp-json\/wp\/v2\/posts\/2817"}],"collection":[{"href":"https:\/\/www.oarcanjo.net\/site\/wp-json\/wp\/v2\/posts"}],"about":[{"href":"https:\/\/www.oarcanjo.net\/site\/wp-json\/wp\/v2\/types\/post"}],"author":[{"embeddable":true,"href":"https:\/\/www.oarcanjo.net\/site\/wp-json\/wp\/v2\/users\/5"}],"replies":[{"embeddable":true,"href":"https:\/\/www.oarcanjo.net\/site\/wp-json\/wp\/v2\/comments?post=2817"}],"version-history":[{"count":0,"href":"https:\/\/www.oarcanjo.net\/site\/wp-json\/wp\/v2\/posts\/2817\/revisions"}],"wp:attachment":[{"href":"https:\/\/www.oarcanjo.net\/site\/wp-json\/wp\/v2\/media?parent=2817"}],"wp:term":[{"taxonomy":"category","embeddable":true,"href":"https:\/\/www.oarcanjo.net\/site\/wp-json\/wp\/v2\/categories?post=2817"},{"taxonomy":"post_tag","embeddable":true,"href":"https:\/\/www.oarcanjo.net\/site\/wp-json\/wp\/v2\/tags?post=2817"}],"curies":[{"name":"wp","href":"https:\/\/api.w.org\/{rel}","templated":true}]}}