
{"id":2819,"date":"2009-04-14T08:00:59","date_gmt":"2009-04-14T11:00:59","guid":{"rendered":"http:\/\/www.oarcanjo.net\/site\/?p=2819"},"modified":"2009-04-11T10:55:23","modified_gmt":"2009-04-11T13:55:23","slug":"o-evangelho-o-homem-a-religiao","status":"publish","type":"post","link":"https:\/\/www.oarcanjo.net\/site\/o-evangelho-o-homem-a-religiao\/","title":{"rendered":"O Evangelho, o homem, a religi\u00e3o"},"content":{"rendered":"<p>Enzo Bianchi<\/p>\n<p><em>O monge fundador e prior da Comunidade Mon\u00e1stica de Bose, na It\u00e1lia, Enzo Bianchi, cr\u00ea que \u00e9 a partir do Evangelho que algu\u00e9m pode se dizer crist\u00e3o. Em artigo para o jornal La Stampa, 03-04-2009, o autor de numerosos textos sobre a espiritualidade crist\u00e3 e a grande tradi\u00e7\u00e3o da Igreja afirma que, &#8220;s\u00f3 com a leitura pessoal e direta da B\u00edblia [&#8230;] o crist\u00e3o pode nutrir a sua f\u00e9 e robustecer a sua capacidade de testemunh\u00e1-la&#8221;. A tradu\u00e7\u00e3o \u00e9 de Mois\u00e9s Sbardelotto. <\/em><\/p>\n<p>Eis o artigo:<\/p>\n<p>Na situa\u00e7\u00e3o atual, muitos esperam um cristianismo vivido segundo o paradigma da religi\u00e3o forte e encarnado em minorias ativas e eficazes, capazes de assegurar identidades e visibilidades que se imp\u00f5em, porque pensadas em uma estrat\u00e9gia defensiva e de concorr\u00eancia. Para mim, considero que apenas vivendo a diferen\u00e7a crist\u00e3 na companhia dos homens pode-se introduzir uma din\u00e2mica que abale a indiferen\u00e7a \u00e0 f\u00e9 crist\u00e3 e \u00e0s suas exig\u00eancias pr\u00f3prias tamb\u00e9m a muitos falsos cat\u00f3licos.<\/p>\n<p>Acredito que, em vista de uma recupera\u00e7\u00e3o do primado da f\u00e9, da espera pelas coisas \u00faltimas e por uma arte da comunica\u00e7\u00e3o aut\u00eantica, ainda s\u00e3o indispens\u00e1veis a leitura e o conhecimento do Evangelho entre aqueles que comp\u00f5em a comunidade crist\u00e3.<\/p>\n<p>De fato, se \u00e9 verdade que o cristianismo n\u00e3o \u00e9 uma religi\u00e3o do Livro, \u00e9 tamb\u00e9m verdade que s\u00f3 o Evangelho permite o conhecimento de Jesus Cristo, centro e cora\u00e7\u00e3o do cristianismo. &#8220;A ignor\u00e2ncia das Escrituras \u00e9 ignor\u00e2ncia de Cristo&#8221;, afirmava S\u00e3o Girolamo, retomado n\u00e3o por acaso pelo Conc\u00edlio Vaticano II.<\/p>\n<p>Que figura de crist\u00e3o pode emergir sem um conhecimento direto de Jesus Cristo e da sua humanidade exemplar como a que pode vir da leitura e da familiaridade com os Evangelhos? Como um cristianismo em que o Evangelho n\u00e3o inspira a vida, a esperan\u00e7a e a linguagem dos fi\u00e9is conseguir\u00e1 n\u00e3o se tornar ritual, devocional e se reduzir a um fato cultural ou social, ou at\u00e9 mesmo um fen\u00f4meno folcl\u00f3rico ou supersticioso? S\u00f3 com a leitura pessoal e direta da B\u00edblia &#8211; e, em primeiro lugar, dos Evangelhos &#8211; o crist\u00e3o pode nutrir a sua f\u00e9 e robustecer a sua capacidade de testemunh\u00e1-la.<\/p>\n<p>Nesse sentido, seria portanto desej\u00e1vel um percurso de s\u00e9rio aprofundamento na comunidade crist\u00e3 que leve em considera\u00e7\u00e3o, em s\u00edntese, duas exig\u00eancias. A primeira \u00e9 a de colocar o acento no Evangelho, sobre o texto que o Conc\u00edlio quis e soube devolver nas m\u00e3os dos cat\u00f3licos na sua inteireza e riqueza depois de s\u00e9culos de ex\u00edlio da Escritura da catequese e da prega\u00e7\u00e3o: alguns se admiram, outros lamentam frente ao dado que nem um quinto dos italianos afirma ter lido os quatro Evangelhos.<\/p>\n<p>Como \u00e9 poss\u00edvel, sem conhecer o Evangelho, conhecer Jesus Cristo e senti-lo como Senhor? Como se pode compreender a sua humanidade exemplar para n\u00f3s, homens, o ser feito homem de Deus &#8220;para nos ensinar a viver como homens neste mundo&#8221;, segundo a express\u00e3o de S\u00e3o Paulo? Como perceber que o objetivo da humaniza\u00e7\u00e3o de Deus \u00e9 a aut\u00eantica humaniza\u00e7\u00e3o do homem?<\/p>\n<p>A segunda exig\u00eancia \u00e9 a escuta da humanidade de hoje, homens e mulheres: uma escuta que deve ocorrer por meio da emerg\u00eancia da dimens\u00e3o antropol\u00f3gica. Sim, ao manter juntos o Evangelho e o homem, a f\u00e9 e a dimens\u00e3o antropol\u00f3gica, est\u00e1 em jogo o futuro da f\u00e9 crist\u00e3. Se houve e se h\u00e1 um fracasso, \u00e9 o da transmiss\u00e3o, da &#8220;tradi\u00e7\u00e3o&#8221; da f\u00e9, mas o ant\u00eddoto consiste apenas no restabelecer o primado do Evangelho e da escuta do humano.<\/p>\n<p>Em um per\u00edodo em que tudo \u00e9 colocado em discuss\u00e3o &#8211; a concep\u00e7\u00e3o da rela\u00e7\u00e3o com o pr\u00f3prio corpo, com o outro sexo, com o sofrimento, com o tempo, com a natureza&#8230; &#8211; \u00e9 preciso elaborar respostas de sabedoria que digam o que \u00e9 o ser humano e como ele pode se humanizar por meio de uma qualidade de vida pessoal e de conviv\u00eancia.<\/p>\n<p>A religi\u00e3o precisa do exerc\u00edcio da raz\u00e3o para n\u00e3o cair em formas paganizadoras, m\u00e1gicas ou supersticiosas, mas tamb\u00e9m precisa que esse exerc\u00edcio racional ocorra n\u00e3o sem os outros, mas com os outros, todos habitantes da mesma p\u00f3lis. Juntos, crist\u00e3os e n\u00e3o crist\u00e3os, devemos nos colocar a quest\u00e3o antropol\u00f3gica: o que \u00e9 o homem? Para onde ele vai? Como pode viver em uma sociedade que luta contra a barb\u00e1rie e em favor da humaniza\u00e7\u00e3o?<\/p>\n<p>Das respostas que cada um souber dar, obtendo-as do pr\u00f3prio patrim\u00f4nio espiritual, depende certamente o nosso futuro, mas tamb\u00e9m, j\u00e1 hoje, a qualidade da nossa vida pessoal e da conviv\u00eancia civil.<\/p>\n<div id=\"themify_builder_content-2819\" data-postid=\"2819\" class=\"themify_builder_content themify_builder_content-2819 themify_builder themify_builder_front\">\n\t<\/div>\n<!-- \/themify_builder_content -->","protected":false},"excerpt":{"rendered":"<p>Enzo Bianchi O monge fundador e prior da Comunidade Mon\u00e1stica de Bose, na It\u00e1lia, Enzo Bianchi, cr\u00ea que \u00e9 a partir do Evangelho que algu\u00e9m pode se dizer crist\u00e3o. Em artigo para o jornal La Stampa, 03-04-2009, o autor de numerosos textos sobre a espiritualidade crist\u00e3 e a grande tradi\u00e7\u00e3o da Igreja afirma que, &#8220;s\u00f3 [&hellip;]<\/p>\n","protected":false},"author":5,"featured_media":0,"comment_status":"open","ping_status":"open","sticky":false,"template":"","format":"standard","meta":{"ngg_post_thumbnail":0,"footnotes":""},"categories":[9],"tags":[93,222,273,268],"yoast_head":"<!-- This site is optimized with the Yoast SEO plugin v23.5 - https:\/\/yoast.com\/wordpress\/plugins\/seo\/ -->\n<title>O Evangelho, o homem, a religi\u00e3o - O Arcanjo no ar<\/title>\n<meta name=\"robots\" content=\"index, follow, max-snippet:-1, max-image-preview:large, max-video-preview:-1\" \/>\n<link rel=\"canonical\" href=\"https:\/\/www.oarcanjo.net\/site\/o-evangelho-o-homem-a-religiao\/\" \/>\n<meta property=\"og:locale\" content=\"pt_BR\" \/>\n<meta property=\"og:type\" content=\"article\" \/>\n<meta property=\"og:title\" content=\"O Evangelho, o homem, a religi\u00e3o - O Arcanjo no ar\" \/>\n<meta property=\"og:description\" content=\"Enzo Bianchi O monge fundador e prior da Comunidade Mon\u00e1stica de Bose, na It\u00e1lia, Enzo Bianchi, cr\u00ea que \u00e9 a partir do Evangelho que algu\u00e9m pode se dizer crist\u00e3o. Em artigo para o jornal La Stampa, 03-04-2009, o autor de numerosos textos sobre a espiritualidade crist\u00e3 e a grande tradi\u00e7\u00e3o da Igreja afirma que, &#8220;s\u00f3 [&hellip;]\" \/>\n<meta property=\"og:url\" content=\"https:\/\/www.oarcanjo.net\/site\/o-evangelho-o-homem-a-religiao\/\" \/>\n<meta property=\"og:site_name\" content=\"O Arcanjo no ar\" \/>\n<meta property=\"article:publisher\" content=\"https:\/\/www.facebook.com\/OArcanjoNoAr\/\" \/>\n<meta property=\"article:published_time\" content=\"2009-04-14T11:00:59+00:00\" \/>\n<meta property=\"article:modified_time\" content=\"2009-04-11T13:55:23+00:00\" \/>\n<meta property=\"og:image\" content=\"https:\/\/www.oarcanjo.net\/site\/wp-content\/uploads\/logo-o-arcanjo-no-ar-facebook.png\" \/>\n\t<meta property=\"og:image:width\" content=\"300\" \/>\n\t<meta property=\"og:image:height\" content=\"300\" \/>\n\t<meta property=\"og:image:type\" content=\"image\/png\" \/>\n<meta name=\"author\" content=\"editor\" \/>\n<meta name=\"twitter:card\" content=\"summary_large_image\" \/>\n<meta name=\"twitter:label1\" content=\"Escrito por\" \/>\n\t<meta name=\"twitter:data1\" content=\"editor\" \/>\n\t<meta name=\"twitter:label2\" content=\"Est. tempo de leitura\" \/>\n\t<meta name=\"twitter:data2\" content=\"4 minutos\" \/>\n<script type=\"application\/ld+json\" class=\"yoast-schema-graph\">{\"@context\":\"https:\/\/schema.org\",\"@graph\":[{\"@type\":\"Article\",\"@id\":\"https:\/\/www.oarcanjo.net\/site\/o-evangelho-o-homem-a-religiao\/#article\",\"isPartOf\":{\"@id\":\"https:\/\/www.oarcanjo.net\/site\/o-evangelho-o-homem-a-religiao\/\"},\"author\":{\"name\":\"editor\",\"@id\":\"https:\/\/www.oarcanjo.net\/site\/#\/schema\/person\/f7024d007863202483a31326673a0838\"},\"headline\":\"O Evangelho, o homem, a religi\u00e3o\",\"datePublished\":\"2009-04-14T11:00:59+00:00\",\"dateModified\":\"2009-04-11T13:55:23+00:00\",\"mainEntityOfPage\":{\"@id\":\"https:\/\/www.oarcanjo.net\/site\/o-evangelho-o-homem-a-religiao\/\"},\"wordCount\":835,\"commentCount\":0,\"publisher\":{\"@id\":\"https:\/\/www.oarcanjo.net\/site\/#organization\"},\"keywords\":[\"B\u00edblia\",\"cristianismo\",\"evangelho\",\"religi\u00e3o\"],\"articleSection\":[\"Reflex\u00f5es\"],\"inLanguage\":\"pt-BR\",\"potentialAction\":[{\"@type\":\"CommentAction\",\"name\":\"Comment\",\"target\":[\"https:\/\/www.oarcanjo.net\/site\/o-evangelho-o-homem-a-religiao\/#respond\"]}]},{\"@type\":\"WebPage\",\"@id\":\"https:\/\/www.oarcanjo.net\/site\/o-evangelho-o-homem-a-religiao\/\",\"url\":\"https:\/\/www.oarcanjo.net\/site\/o-evangelho-o-homem-a-religiao\/\",\"name\":\"O Evangelho, o homem, a religi\u00e3o - O Arcanjo no ar\",\"isPartOf\":{\"@id\":\"https:\/\/www.oarcanjo.net\/site\/#website\"},\"datePublished\":\"2009-04-14T11:00:59+00:00\",\"dateModified\":\"2009-04-11T13:55:23+00:00\",\"breadcrumb\":{\"@id\":\"https:\/\/www.oarcanjo.net\/site\/o-evangelho-o-homem-a-religiao\/#breadcrumb\"},\"inLanguage\":\"pt-BR\",\"potentialAction\":[{\"@type\":\"ReadAction\",\"target\":[\"https:\/\/www.oarcanjo.net\/site\/o-evangelho-o-homem-a-religiao\/\"]}]},{\"@type\":\"BreadcrumbList\",\"@id\":\"https:\/\/www.oarcanjo.net\/site\/o-evangelho-o-homem-a-religiao\/#breadcrumb\",\"itemListElement\":[{\"@type\":\"ListItem\",\"position\":1,\"name\":\"In\u00edcio\",\"item\":\"https:\/\/www.oarcanjo.net\/site\/\"},{\"@type\":\"ListItem\",\"position\":2,\"name\":\"O Evangelho, o homem, a religi\u00e3o\"}]},{\"@type\":\"WebSite\",\"@id\":\"https:\/\/www.oarcanjo.net\/site\/#website\",\"url\":\"https:\/\/www.oarcanjo.net\/site\/\",\"name\":\"O Arcanjo no ar\",\"description\":\"Site da Par\u00f3quia S\u00e3o Miguel Arcanjo (Arquidiocese de SP)\",\"publisher\":{\"@id\":\"https:\/\/www.oarcanjo.net\/site\/#organization\"},\"potentialAction\":[{\"@type\":\"SearchAction\",\"target\":{\"@type\":\"EntryPoint\",\"urlTemplate\":\"https:\/\/www.oarcanjo.net\/site\/?s={search_term_string}\"},\"query-input\":{\"@type\":\"PropertyValueSpecification\",\"valueRequired\":true,\"valueName\":\"search_term_string\"}}],\"inLanguage\":\"pt-BR\"},{\"@type\":\"Organization\",\"@id\":\"https:\/\/www.oarcanjo.net\/site\/#organization\",\"name\":\"Par\u00f3quia S\u00e3o Miguel Arcanjo\",\"url\":\"https:\/\/www.oarcanjo.net\/site\/\",\"logo\":{\"@type\":\"ImageObject\",\"inLanguage\":\"pt-BR\",\"@id\":\"https:\/\/www.oarcanjo.net\/site\/#\/schema\/logo\/image\/\",\"url\":\"https:\/\/www.oarcanjo.net\/site\/wp-content\/uploads\/LogoOArcanjo.png\",\"contentUrl\":\"https:\/\/www.oarcanjo.net\/site\/wp-content\/uploads\/LogoOArcanjo.png\",\"width\":319,\"height\":99,\"caption\":\"Par\u00f3quia S\u00e3o Miguel Arcanjo\"},\"image\":{\"@id\":\"https:\/\/www.oarcanjo.net\/site\/#\/schema\/logo\/image\/\"},\"sameAs\":[\"https:\/\/www.facebook.com\/OArcanjoNoAr\/\"]},{\"@type\":\"Person\",\"@id\":\"https:\/\/www.oarcanjo.net\/site\/#\/schema\/person\/f7024d007863202483a31326673a0838\",\"name\":\"editor\",\"sameAs\":[\"http:\/\/www.oarcanjo.net\"]}]}<\/script>\n<!-- \/ Yoast SEO plugin. -->","yoast_head_json":{"title":"O Evangelho, o homem, a religi\u00e3o - O Arcanjo no ar","robots":{"index":"index","follow":"follow","max-snippet":"max-snippet:-1","max-image-preview":"max-image-preview:large","max-video-preview":"max-video-preview:-1"},"canonical":"https:\/\/www.oarcanjo.net\/site\/o-evangelho-o-homem-a-religiao\/","og_locale":"pt_BR","og_type":"article","og_title":"O Evangelho, o homem, a religi\u00e3o - O Arcanjo no ar","og_description":"Enzo Bianchi O monge fundador e prior da Comunidade Mon\u00e1stica de Bose, na It\u00e1lia, Enzo Bianchi, cr\u00ea que \u00e9 a partir do Evangelho que algu\u00e9m pode se dizer crist\u00e3o. Em artigo para o jornal La Stampa, 03-04-2009, o autor de numerosos textos sobre a espiritualidade crist\u00e3 e a grande tradi\u00e7\u00e3o da Igreja afirma que, &#8220;s\u00f3 [&hellip;]","og_url":"https:\/\/www.oarcanjo.net\/site\/o-evangelho-o-homem-a-religiao\/","og_site_name":"O Arcanjo no ar","article_publisher":"https:\/\/www.facebook.com\/OArcanjoNoAr\/","article_published_time":"2009-04-14T11:00:59+00:00","article_modified_time":"2009-04-11T13:55:23+00:00","og_image":[{"width":300,"height":300,"url":"https:\/\/www.oarcanjo.net\/site\/wp-content\/uploads\/logo-o-arcanjo-no-ar-facebook.png","type":"image\/png"}],"author":"editor","twitter_card":"summary_large_image","twitter_misc":{"Escrito por":"editor","Est. tempo de leitura":"4 minutos"},"schema":{"@context":"https:\/\/schema.org","@graph":[{"@type":"Article","@id":"https:\/\/www.oarcanjo.net\/site\/o-evangelho-o-homem-a-religiao\/#article","isPartOf":{"@id":"https:\/\/www.oarcanjo.net\/site\/o-evangelho-o-homem-a-religiao\/"},"author":{"name":"editor","@id":"https:\/\/www.oarcanjo.net\/site\/#\/schema\/person\/f7024d007863202483a31326673a0838"},"headline":"O Evangelho, o homem, a religi\u00e3o","datePublished":"2009-04-14T11:00:59+00:00","dateModified":"2009-04-11T13:55:23+00:00","mainEntityOfPage":{"@id":"https:\/\/www.oarcanjo.net\/site\/o-evangelho-o-homem-a-religiao\/"},"wordCount":835,"commentCount":0,"publisher":{"@id":"https:\/\/www.oarcanjo.net\/site\/#organization"},"keywords":["B\u00edblia","cristianismo","evangelho","religi\u00e3o"],"articleSection":["Reflex\u00f5es"],"inLanguage":"pt-BR","potentialAction":[{"@type":"CommentAction","name":"Comment","target":["https:\/\/www.oarcanjo.net\/site\/o-evangelho-o-homem-a-religiao\/#respond"]}]},{"@type":"WebPage","@id":"https:\/\/www.oarcanjo.net\/site\/o-evangelho-o-homem-a-religiao\/","url":"https:\/\/www.oarcanjo.net\/site\/o-evangelho-o-homem-a-religiao\/","name":"O Evangelho, o homem, a religi\u00e3o - O Arcanjo no ar","isPartOf":{"@id":"https:\/\/www.oarcanjo.net\/site\/#website"},"datePublished":"2009-04-14T11:00:59+00:00","dateModified":"2009-04-11T13:55:23+00:00","breadcrumb":{"@id":"https:\/\/www.oarcanjo.net\/site\/o-evangelho-o-homem-a-religiao\/#breadcrumb"},"inLanguage":"pt-BR","potentialAction":[{"@type":"ReadAction","target":["https:\/\/www.oarcanjo.net\/site\/o-evangelho-o-homem-a-religiao\/"]}]},{"@type":"BreadcrumbList","@id":"https:\/\/www.oarcanjo.net\/site\/o-evangelho-o-homem-a-religiao\/#breadcrumb","itemListElement":[{"@type":"ListItem","position":1,"name":"In\u00edcio","item":"https:\/\/www.oarcanjo.net\/site\/"},{"@type":"ListItem","position":2,"name":"O Evangelho, o homem, a religi\u00e3o"}]},{"@type":"WebSite","@id":"https:\/\/www.oarcanjo.net\/site\/#website","url":"https:\/\/www.oarcanjo.net\/site\/","name":"O Arcanjo no ar","description":"Site da Par\u00f3quia S\u00e3o Miguel Arcanjo (Arquidiocese de SP)","publisher":{"@id":"https:\/\/www.oarcanjo.net\/site\/#organization"},"potentialAction":[{"@type":"SearchAction","target":{"@type":"EntryPoint","urlTemplate":"https:\/\/www.oarcanjo.net\/site\/?s={search_term_string}"},"query-input":{"@type":"PropertyValueSpecification","valueRequired":true,"valueName":"search_term_string"}}],"inLanguage":"pt-BR"},{"@type":"Organization","@id":"https:\/\/www.oarcanjo.net\/site\/#organization","name":"Par\u00f3quia S\u00e3o Miguel Arcanjo","url":"https:\/\/www.oarcanjo.net\/site\/","logo":{"@type":"ImageObject","inLanguage":"pt-BR","@id":"https:\/\/www.oarcanjo.net\/site\/#\/schema\/logo\/image\/","url":"https:\/\/www.oarcanjo.net\/site\/wp-content\/uploads\/LogoOArcanjo.png","contentUrl":"https:\/\/www.oarcanjo.net\/site\/wp-content\/uploads\/LogoOArcanjo.png","width":319,"height":99,"caption":"Par\u00f3quia S\u00e3o Miguel Arcanjo"},"image":{"@id":"https:\/\/www.oarcanjo.net\/site\/#\/schema\/logo\/image\/"},"sameAs":["https:\/\/www.facebook.com\/OArcanjoNoAr\/"]},{"@type":"Person","@id":"https:\/\/www.oarcanjo.net\/site\/#\/schema\/person\/f7024d007863202483a31326673a0838","name":"editor","sameAs":["http:\/\/www.oarcanjo.net"]}]}},"publishpress_future_action":{"enabled":false,"date":"2026-05-09 01:04:35","action":"category","newStatus":"draft","terms":[],"taxonomy":"category"},"publishpress_future_workflow_manual_trigger":{"enabledWorkflows":[]},"_links":{"self":[{"href":"https:\/\/www.oarcanjo.net\/site\/wp-json\/wp\/v2\/posts\/2819"}],"collection":[{"href":"https:\/\/www.oarcanjo.net\/site\/wp-json\/wp\/v2\/posts"}],"about":[{"href":"https:\/\/www.oarcanjo.net\/site\/wp-json\/wp\/v2\/types\/post"}],"author":[{"embeddable":true,"href":"https:\/\/www.oarcanjo.net\/site\/wp-json\/wp\/v2\/users\/5"}],"replies":[{"embeddable":true,"href":"https:\/\/www.oarcanjo.net\/site\/wp-json\/wp\/v2\/comments?post=2819"}],"version-history":[{"count":0,"href":"https:\/\/www.oarcanjo.net\/site\/wp-json\/wp\/v2\/posts\/2819\/revisions"}],"wp:attachment":[{"href":"https:\/\/www.oarcanjo.net\/site\/wp-json\/wp\/v2\/media?parent=2819"}],"wp:term":[{"taxonomy":"category","embeddable":true,"href":"https:\/\/www.oarcanjo.net\/site\/wp-json\/wp\/v2\/categories?post=2819"},{"taxonomy":"post_tag","embeddable":true,"href":"https:\/\/www.oarcanjo.net\/site\/wp-json\/wp\/v2\/tags?post=2819"}],"curies":[{"name":"wp","href":"https:\/\/api.w.org\/{rel}","templated":true}]}}