
{"id":2821,"date":"2009-04-11T20:30:51","date_gmt":"2009-04-11T23:30:51","guid":{"rendered":"http:\/\/www.oarcanjo.net\/site\/?p=2821"},"modified":"2009-04-11T17:48:09","modified_gmt":"2009-04-11T20:48:09","slug":"pascoa-manifestacao-de-deus-e-futuro-da-humanidade","status":"publish","type":"post","link":"https:\/\/www.oarcanjo.net\/site\/pascoa-manifestacao-de-deus-e-futuro-da-humanidade\/","title":{"rendered":"P\u00e1scoa: manifesta\u00e7\u00e3o de Deus e futuro da humanidade"},"content":{"rendered":"<p>Maria Clara Lucchetti Bingemer<\/p>\n<p>A experi\u00eancia crist\u00e3 primitiva e seu an\u00fancio primeiro era que Jesus havia ressuscitado dentre os mortos. Juntamente com isto, proclamava que esse que morrera e ressuscitara era o Messias e o Cristo de Deus. Por isto o Reino havia chegado e a nova era havia despontado. Esse Jesus que havia liderado a vinda do Reino era reconhecido desde muito cedo na hist\u00f3ria do Cristianismo como Messias. O antigo fariseu Paulo, trinta anos ap\u00f3s a morte de Jesus, referia-se a ele como Cristo, o que mostra qu\u00e3o firmemente dentro da mais antiga tradi\u00e7\u00e3o a id\u00e9ia do car\u00e1ter messi\u00e2nico de Jesus havia sido sustentada. E a explica\u00e7\u00e3o para isto n\u00e3o poderia ser sustentada somente devido a sua ressurrei\u00e7\u00e3o dentre os mortos.  A vida de Jesus era lida de forma insepar\u00e1vel com sua morte e ressurrei\u00e7\u00e3o. Esta \u00faltima era a confirma\u00e7\u00e3o da identidade messi\u00e2nica daquele que vivera e morrera.<\/p>\n<p>Havia certamente muitas varia\u00e7\u00f5es na cren\u00e7a messi\u00e2nica judaica deste per\u00edodo. Nenhuma delas imaginava um Messias que morreria pelas m\u00e3os dos pag\u00e3os. Contudo, em nenhum outro caso, de um s\u00e9culo antes de Jesus at\u00e9 um s\u00e9culo depois dele, ouvimos falar de algum grupo judaico dizendo que seu l\u00edder executado pelos pag\u00e3os havia ressuscitado dentre os mortos. Por isso, uma vez que Jesus de Nazar\u00e9 foi certamente crucificado como um rebelde \u00e9 extremamente surpreendente que os primeiros crist\u00e3os n\u00e3o apenas insistissem em que ele era realmente o Messias, mas reordenassem sua vis\u00e3o de mundo, sua pr\u00e1xis, suas hist\u00f3rias, s\u00edmbolos e teologia em torno desta cren\u00e7a. <\/p>\n<p>Por que ent\u00e3o o Cristianismo come\u00e7ou e, mais que isso, continuou, como um movimento messi\u00e2nico, quando seu Messias t\u00e3o claramente n\u00e3o apenas deixou de fazer aquilo que se esperava que um Messias fizesse mas sofreu um destino que deveria mostrar de forma conclusiva que ele n\u00e3o poderia ter sido o ungido de Israel? Por que este grupo de judeus do primeiro s\u00e9culo, que tinham acalentado esperan\u00e7as messi\u00e2nicas e as havia centralizado em Jesus de Nazar\u00e9, n\u00e3o apenas continuou a crer que ele era o Messias apesar de sua execu\u00e7\u00e3o, mas ativamente o anunciou como tal tanto ao mundo pag\u00e3o como ao mundo judaico? Por que o fez alegremente redesenhando o quadro do messianismo em torno dele, ao mesmo tempo em que se recusava a abandon\u00e1-lo? <\/p>\n<p>A resposta que deram era que Jesus, ap\u00f3s sua execu\u00e7\u00e3o sob a acusa\u00e7\u00e3o de ser um pretenso Messias, havia ressuscitado dentre os mortos. A ressurrei\u00e7\u00e3o foi desde cedo, portanto, a for\u00e7a motora central do Cristianismo, dando forma ao movimento inteiro. Era a confirma\u00e7\u00e3o do at\u00edpico messianismo de Jesus. Em especial, podemos ver entretecida na teologia crist\u00e3 mais antiga que temos \u2013 a de Paulo \u2013 a cren\u00e7a firme de que a ressurrei\u00e7\u00e3o tinha realmente acontecido e que os seguidores de Jesus deviam reordenar suas vidas, suas narrativas, seus s\u00edmbolos, e sua pr\u00e1xis de acordo com ela (Cf o que diz Rom. 6:3-11; e tb. 1 Cor 15).<\/p>\n<p>Diante do absoluto fracasso que representou a morte de Jesus, a \u00fanica explica\u00e7\u00e3o para o comportamento de seus seguidores, suas hist\u00f3rias, seus s\u00edmbolos e sua teologia \u00e9 que eles realmente acreditavam que Jesus havia ressuscitado dentre os mortos. De fato, a crucifix\u00e3o de Jesus era s\u00edmbolo de esperan\u00e7a n\u00e3o apenas derrotada, mas esmagada e dizimada.<\/p>\n<p>O fato teologal da ressurrei\u00e7\u00e3o expressa a experi\u00eancia dos disc\u00edpulos com aquele que viram morto e agora se manifestava vivo em seu meio.  Assim, eles buscavam transmitir que a crucifix\u00e3o de Jesus n\u00e3o era uma tr\u00e1gica derrota, mas um ato divino de salva\u00e7\u00e3o. Nela, os primeiros crist\u00e3os afirmam que o eschaton, o esperado Reino de Deus, havia chegado; o Rabbi de Nazar\u00e9 crucificado era o Messias; ele havia ressuscitado dentre os mortos e \u201ca ressurrei\u00e7\u00e3o dos mortos\u201d havia j\u00e1 e finalmente ocorrido.<\/p>\n<p>A afirma\u00e7\u00e3o crist\u00e3 primitiva universal \u00e9 que Jesus atravessara a morte n\u00e3o apenas em algum estado intermedi\u00e1rio ou exist\u00eancia desprovida de corporeidade, mas que sua pessoa havia sido transformada de uma maneira para a qual eles, seus seguidores, estavam despreparados, mas que pela apari\u00e7\u00e3o e o testemunho, aceitaram e acolheram. Acreditavam que com isso seu an\u00fancio do Reino tinha atingido o cl\u00edmax, o cumprimento, em sua morte e ressurrei\u00e7\u00e3o. <\/p>\n<p>A ressurrei\u00e7\u00e3o de Jesus constitui, pois, artigo fundamental da f\u00e9 crist\u00e3, a ponto de S\u00e3o Paulo poder dizer: &#8220;Se Cristo n\u00e3o ressuscitou, vazia \u00e9 a nossa prega\u00e7\u00e3o; vazia tamb\u00e9m \u00e9 a vossa f\u00e9&#8230; Se Cristo n\u00e3o ressuscitou, vazia \u00e9 a vossa f\u00e9; ainda estais nos vossos pecados&#8221; (1Cor 15, 14.17). Nos escritos do Novo Testamento e nos da primeira Tradi\u00e7\u00e3o crist\u00e3 \u00e9 tal a \u00eanfase na ressurrei\u00e7\u00e3o de Jesus que ela ocupa lugar primordial e indispens\u00e1vel no conjunto das verdades da f\u00e9.  <\/p>\n<p>E a afirma\u00e7\u00e3o incontest\u00e1vel da Ressurrei\u00e7\u00e3o por parte do Novo Testamento n\u00e3o quer significar a reanima\u00e7\u00e3o de um cad\u00e1ver, mas a manifesta\u00e7\u00e3o plena e gloriosa daquele que foi visto vivo e depois morto e agora se apresenta com a plenitude de sua pessoa animada pelo Esp\u00edrito da vida e sobre quem a morte j\u00e1 n\u00e3o tem poder. <\/p>\n<p>A ressurrei\u00e7\u00e3o \u00e9 o selo de autentica\u00e7\u00e3o da vida de Jesus e de sua morte.<\/p>\n<p>Jesus, como homem, morreu ap\u00f3s haver pregado a boa not\u00edcia da chegada do Reino de Deus. Deus seu Pai o ressuscitou testemunhando, por este sinal de sua onipot\u00eancia, da autenticidade da prega\u00e7\u00e3o de Jesus. N\u00e3o sem raz\u00e3o as f\u00f3rmulas de f\u00e9 mais antigas apresentam o Pai como autor da ressurrei\u00e7\u00e3o de Jesus: &#8220;Deus ressuscitou esse Jesus, e disto n\u00f3s todos somos testemunhas&#8221; (At 2, 32), diz Pedro no relato de Pentecostes. A prop\u00f3sito escreve Jo\u00e3o Paulo II na enc\u00edclica \u201cDives in Miseric\u00f3rdia\u201d: &#8220;A cruz n\u00e3o \u00e9 a \u00faltima palavra do Deus da alian\u00e7a: essa palavra ser\u00e1 pronunciada na alvorada quando as mulheres, em primeiro lugar, e os disc\u00edpulos, depois, indo ao sepulcro do Crucificado, ver\u00e3o o t\u00famulo vazio e proclamar\u00e3o pela primeira vez: &#8216;Ressuscitou!&#8217;\u201c<\/p>\n<p>Por isso hoje ao celebrarmos a ressurrei\u00e7\u00e3o do Crucificado, estamos proclamando tamb\u00e9m a nossa. Todos n\u00f3s estamos destinados \u00e0 vida e n\u00e3o \u00e0 morte.  Estamos ressuscitados com Cristo e s\u00f3 nele est\u00e1 nossa plenitude de vida.  Nossa esperan\u00e7a est\u00e1 fundada na f\u00e9 no Filho de Deus, que nos amou, se entregou por n\u00f3s e foi ressuscitado pelo Pai ao terceiro dia. Aleluia!<\/p>\n<div id=\"themify_builder_content-2821\" data-postid=\"2821\" class=\"themify_builder_content themify_builder_content-2821 themify_builder themify_builder_front\">\n\t<\/div>\n<!-- \/themify_builder_content -->","protected":false},"excerpt":{"rendered":"<p>Maria Clara Lucchetti Bingemer A experi\u00eancia crist\u00e3 primitiva e seu an\u00fancio primeiro era que Jesus havia ressuscitado dentre os mortos. Juntamente com isto, proclamava que esse que morrera e ressuscitara era o Messias e o Cristo de Deus. Por isto o Reino havia chegado e a nova era havia despontado. Esse Jesus que havia liderado [&hellip;]<\/p>\n","protected":false},"author":5,"featured_media":0,"comment_status":"open","ping_status":"open","sticky":false,"template":"","format":"standard","meta":{"ngg_post_thumbnail":0,"footnotes":""},"categories":[9],"tags":[440,453,242,68],"yoast_head":"<!-- This site is optimized with the Yoast SEO plugin v23.5 - https:\/\/yoast.com\/wordpress\/plugins\/seo\/ -->\n<title>P\u00e1scoa: manifesta\u00e7\u00e3o de Deus e futuro da humanidade - O Arcanjo no ar<\/title>\n<meta name=\"robots\" content=\"index, follow, max-snippet:-1, max-image-preview:large, max-video-preview:-1\" \/>\n<link rel=\"canonical\" href=\"https:\/\/www.oarcanjo.net\/site\/pascoa-manifestacao-de-deus-e-futuro-da-humanidade\/\" \/>\n<meta property=\"og:locale\" content=\"pt_BR\" \/>\n<meta property=\"og:type\" content=\"article\" \/>\n<meta property=\"og:title\" content=\"P\u00e1scoa: manifesta\u00e7\u00e3o de Deus e futuro da humanidade - O Arcanjo no ar\" \/>\n<meta property=\"og:description\" content=\"Maria Clara Lucchetti Bingemer A experi\u00eancia crist\u00e3 primitiva e seu an\u00fancio primeiro era que Jesus havia ressuscitado dentre os mortos. Juntamente com isto, proclamava que esse que morrera e ressuscitara era o Messias e o Cristo de Deus. Por isto o Reino havia chegado e a nova era havia despontado. Esse Jesus que havia liderado [&hellip;]\" \/>\n<meta property=\"og:url\" content=\"https:\/\/www.oarcanjo.net\/site\/pascoa-manifestacao-de-deus-e-futuro-da-humanidade\/\" \/>\n<meta property=\"og:site_name\" content=\"O Arcanjo no ar\" \/>\n<meta property=\"article:publisher\" content=\"https:\/\/www.facebook.com\/OArcanjoNoAr\/\" \/>\n<meta property=\"article:published_time\" content=\"2009-04-11T23:30:51+00:00\" \/>\n<meta property=\"article:modified_time\" content=\"2009-04-11T20:48:09+00:00\" \/>\n<meta property=\"og:image\" content=\"https:\/\/www.oarcanjo.net\/site\/wp-content\/uploads\/logo-o-arcanjo-no-ar-facebook.png\" \/>\n\t<meta property=\"og:image:width\" content=\"300\" \/>\n\t<meta property=\"og:image:height\" content=\"300\" \/>\n\t<meta property=\"og:image:type\" content=\"image\/png\" \/>\n<meta name=\"author\" content=\"editor\" \/>\n<meta name=\"twitter:card\" content=\"summary_large_image\" \/>\n<meta name=\"twitter:label1\" content=\"Escrito por\" \/>\n\t<meta name=\"twitter:data1\" content=\"editor\" \/>\n\t<meta name=\"twitter:label2\" content=\"Est. tempo de leitura\" \/>\n\t<meta name=\"twitter:data2\" content=\"6 minutos\" \/>\n<script type=\"application\/ld+json\" class=\"yoast-schema-graph\">{\"@context\":\"https:\/\/schema.org\",\"@graph\":[{\"@type\":\"Article\",\"@id\":\"https:\/\/www.oarcanjo.net\/site\/pascoa-manifestacao-de-deus-e-futuro-da-humanidade\/#article\",\"isPartOf\":{\"@id\":\"https:\/\/www.oarcanjo.net\/site\/pascoa-manifestacao-de-deus-e-futuro-da-humanidade\/\"},\"author\":{\"name\":\"editor\",\"@id\":\"https:\/\/www.oarcanjo.net\/site\/#\/schema\/person\/f7024d007863202483a31326673a0838\"},\"headline\":\"P\u00e1scoa: manifesta\u00e7\u00e3o de Deus e futuro da humanidade\",\"datePublished\":\"2009-04-11T23:30:51+00:00\",\"dateModified\":\"2009-04-11T20:48:09+00:00\",\"mainEntityOfPage\":{\"@id\":\"https:\/\/www.oarcanjo.net\/site\/pascoa-manifestacao-de-deus-e-futuro-da-humanidade\/\"},\"wordCount\":1149,\"commentCount\":0,\"publisher\":{\"@id\":\"https:\/\/www.oarcanjo.net\/site\/#organization\"},\"keywords\":[\"Jesus Cristo\",\"Messias\",\"P\u00e1scoa\",\"ressurei\u00e7\u00e3o\"],\"articleSection\":[\"Reflex\u00f5es\"],\"inLanguage\":\"pt-BR\",\"potentialAction\":[{\"@type\":\"CommentAction\",\"name\":\"Comment\",\"target\":[\"https:\/\/www.oarcanjo.net\/site\/pascoa-manifestacao-de-deus-e-futuro-da-humanidade\/#respond\"]}]},{\"@type\":\"WebPage\",\"@id\":\"https:\/\/www.oarcanjo.net\/site\/pascoa-manifestacao-de-deus-e-futuro-da-humanidade\/\",\"url\":\"https:\/\/www.oarcanjo.net\/site\/pascoa-manifestacao-de-deus-e-futuro-da-humanidade\/\",\"name\":\"P\u00e1scoa: manifesta\u00e7\u00e3o de Deus e futuro da humanidade - O Arcanjo no ar\",\"isPartOf\":{\"@id\":\"https:\/\/www.oarcanjo.net\/site\/#website\"},\"datePublished\":\"2009-04-11T23:30:51+00:00\",\"dateModified\":\"2009-04-11T20:48:09+00:00\",\"breadcrumb\":{\"@id\":\"https:\/\/www.oarcanjo.net\/site\/pascoa-manifestacao-de-deus-e-futuro-da-humanidade\/#breadcrumb\"},\"inLanguage\":\"pt-BR\",\"potentialAction\":[{\"@type\":\"ReadAction\",\"target\":[\"https:\/\/www.oarcanjo.net\/site\/pascoa-manifestacao-de-deus-e-futuro-da-humanidade\/\"]}]},{\"@type\":\"BreadcrumbList\",\"@id\":\"https:\/\/www.oarcanjo.net\/site\/pascoa-manifestacao-de-deus-e-futuro-da-humanidade\/#breadcrumb\",\"itemListElement\":[{\"@type\":\"ListItem\",\"position\":1,\"name\":\"In\u00edcio\",\"item\":\"https:\/\/www.oarcanjo.net\/site\/\"},{\"@type\":\"ListItem\",\"position\":2,\"name\":\"P\u00e1scoa: manifesta\u00e7\u00e3o de Deus e futuro da humanidade\"}]},{\"@type\":\"WebSite\",\"@id\":\"https:\/\/www.oarcanjo.net\/site\/#website\",\"url\":\"https:\/\/www.oarcanjo.net\/site\/\",\"name\":\"O Arcanjo no ar\",\"description\":\"Site da Par\u00f3quia S\u00e3o Miguel Arcanjo (Arquidiocese de SP)\",\"publisher\":{\"@id\":\"https:\/\/www.oarcanjo.net\/site\/#organization\"},\"potentialAction\":[{\"@type\":\"SearchAction\",\"target\":{\"@type\":\"EntryPoint\",\"urlTemplate\":\"https:\/\/www.oarcanjo.net\/site\/?s={search_term_string}\"},\"query-input\":{\"@type\":\"PropertyValueSpecification\",\"valueRequired\":true,\"valueName\":\"search_term_string\"}}],\"inLanguage\":\"pt-BR\"},{\"@type\":\"Organization\",\"@id\":\"https:\/\/www.oarcanjo.net\/site\/#organization\",\"name\":\"Par\u00f3quia S\u00e3o Miguel Arcanjo\",\"url\":\"https:\/\/www.oarcanjo.net\/site\/\",\"logo\":{\"@type\":\"ImageObject\",\"inLanguage\":\"pt-BR\",\"@id\":\"https:\/\/www.oarcanjo.net\/site\/#\/schema\/logo\/image\/\",\"url\":\"https:\/\/www.oarcanjo.net\/site\/wp-content\/uploads\/LogoOArcanjo.png\",\"contentUrl\":\"https:\/\/www.oarcanjo.net\/site\/wp-content\/uploads\/LogoOArcanjo.png\",\"width\":319,\"height\":99,\"caption\":\"Par\u00f3quia S\u00e3o Miguel Arcanjo\"},\"image\":{\"@id\":\"https:\/\/www.oarcanjo.net\/site\/#\/schema\/logo\/image\/\"},\"sameAs\":[\"https:\/\/www.facebook.com\/OArcanjoNoAr\/\"]},{\"@type\":\"Person\",\"@id\":\"https:\/\/www.oarcanjo.net\/site\/#\/schema\/person\/f7024d007863202483a31326673a0838\",\"name\":\"editor\",\"sameAs\":[\"http:\/\/www.oarcanjo.net\"]}]}<\/script>\n<!-- \/ Yoast SEO plugin. -->","yoast_head_json":{"title":"P\u00e1scoa: manifesta\u00e7\u00e3o de Deus e futuro da humanidade - O Arcanjo no ar","robots":{"index":"index","follow":"follow","max-snippet":"max-snippet:-1","max-image-preview":"max-image-preview:large","max-video-preview":"max-video-preview:-1"},"canonical":"https:\/\/www.oarcanjo.net\/site\/pascoa-manifestacao-de-deus-e-futuro-da-humanidade\/","og_locale":"pt_BR","og_type":"article","og_title":"P\u00e1scoa: manifesta\u00e7\u00e3o de Deus e futuro da humanidade - O Arcanjo no ar","og_description":"Maria Clara Lucchetti Bingemer A experi\u00eancia crist\u00e3 primitiva e seu an\u00fancio primeiro era que Jesus havia ressuscitado dentre os mortos. Juntamente com isto, proclamava que esse que morrera e ressuscitara era o Messias e o Cristo de Deus. Por isto o Reino havia chegado e a nova era havia despontado. Esse Jesus que havia liderado [&hellip;]","og_url":"https:\/\/www.oarcanjo.net\/site\/pascoa-manifestacao-de-deus-e-futuro-da-humanidade\/","og_site_name":"O Arcanjo no ar","article_publisher":"https:\/\/www.facebook.com\/OArcanjoNoAr\/","article_published_time":"2009-04-11T23:30:51+00:00","article_modified_time":"2009-04-11T20:48:09+00:00","og_image":[{"width":300,"height":300,"url":"https:\/\/www.oarcanjo.net\/site\/wp-content\/uploads\/logo-o-arcanjo-no-ar-facebook.png","type":"image\/png"}],"author":"editor","twitter_card":"summary_large_image","twitter_misc":{"Escrito por":"editor","Est. tempo de leitura":"6 minutos"},"schema":{"@context":"https:\/\/schema.org","@graph":[{"@type":"Article","@id":"https:\/\/www.oarcanjo.net\/site\/pascoa-manifestacao-de-deus-e-futuro-da-humanidade\/#article","isPartOf":{"@id":"https:\/\/www.oarcanjo.net\/site\/pascoa-manifestacao-de-deus-e-futuro-da-humanidade\/"},"author":{"name":"editor","@id":"https:\/\/www.oarcanjo.net\/site\/#\/schema\/person\/f7024d007863202483a31326673a0838"},"headline":"P\u00e1scoa: manifesta\u00e7\u00e3o de Deus e futuro da humanidade","datePublished":"2009-04-11T23:30:51+00:00","dateModified":"2009-04-11T20:48:09+00:00","mainEntityOfPage":{"@id":"https:\/\/www.oarcanjo.net\/site\/pascoa-manifestacao-de-deus-e-futuro-da-humanidade\/"},"wordCount":1149,"commentCount":0,"publisher":{"@id":"https:\/\/www.oarcanjo.net\/site\/#organization"},"keywords":["Jesus Cristo","Messias","P\u00e1scoa","ressurei\u00e7\u00e3o"],"articleSection":["Reflex\u00f5es"],"inLanguage":"pt-BR","potentialAction":[{"@type":"CommentAction","name":"Comment","target":["https:\/\/www.oarcanjo.net\/site\/pascoa-manifestacao-de-deus-e-futuro-da-humanidade\/#respond"]}]},{"@type":"WebPage","@id":"https:\/\/www.oarcanjo.net\/site\/pascoa-manifestacao-de-deus-e-futuro-da-humanidade\/","url":"https:\/\/www.oarcanjo.net\/site\/pascoa-manifestacao-de-deus-e-futuro-da-humanidade\/","name":"P\u00e1scoa: manifesta\u00e7\u00e3o de Deus e futuro da humanidade - O Arcanjo no ar","isPartOf":{"@id":"https:\/\/www.oarcanjo.net\/site\/#website"},"datePublished":"2009-04-11T23:30:51+00:00","dateModified":"2009-04-11T20:48:09+00:00","breadcrumb":{"@id":"https:\/\/www.oarcanjo.net\/site\/pascoa-manifestacao-de-deus-e-futuro-da-humanidade\/#breadcrumb"},"inLanguage":"pt-BR","potentialAction":[{"@type":"ReadAction","target":["https:\/\/www.oarcanjo.net\/site\/pascoa-manifestacao-de-deus-e-futuro-da-humanidade\/"]}]},{"@type":"BreadcrumbList","@id":"https:\/\/www.oarcanjo.net\/site\/pascoa-manifestacao-de-deus-e-futuro-da-humanidade\/#breadcrumb","itemListElement":[{"@type":"ListItem","position":1,"name":"In\u00edcio","item":"https:\/\/www.oarcanjo.net\/site\/"},{"@type":"ListItem","position":2,"name":"P\u00e1scoa: manifesta\u00e7\u00e3o de Deus e futuro da humanidade"}]},{"@type":"WebSite","@id":"https:\/\/www.oarcanjo.net\/site\/#website","url":"https:\/\/www.oarcanjo.net\/site\/","name":"O Arcanjo no ar","description":"Site da Par\u00f3quia S\u00e3o Miguel Arcanjo (Arquidiocese de SP)","publisher":{"@id":"https:\/\/www.oarcanjo.net\/site\/#organization"},"potentialAction":[{"@type":"SearchAction","target":{"@type":"EntryPoint","urlTemplate":"https:\/\/www.oarcanjo.net\/site\/?s={search_term_string}"},"query-input":{"@type":"PropertyValueSpecification","valueRequired":true,"valueName":"search_term_string"}}],"inLanguage":"pt-BR"},{"@type":"Organization","@id":"https:\/\/www.oarcanjo.net\/site\/#organization","name":"Par\u00f3quia S\u00e3o Miguel Arcanjo","url":"https:\/\/www.oarcanjo.net\/site\/","logo":{"@type":"ImageObject","inLanguage":"pt-BR","@id":"https:\/\/www.oarcanjo.net\/site\/#\/schema\/logo\/image\/","url":"https:\/\/www.oarcanjo.net\/site\/wp-content\/uploads\/LogoOArcanjo.png","contentUrl":"https:\/\/www.oarcanjo.net\/site\/wp-content\/uploads\/LogoOArcanjo.png","width":319,"height":99,"caption":"Par\u00f3quia S\u00e3o Miguel Arcanjo"},"image":{"@id":"https:\/\/www.oarcanjo.net\/site\/#\/schema\/logo\/image\/"},"sameAs":["https:\/\/www.facebook.com\/OArcanjoNoAr\/"]},{"@type":"Person","@id":"https:\/\/www.oarcanjo.net\/site\/#\/schema\/person\/f7024d007863202483a31326673a0838","name":"editor","sameAs":["http:\/\/www.oarcanjo.net"]}]}},"publishpress_future_action":{"enabled":false,"date":"2026-05-09 03:20:29","action":"category","newStatus":"draft","terms":[],"taxonomy":"category"},"publishpress_future_workflow_manual_trigger":{"enabledWorkflows":[]},"_links":{"self":[{"href":"https:\/\/www.oarcanjo.net\/site\/wp-json\/wp\/v2\/posts\/2821"}],"collection":[{"href":"https:\/\/www.oarcanjo.net\/site\/wp-json\/wp\/v2\/posts"}],"about":[{"href":"https:\/\/www.oarcanjo.net\/site\/wp-json\/wp\/v2\/types\/post"}],"author":[{"embeddable":true,"href":"https:\/\/www.oarcanjo.net\/site\/wp-json\/wp\/v2\/users\/5"}],"replies":[{"embeddable":true,"href":"https:\/\/www.oarcanjo.net\/site\/wp-json\/wp\/v2\/comments?post=2821"}],"version-history":[{"count":0,"href":"https:\/\/www.oarcanjo.net\/site\/wp-json\/wp\/v2\/posts\/2821\/revisions"}],"wp:attachment":[{"href":"https:\/\/www.oarcanjo.net\/site\/wp-json\/wp\/v2\/media?parent=2821"}],"wp:term":[{"taxonomy":"category","embeddable":true,"href":"https:\/\/www.oarcanjo.net\/site\/wp-json\/wp\/v2\/categories?post=2821"},{"taxonomy":"post_tag","embeddable":true,"href":"https:\/\/www.oarcanjo.net\/site\/wp-json\/wp\/v2\/tags?post=2821"}],"curies":[{"name":"wp","href":"https:\/\/api.w.org\/{rel}","templated":true}]}}