
{"id":2850,"date":"2009-04-12T12:19:35","date_gmt":"2009-04-12T15:19:35","guid":{"rendered":"http:\/\/www.oarcanjo.net\/site\/?p=2850"},"modified":"2009-04-12T12:25:38","modified_gmt":"2009-04-12T15:25:38","slug":"pela-mao-do-pastor","status":"publish","type":"post","link":"https:\/\/www.oarcanjo.net\/site\/pela-mao-do-pastor\/","title":{"rendered":"Pela m\u00e3o do pastor"},"content":{"rendered":"<p>Pe. Julio, meu amigo e irm\u00e3o maior.<br \/>\nAinda dentro da igreja, participando da celebra\u00e7\u00e3o presidida por voc\u00ea na noite de s\u00e1bado, comentei com a minha querida que voc\u00ea realmente \u00e9 um pastor, uma esp\u00e9cie de m\u00e1gico \u2013 no melhor dos melhores sentidos que a palavra possa ter. Um homem de Deus, capaz de levar a comunidade, por meio de gestos e palavras, a atualizar tudo aquilo que aconteceu no passado com os personagens b\u00edblicos. Voc\u00ea faz com que a gente reviva aquela experi\u00eancia, como se ela estivesse acontecendo agora, viva, cheia de cor, pulsante. Imposs\u00edvel n\u00e3o se envolver.  <\/p>\n<p>Hoje, durante o caf\u00e9 da manh\u00e3, minha sogra contou-nos a deliciosa \u201cloucura\u201d que tem muito de S\u00e3o Francisco de Assis, revelada num grande gesto de partilha feito por voc\u00ea para comemorar a P\u00e1scoa com a comunidade. Novamente lembrei que essa comunidade \u00e9 aben\u00e7oada de maneira especial por ter um padre essencialmente PADRE. Um pastor capaz de nos tomar pelas m\u00e3os e nos carregar para dentro dos mist\u00e9rios de Deus, para que possamos ver e saborear tudo isso bem de perto e aprender a amar o que voc\u00ea conhece e ama t\u00e3o profundamente.<br \/>\nObrigado, Pe. Julio por nos conduzir em tantas passagens, em tantas P\u00e1scoas.<\/p>\n<p>Rubens Marchioni  <\/p>\n<div id=\"themify_builder_content-2850\" data-postid=\"2850\" class=\"themify_builder_content themify_builder_content-2850 themify_builder themify_builder_front\">\n\t<\/div>\n<!-- \/themify_builder_content -->","protected":false},"excerpt":{"rendered":"<p>Pe. Julio, meu amigo e irm\u00e3o maior. Ainda dentro da igreja, participando da celebra\u00e7\u00e3o presidida por voc\u00ea na noite de s\u00e1bado, comentei com a minha querida que voc\u00ea realmente \u00e9 um pastor, uma esp\u00e9cie de m\u00e1gico \u2013 no melhor dos melhores sentidos que a palavra possa ter. Um homem de Deus, capaz de levar a [&hellip;]<\/p>\n","protected":false},"author":5,"featured_media":0,"comment_status":"open","ping_status":"open","sticky":false,"template":"","format":"standard","meta":{"ngg_post_thumbnail":0,"footnotes":""},"categories":[9],"tags":[242],"yoast_head":"<!-- This site is optimized with the Yoast SEO plugin v23.5 - https:\/\/yoast.com\/wordpress\/plugins\/seo\/ -->\n<title>Pela m\u00e3o do pastor - O Arcanjo no ar<\/title>\n<meta name=\"robots\" content=\"index, follow, max-snippet:-1, max-image-preview:large, max-video-preview:-1\" \/>\n<link rel=\"canonical\" href=\"https:\/\/www.oarcanjo.net\/site\/pela-mao-do-pastor\/\" \/>\n<meta property=\"og:locale\" content=\"pt_BR\" \/>\n<meta property=\"og:type\" content=\"article\" \/>\n<meta property=\"og:title\" content=\"Pela m\u00e3o do pastor - O Arcanjo no ar\" \/>\n<meta property=\"og:description\" content=\"Pe. Julio, meu amigo e irm\u00e3o maior. Ainda dentro da igreja, participando da celebra\u00e7\u00e3o presidida por voc\u00ea na noite de s\u00e1bado, comentei com a minha querida que voc\u00ea realmente \u00e9 um pastor, uma esp\u00e9cie de m\u00e1gico \u2013 no melhor dos melhores sentidos que a palavra possa ter. Um homem de Deus, capaz de levar a [&hellip;]\" \/>\n<meta property=\"og:url\" content=\"https:\/\/www.oarcanjo.net\/site\/pela-mao-do-pastor\/\" \/>\n<meta property=\"og:site_name\" content=\"O Arcanjo no ar\" \/>\n<meta property=\"article:publisher\" content=\"https:\/\/www.facebook.com\/OArcanjoNoAr\/\" \/>\n<meta property=\"article:published_time\" content=\"2009-04-12T15:19:35+00:00\" \/>\n<meta property=\"article:modified_time\" content=\"2009-04-12T15:25:38+00:00\" \/>\n<meta property=\"og:image\" content=\"https:\/\/www.oarcanjo.net\/site\/wp-content\/uploads\/logo-o-arcanjo-no-ar-facebook.png\" \/>\n\t<meta property=\"og:image:width\" content=\"300\" \/>\n\t<meta property=\"og:image:height\" content=\"300\" \/>\n\t<meta property=\"og:image:type\" content=\"image\/png\" \/>\n<meta name=\"author\" content=\"editor\" \/>\n<meta name=\"twitter:card\" content=\"summary_large_image\" \/>\n<meta name=\"twitter:label1\" content=\"Escrito por\" \/>\n\t<meta name=\"twitter:data1\" content=\"editor\" \/>\n\t<meta name=\"twitter:label2\" content=\"Est. tempo de leitura\" \/>\n\t<meta name=\"twitter:data2\" content=\"1 minuto\" \/>\n<script type=\"application\/ld+json\" class=\"yoast-schema-graph\">{\"@context\":\"https:\/\/schema.org\",\"@graph\":[{\"@type\":\"Article\",\"@id\":\"https:\/\/www.oarcanjo.net\/site\/pela-mao-do-pastor\/#article\",\"isPartOf\":{\"@id\":\"https:\/\/www.oarcanjo.net\/site\/pela-mao-do-pastor\/\"},\"author\":{\"name\":\"editor\",\"@id\":\"https:\/\/www.oarcanjo.net\/site\/#\/schema\/person\/f7024d007863202483a31326673a0838\"},\"headline\":\"Pela m\u00e3o do pastor\",\"datePublished\":\"2009-04-12T15:19:35+00:00\",\"dateModified\":\"2009-04-12T15:25:38+00:00\",\"mainEntityOfPage\":{\"@id\":\"https:\/\/www.oarcanjo.net\/site\/pela-mao-do-pastor\/\"},\"wordCount\":222,\"commentCount\":1,\"publisher\":{\"@id\":\"https:\/\/www.oarcanjo.net\/site\/#organization\"},\"keywords\":[\"P\u00e1scoa\"],\"articleSection\":[\"Reflex\u00f5es\"],\"inLanguage\":\"pt-BR\",\"potentialAction\":[{\"@type\":\"CommentAction\",\"name\":\"Comment\",\"target\":[\"https:\/\/www.oarcanjo.net\/site\/pela-mao-do-pastor\/#respond\"]}]},{\"@type\":\"WebPage\",\"@id\":\"https:\/\/www.oarcanjo.net\/site\/pela-mao-do-pastor\/\",\"url\":\"https:\/\/www.oarcanjo.net\/site\/pela-mao-do-pastor\/\",\"name\":\"Pela m\u00e3o do pastor - O Arcanjo no ar\",\"isPartOf\":{\"@id\":\"https:\/\/www.oarcanjo.net\/site\/#website\"},\"datePublished\":\"2009-04-12T15:19:35+00:00\",\"dateModified\":\"2009-04-12T15:25:38+00:00\",\"breadcrumb\":{\"@id\":\"https:\/\/www.oarcanjo.net\/site\/pela-mao-do-pastor\/#breadcrumb\"},\"inLanguage\":\"pt-BR\",\"potentialAction\":[{\"@type\":\"ReadAction\",\"target\":[\"https:\/\/www.oarcanjo.net\/site\/pela-mao-do-pastor\/\"]}]},{\"@type\":\"BreadcrumbList\",\"@id\":\"https:\/\/www.oarcanjo.net\/site\/pela-mao-do-pastor\/#breadcrumb\",\"itemListElement\":[{\"@type\":\"ListItem\",\"position\":1,\"name\":\"In\u00edcio\",\"item\":\"https:\/\/www.oarcanjo.net\/site\/\"},{\"@type\":\"ListItem\",\"position\":2,\"name\":\"Pela m\u00e3o do pastor\"}]},{\"@type\":\"WebSite\",\"@id\":\"https:\/\/www.oarcanjo.net\/site\/#website\",\"url\":\"https:\/\/www.oarcanjo.net\/site\/\",\"name\":\"O Arcanjo no ar\",\"description\":\"Site da Par\u00f3quia S\u00e3o Miguel Arcanjo (Arquidiocese de SP)\",\"publisher\":{\"@id\":\"https:\/\/www.oarcanjo.net\/site\/#organization\"},\"potentialAction\":[{\"@type\":\"SearchAction\",\"target\":{\"@type\":\"EntryPoint\",\"urlTemplate\":\"https:\/\/www.oarcanjo.net\/site\/?s={search_term_string}\"},\"query-input\":{\"@type\":\"PropertyValueSpecification\",\"valueRequired\":true,\"valueName\":\"search_term_string\"}}],\"inLanguage\":\"pt-BR\"},{\"@type\":\"Organization\",\"@id\":\"https:\/\/www.oarcanjo.net\/site\/#organization\",\"name\":\"Par\u00f3quia S\u00e3o Miguel Arcanjo\",\"url\":\"https:\/\/www.oarcanjo.net\/site\/\",\"logo\":{\"@type\":\"ImageObject\",\"inLanguage\":\"pt-BR\",\"@id\":\"https:\/\/www.oarcanjo.net\/site\/#\/schema\/logo\/image\/\",\"url\":\"https:\/\/www.oarcanjo.net\/site\/wp-content\/uploads\/LogoOArcanjo.png\",\"contentUrl\":\"https:\/\/www.oarcanjo.net\/site\/wp-content\/uploads\/LogoOArcanjo.png\",\"width\":319,\"height\":99,\"caption\":\"Par\u00f3quia S\u00e3o Miguel Arcanjo\"},\"image\":{\"@id\":\"https:\/\/www.oarcanjo.net\/site\/#\/schema\/logo\/image\/\"},\"sameAs\":[\"https:\/\/www.facebook.com\/OArcanjoNoAr\/\"]},{\"@type\":\"Person\",\"@id\":\"https:\/\/www.oarcanjo.net\/site\/#\/schema\/person\/f7024d007863202483a31326673a0838\",\"name\":\"editor\",\"sameAs\":[\"http:\/\/www.oarcanjo.net\"]}]}<\/script>\n<!-- \/ Yoast SEO plugin. -->","yoast_head_json":{"title":"Pela m\u00e3o do pastor - O Arcanjo no ar","robots":{"index":"index","follow":"follow","max-snippet":"max-snippet:-1","max-image-preview":"max-image-preview:large","max-video-preview":"max-video-preview:-1"},"canonical":"https:\/\/www.oarcanjo.net\/site\/pela-mao-do-pastor\/","og_locale":"pt_BR","og_type":"article","og_title":"Pela m\u00e3o do pastor - O Arcanjo no ar","og_description":"Pe. Julio, meu amigo e irm\u00e3o maior. Ainda dentro da igreja, participando da celebra\u00e7\u00e3o presidida por voc\u00ea na noite de s\u00e1bado, comentei com a minha querida que voc\u00ea realmente \u00e9 um pastor, uma esp\u00e9cie de m\u00e1gico \u2013 no melhor dos melhores sentidos que a palavra possa ter. Um homem de Deus, capaz de levar a [&hellip;]","og_url":"https:\/\/www.oarcanjo.net\/site\/pela-mao-do-pastor\/","og_site_name":"O Arcanjo no ar","article_publisher":"https:\/\/www.facebook.com\/OArcanjoNoAr\/","article_published_time":"2009-04-12T15:19:35+00:00","article_modified_time":"2009-04-12T15:25:38+00:00","og_image":[{"width":300,"height":300,"url":"https:\/\/www.oarcanjo.net\/site\/wp-content\/uploads\/logo-o-arcanjo-no-ar-facebook.png","type":"image\/png"}],"author":"editor","twitter_card":"summary_large_image","twitter_misc":{"Escrito por":"editor","Est. tempo de leitura":"1 minuto"},"schema":{"@context":"https:\/\/schema.org","@graph":[{"@type":"Article","@id":"https:\/\/www.oarcanjo.net\/site\/pela-mao-do-pastor\/#article","isPartOf":{"@id":"https:\/\/www.oarcanjo.net\/site\/pela-mao-do-pastor\/"},"author":{"name":"editor","@id":"https:\/\/www.oarcanjo.net\/site\/#\/schema\/person\/f7024d007863202483a31326673a0838"},"headline":"Pela m\u00e3o do pastor","datePublished":"2009-04-12T15:19:35+00:00","dateModified":"2009-04-12T15:25:38+00:00","mainEntityOfPage":{"@id":"https:\/\/www.oarcanjo.net\/site\/pela-mao-do-pastor\/"},"wordCount":222,"commentCount":1,"publisher":{"@id":"https:\/\/www.oarcanjo.net\/site\/#organization"},"keywords":["P\u00e1scoa"],"articleSection":["Reflex\u00f5es"],"inLanguage":"pt-BR","potentialAction":[{"@type":"CommentAction","name":"Comment","target":["https:\/\/www.oarcanjo.net\/site\/pela-mao-do-pastor\/#respond"]}]},{"@type":"WebPage","@id":"https:\/\/www.oarcanjo.net\/site\/pela-mao-do-pastor\/","url":"https:\/\/www.oarcanjo.net\/site\/pela-mao-do-pastor\/","name":"Pela m\u00e3o do pastor - O Arcanjo no ar","isPartOf":{"@id":"https:\/\/www.oarcanjo.net\/site\/#website"},"datePublished":"2009-04-12T15:19:35+00:00","dateModified":"2009-04-12T15:25:38+00:00","breadcrumb":{"@id":"https:\/\/www.oarcanjo.net\/site\/pela-mao-do-pastor\/#breadcrumb"},"inLanguage":"pt-BR","potentialAction":[{"@type":"ReadAction","target":["https:\/\/www.oarcanjo.net\/site\/pela-mao-do-pastor\/"]}]},{"@type":"BreadcrumbList","@id":"https:\/\/www.oarcanjo.net\/site\/pela-mao-do-pastor\/#breadcrumb","itemListElement":[{"@type":"ListItem","position":1,"name":"In\u00edcio","item":"https:\/\/www.oarcanjo.net\/site\/"},{"@type":"ListItem","position":2,"name":"Pela m\u00e3o do pastor"}]},{"@type":"WebSite","@id":"https:\/\/www.oarcanjo.net\/site\/#website","url":"https:\/\/www.oarcanjo.net\/site\/","name":"O Arcanjo no ar","description":"Site da Par\u00f3quia S\u00e3o Miguel Arcanjo (Arquidiocese de SP)","publisher":{"@id":"https:\/\/www.oarcanjo.net\/site\/#organization"},"potentialAction":[{"@type":"SearchAction","target":{"@type":"EntryPoint","urlTemplate":"https:\/\/www.oarcanjo.net\/site\/?s={search_term_string}"},"query-input":{"@type":"PropertyValueSpecification","valueRequired":true,"valueName":"search_term_string"}}],"inLanguage":"pt-BR"},{"@type":"Organization","@id":"https:\/\/www.oarcanjo.net\/site\/#organization","name":"Par\u00f3quia S\u00e3o Miguel Arcanjo","url":"https:\/\/www.oarcanjo.net\/site\/","logo":{"@type":"ImageObject","inLanguage":"pt-BR","@id":"https:\/\/www.oarcanjo.net\/site\/#\/schema\/logo\/image\/","url":"https:\/\/www.oarcanjo.net\/site\/wp-content\/uploads\/LogoOArcanjo.png","contentUrl":"https:\/\/www.oarcanjo.net\/site\/wp-content\/uploads\/LogoOArcanjo.png","width":319,"height":99,"caption":"Par\u00f3quia S\u00e3o Miguel Arcanjo"},"image":{"@id":"https:\/\/www.oarcanjo.net\/site\/#\/schema\/logo\/image\/"},"sameAs":["https:\/\/www.facebook.com\/OArcanjoNoAr\/"]},{"@type":"Person","@id":"https:\/\/www.oarcanjo.net\/site\/#\/schema\/person\/f7024d007863202483a31326673a0838","name":"editor","sameAs":["http:\/\/www.oarcanjo.net"]}]}},"publishpress_future_action":{"enabled":false,"date":"2026-05-09 01:25:47","action":"category","newStatus":"draft","terms":[],"taxonomy":"category"},"publishpress_future_workflow_manual_trigger":{"enabledWorkflows":[]},"_links":{"self":[{"href":"https:\/\/www.oarcanjo.net\/site\/wp-json\/wp\/v2\/posts\/2850"}],"collection":[{"href":"https:\/\/www.oarcanjo.net\/site\/wp-json\/wp\/v2\/posts"}],"about":[{"href":"https:\/\/www.oarcanjo.net\/site\/wp-json\/wp\/v2\/types\/post"}],"author":[{"embeddable":true,"href":"https:\/\/www.oarcanjo.net\/site\/wp-json\/wp\/v2\/users\/5"}],"replies":[{"embeddable":true,"href":"https:\/\/www.oarcanjo.net\/site\/wp-json\/wp\/v2\/comments?post=2850"}],"version-history":[{"count":0,"href":"https:\/\/www.oarcanjo.net\/site\/wp-json\/wp\/v2\/posts\/2850\/revisions"}],"wp:attachment":[{"href":"https:\/\/www.oarcanjo.net\/site\/wp-json\/wp\/v2\/media?parent=2850"}],"wp:term":[{"taxonomy":"category","embeddable":true,"href":"https:\/\/www.oarcanjo.net\/site\/wp-json\/wp\/v2\/categories?post=2850"},{"taxonomy":"post_tag","embeddable":true,"href":"https:\/\/www.oarcanjo.net\/site\/wp-json\/wp\/v2\/tags?post=2850"}],"curies":[{"name":"wp","href":"https:\/\/api.w.org\/{rel}","templated":true}]}}