
{"id":2858,"date":"2009-04-13T09:30:37","date_gmt":"2009-04-13T12:30:37","guid":{"rendered":"http:\/\/www.oarcanjo.net\/site\/?p=2858"},"modified":"2009-06-28T23:11:49","modified_gmt":"2009-06-29T02:11:49","slug":"batizado-12-de-abril-de-2009","status":"publish","type":"post","link":"https:\/\/www.oarcanjo.net\/site\/batizado-12-de-abril-de-2009\/","title":{"rendered":"Batizado &#8211; 12 de abril de 2009"},"content":{"rendered":"<p><img loading=\"lazy\" decoding=\"async\" src=\"http:\/\/www.oarcanjo.net\/site\/wp-content\/uploads\/batizado_12042009_179_tb.jpg\" alt=\"Batizado - 12 de abril de 2009\" title=\"Batizado - 12 de abril de 2009\" width=\"300\" height=\"200\" align=\"left\" hspace=\"2\" \/>A Capela S\u00e3o Judas Tadeu estava lotada neste 12\/04\/09, para a celebra\u00e7\u00e3o do Domingo da P\u00e1scoa, a Ressurrei\u00e7\u00e3o de Jesus e, tamb\u00e9m, o batizado de mais dezessete crian\u00e7as.<\/p>\n<p>N\u00e3o foi diferente das demais celebra\u00e7\u00f5es desta Semana Santa. Via Sacra, Missas, o of\u00edcio da Paix\u00e3o e as prociss\u00f5es. O povo estava em grande n\u00famero, perseverante e com muita f\u00e9.<\/p>\n<p>Da\u00ed n\u00e3o foi surpresa a expressiva lota\u00e7\u00e3o da Capela S\u00e3o Judas Tadeu. N\u00e3o foi o enorme ovo de p\u00e1scoa ou os p\u00e3es recheados que motivaram tanta gente, mas sim a celebra\u00e7\u00e3o forte, trazendo como refer\u00eancia maior a ressurrei\u00e7\u00e3o de Jesus e o amor de Deus por todos n\u00f3s.<\/p>\n<p><img loading=\"lazy\" decoding=\"async\" src=\"http:\/\/www.oarcanjo.net\/site\/wp-content\/uploads\/batizado_12042009_217_tb.jpg\" alt=\"\" title=\"Batizado - 12 de abril de 2009\" width=\"300\" height=\"200\" align=\"right\" hspace=\"2\"\/>Mas o espa\u00e7o foi na medida para o fortalecimento da f\u00e9 e a beleza do batizado da  Ana Beatriz Alves Alos, Andr\u00e9 Luiz, Arthur Moreno, Bianca, Beatriz Rosa, Evelyn, Gabriel, Guilherme Marques, Gustavo Matsubara, Jo\u00e3o Guilherme, Marcela, Michelly, Miguel \u00c2ngelo, Pietro, Victor Pires e do Vitor Alves.Tamb\u00e9m tivemos a legitima\u00e7\u00e3o do casamento da Edileusa e do Roberto.<\/p>\n<p>Quantas emo\u00e7\u00f5es. Era uma multid\u00e3o de pessoas felizes como demonstram as fotos a seguir:<\/p>ngg_shortcode_0_placeholder<p><em>Fotos por Carlos Alberto Beatriz<\/em><\/p>\n<div id=\"themify_builder_content-2858\" data-postid=\"2858\" class=\"themify_builder_content themify_builder_content-2858 themify_builder themify_builder_front\">\n\t<\/div>\n<!-- \/themify_builder_content -->","protected":false},"excerpt":{"rendered":"<p>A Capela S\u00e3o Judas Tadeu estava lotada neste 12\/04\/09, para a celebra\u00e7\u00e3o do Domingo da P\u00e1scoa, a Ressurrei\u00e7\u00e3o de Jesus e, tamb\u00e9m, o batizado de mais dezessete crian\u00e7as. N\u00e3o foi diferente das demais celebra\u00e7\u00f5es desta Semana Santa. Via Sacra, Missas, o of\u00edcio da Paix\u00e3o e as prociss\u00f5es. O povo estava em grande n\u00famero, perseverante e [&hellip;]<\/p>\n","protected":false},"author":5,"featured_media":0,"comment_status":"open","ping_status":"open","sticky":false,"template":"","format":"standard","meta":{"ngg_post_thumbnail":0,"footnotes":""},"categories":[8],"tags":[154,242,486],"yoast_head":"<!-- This site is optimized with the Yoast SEO plugin v23.5 - https:\/\/yoast.com\/wordpress\/plugins\/seo\/ -->\n<title>Batizado - 12 de abril de 2009  - O Arcanjo no ar<\/title>\n<meta name=\"robots\" content=\"index, follow, max-snippet:-1, max-image-preview:large, max-video-preview:-1\" \/>\n<link rel=\"canonical\" href=\"https:\/\/www.oarcanjo.net\/site\/batizado-12-de-abril-de-2009\/\" \/>\n<meta property=\"og:locale\" content=\"pt_BR\" \/>\n<meta property=\"og:type\" content=\"article\" \/>\n<meta property=\"og:title\" content=\"Batizado - 12 de abril de 2009  - O Arcanjo no ar\" \/>\n<meta property=\"og:description\" content=\"A Capela S\u00e3o Judas Tadeu estava lotada neste 12\/04\/09, para a celebra\u00e7\u00e3o do Domingo da P\u00e1scoa, a Ressurrei\u00e7\u00e3o de Jesus e, tamb\u00e9m, o batizado de mais dezessete crian\u00e7as. N\u00e3o foi diferente das demais celebra\u00e7\u00f5es desta Semana Santa. Via Sacra, Missas, o of\u00edcio da Paix\u00e3o e as prociss\u00f5es. O povo estava em grande n\u00famero, perseverante e [&hellip;]\" \/>\n<meta property=\"og:url\" content=\"https:\/\/www.oarcanjo.net\/site\/batizado-12-de-abril-de-2009\/\" \/>\n<meta property=\"og:site_name\" content=\"O Arcanjo no ar\" \/>\n<meta property=\"article:publisher\" content=\"https:\/\/www.facebook.com\/OArcanjoNoAr\/\" \/>\n<meta property=\"article:published_time\" content=\"2009-04-13T12:30:37+00:00\" \/>\n<meta property=\"article:modified_time\" content=\"2009-06-29T02:11:49+00:00\" \/>\n<meta property=\"og:image\" content=\"http:\/\/www.oarcanjo.net\/site\/wp-content\/uploads\/batizado_12042009_179_tb.jpg\" \/>\n<meta name=\"author\" content=\"editor\" \/>\n<meta name=\"twitter:card\" content=\"summary_large_image\" \/>\n<meta name=\"twitter:label1\" content=\"Escrito por\" \/>\n\t<meta name=\"twitter:data1\" content=\"editor\" \/>\n\t<meta name=\"twitter:label2\" content=\"Est. tempo de leitura\" \/>\n\t<meta name=\"twitter:data2\" content=\"1 minuto\" \/>\n<script type=\"application\/ld+json\" class=\"yoast-schema-graph\">{\"@context\":\"https:\/\/schema.org\",\"@graph\":[{\"@type\":\"Article\",\"@id\":\"https:\/\/www.oarcanjo.net\/site\/batizado-12-de-abril-de-2009\/#article\",\"isPartOf\":{\"@id\":\"https:\/\/www.oarcanjo.net\/site\/batizado-12-de-abril-de-2009\/\"},\"author\":{\"name\":\"editor\",\"@id\":\"https:\/\/www.oarcanjo.net\/site\/#\/schema\/person\/f7024d007863202483a31326673a0838\"},\"headline\":\"Batizado &#8211; 12 de abril de 2009\",\"datePublished\":\"2009-04-13T12:30:37+00:00\",\"dateModified\":\"2009-06-29T02:11:49+00:00\",\"mainEntityOfPage\":{\"@id\":\"https:\/\/www.oarcanjo.net\/site\/batizado-12-de-abril-de-2009\/\"},\"wordCount\":216,\"commentCount\":9,\"publisher\":{\"@id\":\"https:\/\/www.oarcanjo.net\/site\/#organization\"},\"image\":{\"@id\":\"https:\/\/www.oarcanjo.net\/site\/batizado-12-de-abril-de-2009\/#primaryimage\"},\"thumbnailUrl\":\"http:\/\/www.oarcanjo.net\/site\/wp-content\/uploads\/batizado_12042009_179_tb.jpg\",\"keywords\":[\"Batismo\",\"P\u00e1scoa\",\"Ressurrei\u00e7\u00e3o\"],\"articleSection\":[\"Not\u00edcias\"],\"inLanguage\":\"pt-BR\",\"potentialAction\":[{\"@type\":\"CommentAction\",\"name\":\"Comment\",\"target\":[\"https:\/\/www.oarcanjo.net\/site\/batizado-12-de-abril-de-2009\/#respond\"]}]},{\"@type\":\"WebPage\",\"@id\":\"https:\/\/www.oarcanjo.net\/site\/batizado-12-de-abril-de-2009\/\",\"url\":\"https:\/\/www.oarcanjo.net\/site\/batizado-12-de-abril-de-2009\/\",\"name\":\"Batizado - 12 de abril de 2009 - O Arcanjo no ar\",\"isPartOf\":{\"@id\":\"https:\/\/www.oarcanjo.net\/site\/#website\"},\"primaryImageOfPage\":{\"@id\":\"https:\/\/www.oarcanjo.net\/site\/batizado-12-de-abril-de-2009\/#primaryimage\"},\"image\":{\"@id\":\"https:\/\/www.oarcanjo.net\/site\/batizado-12-de-abril-de-2009\/#primaryimage\"},\"thumbnailUrl\":\"http:\/\/www.oarcanjo.net\/site\/wp-content\/uploads\/batizado_12042009_179_tb.jpg\",\"datePublished\":\"2009-04-13T12:30:37+00:00\",\"dateModified\":\"2009-06-29T02:11:49+00:00\",\"breadcrumb\":{\"@id\":\"https:\/\/www.oarcanjo.net\/site\/batizado-12-de-abril-de-2009\/#breadcrumb\"},\"inLanguage\":\"pt-BR\",\"potentialAction\":[{\"@type\":\"ReadAction\",\"target\":[\"https:\/\/www.oarcanjo.net\/site\/batizado-12-de-abril-de-2009\/\"]}]},{\"@type\":\"ImageObject\",\"inLanguage\":\"pt-BR\",\"@id\":\"https:\/\/www.oarcanjo.net\/site\/batizado-12-de-abril-de-2009\/#primaryimage\",\"url\":\"http:\/\/www.oarcanjo.net\/site\/wp-content\/uploads\/batizado_12042009_179_tb.jpg\",\"contentUrl\":\"http:\/\/www.oarcanjo.net\/site\/wp-content\/uploads\/batizado_12042009_179_tb.jpg\"},{\"@type\":\"BreadcrumbList\",\"@id\":\"https:\/\/www.oarcanjo.net\/site\/batizado-12-de-abril-de-2009\/#breadcrumb\",\"itemListElement\":[{\"@type\":\"ListItem\",\"position\":1,\"name\":\"In\u00edcio\",\"item\":\"https:\/\/www.oarcanjo.net\/site\/\"},{\"@type\":\"ListItem\",\"position\":2,\"name\":\"Batizado &#8211; 12 de abril de 2009\"}]},{\"@type\":\"WebSite\",\"@id\":\"https:\/\/www.oarcanjo.net\/site\/#website\",\"url\":\"https:\/\/www.oarcanjo.net\/site\/\",\"name\":\"O Arcanjo no ar\",\"description\":\"Site da Par\u00f3quia S\u00e3o Miguel Arcanjo (Arquidiocese de SP)\",\"publisher\":{\"@id\":\"https:\/\/www.oarcanjo.net\/site\/#organization\"},\"potentialAction\":[{\"@type\":\"SearchAction\",\"target\":{\"@type\":\"EntryPoint\",\"urlTemplate\":\"https:\/\/www.oarcanjo.net\/site\/?s={search_term_string}\"},\"query-input\":{\"@type\":\"PropertyValueSpecification\",\"valueRequired\":true,\"valueName\":\"search_term_string\"}}],\"inLanguage\":\"pt-BR\"},{\"@type\":\"Organization\",\"@id\":\"https:\/\/www.oarcanjo.net\/site\/#organization\",\"name\":\"Par\u00f3quia S\u00e3o Miguel Arcanjo\",\"url\":\"https:\/\/www.oarcanjo.net\/site\/\",\"logo\":{\"@type\":\"ImageObject\",\"inLanguage\":\"pt-BR\",\"@id\":\"https:\/\/www.oarcanjo.net\/site\/#\/schema\/logo\/image\/\",\"url\":\"https:\/\/www.oarcanjo.net\/site\/wp-content\/uploads\/LogoOArcanjo.png\",\"contentUrl\":\"https:\/\/www.oarcanjo.net\/site\/wp-content\/uploads\/LogoOArcanjo.png\",\"width\":319,\"height\":99,\"caption\":\"Par\u00f3quia S\u00e3o Miguel Arcanjo\"},\"image\":{\"@id\":\"https:\/\/www.oarcanjo.net\/site\/#\/schema\/logo\/image\/\"},\"sameAs\":[\"https:\/\/www.facebook.com\/OArcanjoNoAr\/\"]},{\"@type\":\"Person\",\"@id\":\"https:\/\/www.oarcanjo.net\/site\/#\/schema\/person\/f7024d007863202483a31326673a0838\",\"name\":\"editor\",\"sameAs\":[\"http:\/\/www.oarcanjo.net\"]}]}<\/script>\n<!-- \/ Yoast SEO plugin. -->","yoast_head_json":{"title":"Batizado - 12 de abril de 2009  - O Arcanjo no ar","robots":{"index":"index","follow":"follow","max-snippet":"max-snippet:-1","max-image-preview":"max-image-preview:large","max-video-preview":"max-video-preview:-1"},"canonical":"https:\/\/www.oarcanjo.net\/site\/batizado-12-de-abril-de-2009\/","og_locale":"pt_BR","og_type":"article","og_title":"Batizado - 12 de abril de 2009  - O Arcanjo no ar","og_description":"A Capela S\u00e3o Judas Tadeu estava lotada neste 12\/04\/09, para a celebra\u00e7\u00e3o do Domingo da P\u00e1scoa, a Ressurrei\u00e7\u00e3o de Jesus e, tamb\u00e9m, o batizado de mais dezessete crian\u00e7as. N\u00e3o foi diferente das demais celebra\u00e7\u00f5es desta Semana Santa. Via Sacra, Missas, o of\u00edcio da Paix\u00e3o e as prociss\u00f5es. O povo estava em grande n\u00famero, perseverante e [&hellip;]","og_url":"https:\/\/www.oarcanjo.net\/site\/batizado-12-de-abril-de-2009\/","og_site_name":"O Arcanjo no ar","article_publisher":"https:\/\/www.facebook.com\/OArcanjoNoAr\/","article_published_time":"2009-04-13T12:30:37+00:00","article_modified_time":"2009-06-29T02:11:49+00:00","og_image":[{"url":"http:\/\/www.oarcanjo.net\/site\/wp-content\/uploads\/batizado_12042009_179_tb.jpg"}],"author":"editor","twitter_card":"summary_large_image","twitter_misc":{"Escrito por":"editor","Est. tempo de leitura":"1 minuto"},"schema":{"@context":"https:\/\/schema.org","@graph":[{"@type":"Article","@id":"https:\/\/www.oarcanjo.net\/site\/batizado-12-de-abril-de-2009\/#article","isPartOf":{"@id":"https:\/\/www.oarcanjo.net\/site\/batizado-12-de-abril-de-2009\/"},"author":{"name":"editor","@id":"https:\/\/www.oarcanjo.net\/site\/#\/schema\/person\/f7024d007863202483a31326673a0838"},"headline":"Batizado &#8211; 12 de abril de 2009","datePublished":"2009-04-13T12:30:37+00:00","dateModified":"2009-06-29T02:11:49+00:00","mainEntityOfPage":{"@id":"https:\/\/www.oarcanjo.net\/site\/batizado-12-de-abril-de-2009\/"},"wordCount":216,"commentCount":9,"publisher":{"@id":"https:\/\/www.oarcanjo.net\/site\/#organization"},"image":{"@id":"https:\/\/www.oarcanjo.net\/site\/batizado-12-de-abril-de-2009\/#primaryimage"},"thumbnailUrl":"http:\/\/www.oarcanjo.net\/site\/wp-content\/uploads\/batizado_12042009_179_tb.jpg","keywords":["Batismo","P\u00e1scoa","Ressurrei\u00e7\u00e3o"],"articleSection":["Not\u00edcias"],"inLanguage":"pt-BR","potentialAction":[{"@type":"CommentAction","name":"Comment","target":["https:\/\/www.oarcanjo.net\/site\/batizado-12-de-abril-de-2009\/#respond"]}]},{"@type":"WebPage","@id":"https:\/\/www.oarcanjo.net\/site\/batizado-12-de-abril-de-2009\/","url":"https:\/\/www.oarcanjo.net\/site\/batizado-12-de-abril-de-2009\/","name":"Batizado - 12 de abril de 2009 - O Arcanjo no ar","isPartOf":{"@id":"https:\/\/www.oarcanjo.net\/site\/#website"},"primaryImageOfPage":{"@id":"https:\/\/www.oarcanjo.net\/site\/batizado-12-de-abril-de-2009\/#primaryimage"},"image":{"@id":"https:\/\/www.oarcanjo.net\/site\/batizado-12-de-abril-de-2009\/#primaryimage"},"thumbnailUrl":"http:\/\/www.oarcanjo.net\/site\/wp-content\/uploads\/batizado_12042009_179_tb.jpg","datePublished":"2009-04-13T12:30:37+00:00","dateModified":"2009-06-29T02:11:49+00:00","breadcrumb":{"@id":"https:\/\/www.oarcanjo.net\/site\/batizado-12-de-abril-de-2009\/#breadcrumb"},"inLanguage":"pt-BR","potentialAction":[{"@type":"ReadAction","target":["https:\/\/www.oarcanjo.net\/site\/batizado-12-de-abril-de-2009\/"]}]},{"@type":"ImageObject","inLanguage":"pt-BR","@id":"https:\/\/www.oarcanjo.net\/site\/batizado-12-de-abril-de-2009\/#primaryimage","url":"http:\/\/www.oarcanjo.net\/site\/wp-content\/uploads\/batizado_12042009_179_tb.jpg","contentUrl":"http:\/\/www.oarcanjo.net\/site\/wp-content\/uploads\/batizado_12042009_179_tb.jpg"},{"@type":"BreadcrumbList","@id":"https:\/\/www.oarcanjo.net\/site\/batizado-12-de-abril-de-2009\/#breadcrumb","itemListElement":[{"@type":"ListItem","position":1,"name":"In\u00edcio","item":"https:\/\/www.oarcanjo.net\/site\/"},{"@type":"ListItem","position":2,"name":"Batizado &#8211; 12 de abril de 2009"}]},{"@type":"WebSite","@id":"https:\/\/www.oarcanjo.net\/site\/#website","url":"https:\/\/www.oarcanjo.net\/site\/","name":"O Arcanjo no ar","description":"Site da Par\u00f3quia S\u00e3o Miguel Arcanjo (Arquidiocese de SP)","publisher":{"@id":"https:\/\/www.oarcanjo.net\/site\/#organization"},"potentialAction":[{"@type":"SearchAction","target":{"@type":"EntryPoint","urlTemplate":"https:\/\/www.oarcanjo.net\/site\/?s={search_term_string}"},"query-input":{"@type":"PropertyValueSpecification","valueRequired":true,"valueName":"search_term_string"}}],"inLanguage":"pt-BR"},{"@type":"Organization","@id":"https:\/\/www.oarcanjo.net\/site\/#organization","name":"Par\u00f3quia S\u00e3o Miguel Arcanjo","url":"https:\/\/www.oarcanjo.net\/site\/","logo":{"@type":"ImageObject","inLanguage":"pt-BR","@id":"https:\/\/www.oarcanjo.net\/site\/#\/schema\/logo\/image\/","url":"https:\/\/www.oarcanjo.net\/site\/wp-content\/uploads\/LogoOArcanjo.png","contentUrl":"https:\/\/www.oarcanjo.net\/site\/wp-content\/uploads\/LogoOArcanjo.png","width":319,"height":99,"caption":"Par\u00f3quia S\u00e3o Miguel Arcanjo"},"image":{"@id":"https:\/\/www.oarcanjo.net\/site\/#\/schema\/logo\/image\/"},"sameAs":["https:\/\/www.facebook.com\/OArcanjoNoAr\/"]},{"@type":"Person","@id":"https:\/\/www.oarcanjo.net\/site\/#\/schema\/person\/f7024d007863202483a31326673a0838","name":"editor","sameAs":["http:\/\/www.oarcanjo.net"]}]}},"publishpress_future_action":{"enabled":false,"date":"2026-05-08 22:29:29","action":"category","newStatus":"draft","terms":[],"taxonomy":"category"},"publishpress_future_workflow_manual_trigger":{"enabledWorkflows":[]},"_links":{"self":[{"href":"https:\/\/www.oarcanjo.net\/site\/wp-json\/wp\/v2\/posts\/2858"}],"collection":[{"href":"https:\/\/www.oarcanjo.net\/site\/wp-json\/wp\/v2\/posts"}],"about":[{"href":"https:\/\/www.oarcanjo.net\/site\/wp-json\/wp\/v2\/types\/post"}],"author":[{"embeddable":true,"href":"https:\/\/www.oarcanjo.net\/site\/wp-json\/wp\/v2\/users\/5"}],"replies":[{"embeddable":true,"href":"https:\/\/www.oarcanjo.net\/site\/wp-json\/wp\/v2\/comments?post=2858"}],"version-history":[{"count":1,"href":"https:\/\/www.oarcanjo.net\/site\/wp-json\/wp\/v2\/posts\/2858\/revisions"}],"predecessor-version":[{"id":92259,"href":"https:\/\/www.oarcanjo.net\/site\/wp-json\/wp\/v2\/posts\/2858\/revisions\/92259"}],"wp:attachment":[{"href":"https:\/\/www.oarcanjo.net\/site\/wp-json\/wp\/v2\/media?parent=2858"}],"wp:term":[{"taxonomy":"category","embeddable":true,"href":"https:\/\/www.oarcanjo.net\/site\/wp-json\/wp\/v2\/categories?post=2858"},{"taxonomy":"post_tag","embeddable":true,"href":"https:\/\/www.oarcanjo.net\/site\/wp-json\/wp\/v2\/tags?post=2858"}],"curies":[{"name":"wp","href":"https:\/\/api.w.org\/{rel}","templated":true}]}}