
{"id":2868,"date":"2009-04-13T21:01:28","date_gmt":"2009-04-14T00:01:28","guid":{"rendered":"http:\/\/www.oarcanjo.net\/site\/?p=2868"},"modified":"2009-04-13T21:05:23","modified_gmt":"2009-04-14T00:05:23","slug":"feliz-pascoa","status":"publish","type":"post","link":"https:\/\/www.oarcanjo.net\/site\/feliz-pascoa\/","title":{"rendered":"Feliz P\u00e1scoa!"},"content":{"rendered":"<p>Dom Eduardo Benes de Sales Rodrigues<\/p>\n<p>Todos ouviremos nestes pr\u00f3ximos dias a express\u00e3o: Feliz P\u00e1scoa! Mas o que \u00e9 uma feliz P\u00e1scoa? Em um mundo que fez do consumo a raz\u00e3o de viver, a P\u00e1scoa, como o Natal, tamb\u00e9m se tornou uma festa cujo valor passou a ser medido pelas compras e vendas.<\/p>\n<p>O ser humano \u00e9 feliz quando tem uma raz\u00e3o para viver. Mas n\u00e3o basta uma raz\u00e3o qualquer. Uma raz\u00e3o qualquer funciona precariamente. Fazem parte de nossa vida as alegrias do dia a dia, tais como a vit\u00f3ria de nosso time preferido, o sucesso em algum empreendimento, o nascimento de um filho, uma festa de casamento etc&#8230;<\/p>\n<p>Como \u00e9 bom desfrutar da vida, tirando de cada acontecimento a cota de felicidade que ele nos oferece! H\u00e1 pessoas que pensam ser felizes acumulando riquezas, granjeando simpatias, conquistando poder e prest\u00edgio. Agostinho de Hipona buscou na ret\u00f3rica e no amor humano a felicidade. Seu cora\u00e7\u00e3o, entretanto, continuou inquieto, at\u00e9 que encontrou a verdade de Deus. Se sofrimentos e decep\u00e7\u00f5es n\u00e3o fizessem parte de nossa exist\u00eancia, ainda assim, inquieto e insatisfeito continuaria nosso cora\u00e7\u00e3o, porque as alegrias dessa vida, mesmo as mais intensas, s\u00e3o todas elas insuficientes diante da profundidade de nosso desejo.<\/p>\n<p>Queremos vida e vida em plenitude. Mas existem os sofrimentos, inevit\u00e1veis e, muitas vezes, pungentes: a doen\u00e7a, os acidentes, as trai\u00e7\u00f5es de amigos, as decep\u00e7\u00f5es das promessas de amor n\u00e3o cumpridas, a perda de uma pessoa querida e muitos outros. Mais ainda: no cerne de nosso existir reside \u00e0 certeza da morte. Teremos n\u00f3s surgido do nada e ao nada estar\u00edamos destinados? Ser\u00e1 nossa exist\u00eancia como um raio cujo brilho \u00e9 engolido pela escurid\u00e3o da noite? Se nossa exist\u00eancia caminha inevitavelmente para morte, o que significa viver? Como dar sentido \u00e0 vida? H\u00e1 machos na esp\u00e9cie animal que morrem ao fecundar as f\u00eameas. O sentido de suas vidas \u00e9 garantir a continuidade da esp\u00e9cie. O sentido da vida do indiv\u00edduo humano seria apenas este: garantir o futuro da esp\u00e9cie? Conseguir\u00edamos ser felizes empenhando-nos em construir um futuro feliz para os que vir\u00e3o depois de n\u00f3s? E qual ser\u00e1 o destino final da esp\u00e9cie? Haver\u00e1 um fim da hist\u00f3ria e, portanto, o desaparecimento da esp\u00e9cie humana? Se n\u00e3o, que sentido ter\u00e1 a sucess\u00e3o sem fim das gera\u00e7\u00f5es humanas, todas movidas pela esperan\u00e7a de uma felicidade, que se esvai com a morte.<\/p>\n<p>Freud, ao se confrontar com essa quest\u00e3o, aponta como \u00fanica solu\u00e7\u00e3o poss\u00edvel a resigna\u00e7\u00e3o: o ser humano adulto assume sua finitude com coragem, sem apelar para a religi\u00e3o, forma suprema de nega\u00e7\u00e3o da realidade. Haver\u00e1 verdade plena e justi\u00e7a no amanh\u00e3 intra-hist\u00f3rico? Ou ser\u00e1 v\u00e3 a luta dos que sonham com um mundo diferente?<\/p>\n<p>Em sua Enc\u00edclica sobre a esperan\u00e7a crist\u00e3, O Papa Bento XVI cita o fil\u00f3sofo Adorno, da escola de Frankfurt, que afirmou que a justi\u00e7a, uma verdadeira justi\u00e7a, requereria um mundo \u201conde n\u00e3o s\u00f3 fosse anulado o sofrimento presente, mas tamb\u00e9m revogado o que passou irrevogavelmente\u201d. Isto, por\u00e9m, afirma o Papa, \u201csignificaria que n\u00e3o pode haver justi\u00e7a sem ressurrei\u00e7\u00e3o dos mortos e, concretamente, sem a sua ressurrei\u00e7\u00e3o corporal\u201d(n. 42).<\/p>\n<p>Estamos aqui no centro da f\u00e9 crist\u00e3: a ressurrei\u00e7\u00e3o dos mortos. Jesus, depois de assumir em si as dores da humanidade e suas mis\u00e9rias, at\u00e9 a morte, e morte de Cruz, \u201cressuscitou ao terceiro dia e, tendo subido aos c\u00e9us, est\u00e1 assentado \u00e1 direita do Pai, donde h\u00e1 de vir para julgar os vivos e mortos\u201d. O Juizo final, passada a figura desse mundo, ser\u00e1 o resgate pleno da verdade, tantas vezes espezinhada no tempo da hist\u00f3ria, e a instaura\u00e7\u00e3o definitiva da justi\u00e7a, \u201conde n\u00e3o s\u00f3 ser\u00e1 anulado o sofrimento presente, mas ficar\u00e1 tamb\u00e9m revogado o que passou irrevogavelmente\u201d, como pensara Adorno a respeito de uma verdadeira justi\u00e7a para a hist\u00f3ria humana. <\/p>\n<p>E eu pergunto ao leitor: se, como afirmou Adorno, a plena justi\u00e7a exigiria n\u00e3o s\u00f3 a aboli\u00e7\u00e3o do sofrimento no presente, mas tamb\u00e9m a revoga\u00e7\u00e3o do sofrimento passado, n\u00e3o \u00e9 sensato, razo\u00e1vel, levar a s\u00e9rio o testemunho dos ap\u00f3stolos de que Jesus ressuscitou e de que toda a humanidade tem nele seu Salvador e Juiz? Se o bom e justo \u00e9 que haja um desfecho justo e bom para a hist\u00f3ria humana, por que conservar no cora\u00e7\u00e3o essa tristeza que tornava sombrio o rosto dos disc\u00edpulos de Ema\u00fas quando voltavam para a rotina de seu cotidiano sem esperan\u00e7a, depois da decep\u00e7\u00e3o da morte de Jesus? A sombra que turva o rosto da humanidade \u00e9 a sombra da morte. O brilho da esperan\u00e7a volta quando nossos olhos come\u00e7am a beber a luz do Ressuscitado. Faz-se, ent\u00e3o, luz nos olhos e calor no cora\u00e7\u00e3o: \u201cneste momento seus olhos se abriram e eles o reconheceram. Ele, por\u00e9m, desapareceu da vista deles. Ent\u00e3o um disse ao outro: \u2018n\u00e3o estava ardendo nosso cora\u00e7\u00e3o quando Ele nos falava pelo caminho e nos explicava a Escrituras?\u2019(Lc 24,32)\u201d.<\/p>\n<div id=\"themify_builder_content-2868\" data-postid=\"2868\" class=\"themify_builder_content themify_builder_content-2868 themify_builder themify_builder_front\">\n\t<\/div>\n<!-- \/themify_builder_content -->","protected":false},"excerpt":{"rendered":"<p>Dom Eduardo Benes de Sales Rodrigues Todos ouviremos nestes pr\u00f3ximos dias a express\u00e3o: Feliz P\u00e1scoa! Mas o que \u00e9 uma feliz P\u00e1scoa? Em um mundo que fez do consumo a raz\u00e3o de viver, a P\u00e1scoa, como o Natal, tamb\u00e9m se tornou uma festa cujo valor passou a ser medido pelas compras e vendas. O ser [&hellip;]<\/p>\n","protected":false},"author":5,"featured_media":0,"comment_status":"open","ping_status":"open","sticky":false,"template":"","format":"standard","meta":{"ngg_post_thumbnail":0,"footnotes":""},"categories":[9],"tags":[242],"yoast_head":"<!-- This site is optimized with the Yoast SEO plugin v23.5 - https:\/\/yoast.com\/wordpress\/plugins\/seo\/ -->\n<title>Feliz P\u00e1scoa! - O Arcanjo no ar<\/title>\n<meta name=\"robots\" content=\"index, follow, max-snippet:-1, max-image-preview:large, max-video-preview:-1\" \/>\n<link rel=\"canonical\" href=\"https:\/\/www.oarcanjo.net\/site\/feliz-pascoa\/\" \/>\n<meta property=\"og:locale\" content=\"pt_BR\" \/>\n<meta property=\"og:type\" content=\"article\" \/>\n<meta property=\"og:title\" content=\"Feliz P\u00e1scoa! - O Arcanjo no ar\" \/>\n<meta property=\"og:description\" content=\"Dom Eduardo Benes de Sales Rodrigues Todos ouviremos nestes pr\u00f3ximos dias a express\u00e3o: Feliz P\u00e1scoa! Mas o que \u00e9 uma feliz P\u00e1scoa? Em um mundo que fez do consumo a raz\u00e3o de viver, a P\u00e1scoa, como o Natal, tamb\u00e9m se tornou uma festa cujo valor passou a ser medido pelas compras e vendas. O ser [&hellip;]\" \/>\n<meta property=\"og:url\" content=\"https:\/\/www.oarcanjo.net\/site\/feliz-pascoa\/\" \/>\n<meta property=\"og:site_name\" content=\"O Arcanjo no ar\" \/>\n<meta property=\"article:publisher\" content=\"https:\/\/www.facebook.com\/OArcanjoNoAr\/\" \/>\n<meta property=\"article:published_time\" content=\"2009-04-14T00:01:28+00:00\" \/>\n<meta property=\"article:modified_time\" content=\"2009-04-14T00:05:23+00:00\" \/>\n<meta property=\"og:image\" content=\"https:\/\/www.oarcanjo.net\/site\/wp-content\/uploads\/logo-o-arcanjo-no-ar-facebook.png\" \/>\n\t<meta property=\"og:image:width\" content=\"300\" \/>\n\t<meta property=\"og:image:height\" content=\"300\" \/>\n\t<meta property=\"og:image:type\" content=\"image\/png\" \/>\n<meta name=\"author\" content=\"editor\" \/>\n<meta name=\"twitter:card\" content=\"summary_large_image\" \/>\n<meta name=\"twitter:label1\" content=\"Escrito por\" \/>\n\t<meta name=\"twitter:data1\" content=\"editor\" \/>\n\t<meta name=\"twitter:label2\" content=\"Est. tempo de leitura\" \/>\n\t<meta name=\"twitter:data2\" content=\"4 minutos\" \/>\n<script type=\"application\/ld+json\" class=\"yoast-schema-graph\">{\"@context\":\"https:\/\/schema.org\",\"@graph\":[{\"@type\":\"Article\",\"@id\":\"https:\/\/www.oarcanjo.net\/site\/feliz-pascoa\/#article\",\"isPartOf\":{\"@id\":\"https:\/\/www.oarcanjo.net\/site\/feliz-pascoa\/\"},\"author\":{\"name\":\"editor\",\"@id\":\"https:\/\/www.oarcanjo.net\/site\/#\/schema\/person\/f7024d007863202483a31326673a0838\"},\"headline\":\"Feliz P\u00e1scoa!\",\"datePublished\":\"2009-04-14T00:01:28+00:00\",\"dateModified\":\"2009-04-14T00:05:23+00:00\",\"mainEntityOfPage\":{\"@id\":\"https:\/\/www.oarcanjo.net\/site\/feliz-pascoa\/\"},\"wordCount\":896,\"commentCount\":0,\"publisher\":{\"@id\":\"https:\/\/www.oarcanjo.net\/site\/#organization\"},\"keywords\":[\"P\u00e1scoa\"],\"articleSection\":[\"Reflex\u00f5es\"],\"inLanguage\":\"pt-BR\",\"potentialAction\":[{\"@type\":\"CommentAction\",\"name\":\"Comment\",\"target\":[\"https:\/\/www.oarcanjo.net\/site\/feliz-pascoa\/#respond\"]}]},{\"@type\":\"WebPage\",\"@id\":\"https:\/\/www.oarcanjo.net\/site\/feliz-pascoa\/\",\"url\":\"https:\/\/www.oarcanjo.net\/site\/feliz-pascoa\/\",\"name\":\"Feliz P\u00e1scoa! - O Arcanjo no ar\",\"isPartOf\":{\"@id\":\"https:\/\/www.oarcanjo.net\/site\/#website\"},\"datePublished\":\"2009-04-14T00:01:28+00:00\",\"dateModified\":\"2009-04-14T00:05:23+00:00\",\"breadcrumb\":{\"@id\":\"https:\/\/www.oarcanjo.net\/site\/feliz-pascoa\/#breadcrumb\"},\"inLanguage\":\"pt-BR\",\"potentialAction\":[{\"@type\":\"ReadAction\",\"target\":[\"https:\/\/www.oarcanjo.net\/site\/feliz-pascoa\/\"]}]},{\"@type\":\"BreadcrumbList\",\"@id\":\"https:\/\/www.oarcanjo.net\/site\/feliz-pascoa\/#breadcrumb\",\"itemListElement\":[{\"@type\":\"ListItem\",\"position\":1,\"name\":\"In\u00edcio\",\"item\":\"https:\/\/www.oarcanjo.net\/site\/\"},{\"@type\":\"ListItem\",\"position\":2,\"name\":\"Feliz P\u00e1scoa!\"}]},{\"@type\":\"WebSite\",\"@id\":\"https:\/\/www.oarcanjo.net\/site\/#website\",\"url\":\"https:\/\/www.oarcanjo.net\/site\/\",\"name\":\"O Arcanjo no ar\",\"description\":\"Site da Par\u00f3quia S\u00e3o Miguel Arcanjo (Arquidiocese de SP)\",\"publisher\":{\"@id\":\"https:\/\/www.oarcanjo.net\/site\/#organization\"},\"potentialAction\":[{\"@type\":\"SearchAction\",\"target\":{\"@type\":\"EntryPoint\",\"urlTemplate\":\"https:\/\/www.oarcanjo.net\/site\/?s={search_term_string}\"},\"query-input\":{\"@type\":\"PropertyValueSpecification\",\"valueRequired\":true,\"valueName\":\"search_term_string\"}}],\"inLanguage\":\"pt-BR\"},{\"@type\":\"Organization\",\"@id\":\"https:\/\/www.oarcanjo.net\/site\/#organization\",\"name\":\"Par\u00f3quia S\u00e3o Miguel Arcanjo\",\"url\":\"https:\/\/www.oarcanjo.net\/site\/\",\"logo\":{\"@type\":\"ImageObject\",\"inLanguage\":\"pt-BR\",\"@id\":\"https:\/\/www.oarcanjo.net\/site\/#\/schema\/logo\/image\/\",\"url\":\"https:\/\/www.oarcanjo.net\/site\/wp-content\/uploads\/LogoOArcanjo.png\",\"contentUrl\":\"https:\/\/www.oarcanjo.net\/site\/wp-content\/uploads\/LogoOArcanjo.png\",\"width\":319,\"height\":99,\"caption\":\"Par\u00f3quia S\u00e3o Miguel Arcanjo\"},\"image\":{\"@id\":\"https:\/\/www.oarcanjo.net\/site\/#\/schema\/logo\/image\/\"},\"sameAs\":[\"https:\/\/www.facebook.com\/OArcanjoNoAr\/\"]},{\"@type\":\"Person\",\"@id\":\"https:\/\/www.oarcanjo.net\/site\/#\/schema\/person\/f7024d007863202483a31326673a0838\",\"name\":\"editor\",\"sameAs\":[\"http:\/\/www.oarcanjo.net\"]}]}<\/script>\n<!-- \/ Yoast SEO plugin. -->","yoast_head_json":{"title":"Feliz P\u00e1scoa! - O Arcanjo no ar","robots":{"index":"index","follow":"follow","max-snippet":"max-snippet:-1","max-image-preview":"max-image-preview:large","max-video-preview":"max-video-preview:-1"},"canonical":"https:\/\/www.oarcanjo.net\/site\/feliz-pascoa\/","og_locale":"pt_BR","og_type":"article","og_title":"Feliz P\u00e1scoa! - O Arcanjo no ar","og_description":"Dom Eduardo Benes de Sales Rodrigues Todos ouviremos nestes pr\u00f3ximos dias a express\u00e3o: Feliz P\u00e1scoa! Mas o que \u00e9 uma feliz P\u00e1scoa? Em um mundo que fez do consumo a raz\u00e3o de viver, a P\u00e1scoa, como o Natal, tamb\u00e9m se tornou uma festa cujo valor passou a ser medido pelas compras e vendas. O ser [&hellip;]","og_url":"https:\/\/www.oarcanjo.net\/site\/feliz-pascoa\/","og_site_name":"O Arcanjo no ar","article_publisher":"https:\/\/www.facebook.com\/OArcanjoNoAr\/","article_published_time":"2009-04-14T00:01:28+00:00","article_modified_time":"2009-04-14T00:05:23+00:00","og_image":[{"width":300,"height":300,"url":"https:\/\/www.oarcanjo.net\/site\/wp-content\/uploads\/logo-o-arcanjo-no-ar-facebook.png","type":"image\/png"}],"author":"editor","twitter_card":"summary_large_image","twitter_misc":{"Escrito por":"editor","Est. tempo de leitura":"4 minutos"},"schema":{"@context":"https:\/\/schema.org","@graph":[{"@type":"Article","@id":"https:\/\/www.oarcanjo.net\/site\/feliz-pascoa\/#article","isPartOf":{"@id":"https:\/\/www.oarcanjo.net\/site\/feliz-pascoa\/"},"author":{"name":"editor","@id":"https:\/\/www.oarcanjo.net\/site\/#\/schema\/person\/f7024d007863202483a31326673a0838"},"headline":"Feliz P\u00e1scoa!","datePublished":"2009-04-14T00:01:28+00:00","dateModified":"2009-04-14T00:05:23+00:00","mainEntityOfPage":{"@id":"https:\/\/www.oarcanjo.net\/site\/feliz-pascoa\/"},"wordCount":896,"commentCount":0,"publisher":{"@id":"https:\/\/www.oarcanjo.net\/site\/#organization"},"keywords":["P\u00e1scoa"],"articleSection":["Reflex\u00f5es"],"inLanguage":"pt-BR","potentialAction":[{"@type":"CommentAction","name":"Comment","target":["https:\/\/www.oarcanjo.net\/site\/feliz-pascoa\/#respond"]}]},{"@type":"WebPage","@id":"https:\/\/www.oarcanjo.net\/site\/feliz-pascoa\/","url":"https:\/\/www.oarcanjo.net\/site\/feliz-pascoa\/","name":"Feliz P\u00e1scoa! - O Arcanjo no ar","isPartOf":{"@id":"https:\/\/www.oarcanjo.net\/site\/#website"},"datePublished":"2009-04-14T00:01:28+00:00","dateModified":"2009-04-14T00:05:23+00:00","breadcrumb":{"@id":"https:\/\/www.oarcanjo.net\/site\/feliz-pascoa\/#breadcrumb"},"inLanguage":"pt-BR","potentialAction":[{"@type":"ReadAction","target":["https:\/\/www.oarcanjo.net\/site\/feliz-pascoa\/"]}]},{"@type":"BreadcrumbList","@id":"https:\/\/www.oarcanjo.net\/site\/feliz-pascoa\/#breadcrumb","itemListElement":[{"@type":"ListItem","position":1,"name":"In\u00edcio","item":"https:\/\/www.oarcanjo.net\/site\/"},{"@type":"ListItem","position":2,"name":"Feliz P\u00e1scoa!"}]},{"@type":"WebSite","@id":"https:\/\/www.oarcanjo.net\/site\/#website","url":"https:\/\/www.oarcanjo.net\/site\/","name":"O Arcanjo no ar","description":"Site da Par\u00f3quia S\u00e3o Miguel Arcanjo (Arquidiocese de SP)","publisher":{"@id":"https:\/\/www.oarcanjo.net\/site\/#organization"},"potentialAction":[{"@type":"SearchAction","target":{"@type":"EntryPoint","urlTemplate":"https:\/\/www.oarcanjo.net\/site\/?s={search_term_string}"},"query-input":{"@type":"PropertyValueSpecification","valueRequired":true,"valueName":"search_term_string"}}],"inLanguage":"pt-BR"},{"@type":"Organization","@id":"https:\/\/www.oarcanjo.net\/site\/#organization","name":"Par\u00f3quia S\u00e3o Miguel Arcanjo","url":"https:\/\/www.oarcanjo.net\/site\/","logo":{"@type":"ImageObject","inLanguage":"pt-BR","@id":"https:\/\/www.oarcanjo.net\/site\/#\/schema\/logo\/image\/","url":"https:\/\/www.oarcanjo.net\/site\/wp-content\/uploads\/LogoOArcanjo.png","contentUrl":"https:\/\/www.oarcanjo.net\/site\/wp-content\/uploads\/LogoOArcanjo.png","width":319,"height":99,"caption":"Par\u00f3quia S\u00e3o Miguel Arcanjo"},"image":{"@id":"https:\/\/www.oarcanjo.net\/site\/#\/schema\/logo\/image\/"},"sameAs":["https:\/\/www.facebook.com\/OArcanjoNoAr\/"]},{"@type":"Person","@id":"https:\/\/www.oarcanjo.net\/site\/#\/schema\/person\/f7024d007863202483a31326673a0838","name":"editor","sameAs":["http:\/\/www.oarcanjo.net"]}]}},"publishpress_future_action":{"enabled":false,"date":"2026-05-09 01:25:46","action":"category","newStatus":"draft","terms":[],"taxonomy":"category"},"publishpress_future_workflow_manual_trigger":{"enabledWorkflows":[]},"_links":{"self":[{"href":"https:\/\/www.oarcanjo.net\/site\/wp-json\/wp\/v2\/posts\/2868"}],"collection":[{"href":"https:\/\/www.oarcanjo.net\/site\/wp-json\/wp\/v2\/posts"}],"about":[{"href":"https:\/\/www.oarcanjo.net\/site\/wp-json\/wp\/v2\/types\/post"}],"author":[{"embeddable":true,"href":"https:\/\/www.oarcanjo.net\/site\/wp-json\/wp\/v2\/users\/5"}],"replies":[{"embeddable":true,"href":"https:\/\/www.oarcanjo.net\/site\/wp-json\/wp\/v2\/comments?post=2868"}],"version-history":[{"count":0,"href":"https:\/\/www.oarcanjo.net\/site\/wp-json\/wp\/v2\/posts\/2868\/revisions"}],"wp:attachment":[{"href":"https:\/\/www.oarcanjo.net\/site\/wp-json\/wp\/v2\/media?parent=2868"}],"wp:term":[{"taxonomy":"category","embeddable":true,"href":"https:\/\/www.oarcanjo.net\/site\/wp-json\/wp\/v2\/categories?post=2868"},{"taxonomy":"post_tag","embeddable":true,"href":"https:\/\/www.oarcanjo.net\/site\/wp-json\/wp\/v2\/tags?post=2868"}],"curies":[{"name":"wp","href":"https:\/\/api.w.org\/{rel}","templated":true}]}}