
{"id":2872,"date":"2009-04-14T08:03:40","date_gmt":"2009-04-14T11:03:40","guid":{"rendered":"http:\/\/www.oarcanjo.net\/site\/?p=2872"},"modified":"2009-04-14T08:03:40","modified_gmt":"2009-04-14T11:03:40","slug":"cristo-nos-tira-do-tumulo","status":"publish","type":"post","link":"https:\/\/www.oarcanjo.net\/site\/cristo-nos-tira-do-tumulo\/","title":{"rendered":"Cristo nos tira do t\u00famulo"},"content":{"rendered":"<p>Dom Alo\u00edsio Sin\u00e9sio Bohn<\/p>\n<p>Um senhor me contou que foi numa festa, onde havia bastante jovens. Para colaborar no ambiente de alegria, convidou uma jovem para dan\u00e7ar. A menina fez um gesto de rep\u00fadio, dizendo: \u201cseu velho, volte para seu t\u00famulo\u201d!<\/p>\n<p>Na semana santa, Deus faz o contr\u00e1rio. Envia seu Filho Jesus Cristo at\u00e9 n\u00f3s, porque nos ama. Cristo assume nossas dores e mis\u00e9rias, sobe o Calv\u00e1rio com a cruz, deixa-se crucificar e morre por n\u00f3s. E mais: desce aos abismos profundos, toma o velho Ad\u00e3o pela m\u00e3o e o devolve \u00e0 luz, \u00e0 vida e \u00e0 esperan\u00e7a. Em Ad\u00e3o, Cristo traz de volta toda a humanidade.<\/p>\n<p>A P\u00e1scoa \u00e9 isto: Cristo ressuscita, vence o mal e a morte. Esta vit\u00f3ria \u00e9 a nossa vit\u00f3ria.<\/p>\n<p>Conseq\u00fc\u00eancia? Na P\u00e1scoa somos convidados a renovar nossa esperan\u00e7a, pois somos amados por Deus. \u00c9 lan\u00e7ar-se nas m\u00e3os de Deus e aceitar-se qual sopro e perfume de Deus. Al\u00e9m disso, temos a tarefa de fazer o que Jesus fez: tomar pela m\u00e3o os fracassados e sofredores para devolver-lhes a alegria de viver. E qual Maria Madalena levar um pote de b\u00e1lsamo aos marcados pela solid\u00e3o, pela car\u00eancia afetiva, pela doen\u00e7a incur\u00e1vel, pela velhice. \u00c9 o que hoje se diz \u201cIgreja samaritana\u201d.<\/p>\n<p>No mundo de mentira, de \u00f3dio, de maledic\u00eancia, de viol\u00eancia e de guerra, ser presen\u00e7a de amor e de perd\u00e3o. Como Jesus no Calv\u00e1rio: \u201cPai, perdoai-lhes porque n\u00e3o sabem o que fazem\u201d (Lc 23, 34).<\/p>\n<p>Jesus ficava triste com os fariseus \u201cpor causa da dureza de cora\u00e7\u00e3o\u201d. Na Sexta-feira Santa, em medita\u00e7\u00e3o junto ao t\u00famulo de Jesus, \u00e9 bom examinar-se: como vai minha compaix\u00e3o pelos sofredores? Tamb\u00e9m eu posso estar afetado da \u201cdureza de cora\u00e7\u00e3o\u201d.<\/p>\n<p>Finalmente, P\u00e1scoa \u00e9 alegria. Com sua ressurrei\u00e7\u00e3o, Cristo nos abre o t\u00famulo e nos agracia com a vida eterna. Apesar de tudo. Isto ele faz por gra\u00e7a, por amor a n\u00f3s. Ent\u00e3o clamamos: \u201cAleluia\u201d!<\/p>\n<p>Feliz P\u00e1scoa!<\/p>\n<div id=\"themify_builder_content-2872\" data-postid=\"2872\" class=\"themify_builder_content themify_builder_content-2872 themify_builder themify_builder_front\">\n\t<\/div>\n<!-- \/themify_builder_content -->","protected":false},"excerpt":{"rendered":"<p>Dom Alo\u00edsio Sin\u00e9sio Bohn Um senhor me contou que foi numa festa, onde havia bastante jovens. Para colaborar no ambiente de alegria, convidou uma jovem para dan\u00e7ar. A menina fez um gesto de rep\u00fadio, dizendo: \u201cseu velho, volte para seu t\u00famulo\u201d! Na semana santa, Deus faz o contr\u00e1rio. Envia seu Filho Jesus Cristo at\u00e9 n\u00f3s, [&hellip;]<\/p>\n","protected":false},"author":5,"featured_media":0,"comment_status":"open","ping_status":"open","sticky":false,"template":"","format":"standard","meta":{"ngg_post_thumbnail":0,"footnotes":""},"categories":[9],"tags":[242,68],"yoast_head":"<!-- This site is optimized with the Yoast SEO plugin v23.5 - https:\/\/yoast.com\/wordpress\/plugins\/seo\/ -->\n<title>Cristo nos tira do t\u00famulo - O Arcanjo no ar<\/title>\n<meta name=\"robots\" content=\"index, follow, max-snippet:-1, max-image-preview:large, max-video-preview:-1\" \/>\n<link rel=\"canonical\" href=\"https:\/\/www.oarcanjo.net\/site\/cristo-nos-tira-do-tumulo\/\" \/>\n<meta property=\"og:locale\" content=\"pt_BR\" \/>\n<meta property=\"og:type\" content=\"article\" \/>\n<meta property=\"og:title\" content=\"Cristo nos tira do t\u00famulo - O Arcanjo no ar\" \/>\n<meta property=\"og:description\" content=\"Dom Alo\u00edsio Sin\u00e9sio Bohn Um senhor me contou que foi numa festa, onde havia bastante jovens. Para colaborar no ambiente de alegria, convidou uma jovem para dan\u00e7ar. A menina fez um gesto de rep\u00fadio, dizendo: \u201cseu velho, volte para seu t\u00famulo\u201d! Na semana santa, Deus faz o contr\u00e1rio. Envia seu Filho Jesus Cristo at\u00e9 n\u00f3s, [&hellip;]\" \/>\n<meta property=\"og:url\" content=\"https:\/\/www.oarcanjo.net\/site\/cristo-nos-tira-do-tumulo\/\" \/>\n<meta property=\"og:site_name\" content=\"O Arcanjo no ar\" \/>\n<meta property=\"article:publisher\" content=\"https:\/\/www.facebook.com\/OArcanjoNoAr\/\" \/>\n<meta property=\"article:published_time\" content=\"2009-04-14T11:03:40+00:00\" \/>\n<meta property=\"og:image\" content=\"https:\/\/www.oarcanjo.net\/site\/wp-content\/uploads\/logo-o-arcanjo-no-ar-facebook.png\" \/>\n\t<meta property=\"og:image:width\" content=\"300\" \/>\n\t<meta property=\"og:image:height\" content=\"300\" \/>\n\t<meta property=\"og:image:type\" content=\"image\/png\" \/>\n<meta name=\"author\" content=\"editor\" \/>\n<meta name=\"twitter:card\" content=\"summary_large_image\" \/>\n<meta name=\"twitter:label1\" content=\"Escrito por\" \/>\n\t<meta name=\"twitter:data1\" content=\"editor\" \/>\n\t<meta name=\"twitter:label2\" content=\"Est. tempo de leitura\" \/>\n\t<meta name=\"twitter:data2\" content=\"2 minutos\" \/>\n<script type=\"application\/ld+json\" class=\"yoast-schema-graph\">{\"@context\":\"https:\/\/schema.org\",\"@graph\":[{\"@type\":\"Article\",\"@id\":\"https:\/\/www.oarcanjo.net\/site\/cristo-nos-tira-do-tumulo\/#article\",\"isPartOf\":{\"@id\":\"https:\/\/www.oarcanjo.net\/site\/cristo-nos-tira-do-tumulo\/\"},\"author\":{\"name\":\"editor\",\"@id\":\"https:\/\/www.oarcanjo.net\/site\/#\/schema\/person\/f7024d007863202483a31326673a0838\"},\"headline\":\"Cristo nos tira do t\u00famulo\",\"datePublished\":\"2009-04-14T11:03:40+00:00\",\"dateModified\":\"2009-04-14T11:03:40+00:00\",\"mainEntityOfPage\":{\"@id\":\"https:\/\/www.oarcanjo.net\/site\/cristo-nos-tira-do-tumulo\/\"},\"wordCount\":360,\"commentCount\":0,\"publisher\":{\"@id\":\"https:\/\/www.oarcanjo.net\/site\/#organization\"},\"keywords\":[\"P\u00e1scoa\",\"ressurei\u00e7\u00e3o\"],\"articleSection\":[\"Reflex\u00f5es\"],\"inLanguage\":\"pt-BR\",\"potentialAction\":[{\"@type\":\"CommentAction\",\"name\":\"Comment\",\"target\":[\"https:\/\/www.oarcanjo.net\/site\/cristo-nos-tira-do-tumulo\/#respond\"]}]},{\"@type\":\"WebPage\",\"@id\":\"https:\/\/www.oarcanjo.net\/site\/cristo-nos-tira-do-tumulo\/\",\"url\":\"https:\/\/www.oarcanjo.net\/site\/cristo-nos-tira-do-tumulo\/\",\"name\":\"Cristo nos tira do t\u00famulo - O Arcanjo no ar\",\"isPartOf\":{\"@id\":\"https:\/\/www.oarcanjo.net\/site\/#website\"},\"datePublished\":\"2009-04-14T11:03:40+00:00\",\"dateModified\":\"2009-04-14T11:03:40+00:00\",\"breadcrumb\":{\"@id\":\"https:\/\/www.oarcanjo.net\/site\/cristo-nos-tira-do-tumulo\/#breadcrumb\"},\"inLanguage\":\"pt-BR\",\"potentialAction\":[{\"@type\":\"ReadAction\",\"target\":[\"https:\/\/www.oarcanjo.net\/site\/cristo-nos-tira-do-tumulo\/\"]}]},{\"@type\":\"BreadcrumbList\",\"@id\":\"https:\/\/www.oarcanjo.net\/site\/cristo-nos-tira-do-tumulo\/#breadcrumb\",\"itemListElement\":[{\"@type\":\"ListItem\",\"position\":1,\"name\":\"In\u00edcio\",\"item\":\"https:\/\/www.oarcanjo.net\/site\/\"},{\"@type\":\"ListItem\",\"position\":2,\"name\":\"Cristo nos tira do t\u00famulo\"}]},{\"@type\":\"WebSite\",\"@id\":\"https:\/\/www.oarcanjo.net\/site\/#website\",\"url\":\"https:\/\/www.oarcanjo.net\/site\/\",\"name\":\"O Arcanjo no ar\",\"description\":\"Site da Par\u00f3quia S\u00e3o Miguel Arcanjo (Arquidiocese de SP)\",\"publisher\":{\"@id\":\"https:\/\/www.oarcanjo.net\/site\/#organization\"},\"potentialAction\":[{\"@type\":\"SearchAction\",\"target\":{\"@type\":\"EntryPoint\",\"urlTemplate\":\"https:\/\/www.oarcanjo.net\/site\/?s={search_term_string}\"},\"query-input\":{\"@type\":\"PropertyValueSpecification\",\"valueRequired\":true,\"valueName\":\"search_term_string\"}}],\"inLanguage\":\"pt-BR\"},{\"@type\":\"Organization\",\"@id\":\"https:\/\/www.oarcanjo.net\/site\/#organization\",\"name\":\"Par\u00f3quia S\u00e3o Miguel Arcanjo\",\"url\":\"https:\/\/www.oarcanjo.net\/site\/\",\"logo\":{\"@type\":\"ImageObject\",\"inLanguage\":\"pt-BR\",\"@id\":\"https:\/\/www.oarcanjo.net\/site\/#\/schema\/logo\/image\/\",\"url\":\"https:\/\/www.oarcanjo.net\/site\/wp-content\/uploads\/LogoOArcanjo.png\",\"contentUrl\":\"https:\/\/www.oarcanjo.net\/site\/wp-content\/uploads\/LogoOArcanjo.png\",\"width\":319,\"height\":99,\"caption\":\"Par\u00f3quia S\u00e3o Miguel Arcanjo\"},\"image\":{\"@id\":\"https:\/\/www.oarcanjo.net\/site\/#\/schema\/logo\/image\/\"},\"sameAs\":[\"https:\/\/www.facebook.com\/OArcanjoNoAr\/\"]},{\"@type\":\"Person\",\"@id\":\"https:\/\/www.oarcanjo.net\/site\/#\/schema\/person\/f7024d007863202483a31326673a0838\",\"name\":\"editor\",\"sameAs\":[\"http:\/\/www.oarcanjo.net\"]}]}<\/script>\n<!-- \/ Yoast SEO plugin. -->","yoast_head_json":{"title":"Cristo nos tira do t\u00famulo - O Arcanjo no ar","robots":{"index":"index","follow":"follow","max-snippet":"max-snippet:-1","max-image-preview":"max-image-preview:large","max-video-preview":"max-video-preview:-1"},"canonical":"https:\/\/www.oarcanjo.net\/site\/cristo-nos-tira-do-tumulo\/","og_locale":"pt_BR","og_type":"article","og_title":"Cristo nos tira do t\u00famulo - O Arcanjo no ar","og_description":"Dom Alo\u00edsio Sin\u00e9sio Bohn Um senhor me contou que foi numa festa, onde havia bastante jovens. Para colaborar no ambiente de alegria, convidou uma jovem para dan\u00e7ar. A menina fez um gesto de rep\u00fadio, dizendo: \u201cseu velho, volte para seu t\u00famulo\u201d! Na semana santa, Deus faz o contr\u00e1rio. Envia seu Filho Jesus Cristo at\u00e9 n\u00f3s, [&hellip;]","og_url":"https:\/\/www.oarcanjo.net\/site\/cristo-nos-tira-do-tumulo\/","og_site_name":"O Arcanjo no ar","article_publisher":"https:\/\/www.facebook.com\/OArcanjoNoAr\/","article_published_time":"2009-04-14T11:03:40+00:00","og_image":[{"width":300,"height":300,"url":"https:\/\/www.oarcanjo.net\/site\/wp-content\/uploads\/logo-o-arcanjo-no-ar-facebook.png","type":"image\/png"}],"author":"editor","twitter_card":"summary_large_image","twitter_misc":{"Escrito por":"editor","Est. tempo de leitura":"2 minutos"},"schema":{"@context":"https:\/\/schema.org","@graph":[{"@type":"Article","@id":"https:\/\/www.oarcanjo.net\/site\/cristo-nos-tira-do-tumulo\/#article","isPartOf":{"@id":"https:\/\/www.oarcanjo.net\/site\/cristo-nos-tira-do-tumulo\/"},"author":{"name":"editor","@id":"https:\/\/www.oarcanjo.net\/site\/#\/schema\/person\/f7024d007863202483a31326673a0838"},"headline":"Cristo nos tira do t\u00famulo","datePublished":"2009-04-14T11:03:40+00:00","dateModified":"2009-04-14T11:03:40+00:00","mainEntityOfPage":{"@id":"https:\/\/www.oarcanjo.net\/site\/cristo-nos-tira-do-tumulo\/"},"wordCount":360,"commentCount":0,"publisher":{"@id":"https:\/\/www.oarcanjo.net\/site\/#organization"},"keywords":["P\u00e1scoa","ressurei\u00e7\u00e3o"],"articleSection":["Reflex\u00f5es"],"inLanguage":"pt-BR","potentialAction":[{"@type":"CommentAction","name":"Comment","target":["https:\/\/www.oarcanjo.net\/site\/cristo-nos-tira-do-tumulo\/#respond"]}]},{"@type":"WebPage","@id":"https:\/\/www.oarcanjo.net\/site\/cristo-nos-tira-do-tumulo\/","url":"https:\/\/www.oarcanjo.net\/site\/cristo-nos-tira-do-tumulo\/","name":"Cristo nos tira do t\u00famulo - O Arcanjo no ar","isPartOf":{"@id":"https:\/\/www.oarcanjo.net\/site\/#website"},"datePublished":"2009-04-14T11:03:40+00:00","dateModified":"2009-04-14T11:03:40+00:00","breadcrumb":{"@id":"https:\/\/www.oarcanjo.net\/site\/cristo-nos-tira-do-tumulo\/#breadcrumb"},"inLanguage":"pt-BR","potentialAction":[{"@type":"ReadAction","target":["https:\/\/www.oarcanjo.net\/site\/cristo-nos-tira-do-tumulo\/"]}]},{"@type":"BreadcrumbList","@id":"https:\/\/www.oarcanjo.net\/site\/cristo-nos-tira-do-tumulo\/#breadcrumb","itemListElement":[{"@type":"ListItem","position":1,"name":"In\u00edcio","item":"https:\/\/www.oarcanjo.net\/site\/"},{"@type":"ListItem","position":2,"name":"Cristo nos tira do t\u00famulo"}]},{"@type":"WebSite","@id":"https:\/\/www.oarcanjo.net\/site\/#website","url":"https:\/\/www.oarcanjo.net\/site\/","name":"O Arcanjo no ar","description":"Site da Par\u00f3quia S\u00e3o Miguel Arcanjo (Arquidiocese de SP)","publisher":{"@id":"https:\/\/www.oarcanjo.net\/site\/#organization"},"potentialAction":[{"@type":"SearchAction","target":{"@type":"EntryPoint","urlTemplate":"https:\/\/www.oarcanjo.net\/site\/?s={search_term_string}"},"query-input":{"@type":"PropertyValueSpecification","valueRequired":true,"valueName":"search_term_string"}}],"inLanguage":"pt-BR"},{"@type":"Organization","@id":"https:\/\/www.oarcanjo.net\/site\/#organization","name":"Par\u00f3quia S\u00e3o Miguel Arcanjo","url":"https:\/\/www.oarcanjo.net\/site\/","logo":{"@type":"ImageObject","inLanguage":"pt-BR","@id":"https:\/\/www.oarcanjo.net\/site\/#\/schema\/logo\/image\/","url":"https:\/\/www.oarcanjo.net\/site\/wp-content\/uploads\/LogoOArcanjo.png","contentUrl":"https:\/\/www.oarcanjo.net\/site\/wp-content\/uploads\/LogoOArcanjo.png","width":319,"height":99,"caption":"Par\u00f3quia S\u00e3o Miguel Arcanjo"},"image":{"@id":"https:\/\/www.oarcanjo.net\/site\/#\/schema\/logo\/image\/"},"sameAs":["https:\/\/www.facebook.com\/OArcanjoNoAr\/"]},{"@type":"Person","@id":"https:\/\/www.oarcanjo.net\/site\/#\/schema\/person\/f7024d007863202483a31326673a0838","name":"editor","sameAs":["http:\/\/www.oarcanjo.net"]}]}},"publishpress_future_action":{"enabled":false,"date":"2026-05-08 23:47:36","action":"category","newStatus":"draft","terms":[],"taxonomy":"category"},"publishpress_future_workflow_manual_trigger":{"enabledWorkflows":[]},"_links":{"self":[{"href":"https:\/\/www.oarcanjo.net\/site\/wp-json\/wp\/v2\/posts\/2872"}],"collection":[{"href":"https:\/\/www.oarcanjo.net\/site\/wp-json\/wp\/v2\/posts"}],"about":[{"href":"https:\/\/www.oarcanjo.net\/site\/wp-json\/wp\/v2\/types\/post"}],"author":[{"embeddable":true,"href":"https:\/\/www.oarcanjo.net\/site\/wp-json\/wp\/v2\/users\/5"}],"replies":[{"embeddable":true,"href":"https:\/\/www.oarcanjo.net\/site\/wp-json\/wp\/v2\/comments?post=2872"}],"version-history":[{"count":0,"href":"https:\/\/www.oarcanjo.net\/site\/wp-json\/wp\/v2\/posts\/2872\/revisions"}],"wp:attachment":[{"href":"https:\/\/www.oarcanjo.net\/site\/wp-json\/wp\/v2\/media?parent=2872"}],"wp:term":[{"taxonomy":"category","embeddable":true,"href":"https:\/\/www.oarcanjo.net\/site\/wp-json\/wp\/v2\/categories?post=2872"},{"taxonomy":"post_tag","embeddable":true,"href":"https:\/\/www.oarcanjo.net\/site\/wp-json\/wp\/v2\/tags?post=2872"}],"curies":[{"name":"wp","href":"https:\/\/api.w.org\/{rel}","templated":true}]}}