
{"id":2877,"date":"2009-04-15T18:26:44","date_gmt":"2009-04-15T21:26:44","guid":{"rendered":"http:\/\/www.oarcanjo.net\/site\/?p=2877"},"modified":"2009-04-16T08:29:13","modified_gmt":"2009-04-16T11:29:13","slug":"oitava-da-pascoa","status":"publish","type":"post","link":"https:\/\/www.oarcanjo.net\/site\/oitava-da-pascoa\/","title":{"rendered":"Oitava da P\u00e1scoa!"},"content":{"rendered":"<p>Esta semana \u00e9 a oitava da P\u00e1scoa, durante uma semana se vive o dia de P\u00e1scoa, uma semana em um dia, um dia vivido em uma semana. <\/p>\n<p>Quando a Festa \u00e9 grande n\u00e3o pode acabar logo, \u00e9 preciso viv\u00ea-la intensamente, imensamente, eternamente!<\/p>\n<p>Toda esta semana \u00e9 o DOMINGO DA P\u00c1SCOA!<\/p>\n<p>ENTRE A VIDA E A MORTE A VIDA \u00c9 MAIS FORTE!<\/p>\n<p>A vida do nascituro,<br \/>\na vida dos idosos,<br \/>\ndos doentes.<\/p>\n<p>Dos que t\u00eam doen\u00e7as incur\u00e1veis,<br \/>\ndos doentes terminais,<br \/>\ndos moradores de rua.<\/p>\n<p>A vida dos exclu\u00eddos,<br \/>\ndos desempregados,<br \/>\ndos evitados e dif\u00edceis.<\/p>\n<p>A vida dos inimigos<br \/>\ne dos que nos odeiam,<br \/>\na vida dos que incomodam.<\/p>\n<p>Enfim toda a VIDA \u00e9 mais forte que a MORTE!<\/p>\n<p>Morte gerada pelo ego\u00edsmo e por tantos outros interesses.<\/p>\n<p>A P\u00c1SCOA exige mudan\u00e7a de valores e atitudes!<\/p>\n<p>A OITAVA da P\u00c1SCOA \u00e9 tempo de nascer o NOVO que gera e protege a VIDA amea\u00e7ada!<\/p>\n<p>FELIZ P\u00c1SCOA !<\/p>\n<p>Todos os dias desta semana a liturgia \u00e9 solene e pr\u00f3pria, \u00e9 tempo de FESTA e de ESPERAN\u00c7A vivida com a ALEGRIA do VIVENTE, O CRISTO NOSSO SENHOR!<\/p>\n<p>Toda esta semana se pode e se deve dizer FELIZ P\u00c1SCOA! A Missa termina com o ALELUIA! ALELUIA!<\/p>\n<p>Os textos bibl\u00edcos desse tempo s\u00e3o de grande beleza e movimentam e sustentam a nossa f\u00e9 em um mundo marcado por imensos desafios e conflitos mas com inquebrant\u00e1vel ESPERAN\u00c7A.<\/p>\n<div id=\"themify_builder_content-2877\" data-postid=\"2877\" class=\"themify_builder_content themify_builder_content-2877 themify_builder themify_builder_front\">\n\t<\/div>\n<!-- \/themify_builder_content -->","protected":false},"excerpt":{"rendered":"<p>Esta semana \u00e9 a oitava da P\u00e1scoa, durante uma semana se vive o dia de P\u00e1scoa, uma semana em um dia, um dia vivido em uma semana. Quando a Festa \u00e9 grande n\u00e3o pode acabar logo, \u00e9 preciso viv\u00ea-la intensamente, imensamente, eternamente! Toda esta semana \u00e9 o DOMINGO DA P\u00c1SCOA! ENTRE A VIDA E A [&hellip;]<\/p>\n","protected":false},"author":4,"featured_media":0,"comment_status":"open","ping_status":"open","sticky":false,"template":"","format":"standard","meta":{"ngg_post_thumbnail":0,"footnotes":""},"categories":[4],"tags":[164,242,62],"yoast_head":"<!-- This site is optimized with the Yoast SEO plugin v23.5 - https:\/\/yoast.com\/wordpress\/plugins\/seo\/ -->\n<title>Oitava da P\u00e1scoa! - O Arcanjo no ar<\/title>\n<meta name=\"robots\" content=\"index, follow, max-snippet:-1, max-image-preview:large, max-video-preview:-1\" \/>\n<link rel=\"canonical\" href=\"https:\/\/www.oarcanjo.net\/site\/oitava-da-pascoa\/\" \/>\n<meta property=\"og:locale\" content=\"pt_BR\" \/>\n<meta property=\"og:type\" content=\"article\" \/>\n<meta property=\"og:title\" content=\"Oitava da P\u00e1scoa! - O Arcanjo no ar\" \/>\n<meta property=\"og:description\" content=\"Esta semana \u00e9 a oitava da P\u00e1scoa, durante uma semana se vive o dia de P\u00e1scoa, uma semana em um dia, um dia vivido em uma semana. Quando a Festa \u00e9 grande n\u00e3o pode acabar logo, \u00e9 preciso viv\u00ea-la intensamente, imensamente, eternamente! Toda esta semana \u00e9 o DOMINGO DA P\u00c1SCOA! ENTRE A VIDA E A [&hellip;]\" \/>\n<meta property=\"og:url\" content=\"https:\/\/www.oarcanjo.net\/site\/oitava-da-pascoa\/\" \/>\n<meta property=\"og:site_name\" content=\"O Arcanjo no ar\" \/>\n<meta property=\"article:publisher\" content=\"https:\/\/www.facebook.com\/OArcanjoNoAr\/\" \/>\n<meta property=\"article:published_time\" content=\"2009-04-15T21:26:44+00:00\" \/>\n<meta property=\"article:modified_time\" content=\"2009-04-16T11:29:13+00:00\" \/>\n<meta property=\"og:image\" content=\"https:\/\/www.oarcanjo.net\/site\/wp-content\/uploads\/logo-o-arcanjo-no-ar-facebook.png\" \/>\n\t<meta property=\"og:image:width\" content=\"300\" \/>\n\t<meta property=\"og:image:height\" content=\"300\" \/>\n\t<meta property=\"og:image:type\" content=\"image\/png\" \/>\n<meta name=\"author\" content=\"julio\" \/>\n<meta name=\"twitter:card\" content=\"summary_large_image\" \/>\n<meta name=\"twitter:label1\" content=\"Escrito por\" \/>\n\t<meta name=\"twitter:data1\" content=\"julio\" \/>\n\t<meta name=\"twitter:label2\" content=\"Est. tempo de leitura\" \/>\n\t<meta name=\"twitter:data2\" content=\"1 minuto\" \/>\n<script type=\"application\/ld+json\" class=\"yoast-schema-graph\">{\"@context\":\"https:\/\/schema.org\",\"@graph\":[{\"@type\":\"Article\",\"@id\":\"https:\/\/www.oarcanjo.net\/site\/oitava-da-pascoa\/#article\",\"isPartOf\":{\"@id\":\"https:\/\/www.oarcanjo.net\/site\/oitava-da-pascoa\/\"},\"author\":{\"name\":\"julio\",\"@id\":\"https:\/\/www.oarcanjo.net\/site\/#\/schema\/person\/d78ea01c648c91e29c364b516767079e\"},\"headline\":\"Oitava da P\u00e1scoa!\",\"datePublished\":\"2009-04-15T21:26:44+00:00\",\"dateModified\":\"2009-04-16T11:29:13+00:00\",\"mainEntityOfPage\":{\"@id\":\"https:\/\/www.oarcanjo.net\/site\/oitava-da-pascoa\/\"},\"wordCount\":246,\"commentCount\":2,\"publisher\":{\"@id\":\"https:\/\/www.oarcanjo.net\/site\/#organization\"},\"keywords\":[\"esperan\u00e7a\",\"P\u00e1scoa\",\"vida\"],\"articleSection\":[\"Blog\"],\"inLanguage\":\"pt-BR\",\"potentialAction\":[{\"@type\":\"CommentAction\",\"name\":\"Comment\",\"target\":[\"https:\/\/www.oarcanjo.net\/site\/oitava-da-pascoa\/#respond\"]}]},{\"@type\":\"WebPage\",\"@id\":\"https:\/\/www.oarcanjo.net\/site\/oitava-da-pascoa\/\",\"url\":\"https:\/\/www.oarcanjo.net\/site\/oitava-da-pascoa\/\",\"name\":\"Oitava da P\u00e1scoa! - O Arcanjo no ar\",\"isPartOf\":{\"@id\":\"https:\/\/www.oarcanjo.net\/site\/#website\"},\"datePublished\":\"2009-04-15T21:26:44+00:00\",\"dateModified\":\"2009-04-16T11:29:13+00:00\",\"breadcrumb\":{\"@id\":\"https:\/\/www.oarcanjo.net\/site\/oitava-da-pascoa\/#breadcrumb\"},\"inLanguage\":\"pt-BR\",\"potentialAction\":[{\"@type\":\"ReadAction\",\"target\":[\"https:\/\/www.oarcanjo.net\/site\/oitava-da-pascoa\/\"]}]},{\"@type\":\"BreadcrumbList\",\"@id\":\"https:\/\/www.oarcanjo.net\/site\/oitava-da-pascoa\/#breadcrumb\",\"itemListElement\":[{\"@type\":\"ListItem\",\"position\":1,\"name\":\"In\u00edcio\",\"item\":\"https:\/\/www.oarcanjo.net\/site\/\"},{\"@type\":\"ListItem\",\"position\":2,\"name\":\"Oitava da P\u00e1scoa!\"}]},{\"@type\":\"WebSite\",\"@id\":\"https:\/\/www.oarcanjo.net\/site\/#website\",\"url\":\"https:\/\/www.oarcanjo.net\/site\/\",\"name\":\"O Arcanjo no ar\",\"description\":\"Site da Par\u00f3quia S\u00e3o Miguel Arcanjo (Arquidiocese de SP)\",\"publisher\":{\"@id\":\"https:\/\/www.oarcanjo.net\/site\/#organization\"},\"potentialAction\":[{\"@type\":\"SearchAction\",\"target\":{\"@type\":\"EntryPoint\",\"urlTemplate\":\"https:\/\/www.oarcanjo.net\/site\/?s={search_term_string}\"},\"query-input\":{\"@type\":\"PropertyValueSpecification\",\"valueRequired\":true,\"valueName\":\"search_term_string\"}}],\"inLanguage\":\"pt-BR\"},{\"@type\":\"Organization\",\"@id\":\"https:\/\/www.oarcanjo.net\/site\/#organization\",\"name\":\"Par\u00f3quia S\u00e3o Miguel Arcanjo\",\"url\":\"https:\/\/www.oarcanjo.net\/site\/\",\"logo\":{\"@type\":\"ImageObject\",\"inLanguage\":\"pt-BR\",\"@id\":\"https:\/\/www.oarcanjo.net\/site\/#\/schema\/logo\/image\/\",\"url\":\"https:\/\/www.oarcanjo.net\/site\/wp-content\/uploads\/LogoOArcanjo.png\",\"contentUrl\":\"https:\/\/www.oarcanjo.net\/site\/wp-content\/uploads\/LogoOArcanjo.png\",\"width\":319,\"height\":99,\"caption\":\"Par\u00f3quia S\u00e3o Miguel Arcanjo\"},\"image\":{\"@id\":\"https:\/\/www.oarcanjo.net\/site\/#\/schema\/logo\/image\/\"},\"sameAs\":[\"https:\/\/www.facebook.com\/OArcanjoNoAr\/\"]},{\"@type\":\"Person\",\"@id\":\"https:\/\/www.oarcanjo.net\/site\/#\/schema\/person\/d78ea01c648c91e29c364b516767079e\",\"name\":\"julio\",\"sameAs\":[\"http:\/\/www.oarcanjo.net\"]}]}<\/script>\n<!-- \/ Yoast SEO plugin. -->","yoast_head_json":{"title":"Oitava da P\u00e1scoa! - O Arcanjo no ar","robots":{"index":"index","follow":"follow","max-snippet":"max-snippet:-1","max-image-preview":"max-image-preview:large","max-video-preview":"max-video-preview:-1"},"canonical":"https:\/\/www.oarcanjo.net\/site\/oitava-da-pascoa\/","og_locale":"pt_BR","og_type":"article","og_title":"Oitava da P\u00e1scoa! - O Arcanjo no ar","og_description":"Esta semana \u00e9 a oitava da P\u00e1scoa, durante uma semana se vive o dia de P\u00e1scoa, uma semana em um dia, um dia vivido em uma semana. Quando a Festa \u00e9 grande n\u00e3o pode acabar logo, \u00e9 preciso viv\u00ea-la intensamente, imensamente, eternamente! Toda esta semana \u00e9 o DOMINGO DA P\u00c1SCOA! ENTRE A VIDA E A [&hellip;]","og_url":"https:\/\/www.oarcanjo.net\/site\/oitava-da-pascoa\/","og_site_name":"O Arcanjo no ar","article_publisher":"https:\/\/www.facebook.com\/OArcanjoNoAr\/","article_published_time":"2009-04-15T21:26:44+00:00","article_modified_time":"2009-04-16T11:29:13+00:00","og_image":[{"width":300,"height":300,"url":"https:\/\/www.oarcanjo.net\/site\/wp-content\/uploads\/logo-o-arcanjo-no-ar-facebook.png","type":"image\/png"}],"author":"julio","twitter_card":"summary_large_image","twitter_misc":{"Escrito por":"julio","Est. tempo de leitura":"1 minuto"},"schema":{"@context":"https:\/\/schema.org","@graph":[{"@type":"Article","@id":"https:\/\/www.oarcanjo.net\/site\/oitava-da-pascoa\/#article","isPartOf":{"@id":"https:\/\/www.oarcanjo.net\/site\/oitava-da-pascoa\/"},"author":{"name":"julio","@id":"https:\/\/www.oarcanjo.net\/site\/#\/schema\/person\/d78ea01c648c91e29c364b516767079e"},"headline":"Oitava da P\u00e1scoa!","datePublished":"2009-04-15T21:26:44+00:00","dateModified":"2009-04-16T11:29:13+00:00","mainEntityOfPage":{"@id":"https:\/\/www.oarcanjo.net\/site\/oitava-da-pascoa\/"},"wordCount":246,"commentCount":2,"publisher":{"@id":"https:\/\/www.oarcanjo.net\/site\/#organization"},"keywords":["esperan\u00e7a","P\u00e1scoa","vida"],"articleSection":["Blog"],"inLanguage":"pt-BR","potentialAction":[{"@type":"CommentAction","name":"Comment","target":["https:\/\/www.oarcanjo.net\/site\/oitava-da-pascoa\/#respond"]}]},{"@type":"WebPage","@id":"https:\/\/www.oarcanjo.net\/site\/oitava-da-pascoa\/","url":"https:\/\/www.oarcanjo.net\/site\/oitava-da-pascoa\/","name":"Oitava da P\u00e1scoa! - O Arcanjo no ar","isPartOf":{"@id":"https:\/\/www.oarcanjo.net\/site\/#website"},"datePublished":"2009-04-15T21:26:44+00:00","dateModified":"2009-04-16T11:29:13+00:00","breadcrumb":{"@id":"https:\/\/www.oarcanjo.net\/site\/oitava-da-pascoa\/#breadcrumb"},"inLanguage":"pt-BR","potentialAction":[{"@type":"ReadAction","target":["https:\/\/www.oarcanjo.net\/site\/oitava-da-pascoa\/"]}]},{"@type":"BreadcrumbList","@id":"https:\/\/www.oarcanjo.net\/site\/oitava-da-pascoa\/#breadcrumb","itemListElement":[{"@type":"ListItem","position":1,"name":"In\u00edcio","item":"https:\/\/www.oarcanjo.net\/site\/"},{"@type":"ListItem","position":2,"name":"Oitava da P\u00e1scoa!"}]},{"@type":"WebSite","@id":"https:\/\/www.oarcanjo.net\/site\/#website","url":"https:\/\/www.oarcanjo.net\/site\/","name":"O Arcanjo no ar","description":"Site da Par\u00f3quia S\u00e3o Miguel Arcanjo (Arquidiocese de SP)","publisher":{"@id":"https:\/\/www.oarcanjo.net\/site\/#organization"},"potentialAction":[{"@type":"SearchAction","target":{"@type":"EntryPoint","urlTemplate":"https:\/\/www.oarcanjo.net\/site\/?s={search_term_string}"},"query-input":{"@type":"PropertyValueSpecification","valueRequired":true,"valueName":"search_term_string"}}],"inLanguage":"pt-BR"},{"@type":"Organization","@id":"https:\/\/www.oarcanjo.net\/site\/#organization","name":"Par\u00f3quia S\u00e3o Miguel Arcanjo","url":"https:\/\/www.oarcanjo.net\/site\/","logo":{"@type":"ImageObject","inLanguage":"pt-BR","@id":"https:\/\/www.oarcanjo.net\/site\/#\/schema\/logo\/image\/","url":"https:\/\/www.oarcanjo.net\/site\/wp-content\/uploads\/LogoOArcanjo.png","contentUrl":"https:\/\/www.oarcanjo.net\/site\/wp-content\/uploads\/LogoOArcanjo.png","width":319,"height":99,"caption":"Par\u00f3quia S\u00e3o Miguel Arcanjo"},"image":{"@id":"https:\/\/www.oarcanjo.net\/site\/#\/schema\/logo\/image\/"},"sameAs":["https:\/\/www.facebook.com\/OArcanjoNoAr\/"]},{"@type":"Person","@id":"https:\/\/www.oarcanjo.net\/site\/#\/schema\/person\/d78ea01c648c91e29c364b516767079e","name":"julio","sameAs":["http:\/\/www.oarcanjo.net"]}]}},"publishpress_future_action":{"enabled":false,"date":"2026-05-09 00:03:47","action":"category","newStatus":"draft","terms":[],"taxonomy":"category"},"publishpress_future_workflow_manual_trigger":{"enabledWorkflows":[]},"_links":{"self":[{"href":"https:\/\/www.oarcanjo.net\/site\/wp-json\/wp\/v2\/posts\/2877"}],"collection":[{"href":"https:\/\/www.oarcanjo.net\/site\/wp-json\/wp\/v2\/posts"}],"about":[{"href":"https:\/\/www.oarcanjo.net\/site\/wp-json\/wp\/v2\/types\/post"}],"author":[{"embeddable":true,"href":"https:\/\/www.oarcanjo.net\/site\/wp-json\/wp\/v2\/users\/4"}],"replies":[{"embeddable":true,"href":"https:\/\/www.oarcanjo.net\/site\/wp-json\/wp\/v2\/comments?post=2877"}],"version-history":[{"count":0,"href":"https:\/\/www.oarcanjo.net\/site\/wp-json\/wp\/v2\/posts\/2877\/revisions"}],"wp:attachment":[{"href":"https:\/\/www.oarcanjo.net\/site\/wp-json\/wp\/v2\/media?parent=2877"}],"wp:term":[{"taxonomy":"category","embeddable":true,"href":"https:\/\/www.oarcanjo.net\/site\/wp-json\/wp\/v2\/categories?post=2877"},{"taxonomy":"post_tag","embeddable":true,"href":"https:\/\/www.oarcanjo.net\/site\/wp-json\/wp\/v2\/tags?post=2877"}],"curies":[{"name":"wp","href":"https:\/\/api.w.org\/{rel}","templated":true}]}}