
{"id":2881,"date":"2009-04-15T19:02:36","date_gmt":"2009-04-15T22:02:36","guid":{"rendered":"http:\/\/www.oarcanjo.net\/site\/?p=2881"},"modified":"2009-04-16T17:55:37","modified_gmt":"2009-04-16T20:55:37","slug":"visita-as-ruas-da-cidade","status":"publish","type":"post","link":"https:\/\/www.oarcanjo.net\/site\/visita-as-ruas-da-cidade\/","title":{"rendered":"Visita \u00e0s ruas da cidade"},"content":{"rendered":"<p>Vereadores da Comiss\u00e3o de Direitos Humanos da Camara Municipal de S\u00e3o Paulo, acompanhados pela Pastoral de Rua da Arquidiocese de S\u00e3o Paulo e pelo Movimento Nacional das pessoas em situa\u00e7\u00e3o de Rua, na noite chuvosa de 13 de abril sa\u00edram em visita \u00e0s ruas da cidade para verificarem <em>in loco<\/em> a situa\u00e7\u00e3o de viol\u00eancia que atinge as pessoas que vivem pelas ruas do centro.<\/p>\n<p>O presidente da Comiss\u00e3o, vereador Gabriel Chalita, Italo Cardoso, Jamil Murad e Juscelino Gadelha, com representantes do Movimento e da Pastoral caminharam por mais de duas horas, encontrando centenas de pessoas, homens, mulheres, crian\u00e7as e jovens, molhados, famintos mas muito receptivos, un\u00e2nimes em relatar a viol\u00eancia desmedida da Guarda Civil Metroplotina e Sub-Prefeitura da S\u00e9.<\/p>\n<p>Agora ningu\u00e9m poder\u00e1 negar, pois os vereadores viram e ouviram relatos impressionantes e comovidos, verdadeiros e relatados com dor e esperan\u00e7a.<\/p>\n<p>As autoridades de seguran\u00e7a urbana desacreditam e desqualificam todos e depoimentos e den\u00fancias feitos pelos moradores de rua, pelas entidades e pastoral, agora tratar\u00e3o da mesma forma os vereadores?<\/p>\n<p>A quest\u00e3o \u00e9 s\u00e9ria e grave, os vereadores far\u00e3o um relat\u00f3rio oficial, provid\u00eancias devem ser tomadas para que o descalabro da viol\u00eancia oficial n\u00e3o se torne maior ainda.<\/p>\n<p>A prioridade \u00e9 a Pol\u00edtica P\u00fablica, n\u00e3o de uma secretaria mas de GOVERNO.<\/p>\n<p>Os vereadores n\u00e3o poder\u00e3o esquecer os rostos, a voz, as palavras, a esperan\u00e7a de quem muitas vezes \u00e9 tratado como lixo.<\/p>\n<p>Nesta quinta-feira a Comiss\u00e3o de Direitos Humanos da Camara vai deliberar o relat\u00f3rio da visita e os encaminhamentos. Vamos acompanhar!<\/p>\n<div id=\"themify_builder_content-2881\" data-postid=\"2881\" class=\"themify_builder_content themify_builder_content-2881 themify_builder themify_builder_front\">\n\t<\/div>\n<!-- \/themify_builder_content -->","protected":false},"excerpt":{"rendered":"<p>Vereadores da Comiss\u00e3o de Direitos Humanos da Camara Municipal de S\u00e3o Paulo, acompanhados pela Pastoral de Rua da Arquidiocese de S\u00e3o Paulo e pelo Movimento Nacional das pessoas em situa\u00e7\u00e3o de Rua, na noite chuvosa de 13 de abril sa\u00edram em visita \u00e0s ruas da cidade para verificarem in loco a situa\u00e7\u00e3o de viol\u00eancia que [&hellip;]<\/p>\n","protected":false},"author":4,"featured_media":0,"comment_status":"open","ping_status":"open","sticky":false,"template":"","format":"standard","meta":{"ngg_post_thumbnail":0,"footnotes":""},"categories":[8],"tags":[495,494,329,493,246,496,20],"yoast_head":"<!-- This site is optimized with the Yoast SEO plugin v23.5 - https:\/\/yoast.com\/wordpress\/plugins\/seo\/ -->\n<title>Visita \u00e0s ruas da cidade - O Arcanjo no ar<\/title>\n<meta name=\"robots\" content=\"index, follow, max-snippet:-1, max-image-preview:large, max-video-preview:-1\" \/>\n<link rel=\"canonical\" href=\"https:\/\/www.oarcanjo.net\/site\/visita-as-ruas-da-cidade\/\" \/>\n<meta property=\"og:locale\" content=\"pt_BR\" \/>\n<meta property=\"og:type\" content=\"article\" \/>\n<meta property=\"og:title\" content=\"Visita \u00e0s ruas da cidade - O Arcanjo no ar\" \/>\n<meta property=\"og:description\" content=\"Vereadores da Comiss\u00e3o de Direitos Humanos da Camara Municipal de S\u00e3o Paulo, acompanhados pela Pastoral de Rua da Arquidiocese de S\u00e3o Paulo e pelo Movimento Nacional das pessoas em situa\u00e7\u00e3o de Rua, na noite chuvosa de 13 de abril sa\u00edram em visita \u00e0s ruas da cidade para verificarem in loco a situa\u00e7\u00e3o de viol\u00eancia que [&hellip;]\" \/>\n<meta property=\"og:url\" content=\"https:\/\/www.oarcanjo.net\/site\/visita-as-ruas-da-cidade\/\" \/>\n<meta property=\"og:site_name\" content=\"O Arcanjo no ar\" \/>\n<meta property=\"article:publisher\" content=\"https:\/\/www.facebook.com\/OArcanjoNoAr\/\" \/>\n<meta property=\"article:published_time\" content=\"2009-04-15T22:02:36+00:00\" \/>\n<meta property=\"article:modified_time\" content=\"2009-04-16T20:55:37+00:00\" \/>\n<meta property=\"og:image\" content=\"https:\/\/www.oarcanjo.net\/site\/wp-content\/uploads\/logo-o-arcanjo-no-ar-facebook.png\" \/>\n\t<meta property=\"og:image:width\" content=\"300\" \/>\n\t<meta property=\"og:image:height\" content=\"300\" \/>\n\t<meta property=\"og:image:type\" content=\"image\/png\" \/>\n<meta name=\"author\" content=\"julio\" \/>\n<meta name=\"twitter:card\" content=\"summary_large_image\" \/>\n<meta name=\"twitter:label1\" content=\"Escrito por\" \/>\n\t<meta name=\"twitter:data1\" content=\"julio\" \/>\n\t<meta name=\"twitter:label2\" content=\"Est. tempo de leitura\" \/>\n\t<meta name=\"twitter:data2\" content=\"1 minuto\" \/>\n<script type=\"application\/ld+json\" class=\"yoast-schema-graph\">{\"@context\":\"https:\/\/schema.org\",\"@graph\":[{\"@type\":\"Article\",\"@id\":\"https:\/\/www.oarcanjo.net\/site\/visita-as-ruas-da-cidade\/#article\",\"isPartOf\":{\"@id\":\"https:\/\/www.oarcanjo.net\/site\/visita-as-ruas-da-cidade\/\"},\"author\":{\"name\":\"julio\",\"@id\":\"https:\/\/www.oarcanjo.net\/site\/#\/schema\/person\/d78ea01c648c91e29c364b516767079e\"},\"headline\":\"Visita \u00e0s ruas da cidade\",\"datePublished\":\"2009-04-15T22:02:36+00:00\",\"dateModified\":\"2009-04-16T20:55:37+00:00\",\"mainEntityOfPage\":{\"@id\":\"https:\/\/www.oarcanjo.net\/site\/visita-as-ruas-da-cidade\/\"},\"wordCount\":283,\"commentCount\":0,\"publisher\":{\"@id\":\"https:\/\/www.oarcanjo.net\/site\/#organization\"},\"keywords\":[\"C\u00e2mara Municipal de S\u00e3o Paulo\",\"Comiss\u00e3o de Direitos Humanos\",\"moradia\",\"pol\u00edtica p\u00fablica\",\"povo de rua\",\"vereadores\",\"viol\u00eancia\"],\"articleSection\":[\"Not\u00edcias\"],\"inLanguage\":\"pt-BR\",\"potentialAction\":[{\"@type\":\"CommentAction\",\"name\":\"Comment\",\"target\":[\"https:\/\/www.oarcanjo.net\/site\/visita-as-ruas-da-cidade\/#respond\"]}]},{\"@type\":\"WebPage\",\"@id\":\"https:\/\/www.oarcanjo.net\/site\/visita-as-ruas-da-cidade\/\",\"url\":\"https:\/\/www.oarcanjo.net\/site\/visita-as-ruas-da-cidade\/\",\"name\":\"Visita \u00e0s ruas da cidade - O Arcanjo no ar\",\"isPartOf\":{\"@id\":\"https:\/\/www.oarcanjo.net\/site\/#website\"},\"datePublished\":\"2009-04-15T22:02:36+00:00\",\"dateModified\":\"2009-04-16T20:55:37+00:00\",\"breadcrumb\":{\"@id\":\"https:\/\/www.oarcanjo.net\/site\/visita-as-ruas-da-cidade\/#breadcrumb\"},\"inLanguage\":\"pt-BR\",\"potentialAction\":[{\"@type\":\"ReadAction\",\"target\":[\"https:\/\/www.oarcanjo.net\/site\/visita-as-ruas-da-cidade\/\"]}]},{\"@type\":\"BreadcrumbList\",\"@id\":\"https:\/\/www.oarcanjo.net\/site\/visita-as-ruas-da-cidade\/#breadcrumb\",\"itemListElement\":[{\"@type\":\"ListItem\",\"position\":1,\"name\":\"In\u00edcio\",\"item\":\"https:\/\/www.oarcanjo.net\/site\/\"},{\"@type\":\"ListItem\",\"position\":2,\"name\":\"Visita \u00e0s ruas da cidade\"}]},{\"@type\":\"WebSite\",\"@id\":\"https:\/\/www.oarcanjo.net\/site\/#website\",\"url\":\"https:\/\/www.oarcanjo.net\/site\/\",\"name\":\"O Arcanjo no ar\",\"description\":\"Site da Par\u00f3quia S\u00e3o Miguel Arcanjo (Arquidiocese de SP)\",\"publisher\":{\"@id\":\"https:\/\/www.oarcanjo.net\/site\/#organization\"},\"potentialAction\":[{\"@type\":\"SearchAction\",\"target\":{\"@type\":\"EntryPoint\",\"urlTemplate\":\"https:\/\/www.oarcanjo.net\/site\/?s={search_term_string}\"},\"query-input\":{\"@type\":\"PropertyValueSpecification\",\"valueRequired\":true,\"valueName\":\"search_term_string\"}}],\"inLanguage\":\"pt-BR\"},{\"@type\":\"Organization\",\"@id\":\"https:\/\/www.oarcanjo.net\/site\/#organization\",\"name\":\"Par\u00f3quia S\u00e3o Miguel Arcanjo\",\"url\":\"https:\/\/www.oarcanjo.net\/site\/\",\"logo\":{\"@type\":\"ImageObject\",\"inLanguage\":\"pt-BR\",\"@id\":\"https:\/\/www.oarcanjo.net\/site\/#\/schema\/logo\/image\/\",\"url\":\"https:\/\/www.oarcanjo.net\/site\/wp-content\/uploads\/LogoOArcanjo.png\",\"contentUrl\":\"https:\/\/www.oarcanjo.net\/site\/wp-content\/uploads\/LogoOArcanjo.png\",\"width\":319,\"height\":99,\"caption\":\"Par\u00f3quia S\u00e3o Miguel Arcanjo\"},\"image\":{\"@id\":\"https:\/\/www.oarcanjo.net\/site\/#\/schema\/logo\/image\/\"},\"sameAs\":[\"https:\/\/www.facebook.com\/OArcanjoNoAr\/\"]},{\"@type\":\"Person\",\"@id\":\"https:\/\/www.oarcanjo.net\/site\/#\/schema\/person\/d78ea01c648c91e29c364b516767079e\",\"name\":\"julio\",\"sameAs\":[\"http:\/\/www.oarcanjo.net\"]}]}<\/script>\n<!-- \/ Yoast SEO plugin. -->","yoast_head_json":{"title":"Visita \u00e0s ruas da cidade - O Arcanjo no ar","robots":{"index":"index","follow":"follow","max-snippet":"max-snippet:-1","max-image-preview":"max-image-preview:large","max-video-preview":"max-video-preview:-1"},"canonical":"https:\/\/www.oarcanjo.net\/site\/visita-as-ruas-da-cidade\/","og_locale":"pt_BR","og_type":"article","og_title":"Visita \u00e0s ruas da cidade - O Arcanjo no ar","og_description":"Vereadores da Comiss\u00e3o de Direitos Humanos da Camara Municipal de S\u00e3o Paulo, acompanhados pela Pastoral de Rua da Arquidiocese de S\u00e3o Paulo e pelo Movimento Nacional das pessoas em situa\u00e7\u00e3o de Rua, na noite chuvosa de 13 de abril sa\u00edram em visita \u00e0s ruas da cidade para verificarem in loco a situa\u00e7\u00e3o de viol\u00eancia que [&hellip;]","og_url":"https:\/\/www.oarcanjo.net\/site\/visita-as-ruas-da-cidade\/","og_site_name":"O Arcanjo no ar","article_publisher":"https:\/\/www.facebook.com\/OArcanjoNoAr\/","article_published_time":"2009-04-15T22:02:36+00:00","article_modified_time":"2009-04-16T20:55:37+00:00","og_image":[{"width":300,"height":300,"url":"https:\/\/www.oarcanjo.net\/site\/wp-content\/uploads\/logo-o-arcanjo-no-ar-facebook.png","type":"image\/png"}],"author":"julio","twitter_card":"summary_large_image","twitter_misc":{"Escrito por":"julio","Est. tempo de leitura":"1 minuto"},"schema":{"@context":"https:\/\/schema.org","@graph":[{"@type":"Article","@id":"https:\/\/www.oarcanjo.net\/site\/visita-as-ruas-da-cidade\/#article","isPartOf":{"@id":"https:\/\/www.oarcanjo.net\/site\/visita-as-ruas-da-cidade\/"},"author":{"name":"julio","@id":"https:\/\/www.oarcanjo.net\/site\/#\/schema\/person\/d78ea01c648c91e29c364b516767079e"},"headline":"Visita \u00e0s ruas da cidade","datePublished":"2009-04-15T22:02:36+00:00","dateModified":"2009-04-16T20:55:37+00:00","mainEntityOfPage":{"@id":"https:\/\/www.oarcanjo.net\/site\/visita-as-ruas-da-cidade\/"},"wordCount":283,"commentCount":0,"publisher":{"@id":"https:\/\/www.oarcanjo.net\/site\/#organization"},"keywords":["C\u00e2mara Municipal de S\u00e3o Paulo","Comiss\u00e3o de Direitos Humanos","moradia","pol\u00edtica p\u00fablica","povo de rua","vereadores","viol\u00eancia"],"articleSection":["Not\u00edcias"],"inLanguage":"pt-BR","potentialAction":[{"@type":"CommentAction","name":"Comment","target":["https:\/\/www.oarcanjo.net\/site\/visita-as-ruas-da-cidade\/#respond"]}]},{"@type":"WebPage","@id":"https:\/\/www.oarcanjo.net\/site\/visita-as-ruas-da-cidade\/","url":"https:\/\/www.oarcanjo.net\/site\/visita-as-ruas-da-cidade\/","name":"Visita \u00e0s ruas da cidade - O Arcanjo no ar","isPartOf":{"@id":"https:\/\/www.oarcanjo.net\/site\/#website"},"datePublished":"2009-04-15T22:02:36+00:00","dateModified":"2009-04-16T20:55:37+00:00","breadcrumb":{"@id":"https:\/\/www.oarcanjo.net\/site\/visita-as-ruas-da-cidade\/#breadcrumb"},"inLanguage":"pt-BR","potentialAction":[{"@type":"ReadAction","target":["https:\/\/www.oarcanjo.net\/site\/visita-as-ruas-da-cidade\/"]}]},{"@type":"BreadcrumbList","@id":"https:\/\/www.oarcanjo.net\/site\/visita-as-ruas-da-cidade\/#breadcrumb","itemListElement":[{"@type":"ListItem","position":1,"name":"In\u00edcio","item":"https:\/\/www.oarcanjo.net\/site\/"},{"@type":"ListItem","position":2,"name":"Visita \u00e0s ruas da cidade"}]},{"@type":"WebSite","@id":"https:\/\/www.oarcanjo.net\/site\/#website","url":"https:\/\/www.oarcanjo.net\/site\/","name":"O Arcanjo no ar","description":"Site da Par\u00f3quia S\u00e3o Miguel Arcanjo (Arquidiocese de SP)","publisher":{"@id":"https:\/\/www.oarcanjo.net\/site\/#organization"},"potentialAction":[{"@type":"SearchAction","target":{"@type":"EntryPoint","urlTemplate":"https:\/\/www.oarcanjo.net\/site\/?s={search_term_string}"},"query-input":{"@type":"PropertyValueSpecification","valueRequired":true,"valueName":"search_term_string"}}],"inLanguage":"pt-BR"},{"@type":"Organization","@id":"https:\/\/www.oarcanjo.net\/site\/#organization","name":"Par\u00f3quia S\u00e3o Miguel Arcanjo","url":"https:\/\/www.oarcanjo.net\/site\/","logo":{"@type":"ImageObject","inLanguage":"pt-BR","@id":"https:\/\/www.oarcanjo.net\/site\/#\/schema\/logo\/image\/","url":"https:\/\/www.oarcanjo.net\/site\/wp-content\/uploads\/LogoOArcanjo.png","contentUrl":"https:\/\/www.oarcanjo.net\/site\/wp-content\/uploads\/LogoOArcanjo.png","width":319,"height":99,"caption":"Par\u00f3quia S\u00e3o Miguel Arcanjo"},"image":{"@id":"https:\/\/www.oarcanjo.net\/site\/#\/schema\/logo\/image\/"},"sameAs":["https:\/\/www.facebook.com\/OArcanjoNoAr\/"]},{"@type":"Person","@id":"https:\/\/www.oarcanjo.net\/site\/#\/schema\/person\/d78ea01c648c91e29c364b516767079e","name":"julio","sameAs":["http:\/\/www.oarcanjo.net"]}]}},"publishpress_future_action":{"enabled":false,"date":"2026-05-08 22:29:22","action":"category","newStatus":"draft","terms":[],"taxonomy":"category"},"publishpress_future_workflow_manual_trigger":{"enabledWorkflows":[]},"_links":{"self":[{"href":"https:\/\/www.oarcanjo.net\/site\/wp-json\/wp\/v2\/posts\/2881"}],"collection":[{"href":"https:\/\/www.oarcanjo.net\/site\/wp-json\/wp\/v2\/posts"}],"about":[{"href":"https:\/\/www.oarcanjo.net\/site\/wp-json\/wp\/v2\/types\/post"}],"author":[{"embeddable":true,"href":"https:\/\/www.oarcanjo.net\/site\/wp-json\/wp\/v2\/users\/4"}],"replies":[{"embeddable":true,"href":"https:\/\/www.oarcanjo.net\/site\/wp-json\/wp\/v2\/comments?post=2881"}],"version-history":[{"count":0,"href":"https:\/\/www.oarcanjo.net\/site\/wp-json\/wp\/v2\/posts\/2881\/revisions"}],"wp:attachment":[{"href":"https:\/\/www.oarcanjo.net\/site\/wp-json\/wp\/v2\/media?parent=2881"}],"wp:term":[{"taxonomy":"category","embeddable":true,"href":"https:\/\/www.oarcanjo.net\/site\/wp-json\/wp\/v2\/categories?post=2881"},{"taxonomy":"post_tag","embeddable":true,"href":"https:\/\/www.oarcanjo.net\/site\/wp-json\/wp\/v2\/tags?post=2881"}],"curies":[{"name":"wp","href":"https:\/\/api.w.org\/{rel}","templated":true}]}}