
{"id":2889,"date":"2009-04-15T21:36:14","date_gmt":"2009-04-16T00:36:14","guid":{"rendered":"http:\/\/www.oarcanjo.net\/site\/?p=2889"},"modified":"2009-04-15T21:37:06","modified_gmt":"2009-04-16T00:37:06","slug":"luta-ecologica-e-o-fracasso-de-deus-na-historia-ii","status":"publish","type":"post","link":"https:\/\/www.oarcanjo.net\/site\/luta-ecologica-e-o-fracasso-de-deus-na-historia-ii\/","title":{"rendered":"Luta ecol\u00f3gica e o fracasso de Deus na hist\u00f3ria (II)"},"content":{"rendered":"<p>Jung Mo Sung<\/p>\n<p>Na <a href=\"http:\/\/www.oarcanjo.net\/site\/index.php\/reflexao\/luta-ecologica-e-o-fracasso-de-deus-na-historia-i\/\">primeira parte deste artigo<\/a>, vimos que a luta por um mundo ecologicamente sustent\u00e1vel s\u00f3 tem sentido na medida em que n\u00f3s nos preocupamos com o futuro como futuro, isto \u00e9, aberto, que n\u00e3o est\u00e1 pr\u00e9-determinado a ir bem ou mal. Quem se preocupa somente com o presente ou cr\u00ea que o futuro est\u00e1 j\u00e1 garantido por uma lei da hist\u00f3ria ou por um Deus que conduz a hist\u00f3ria para a sua plenitude n\u00e3o leva realmente a s\u00e9rio o futuro. E quem n\u00e3o se preocupa seriamente com a sorte do futuro, n\u00e3o h\u00e1 porque modificar os seus sonhos e estilo de vida e lutar por um mundo mais justo e humano, social e ambientalmente sustent\u00e1vel. Por isso, &#8220;Assumir a ambig\u00fcidade da hist\u00f3ria e do ser humano, a possibilidade de que a hist\u00f3ria possa terminar em caos e que Deus possa &#8220;falhar&#8221; no seu plano de salva\u00e7\u00e3o da hist\u00f3ria, \u00e9 uma condi\u00e7\u00e3o para que a luta ecol\u00f3gica tenha sentido e efic\u00e1cia.&#8221;<\/p>\n<p>Para a maioria das pessoas que cr\u00eaem em Deus, soa muito estranha, para n\u00e3o dizer her\u00e9tica, a afirma\u00e7\u00e3o de que Deus pode \u2018falhar\u2019 no seu plano de salva\u00e7\u00e3o da hist\u00f3ria. Como Deus pode falhar? Isso significaria que ele n\u00e3o \u00e9 todo-poderoso? Mais ainda, isso significaria que a vit\u00f3ria das nossas lutas e as dos povos oprimidos n\u00e3o est\u00e1 garantida pela promessa de Deus? <\/p>\n<p>Eu penso que estamos diante de um n\u00f3 fundamental nas nossas reflex\u00f5es teol\u00f3gicas e existenciais que fazemos a partir e sobre as nossas esperan\u00e7as e lutas. Se levarmos a s\u00e9rio o problema de sustentabilidade s\u00f3cio-ambiental, precisamos abdicar da no\u00e7\u00e3o de Deus que, de um jeito ou outro, conduzir\u00e1 as nossas lutas \u00e0 vit\u00f3ria e a hist\u00f3ria humana \u00e0 plenitude de harmonia e vida. Se reafirmamos a cren\u00e7a de que Deus &#8220;\u00e9 o Senhor da hist\u00f3ria&#8221; e que, por isso, os &#8220;justos vencer\u00e3o&#8221;, a den\u00fancia deque o nosso estilo de vida e o sistema de produ\u00e7\u00e3o e consumo de bens representam um grande perigo para o futuro da humanidade n\u00e3o tem muito sentido.<\/p>\n<p>Quando uma afirma\u00e7\u00e3o teol\u00f3gica ou filos\u00f3fica de car\u00e1ter &#8220;metaf\u00edsico&#8221; (como a de que hist\u00f3ria caminha necessariamente para a sua plenitude) entra em contradi\u00e7\u00e3o com as situa\u00e7\u00f5es concretas da vida e com as lutas sociais importantes, precisamos repensar essas teorias. As imagens de Deus que a tradi\u00e7\u00e3o b\u00edblica nos apresenta na sua hist\u00f3ria desembocam, n\u00e3o na de um Deus todo-poderoso que dirige a hist\u00f3ria, mas de um Deus-Amor que chama a humanidade para a liberdade\/liberta\u00e7\u00e3o. Amor s\u00f3 \u00e9 amor quando proposto e vivido na liberdade. Como disse Paulo, &#8220;foi para a liberdade que Cristo nos libertou&#8221;. E na hist\u00f3ria humana, a liberdade s\u00f3 \u00e9 liberdade quando h\u00e1 possibilidade de erro e do fracasso. Isto \u00e9, em linguagem religiosa, podemos dizer que Deus da liberdade assumiu o risco de que a hist\u00f3ria pudesse terminar em fracasso, que o seu &#8220;plano&#8221; pudesse fracassar, para que a humanidade pudesse conhecer a Deus como Amor-Liberdade.<\/p>\n<p>Se for assim, qual \u00e9 ent\u00e3o o &#8220;papel&#8221; de Deus ou da f\u00e9 em Deus Amor-Liberdade na luta ecol\u00f3gica? Eu quero propor uma pista a partir de um pedido da Irm\u00e3 Dorothy Stang, feito por telefone ao seu amigo e companheiro de luta Fel\u00edcio, no dia em que foi assassinada: &#8220;Fel\u00edcio, nunca desista, est\u00e1 me ouvindo? Voc\u00ea precisa continuar a luta. Voc\u00ea n\u00e3o deve desistir e voc\u00ea n\u00e3o deve abandonar nosso povo, compreende? Voc\u00ea precisa continuar lutando porque Deus est\u00e1 com voc\u00ea\u2019.&#8221;<\/p>\n<p>Qual \u00e9 a imagem ou no\u00e7\u00e3o de Deus que est\u00e1 por tr\u00e1s dessa afirma\u00e7\u00e3o-pedido? Com certeza, n\u00e3o \u00e9 a imagem de um Deus que garante a liberta\u00e7\u00e3o dos pobres e o encaminhamento da hist\u00f3ria \u00e0 sua plenitude. Muito menos, a imagem de um Deus que est\u00e1 por detr\u00e1s da ordem natural e social, como o seu fundamento. Deus que \u00e9 invocado ou evocado aqui \u00e9 um que chama, interpela para a luta para modificar a realidade. Mas, que n\u00e3o garante a vit\u00f3ria dos pobres e nem o cumprimento das promessas de um mundo justo.<\/p>\n<p>Deus que aparece no apelo da Irm\u00e3 Dorothy \u00e9 um Deus que fundamenta o apelo dela ao seu amigo para que n\u00e3o desista de lutar pelos mais pobres. Nada mais do que isso! Ele precisa lutar porque Deus est\u00e1 com ele! Apesar de todas as dificuldades e frustra\u00e7\u00f5es, a Irm\u00e3 Dorothy, que parece pressentir a sua morte ap\u00f3s muitas amea\u00e7as e tentativas de assassinato, apela ao seu amigo que n\u00e3o desista, porque Deus est\u00e1 com ele. Deus aparece aqui como um fundamento sem fundo firme, que justifica e interpela para o compromisso com os pobres e injusti\u00e7ados, e com a defesa da cria\u00e7\u00e3o. Um fundamento que se sustenta na medida em que responde \u00e0 interpela\u00e7\u00e3o dos mais sofridos e injusti\u00e7ados, na imagina\u00e7\u00e3o ut\u00f3pica de um mundo diferente, social e ambientalmente justo e sustent\u00e1vel. Uma imagina\u00e7\u00e3o nascida do desejo de um mundo mais humano e nutrida na recorda\u00e7\u00e3o dos povos b\u00edblicos ou n\u00e3o que tamb\u00e9m deram suas vidas por ela.<\/p>\n<div id=\"themify_builder_content-2889\" data-postid=\"2889\" class=\"themify_builder_content themify_builder_content-2889 themify_builder themify_builder_front\">\n\t<\/div>\n<!-- \/themify_builder_content -->","protected":false},"excerpt":{"rendered":"<p>Jung Mo Sung Na primeira parte deste artigo, vimos que a luta por um mundo ecologicamente sustent\u00e1vel s\u00f3 tem sentido na medida em que n\u00f3s nos preocupamos com o futuro como futuro, isto \u00e9, aberto, que n\u00e3o est\u00e1 pr\u00e9-determinado a ir bem ou mal. Quem se preocupa somente com o presente ou cr\u00ea que o [&hellip;]<\/p>\n","protected":false},"author":5,"featured_media":0,"comment_status":"open","ping_status":"open","sticky":false,"template":"","format":"standard","meta":{"ngg_post_thumbnail":0,"footnotes":""},"categories":[9],"tags":[104,468,469,470,77],"yoast_head":"<!-- This site is optimized with the Yoast SEO plugin v23.5 - https:\/\/yoast.com\/wordpress\/plugins\/seo\/ -->\n<title>Luta ecol\u00f3gica e o fracasso de Deus na hist\u00f3ria (II) - O Arcanjo no ar<\/title>\n<meta name=\"robots\" content=\"index, follow, max-snippet:-1, max-image-preview:large, max-video-preview:-1\" \/>\n<link rel=\"canonical\" href=\"https:\/\/www.oarcanjo.net\/site\/luta-ecologica-e-o-fracasso-de-deus-na-historia-ii\/\" \/>\n<meta property=\"og:locale\" content=\"pt_BR\" \/>\n<meta property=\"og:type\" content=\"article\" \/>\n<meta property=\"og:title\" content=\"Luta ecol\u00f3gica e o fracasso de Deus na hist\u00f3ria (II) - O Arcanjo no ar\" \/>\n<meta property=\"og:description\" content=\"Jung Mo Sung Na primeira parte deste artigo, vimos que a luta por um mundo ecologicamente sustent\u00e1vel s\u00f3 tem sentido na medida em que n\u00f3s nos preocupamos com o futuro como futuro, isto \u00e9, aberto, que n\u00e3o est\u00e1 pr\u00e9-determinado a ir bem ou mal. Quem se preocupa somente com o presente ou cr\u00ea que o [&hellip;]\" \/>\n<meta property=\"og:url\" content=\"https:\/\/www.oarcanjo.net\/site\/luta-ecologica-e-o-fracasso-de-deus-na-historia-ii\/\" \/>\n<meta property=\"og:site_name\" content=\"O Arcanjo no ar\" \/>\n<meta property=\"article:publisher\" content=\"https:\/\/www.facebook.com\/OArcanjoNoAr\/\" \/>\n<meta property=\"article:published_time\" content=\"2009-04-16T00:36:14+00:00\" \/>\n<meta property=\"article:modified_time\" content=\"2009-04-16T00:37:06+00:00\" \/>\n<meta property=\"og:image\" content=\"https:\/\/www.oarcanjo.net\/site\/wp-content\/uploads\/logo-o-arcanjo-no-ar-facebook.png\" \/>\n\t<meta property=\"og:image:width\" content=\"300\" \/>\n\t<meta property=\"og:image:height\" content=\"300\" \/>\n\t<meta property=\"og:image:type\" content=\"image\/png\" \/>\n<meta name=\"author\" content=\"editor\" \/>\n<meta name=\"twitter:card\" content=\"summary_large_image\" \/>\n<meta name=\"twitter:label1\" content=\"Escrito por\" \/>\n\t<meta name=\"twitter:data1\" content=\"editor\" \/>\n\t<meta name=\"twitter:label2\" content=\"Est. tempo de leitura\" \/>\n\t<meta name=\"twitter:data2\" content=\"4 minutos\" \/>\n<script type=\"application\/ld+json\" class=\"yoast-schema-graph\">{\"@context\":\"https:\/\/schema.org\",\"@graph\":[{\"@type\":\"Article\",\"@id\":\"https:\/\/www.oarcanjo.net\/site\/luta-ecologica-e-o-fracasso-de-deus-na-historia-ii\/#article\",\"isPartOf\":{\"@id\":\"https:\/\/www.oarcanjo.net\/site\/luta-ecologica-e-o-fracasso-de-deus-na-historia-ii\/\"},\"author\":{\"name\":\"editor\",\"@id\":\"https:\/\/www.oarcanjo.net\/site\/#\/schema\/person\/f7024d007863202483a31326673a0838\"},\"headline\":\"Luta ecol\u00f3gica e o fracasso de Deus na hist\u00f3ria (II)\",\"datePublished\":\"2009-04-16T00:36:14+00:00\",\"dateModified\":\"2009-04-16T00:37:06+00:00\",\"mainEntityOfPage\":{\"@id\":\"https:\/\/www.oarcanjo.net\/site\/luta-ecologica-e-o-fracasso-de-deus-na-historia-ii\/\"},\"wordCount\":909,\"commentCount\":0,\"publisher\":{\"@id\":\"https:\/\/www.oarcanjo.net\/site\/#organization\"},\"keywords\":[\"ecologia\",\"meio ambiente\",\"preserva\u00e7\u00e3o\",\"sustentabilidade\",\"teologia\"],\"articleSection\":[\"Reflex\u00f5es\"],\"inLanguage\":\"pt-BR\",\"potentialAction\":[{\"@type\":\"CommentAction\",\"name\":\"Comment\",\"target\":[\"https:\/\/www.oarcanjo.net\/site\/luta-ecologica-e-o-fracasso-de-deus-na-historia-ii\/#respond\"]}]},{\"@type\":\"WebPage\",\"@id\":\"https:\/\/www.oarcanjo.net\/site\/luta-ecologica-e-o-fracasso-de-deus-na-historia-ii\/\",\"url\":\"https:\/\/www.oarcanjo.net\/site\/luta-ecologica-e-o-fracasso-de-deus-na-historia-ii\/\",\"name\":\"Luta ecol\u00f3gica e o fracasso de Deus na hist\u00f3ria (II) - O Arcanjo no ar\",\"isPartOf\":{\"@id\":\"https:\/\/www.oarcanjo.net\/site\/#website\"},\"datePublished\":\"2009-04-16T00:36:14+00:00\",\"dateModified\":\"2009-04-16T00:37:06+00:00\",\"breadcrumb\":{\"@id\":\"https:\/\/www.oarcanjo.net\/site\/luta-ecologica-e-o-fracasso-de-deus-na-historia-ii\/#breadcrumb\"},\"inLanguage\":\"pt-BR\",\"potentialAction\":[{\"@type\":\"ReadAction\",\"target\":[\"https:\/\/www.oarcanjo.net\/site\/luta-ecologica-e-o-fracasso-de-deus-na-historia-ii\/\"]}]},{\"@type\":\"BreadcrumbList\",\"@id\":\"https:\/\/www.oarcanjo.net\/site\/luta-ecologica-e-o-fracasso-de-deus-na-historia-ii\/#breadcrumb\",\"itemListElement\":[{\"@type\":\"ListItem\",\"position\":1,\"name\":\"In\u00edcio\",\"item\":\"https:\/\/www.oarcanjo.net\/site\/\"},{\"@type\":\"ListItem\",\"position\":2,\"name\":\"Luta ecol\u00f3gica e o fracasso de Deus na hist\u00f3ria (II)\"}]},{\"@type\":\"WebSite\",\"@id\":\"https:\/\/www.oarcanjo.net\/site\/#website\",\"url\":\"https:\/\/www.oarcanjo.net\/site\/\",\"name\":\"O Arcanjo no ar\",\"description\":\"Site da Par\u00f3quia S\u00e3o Miguel Arcanjo (Arquidiocese de SP)\",\"publisher\":{\"@id\":\"https:\/\/www.oarcanjo.net\/site\/#organization\"},\"potentialAction\":[{\"@type\":\"SearchAction\",\"target\":{\"@type\":\"EntryPoint\",\"urlTemplate\":\"https:\/\/www.oarcanjo.net\/site\/?s={search_term_string}\"},\"query-input\":{\"@type\":\"PropertyValueSpecification\",\"valueRequired\":true,\"valueName\":\"search_term_string\"}}],\"inLanguage\":\"pt-BR\"},{\"@type\":\"Organization\",\"@id\":\"https:\/\/www.oarcanjo.net\/site\/#organization\",\"name\":\"Par\u00f3quia S\u00e3o Miguel Arcanjo\",\"url\":\"https:\/\/www.oarcanjo.net\/site\/\",\"logo\":{\"@type\":\"ImageObject\",\"inLanguage\":\"pt-BR\",\"@id\":\"https:\/\/www.oarcanjo.net\/site\/#\/schema\/logo\/image\/\",\"url\":\"https:\/\/www.oarcanjo.net\/site\/wp-content\/uploads\/LogoOArcanjo.png\",\"contentUrl\":\"https:\/\/www.oarcanjo.net\/site\/wp-content\/uploads\/LogoOArcanjo.png\",\"width\":319,\"height\":99,\"caption\":\"Par\u00f3quia S\u00e3o Miguel Arcanjo\"},\"image\":{\"@id\":\"https:\/\/www.oarcanjo.net\/site\/#\/schema\/logo\/image\/\"},\"sameAs\":[\"https:\/\/www.facebook.com\/OArcanjoNoAr\/\"]},{\"@type\":\"Person\",\"@id\":\"https:\/\/www.oarcanjo.net\/site\/#\/schema\/person\/f7024d007863202483a31326673a0838\",\"name\":\"editor\",\"sameAs\":[\"http:\/\/www.oarcanjo.net\"]}]}<\/script>\n<!-- \/ Yoast SEO plugin. -->","yoast_head_json":{"title":"Luta ecol\u00f3gica e o fracasso de Deus na hist\u00f3ria (II) - O Arcanjo no ar","robots":{"index":"index","follow":"follow","max-snippet":"max-snippet:-1","max-image-preview":"max-image-preview:large","max-video-preview":"max-video-preview:-1"},"canonical":"https:\/\/www.oarcanjo.net\/site\/luta-ecologica-e-o-fracasso-de-deus-na-historia-ii\/","og_locale":"pt_BR","og_type":"article","og_title":"Luta ecol\u00f3gica e o fracasso de Deus na hist\u00f3ria (II) - O Arcanjo no ar","og_description":"Jung Mo Sung Na primeira parte deste artigo, vimos que a luta por um mundo ecologicamente sustent\u00e1vel s\u00f3 tem sentido na medida em que n\u00f3s nos preocupamos com o futuro como futuro, isto \u00e9, aberto, que n\u00e3o est\u00e1 pr\u00e9-determinado a ir bem ou mal. Quem se preocupa somente com o presente ou cr\u00ea que o [&hellip;]","og_url":"https:\/\/www.oarcanjo.net\/site\/luta-ecologica-e-o-fracasso-de-deus-na-historia-ii\/","og_site_name":"O Arcanjo no ar","article_publisher":"https:\/\/www.facebook.com\/OArcanjoNoAr\/","article_published_time":"2009-04-16T00:36:14+00:00","article_modified_time":"2009-04-16T00:37:06+00:00","og_image":[{"width":300,"height":300,"url":"https:\/\/www.oarcanjo.net\/site\/wp-content\/uploads\/logo-o-arcanjo-no-ar-facebook.png","type":"image\/png"}],"author":"editor","twitter_card":"summary_large_image","twitter_misc":{"Escrito por":"editor","Est. tempo de leitura":"4 minutos"},"schema":{"@context":"https:\/\/schema.org","@graph":[{"@type":"Article","@id":"https:\/\/www.oarcanjo.net\/site\/luta-ecologica-e-o-fracasso-de-deus-na-historia-ii\/#article","isPartOf":{"@id":"https:\/\/www.oarcanjo.net\/site\/luta-ecologica-e-o-fracasso-de-deus-na-historia-ii\/"},"author":{"name":"editor","@id":"https:\/\/www.oarcanjo.net\/site\/#\/schema\/person\/f7024d007863202483a31326673a0838"},"headline":"Luta ecol\u00f3gica e o fracasso de Deus na hist\u00f3ria (II)","datePublished":"2009-04-16T00:36:14+00:00","dateModified":"2009-04-16T00:37:06+00:00","mainEntityOfPage":{"@id":"https:\/\/www.oarcanjo.net\/site\/luta-ecologica-e-o-fracasso-de-deus-na-historia-ii\/"},"wordCount":909,"commentCount":0,"publisher":{"@id":"https:\/\/www.oarcanjo.net\/site\/#organization"},"keywords":["ecologia","meio ambiente","preserva\u00e7\u00e3o","sustentabilidade","teologia"],"articleSection":["Reflex\u00f5es"],"inLanguage":"pt-BR","potentialAction":[{"@type":"CommentAction","name":"Comment","target":["https:\/\/www.oarcanjo.net\/site\/luta-ecologica-e-o-fracasso-de-deus-na-historia-ii\/#respond"]}]},{"@type":"WebPage","@id":"https:\/\/www.oarcanjo.net\/site\/luta-ecologica-e-o-fracasso-de-deus-na-historia-ii\/","url":"https:\/\/www.oarcanjo.net\/site\/luta-ecologica-e-o-fracasso-de-deus-na-historia-ii\/","name":"Luta ecol\u00f3gica e o fracasso de Deus na hist\u00f3ria (II) - O Arcanjo no ar","isPartOf":{"@id":"https:\/\/www.oarcanjo.net\/site\/#website"},"datePublished":"2009-04-16T00:36:14+00:00","dateModified":"2009-04-16T00:37:06+00:00","breadcrumb":{"@id":"https:\/\/www.oarcanjo.net\/site\/luta-ecologica-e-o-fracasso-de-deus-na-historia-ii\/#breadcrumb"},"inLanguage":"pt-BR","potentialAction":[{"@type":"ReadAction","target":["https:\/\/www.oarcanjo.net\/site\/luta-ecologica-e-o-fracasso-de-deus-na-historia-ii\/"]}]},{"@type":"BreadcrumbList","@id":"https:\/\/www.oarcanjo.net\/site\/luta-ecologica-e-o-fracasso-de-deus-na-historia-ii\/#breadcrumb","itemListElement":[{"@type":"ListItem","position":1,"name":"In\u00edcio","item":"https:\/\/www.oarcanjo.net\/site\/"},{"@type":"ListItem","position":2,"name":"Luta ecol\u00f3gica e o fracasso de Deus na hist\u00f3ria (II)"}]},{"@type":"WebSite","@id":"https:\/\/www.oarcanjo.net\/site\/#website","url":"https:\/\/www.oarcanjo.net\/site\/","name":"O Arcanjo no ar","description":"Site da Par\u00f3quia S\u00e3o Miguel Arcanjo (Arquidiocese de SP)","publisher":{"@id":"https:\/\/www.oarcanjo.net\/site\/#organization"},"potentialAction":[{"@type":"SearchAction","target":{"@type":"EntryPoint","urlTemplate":"https:\/\/www.oarcanjo.net\/site\/?s={search_term_string}"},"query-input":{"@type":"PropertyValueSpecification","valueRequired":true,"valueName":"search_term_string"}}],"inLanguage":"pt-BR"},{"@type":"Organization","@id":"https:\/\/www.oarcanjo.net\/site\/#organization","name":"Par\u00f3quia S\u00e3o Miguel Arcanjo","url":"https:\/\/www.oarcanjo.net\/site\/","logo":{"@type":"ImageObject","inLanguage":"pt-BR","@id":"https:\/\/www.oarcanjo.net\/site\/#\/schema\/logo\/image\/","url":"https:\/\/www.oarcanjo.net\/site\/wp-content\/uploads\/LogoOArcanjo.png","contentUrl":"https:\/\/www.oarcanjo.net\/site\/wp-content\/uploads\/LogoOArcanjo.png","width":319,"height":99,"caption":"Par\u00f3quia S\u00e3o Miguel Arcanjo"},"image":{"@id":"https:\/\/www.oarcanjo.net\/site\/#\/schema\/logo\/image\/"},"sameAs":["https:\/\/www.facebook.com\/OArcanjoNoAr\/"]},{"@type":"Person","@id":"https:\/\/www.oarcanjo.net\/site\/#\/schema\/person\/f7024d007863202483a31326673a0838","name":"editor","sameAs":["http:\/\/www.oarcanjo.net"]}]}},"publishpress_future_action":{"enabled":false,"date":"2026-05-08 22:29:23","action":"category","newStatus":"draft","terms":[],"taxonomy":"category"},"publishpress_future_workflow_manual_trigger":{"enabledWorkflows":[]},"_links":{"self":[{"href":"https:\/\/www.oarcanjo.net\/site\/wp-json\/wp\/v2\/posts\/2889"}],"collection":[{"href":"https:\/\/www.oarcanjo.net\/site\/wp-json\/wp\/v2\/posts"}],"about":[{"href":"https:\/\/www.oarcanjo.net\/site\/wp-json\/wp\/v2\/types\/post"}],"author":[{"embeddable":true,"href":"https:\/\/www.oarcanjo.net\/site\/wp-json\/wp\/v2\/users\/5"}],"replies":[{"embeddable":true,"href":"https:\/\/www.oarcanjo.net\/site\/wp-json\/wp\/v2\/comments?post=2889"}],"version-history":[{"count":0,"href":"https:\/\/www.oarcanjo.net\/site\/wp-json\/wp\/v2\/posts\/2889\/revisions"}],"wp:attachment":[{"href":"https:\/\/www.oarcanjo.net\/site\/wp-json\/wp\/v2\/media?parent=2889"}],"wp:term":[{"taxonomy":"category","embeddable":true,"href":"https:\/\/www.oarcanjo.net\/site\/wp-json\/wp\/v2\/categories?post=2889"},{"taxonomy":"post_tag","embeddable":true,"href":"https:\/\/www.oarcanjo.net\/site\/wp-json\/wp\/v2\/tags?post=2889"}],"curies":[{"name":"wp","href":"https:\/\/api.w.org\/{rel}","templated":true}]}}