
{"id":2892,"date":"2009-04-15T21:46:54","date_gmt":"2009-04-16T00:46:54","guid":{"rendered":"http:\/\/www.oarcanjo.net\/site\/?p=2892"},"modified":"2009-04-15T22:30:38","modified_gmt":"2009-04-16T01:30:38","slug":"um-dia-na-cidade-real","status":"publish","type":"post","link":"https:\/\/www.oarcanjo.net\/site\/um-dia-na-cidade-real\/","title":{"rendered":"Um dia na cidade real"},"content":{"rendered":"<p>Wanderley de Oliveira<\/p>\n<p>A equipe d&#8217;<em>O Arcanjo no ar<\/em> acompanhou nesta segunda-feira, 13 de abril, o monsenhor Julio Lancellotti em uma incurs\u00e3o pela cidade de S\u00e3o Paulo que nunca aparece na m\u00eddia, ocupada que est\u00e1 com as vidinhas \u201cc\u00e9lebres\u201d e vazias dos BBBs da vida virtual.<\/p>\n<p>15 horas \u2013 Bairro do Limoeiro<\/p>\n<p>No extremo leste da cidade, em S\u00e3o Mateus, 800 fam\u00edlias do movimento Frente de Luta por Moradia ocuparam no domingo de P\u00e1scoa um terreno de um milh\u00e3o de metros quadrados. Outras ocupa\u00e7\u00f5es ocorreram em outros terrenos e pr\u00e9dios p\u00fablicos por toda a cidade.<\/p>\n<p>No momento da visita do Padre Julio aos acampados, a maioria era constitu\u00edda por mulheres e crian\u00e7as. Segundo o coordenador do movimento, Osmar Borges, a \u00e1rea pertence a uma ind\u00fastria que acumula d\u00edvida de R$ 2 milh\u00f5es junto ao Banco Nacional de Desenvolvimento Econ\u00f4mico e Social, diga-se que o terreno nem ao menos estava cercado. As a\u00e7\u00f5es s\u00e3o para alertar a opini\u00e3o p\u00fablica e os governos, municipal, estadual e federal, para que as pol\u00edticas p\u00fablicas de habita\u00e7\u00e3o contemplem o acesso das fam\u00edlias com renda de at\u00e9 tr\u00eas sal\u00e1rios m\u00ednimos para os programas de moradia.<\/p>\n<p>No pr\u00f3prio domingo de P\u00e1scoa o jornal O Estado de S\u00e3o Paulo deu em manchete que corti\u00e7os do Br\u00e1s e da Mooca t\u00eam o metro quadrado mais caro at\u00e9 que o Morumbi. Segundo o jornal, um c\u00f4modo de 10 metros quadrados custa R$28,00 o metro.<\/p>\n<p>Osmar Borges, coordenador do movimento, afirma que a capital paulista tem d\u00e9ficit de 1,6 milh\u00e3o de moradias para as fam\u00edlias mais pobres. Falta moradia mas por toda a cidade h\u00e1 400 mil im\u00f3veis desocupados. Segundo as estat\u00edsticas oficiais, tr\u00eas milh\u00f5es de pessoas moram em condi\u00e7\u00f5es prec\u00e1rias, em favelas, corti\u00e7os ou de favor.<\/p>\n<p>21 horas \u2013 Centro<\/p>\n<p><img loading=\"lazy\" decoding=\"async\" src=\"http:\/\/www.oarcanjo.net\/site\/wp-content\/uploads\/pracase.jpg\" alt=\"\" title=\"Pe Julio com moradores de rua na pra\u00e7a da S\u00e9\" width=\"350\" height=\"234\" class=\"alignnone size-full wp-image-2895\" align=\"center\" srcset=\"https:\/\/www.oarcanjo.net\/site\/wp-content\/uploads\/pracase.jpg 350w, https:\/\/www.oarcanjo.net\/site\/wp-content\/uploads\/pracase-300x200.jpg 300w\" sizes=\"(max-width: 350px) 100vw, 350px\" \/><\/p>\n<p>Padre Julio e Anderson Lopes, da Pastoral do Povo da Rua, saem para uma caminhada no centro da capital a fim de mostrar aos vereadores da comiss\u00e3o de Direitos Humanos da C\u00e2mara Municipal a condi\u00e7\u00e3o de abandono de algumas centenas das cerca de 16 mil pessoas que vivem em situa\u00e7\u00e3o de rua .<\/p>\n<p><img loading=\"lazy\" decoding=\"async\" src=\"http:\/\/www.oarcanjo.net\/site\/wp-content\/uploads\/vereadores.jpg\" alt=\"\" title=\"Pe. Julio e vereadores na pra\u00e7a da S\u00e9\" width=\"350\" height=\"234\" class=\"alignnone size-full wp-image-2897\" align=\"center\" srcset=\"https:\/\/www.oarcanjo.net\/site\/wp-content\/uploads\/vereadores.jpg 350w, https:\/\/www.oarcanjo.net\/site\/wp-content\/uploads\/vereadores-300x200.jpg 300w\" sizes=\"(max-width: 350px) 100vw, 350px\" \/><\/p>\n<p>Noite chuvosa, o luminoso indica que a temperatura \u00e9 de 14\u00ba C, a caminhada percorre o viaduto Jacare\u00ed, o Largo de S\u00e3o Francisco, a Rua S\u00e3o Bento, Rua Boa Vista e Pra\u00e7a da S\u00e9. A cada quarteir\u00e3o, dezenas de pessoas est\u00e3o \u201cacomodadas\u201d sob a marquise dos edif\u00edcios, cobertos por len\u00e7\u00f3is e caixas de papel\u00e3o molhado. Homens, mulheres, crian\u00e7as e idosos fazem filas imensas diante de uns poucos carros de abnegados que distribuem um copo de \u00e1gua e sopa quente.<\/p>\n<p>Os depoimentos dos desabrigados aos vereadores s\u00e3o tocantes e l\u00facidos. Todos reclamam da falta de trabalho, de moradia, dos abrigos sempre lotados e denunciam os espancamentos e maus tratos recebidos dos por parte de alguns agentes policiais.<\/p>\n<p><img loading=\"lazy\" decoding=\"async\" src=\"http:\/\/www.oarcanjo.net\/site\/wp-content\/uploads\/pracapatriarca-300x200.jpg\" alt=\"\" title=\"Povo de rua na marquise da pra\u00e7a do Patriarca\" width=\"350\" height=\"234\" class=\"alignnone size-full wp-image-2896\" align=\"center\" srcset=\"https:\/\/www.oarcanjo.net\/site\/wp-content\/uploads\/pracapatriarca-300x200.jpg 300w, https:\/\/www.oarcanjo.net\/site\/wp-content\/uploads\/pracapatriarca.jpg 350w\" sizes=\"(max-width: 350px) 100vw, 350px\" \/><\/p>\n<p>O retrato da falta ou inefici\u00eancia de pol\u00edticas p\u00fablicas de inclus\u00e3o social est\u00e1 h\u00e1 exatos cinq\u00fcenta passos da porta do gabinete do prefeito: sob a marquise da pra\u00e7a do Patriarca dormem 20 pessoas no ch\u00e3o molhado.<\/p>\n<p>23 horas<\/p>\n<p>Anderson, ex-catador e morador de rua, agora volunt\u00e1rio do servi\u00e7o da Pastoral, me diz o que determina a Constitui\u00e7\u00e3o Federal, art.3, inciso III: \u201cConstituem objetivos fundamentais da Rep\u00fablica Federativa do Brasil \u2013 erradicar a pobreza e a marginaliza\u00e7\u00e3o e reduzir as desigualdades sociais e regionais\u201d.  O carro da reportagem deixa Anderson no Metr\u00f4 Bel\u00e9m, ele ainda pegar\u00e1 o trem e uma perua para chegar at\u00e9 sua resid\u00eancia na Cidade Tiradentes, zona leste.<\/p>\n<p>Ser\u00e1 a cidade de S\u00e3o Paulo uma cidade poss\u00edvel? Al\u00e9m de moradia, de alimento, de trabalho, o que mais falta na cidade \u00e9 a solidariedade dos moradores que t\u00eam plena cidadania para com os que sobrevivem nela em condi\u00e7\u00f5es sub humanas.<\/p>\n<p>Os poetas, os ativistas sociais e alguns religiosos nos mant\u00eam a esperan\u00e7a de que tantos pisam esta terra que um dia ela ir\u00e1 se humanizar.<\/p>\n<p>A paz \u00e9 fruto da justi\u00e7a social.<\/p>\n<p><em>Wanderley \u00e9 cineasta e rep\u00f3rter volunt\u00e1rio do Arcanjo no Ar<\/em><\/p>\n<div id=\"themify_builder_content-2892\" data-postid=\"2892\" class=\"themify_builder_content themify_builder_content-2892 themify_builder themify_builder_front\">\n\t<\/div>\n<!-- \/themify_builder_content -->","protected":false},"excerpt":{"rendered":"<p>Wanderley de Oliveira A equipe d&#8217;O Arcanjo no ar acompanhou nesta segunda-feira, 13 de abril, o monsenhor Julio Lancellotti em uma incurs\u00e3o pela cidade de S\u00e3o Paulo que nunca aparece na m\u00eddia, ocupada que est\u00e1 com as vidinhas \u201cc\u00e9lebres\u201d e vazias dos BBBs da vida virtual. 15 horas \u2013 Bairro do Limoeiro No extremo leste [&hellip;]<\/p>\n","protected":false},"author":5,"featured_media":0,"comment_status":"open","ping_status":"open","sticky":false,"template":"","format":"standard","meta":{"ngg_post_thumbnail":0,"footnotes":""},"categories":[8],"tags":[491,224,492,329,91],"yoast_head":"<!-- This site is optimized with the Yoast SEO plugin v23.5 - https:\/\/yoast.com\/wordpress\/plugins\/seo\/ -->\n<title>Um dia na cidade real - O Arcanjo no ar<\/title>\n<meta name=\"robots\" content=\"index, follow, max-snippet:-1, max-image-preview:large, max-video-preview:-1\" \/>\n<link rel=\"canonical\" href=\"https:\/\/www.oarcanjo.net\/site\/um-dia-na-cidade-real\/\" \/>\n<meta property=\"og:locale\" content=\"pt_BR\" \/>\n<meta property=\"og:type\" content=\"article\" \/>\n<meta property=\"og:title\" content=\"Um dia na cidade real - O Arcanjo no ar\" \/>\n<meta property=\"og:description\" content=\"Wanderley de Oliveira A equipe d&#8217;O Arcanjo no ar acompanhou nesta segunda-feira, 13 de abril, o monsenhor Julio Lancellotti em uma incurs\u00e3o pela cidade de S\u00e3o Paulo que nunca aparece na m\u00eddia, ocupada que est\u00e1 com as vidinhas \u201cc\u00e9lebres\u201d e vazias dos BBBs da vida virtual. 15 horas \u2013 Bairro do Limoeiro No extremo leste [&hellip;]\" \/>\n<meta property=\"og:url\" content=\"https:\/\/www.oarcanjo.net\/site\/um-dia-na-cidade-real\/\" \/>\n<meta property=\"og:site_name\" content=\"O Arcanjo no ar\" \/>\n<meta property=\"article:publisher\" content=\"https:\/\/www.facebook.com\/OArcanjoNoAr\/\" \/>\n<meta property=\"article:published_time\" content=\"2009-04-16T00:46:54+00:00\" \/>\n<meta property=\"article:modified_time\" content=\"2009-04-16T01:30:38+00:00\" \/>\n<meta property=\"og:image\" content=\"http:\/\/www.oarcanjo.net\/site\/wp-content\/uploads\/pracase.jpg\" \/>\n<meta name=\"author\" content=\"editor\" \/>\n<meta name=\"twitter:card\" content=\"summary_large_image\" \/>\n<meta name=\"twitter:label1\" content=\"Escrito por\" \/>\n\t<meta name=\"twitter:data1\" content=\"editor\" \/>\n\t<meta name=\"twitter:label2\" content=\"Est. tempo de leitura\" \/>\n\t<meta name=\"twitter:data2\" content=\"4 minutos\" \/>\n<script type=\"application\/ld+json\" class=\"yoast-schema-graph\">{\"@context\":\"https:\/\/schema.org\",\"@graph\":[{\"@type\":\"Article\",\"@id\":\"https:\/\/www.oarcanjo.net\/site\/um-dia-na-cidade-real\/#article\",\"isPartOf\":{\"@id\":\"https:\/\/www.oarcanjo.net\/site\/um-dia-na-cidade-real\/\"},\"author\":{\"name\":\"editor\",\"@id\":\"https:\/\/www.oarcanjo.net\/site\/#\/schema\/person\/f7024d007863202483a31326673a0838\"},\"headline\":\"Um dia na cidade real\",\"datePublished\":\"2009-04-16T00:46:54+00:00\",\"dateModified\":\"2009-04-16T01:30:38+00:00\",\"mainEntityOfPage\":{\"@id\":\"https:\/\/www.oarcanjo.net\/site\/um-dia-na-cidade-real\/\"},\"wordCount\":721,\"commentCount\":2,\"publisher\":{\"@id\":\"https:\/\/www.oarcanjo.net\/site\/#organization\"},\"image\":{\"@id\":\"https:\/\/www.oarcanjo.net\/site\/um-dia-na-cidade-real\/#primaryimage\"},\"thumbnailUrl\":\"http:\/\/www.oarcanjo.net\/site\/wp-content\/uploads\/pracase.jpg\",\"keywords\":[\"corti\u00e7o\",\"favela\",\"habita\u00e7\u00e3o\",\"moradia\",\"povo da rua\"],\"articleSection\":[\"Not\u00edcias\"],\"inLanguage\":\"pt-BR\",\"potentialAction\":[{\"@type\":\"CommentAction\",\"name\":\"Comment\",\"target\":[\"https:\/\/www.oarcanjo.net\/site\/um-dia-na-cidade-real\/#respond\"]}]},{\"@type\":\"WebPage\",\"@id\":\"https:\/\/www.oarcanjo.net\/site\/um-dia-na-cidade-real\/\",\"url\":\"https:\/\/www.oarcanjo.net\/site\/um-dia-na-cidade-real\/\",\"name\":\"Um dia na cidade real - O Arcanjo no ar\",\"isPartOf\":{\"@id\":\"https:\/\/www.oarcanjo.net\/site\/#website\"},\"primaryImageOfPage\":{\"@id\":\"https:\/\/www.oarcanjo.net\/site\/um-dia-na-cidade-real\/#primaryimage\"},\"image\":{\"@id\":\"https:\/\/www.oarcanjo.net\/site\/um-dia-na-cidade-real\/#primaryimage\"},\"thumbnailUrl\":\"http:\/\/www.oarcanjo.net\/site\/wp-content\/uploads\/pracase.jpg\",\"datePublished\":\"2009-04-16T00:46:54+00:00\",\"dateModified\":\"2009-04-16T01:30:38+00:00\",\"breadcrumb\":{\"@id\":\"https:\/\/www.oarcanjo.net\/site\/um-dia-na-cidade-real\/#breadcrumb\"},\"inLanguage\":\"pt-BR\",\"potentialAction\":[{\"@type\":\"ReadAction\",\"target\":[\"https:\/\/www.oarcanjo.net\/site\/um-dia-na-cidade-real\/\"]}]},{\"@type\":\"ImageObject\",\"inLanguage\":\"pt-BR\",\"@id\":\"https:\/\/www.oarcanjo.net\/site\/um-dia-na-cidade-real\/#primaryimage\",\"url\":\"https:\/\/www.oarcanjo.net\/site\/wp-content\/uploads\/pracase.jpg\",\"contentUrl\":\"https:\/\/www.oarcanjo.net\/site\/wp-content\/uploads\/pracase.jpg\",\"width\":350,\"height\":234},{\"@type\":\"BreadcrumbList\",\"@id\":\"https:\/\/www.oarcanjo.net\/site\/um-dia-na-cidade-real\/#breadcrumb\",\"itemListElement\":[{\"@type\":\"ListItem\",\"position\":1,\"name\":\"In\u00edcio\",\"item\":\"https:\/\/www.oarcanjo.net\/site\/\"},{\"@type\":\"ListItem\",\"position\":2,\"name\":\"Um dia na cidade real\"}]},{\"@type\":\"WebSite\",\"@id\":\"https:\/\/www.oarcanjo.net\/site\/#website\",\"url\":\"https:\/\/www.oarcanjo.net\/site\/\",\"name\":\"O Arcanjo no ar\",\"description\":\"Site da Par\u00f3quia S\u00e3o Miguel Arcanjo (Arquidiocese de SP)\",\"publisher\":{\"@id\":\"https:\/\/www.oarcanjo.net\/site\/#organization\"},\"potentialAction\":[{\"@type\":\"SearchAction\",\"target\":{\"@type\":\"EntryPoint\",\"urlTemplate\":\"https:\/\/www.oarcanjo.net\/site\/?s={search_term_string}\"},\"query-input\":{\"@type\":\"PropertyValueSpecification\",\"valueRequired\":true,\"valueName\":\"search_term_string\"}}],\"inLanguage\":\"pt-BR\"},{\"@type\":\"Organization\",\"@id\":\"https:\/\/www.oarcanjo.net\/site\/#organization\",\"name\":\"Par\u00f3quia S\u00e3o Miguel Arcanjo\",\"url\":\"https:\/\/www.oarcanjo.net\/site\/\",\"logo\":{\"@type\":\"ImageObject\",\"inLanguage\":\"pt-BR\",\"@id\":\"https:\/\/www.oarcanjo.net\/site\/#\/schema\/logo\/image\/\",\"url\":\"https:\/\/www.oarcanjo.net\/site\/wp-content\/uploads\/LogoOArcanjo.png\",\"contentUrl\":\"https:\/\/www.oarcanjo.net\/site\/wp-content\/uploads\/LogoOArcanjo.png\",\"width\":319,\"height\":99,\"caption\":\"Par\u00f3quia S\u00e3o Miguel Arcanjo\"},\"image\":{\"@id\":\"https:\/\/www.oarcanjo.net\/site\/#\/schema\/logo\/image\/\"},\"sameAs\":[\"https:\/\/www.facebook.com\/OArcanjoNoAr\/\"]},{\"@type\":\"Person\",\"@id\":\"https:\/\/www.oarcanjo.net\/site\/#\/schema\/person\/f7024d007863202483a31326673a0838\",\"name\":\"editor\",\"sameAs\":[\"http:\/\/www.oarcanjo.net\"]}]}<\/script>\n<!-- \/ Yoast SEO plugin. -->","yoast_head_json":{"title":"Um dia na cidade real - O Arcanjo no ar","robots":{"index":"index","follow":"follow","max-snippet":"max-snippet:-1","max-image-preview":"max-image-preview:large","max-video-preview":"max-video-preview:-1"},"canonical":"https:\/\/www.oarcanjo.net\/site\/um-dia-na-cidade-real\/","og_locale":"pt_BR","og_type":"article","og_title":"Um dia na cidade real - O Arcanjo no ar","og_description":"Wanderley de Oliveira A equipe d&#8217;O Arcanjo no ar acompanhou nesta segunda-feira, 13 de abril, o monsenhor Julio Lancellotti em uma incurs\u00e3o pela cidade de S\u00e3o Paulo que nunca aparece na m\u00eddia, ocupada que est\u00e1 com as vidinhas \u201cc\u00e9lebres\u201d e vazias dos BBBs da vida virtual. 15 horas \u2013 Bairro do Limoeiro No extremo leste [&hellip;]","og_url":"https:\/\/www.oarcanjo.net\/site\/um-dia-na-cidade-real\/","og_site_name":"O Arcanjo no ar","article_publisher":"https:\/\/www.facebook.com\/OArcanjoNoAr\/","article_published_time":"2009-04-16T00:46:54+00:00","article_modified_time":"2009-04-16T01:30:38+00:00","og_image":[{"url":"http:\/\/www.oarcanjo.net\/site\/wp-content\/uploads\/pracase.jpg"}],"author":"editor","twitter_card":"summary_large_image","twitter_misc":{"Escrito por":"editor","Est. tempo de leitura":"4 minutos"},"schema":{"@context":"https:\/\/schema.org","@graph":[{"@type":"Article","@id":"https:\/\/www.oarcanjo.net\/site\/um-dia-na-cidade-real\/#article","isPartOf":{"@id":"https:\/\/www.oarcanjo.net\/site\/um-dia-na-cidade-real\/"},"author":{"name":"editor","@id":"https:\/\/www.oarcanjo.net\/site\/#\/schema\/person\/f7024d007863202483a31326673a0838"},"headline":"Um dia na cidade real","datePublished":"2009-04-16T00:46:54+00:00","dateModified":"2009-04-16T01:30:38+00:00","mainEntityOfPage":{"@id":"https:\/\/www.oarcanjo.net\/site\/um-dia-na-cidade-real\/"},"wordCount":721,"commentCount":2,"publisher":{"@id":"https:\/\/www.oarcanjo.net\/site\/#organization"},"image":{"@id":"https:\/\/www.oarcanjo.net\/site\/um-dia-na-cidade-real\/#primaryimage"},"thumbnailUrl":"http:\/\/www.oarcanjo.net\/site\/wp-content\/uploads\/pracase.jpg","keywords":["corti\u00e7o","favela","habita\u00e7\u00e3o","moradia","povo da rua"],"articleSection":["Not\u00edcias"],"inLanguage":"pt-BR","potentialAction":[{"@type":"CommentAction","name":"Comment","target":["https:\/\/www.oarcanjo.net\/site\/um-dia-na-cidade-real\/#respond"]}]},{"@type":"WebPage","@id":"https:\/\/www.oarcanjo.net\/site\/um-dia-na-cidade-real\/","url":"https:\/\/www.oarcanjo.net\/site\/um-dia-na-cidade-real\/","name":"Um dia na cidade real - O Arcanjo no ar","isPartOf":{"@id":"https:\/\/www.oarcanjo.net\/site\/#website"},"primaryImageOfPage":{"@id":"https:\/\/www.oarcanjo.net\/site\/um-dia-na-cidade-real\/#primaryimage"},"image":{"@id":"https:\/\/www.oarcanjo.net\/site\/um-dia-na-cidade-real\/#primaryimage"},"thumbnailUrl":"http:\/\/www.oarcanjo.net\/site\/wp-content\/uploads\/pracase.jpg","datePublished":"2009-04-16T00:46:54+00:00","dateModified":"2009-04-16T01:30:38+00:00","breadcrumb":{"@id":"https:\/\/www.oarcanjo.net\/site\/um-dia-na-cidade-real\/#breadcrumb"},"inLanguage":"pt-BR","potentialAction":[{"@type":"ReadAction","target":["https:\/\/www.oarcanjo.net\/site\/um-dia-na-cidade-real\/"]}]},{"@type":"ImageObject","inLanguage":"pt-BR","@id":"https:\/\/www.oarcanjo.net\/site\/um-dia-na-cidade-real\/#primaryimage","url":"https:\/\/www.oarcanjo.net\/site\/wp-content\/uploads\/pracase.jpg","contentUrl":"https:\/\/www.oarcanjo.net\/site\/wp-content\/uploads\/pracase.jpg","width":350,"height":234},{"@type":"BreadcrumbList","@id":"https:\/\/www.oarcanjo.net\/site\/um-dia-na-cidade-real\/#breadcrumb","itemListElement":[{"@type":"ListItem","position":1,"name":"In\u00edcio","item":"https:\/\/www.oarcanjo.net\/site\/"},{"@type":"ListItem","position":2,"name":"Um dia na cidade real"}]},{"@type":"WebSite","@id":"https:\/\/www.oarcanjo.net\/site\/#website","url":"https:\/\/www.oarcanjo.net\/site\/","name":"O Arcanjo no ar","description":"Site da Par\u00f3quia S\u00e3o Miguel Arcanjo (Arquidiocese de SP)","publisher":{"@id":"https:\/\/www.oarcanjo.net\/site\/#organization"},"potentialAction":[{"@type":"SearchAction","target":{"@type":"EntryPoint","urlTemplate":"https:\/\/www.oarcanjo.net\/site\/?s={search_term_string}"},"query-input":{"@type":"PropertyValueSpecification","valueRequired":true,"valueName":"search_term_string"}}],"inLanguage":"pt-BR"},{"@type":"Organization","@id":"https:\/\/www.oarcanjo.net\/site\/#organization","name":"Par\u00f3quia S\u00e3o Miguel Arcanjo","url":"https:\/\/www.oarcanjo.net\/site\/","logo":{"@type":"ImageObject","inLanguage":"pt-BR","@id":"https:\/\/www.oarcanjo.net\/site\/#\/schema\/logo\/image\/","url":"https:\/\/www.oarcanjo.net\/site\/wp-content\/uploads\/LogoOArcanjo.png","contentUrl":"https:\/\/www.oarcanjo.net\/site\/wp-content\/uploads\/LogoOArcanjo.png","width":319,"height":99,"caption":"Par\u00f3quia S\u00e3o Miguel Arcanjo"},"image":{"@id":"https:\/\/www.oarcanjo.net\/site\/#\/schema\/logo\/image\/"},"sameAs":["https:\/\/www.facebook.com\/OArcanjoNoAr\/"]},{"@type":"Person","@id":"https:\/\/www.oarcanjo.net\/site\/#\/schema\/person\/f7024d007863202483a31326673a0838","name":"editor","sameAs":["http:\/\/www.oarcanjo.net"]}]}},"publishpress_future_action":{"enabled":false,"date":"2026-05-08 22:29:22","action":"category","newStatus":"draft","terms":[],"taxonomy":"category"},"publishpress_future_workflow_manual_trigger":{"enabledWorkflows":[]},"_links":{"self":[{"href":"https:\/\/www.oarcanjo.net\/site\/wp-json\/wp\/v2\/posts\/2892"}],"collection":[{"href":"https:\/\/www.oarcanjo.net\/site\/wp-json\/wp\/v2\/posts"}],"about":[{"href":"https:\/\/www.oarcanjo.net\/site\/wp-json\/wp\/v2\/types\/post"}],"author":[{"embeddable":true,"href":"https:\/\/www.oarcanjo.net\/site\/wp-json\/wp\/v2\/users\/5"}],"replies":[{"embeddable":true,"href":"https:\/\/www.oarcanjo.net\/site\/wp-json\/wp\/v2\/comments?post=2892"}],"version-history":[{"count":0,"href":"https:\/\/www.oarcanjo.net\/site\/wp-json\/wp\/v2\/posts\/2892\/revisions"}],"wp:attachment":[{"href":"https:\/\/www.oarcanjo.net\/site\/wp-json\/wp\/v2\/media?parent=2892"}],"wp:term":[{"taxonomy":"category","embeddable":true,"href":"https:\/\/www.oarcanjo.net\/site\/wp-json\/wp\/v2\/categories?post=2892"},{"taxonomy":"post_tag","embeddable":true,"href":"https:\/\/www.oarcanjo.net\/site\/wp-json\/wp\/v2\/tags?post=2892"}],"curies":[{"name":"wp","href":"https:\/\/api.w.org\/{rel}","templated":true}]}}