
{"id":2915,"date":"2009-04-17T22:31:39","date_gmt":"2009-04-18T01:31:39","guid":{"rendered":"http:\/\/www.oarcanjo.net\/site\/?p=2915"},"modified":"2009-04-15T22:33:52","modified_gmt":"2009-04-16T01:33:52","slug":"descendo-a-montanha","status":"publish","type":"post","link":"https:\/\/www.oarcanjo.net\/site\/descendo-a-montanha\/","title":{"rendered":"Descendo a montanha"},"content":{"rendered":"<p>A devo\u00e7\u00e3o aut\u00eantica nasce de um v\u00ednculo com o Senhor da vida e do amor. Da\u00ed, assim como como flui a \u00e1gua da vertente, brota uma religiosidade apaixonada, entregue e comprometida. N\u00e3o \u00e9 for\u00e7ada, pois, s\u00e3o criaturas que entraram em harmonia natural com seu Deus e criador. \u00c9 pr\u00f3prio do homem viver em sintonia com quem \u00e9 a fonte de sua imagem e semelhan\u00e7a.<\/p>\n<p>Jesus convida seus amigos a descobrir realmente quem \u00e9. O Senhor e companheiro de todos brilha como o sol no topo da montanha. Descendo da montanha, continua com o seu andar humilde, como filho de seu Pai, e irm\u00e3o de todos.<\/p>\n<p>Ao associar-se com ele voc\u00ea se transforma completamente. Ele devolve sua dignidade, define sua identidade, e d\u00e1 sentido aos seus desvelos.<\/p>\n<p>Por outro lado, h\u00e1 tamb\u00e9m, uma falsa simula\u00e7\u00e3o da devo\u00e7\u00e3o aut\u00eantica. A estrita observ\u00e2ncia se disfar\u00e7a de fervor, mas essencialmente, em nada se parece. Quem nunca subiu \u00e0 montanha com Jesus, \u00e0s vezes, cai nas garras de &#8220;exactismo idol\u00e1trico&#8221; , desconhecendo o amor apaixonado.<\/p>\n<p>\u00c9 certo que, em Cristo, n\u00e3o cabem as mediocridades. Para seus disc\u00edpulos, n\u00e3o h\u00e1 apatia, mas somente radicalidade. Seus seguidores n\u00e3o postergam a op\u00e7\u00e3o, deixam tudo para seguir o caminho.<\/p>\n<p>Os que desconhecem o alvor deslumbrante do amor transfigurado fingem seu compromisso radical, dando vaz\u00e3o \u00e0s suas obsess\u00f5es pelo cumprimento meticuloso do detalhe, do ritual e da palavra exata. Como bem dizia o Senhor, coam as moscas, mas engolem os camelos. Louvam o Senhor com os l\u00e1bios, mas pecam pela vaidade espiritual.<\/p>\n<p>Pensam salvar-se por sua pr\u00f3pria conta, quando conseguem a ilus\u00f3ria perfei\u00e7\u00e3o pessoal.<\/p>\n<p>Pretendem estar sempre com a cabe\u00e7a metida entre as nuvens, ou pelo menos, que os vejam assim. N\u00e3o s\u00e3o capazes de descer da montanha, para viver, amar e servir, como o Mestre os ensinou. Suas vidas n\u00e3o d\u00e3o fruto de miseric\u00f3rdia, pois, querem impor sua doutrina aos demais, mediante obriga\u00e7\u00f5es e amea\u00e7as.<\/p>\n<p>Eles se preocupam muito com suas pr\u00f3prias virtudes, passando de lado, diante de um irm\u00e3o necessitado. Oferecem em holocausto os filhos que Deus lhes encomendou.<\/p>\n<p>N\u00e3o d\u00e3o testemunho do amor desbordante que se estende aos mais simples, aos doentes e aos exclu\u00eddos. Repreendem os humildes, por n\u00e3o saber o catecismo de mem\u00f3ria. Seu deus \u00e9 o rigor. N\u00e3o reconhecem o Senhor que cura, salva e alimenta. Quando excluem aqueles que consideram indesej\u00e1veis, sentem-se orgulhosos, como se tivessem feito um grande favor a Deus.<\/p>\n<p>O Reino de Deus n\u00e3o \u00e9 uma doutrina que se imp\u00f5e. Pelo contr\u00e1rio, come\u00e7a com uma maneira de olhar; de ver o Senhor, tal qual \u00e9, e deixar ser olhado por ele como voc\u00ea \u00e9. Depois, com o mesmo olhar, descendo a montanha, olhar para os outros com os olhos de Jesus, e amar apaixonadamente, como ele amou. Jesus o convida a converter-se, e entrar no Reino. <\/p>\n<div id=\"themify_builder_content-2915\" data-postid=\"2915\" class=\"themify_builder_content themify_builder_content-2915 themify_builder themify_builder_front\">\n\t<\/div>\n<!-- \/themify_builder_content -->","protected":false},"excerpt":{"rendered":"<p>A devo\u00e7\u00e3o aut\u00eantica nasce de um v\u00ednculo com o Senhor da vida e do amor. Da\u00ed, assim como como flui a \u00e1gua da vertente, brota uma religiosidade apaixonada, entregue e comprometida. N\u00e3o \u00e9 for\u00e7ada, pois, s\u00e3o criaturas que entraram em harmonia natural com seu Deus e criador. \u00c9 pr\u00f3prio do homem viver em sintonia com [&hellip;]<\/p>\n","protected":false},"author":5,"featured_media":0,"comment_status":"open","ping_status":"open","sticky":false,"template":"","format":"standard","meta":{"ngg_post_thumbnail":0,"footnotes":""},"categories":[9],"tags":[222,440,389],"yoast_head":"<!-- This site is optimized with the Yoast SEO plugin v23.5 - https:\/\/yoast.com\/wordpress\/plugins\/seo\/ -->\n<title>Descendo a montanha - O Arcanjo no ar<\/title>\n<meta name=\"robots\" content=\"index, follow, max-snippet:-1, max-image-preview:large, max-video-preview:-1\" \/>\n<link rel=\"canonical\" href=\"https:\/\/www.oarcanjo.net\/site\/descendo-a-montanha\/\" \/>\n<meta property=\"og:locale\" content=\"pt_BR\" \/>\n<meta property=\"og:type\" content=\"article\" \/>\n<meta property=\"og:title\" content=\"Descendo a montanha - O Arcanjo no ar\" \/>\n<meta property=\"og:description\" content=\"A devo\u00e7\u00e3o aut\u00eantica nasce de um v\u00ednculo com o Senhor da vida e do amor. Da\u00ed, assim como como flui a \u00e1gua da vertente, brota uma religiosidade apaixonada, entregue e comprometida. N\u00e3o \u00e9 for\u00e7ada, pois, s\u00e3o criaturas que entraram em harmonia natural com seu Deus e criador. \u00c9 pr\u00f3prio do homem viver em sintonia com [&hellip;]\" \/>\n<meta property=\"og:url\" content=\"https:\/\/www.oarcanjo.net\/site\/descendo-a-montanha\/\" \/>\n<meta property=\"og:site_name\" content=\"O Arcanjo no ar\" \/>\n<meta property=\"article:publisher\" content=\"https:\/\/www.facebook.com\/OArcanjoNoAr\/\" \/>\n<meta property=\"article:published_time\" content=\"2009-04-18T01:31:39+00:00\" \/>\n<meta property=\"article:modified_time\" content=\"2009-04-16T01:33:52+00:00\" \/>\n<meta property=\"og:image\" content=\"https:\/\/www.oarcanjo.net\/site\/wp-content\/uploads\/logo-o-arcanjo-no-ar-facebook.png\" \/>\n\t<meta property=\"og:image:width\" content=\"300\" \/>\n\t<meta property=\"og:image:height\" content=\"300\" \/>\n\t<meta property=\"og:image:type\" content=\"image\/png\" \/>\n<meta name=\"author\" content=\"editor\" \/>\n<meta name=\"twitter:card\" content=\"summary_large_image\" \/>\n<meta name=\"twitter:label1\" content=\"Escrito por\" \/>\n\t<meta name=\"twitter:data1\" content=\"editor\" \/>\n\t<meta name=\"twitter:label2\" content=\"Est. tempo de leitura\" \/>\n\t<meta name=\"twitter:data2\" content=\"3 minutos\" \/>\n<script type=\"application\/ld+json\" class=\"yoast-schema-graph\">{\"@context\":\"https:\/\/schema.org\",\"@graph\":[{\"@type\":\"Article\",\"@id\":\"https:\/\/www.oarcanjo.net\/site\/descendo-a-montanha\/#article\",\"isPartOf\":{\"@id\":\"https:\/\/www.oarcanjo.net\/site\/descendo-a-montanha\/\"},\"author\":{\"name\":\"editor\",\"@id\":\"https:\/\/www.oarcanjo.net\/site\/#\/schema\/person\/f7024d007863202483a31326673a0838\"},\"headline\":\"Descendo a montanha\",\"datePublished\":\"2009-04-18T01:31:39+00:00\",\"dateModified\":\"2009-04-16T01:33:52+00:00\",\"mainEntityOfPage\":{\"@id\":\"https:\/\/www.oarcanjo.net\/site\/descendo-a-montanha\/\"},\"wordCount\":506,\"commentCount\":0,\"publisher\":{\"@id\":\"https:\/\/www.oarcanjo.net\/site\/#organization\"},\"keywords\":[\"cristianismo\",\"Jesus Cristo\",\"Reino de Deus\"],\"articleSection\":[\"Reflex\u00f5es\"],\"inLanguage\":\"pt-BR\",\"potentialAction\":[{\"@type\":\"CommentAction\",\"name\":\"Comment\",\"target\":[\"https:\/\/www.oarcanjo.net\/site\/descendo-a-montanha\/#respond\"]}]},{\"@type\":\"WebPage\",\"@id\":\"https:\/\/www.oarcanjo.net\/site\/descendo-a-montanha\/\",\"url\":\"https:\/\/www.oarcanjo.net\/site\/descendo-a-montanha\/\",\"name\":\"Descendo a montanha - O Arcanjo no ar\",\"isPartOf\":{\"@id\":\"https:\/\/www.oarcanjo.net\/site\/#website\"},\"datePublished\":\"2009-04-18T01:31:39+00:00\",\"dateModified\":\"2009-04-16T01:33:52+00:00\",\"breadcrumb\":{\"@id\":\"https:\/\/www.oarcanjo.net\/site\/descendo-a-montanha\/#breadcrumb\"},\"inLanguage\":\"pt-BR\",\"potentialAction\":[{\"@type\":\"ReadAction\",\"target\":[\"https:\/\/www.oarcanjo.net\/site\/descendo-a-montanha\/\"]}]},{\"@type\":\"BreadcrumbList\",\"@id\":\"https:\/\/www.oarcanjo.net\/site\/descendo-a-montanha\/#breadcrumb\",\"itemListElement\":[{\"@type\":\"ListItem\",\"position\":1,\"name\":\"In\u00edcio\",\"item\":\"https:\/\/www.oarcanjo.net\/site\/\"},{\"@type\":\"ListItem\",\"position\":2,\"name\":\"Descendo a montanha\"}]},{\"@type\":\"WebSite\",\"@id\":\"https:\/\/www.oarcanjo.net\/site\/#website\",\"url\":\"https:\/\/www.oarcanjo.net\/site\/\",\"name\":\"O Arcanjo no ar\",\"description\":\"Site da Par\u00f3quia S\u00e3o Miguel Arcanjo (Arquidiocese de SP)\",\"publisher\":{\"@id\":\"https:\/\/www.oarcanjo.net\/site\/#organization\"},\"potentialAction\":[{\"@type\":\"SearchAction\",\"target\":{\"@type\":\"EntryPoint\",\"urlTemplate\":\"https:\/\/www.oarcanjo.net\/site\/?s={search_term_string}\"},\"query-input\":{\"@type\":\"PropertyValueSpecification\",\"valueRequired\":true,\"valueName\":\"search_term_string\"}}],\"inLanguage\":\"pt-BR\"},{\"@type\":\"Organization\",\"@id\":\"https:\/\/www.oarcanjo.net\/site\/#organization\",\"name\":\"Par\u00f3quia S\u00e3o Miguel Arcanjo\",\"url\":\"https:\/\/www.oarcanjo.net\/site\/\",\"logo\":{\"@type\":\"ImageObject\",\"inLanguage\":\"pt-BR\",\"@id\":\"https:\/\/www.oarcanjo.net\/site\/#\/schema\/logo\/image\/\",\"url\":\"https:\/\/www.oarcanjo.net\/site\/wp-content\/uploads\/LogoOArcanjo.png\",\"contentUrl\":\"https:\/\/www.oarcanjo.net\/site\/wp-content\/uploads\/LogoOArcanjo.png\",\"width\":319,\"height\":99,\"caption\":\"Par\u00f3quia S\u00e3o Miguel Arcanjo\"},\"image\":{\"@id\":\"https:\/\/www.oarcanjo.net\/site\/#\/schema\/logo\/image\/\"},\"sameAs\":[\"https:\/\/www.facebook.com\/OArcanjoNoAr\/\"]},{\"@type\":\"Person\",\"@id\":\"https:\/\/www.oarcanjo.net\/site\/#\/schema\/person\/f7024d007863202483a31326673a0838\",\"name\":\"editor\",\"sameAs\":[\"http:\/\/www.oarcanjo.net\"]}]}<\/script>\n<!-- \/ Yoast SEO plugin. -->","yoast_head_json":{"title":"Descendo a montanha - O Arcanjo no ar","robots":{"index":"index","follow":"follow","max-snippet":"max-snippet:-1","max-image-preview":"max-image-preview:large","max-video-preview":"max-video-preview:-1"},"canonical":"https:\/\/www.oarcanjo.net\/site\/descendo-a-montanha\/","og_locale":"pt_BR","og_type":"article","og_title":"Descendo a montanha - O Arcanjo no ar","og_description":"A devo\u00e7\u00e3o aut\u00eantica nasce de um v\u00ednculo com o Senhor da vida e do amor. Da\u00ed, assim como como flui a \u00e1gua da vertente, brota uma religiosidade apaixonada, entregue e comprometida. N\u00e3o \u00e9 for\u00e7ada, pois, s\u00e3o criaturas que entraram em harmonia natural com seu Deus e criador. \u00c9 pr\u00f3prio do homem viver em sintonia com [&hellip;]","og_url":"https:\/\/www.oarcanjo.net\/site\/descendo-a-montanha\/","og_site_name":"O Arcanjo no ar","article_publisher":"https:\/\/www.facebook.com\/OArcanjoNoAr\/","article_published_time":"2009-04-18T01:31:39+00:00","article_modified_time":"2009-04-16T01:33:52+00:00","og_image":[{"width":300,"height":300,"url":"https:\/\/www.oarcanjo.net\/site\/wp-content\/uploads\/logo-o-arcanjo-no-ar-facebook.png","type":"image\/png"}],"author":"editor","twitter_card":"summary_large_image","twitter_misc":{"Escrito por":"editor","Est. tempo de leitura":"3 minutos"},"schema":{"@context":"https:\/\/schema.org","@graph":[{"@type":"Article","@id":"https:\/\/www.oarcanjo.net\/site\/descendo-a-montanha\/#article","isPartOf":{"@id":"https:\/\/www.oarcanjo.net\/site\/descendo-a-montanha\/"},"author":{"name":"editor","@id":"https:\/\/www.oarcanjo.net\/site\/#\/schema\/person\/f7024d007863202483a31326673a0838"},"headline":"Descendo a montanha","datePublished":"2009-04-18T01:31:39+00:00","dateModified":"2009-04-16T01:33:52+00:00","mainEntityOfPage":{"@id":"https:\/\/www.oarcanjo.net\/site\/descendo-a-montanha\/"},"wordCount":506,"commentCount":0,"publisher":{"@id":"https:\/\/www.oarcanjo.net\/site\/#organization"},"keywords":["cristianismo","Jesus Cristo","Reino de Deus"],"articleSection":["Reflex\u00f5es"],"inLanguage":"pt-BR","potentialAction":[{"@type":"CommentAction","name":"Comment","target":["https:\/\/www.oarcanjo.net\/site\/descendo-a-montanha\/#respond"]}]},{"@type":"WebPage","@id":"https:\/\/www.oarcanjo.net\/site\/descendo-a-montanha\/","url":"https:\/\/www.oarcanjo.net\/site\/descendo-a-montanha\/","name":"Descendo a montanha - O Arcanjo no ar","isPartOf":{"@id":"https:\/\/www.oarcanjo.net\/site\/#website"},"datePublished":"2009-04-18T01:31:39+00:00","dateModified":"2009-04-16T01:33:52+00:00","breadcrumb":{"@id":"https:\/\/www.oarcanjo.net\/site\/descendo-a-montanha\/#breadcrumb"},"inLanguage":"pt-BR","potentialAction":[{"@type":"ReadAction","target":["https:\/\/www.oarcanjo.net\/site\/descendo-a-montanha\/"]}]},{"@type":"BreadcrumbList","@id":"https:\/\/www.oarcanjo.net\/site\/descendo-a-montanha\/#breadcrumb","itemListElement":[{"@type":"ListItem","position":1,"name":"In\u00edcio","item":"https:\/\/www.oarcanjo.net\/site\/"},{"@type":"ListItem","position":2,"name":"Descendo a montanha"}]},{"@type":"WebSite","@id":"https:\/\/www.oarcanjo.net\/site\/#website","url":"https:\/\/www.oarcanjo.net\/site\/","name":"O Arcanjo no ar","description":"Site da Par\u00f3quia S\u00e3o Miguel Arcanjo (Arquidiocese de SP)","publisher":{"@id":"https:\/\/www.oarcanjo.net\/site\/#organization"},"potentialAction":[{"@type":"SearchAction","target":{"@type":"EntryPoint","urlTemplate":"https:\/\/www.oarcanjo.net\/site\/?s={search_term_string}"},"query-input":{"@type":"PropertyValueSpecification","valueRequired":true,"valueName":"search_term_string"}}],"inLanguage":"pt-BR"},{"@type":"Organization","@id":"https:\/\/www.oarcanjo.net\/site\/#organization","name":"Par\u00f3quia S\u00e3o Miguel Arcanjo","url":"https:\/\/www.oarcanjo.net\/site\/","logo":{"@type":"ImageObject","inLanguage":"pt-BR","@id":"https:\/\/www.oarcanjo.net\/site\/#\/schema\/logo\/image\/","url":"https:\/\/www.oarcanjo.net\/site\/wp-content\/uploads\/LogoOArcanjo.png","contentUrl":"https:\/\/www.oarcanjo.net\/site\/wp-content\/uploads\/LogoOArcanjo.png","width":319,"height":99,"caption":"Par\u00f3quia S\u00e3o Miguel Arcanjo"},"image":{"@id":"https:\/\/www.oarcanjo.net\/site\/#\/schema\/logo\/image\/"},"sameAs":["https:\/\/www.facebook.com\/OArcanjoNoAr\/"]},{"@type":"Person","@id":"https:\/\/www.oarcanjo.net\/site\/#\/schema\/person\/f7024d007863202483a31326673a0838","name":"editor","sameAs":["http:\/\/www.oarcanjo.net"]}]}},"publishpress_future_action":{"enabled":false,"date":"2026-05-08 19:25:00","action":"category","newStatus":"draft","terms":[],"taxonomy":"category"},"publishpress_future_workflow_manual_trigger":{"enabledWorkflows":[]},"_links":{"self":[{"href":"https:\/\/www.oarcanjo.net\/site\/wp-json\/wp\/v2\/posts\/2915"}],"collection":[{"href":"https:\/\/www.oarcanjo.net\/site\/wp-json\/wp\/v2\/posts"}],"about":[{"href":"https:\/\/www.oarcanjo.net\/site\/wp-json\/wp\/v2\/types\/post"}],"author":[{"embeddable":true,"href":"https:\/\/www.oarcanjo.net\/site\/wp-json\/wp\/v2\/users\/5"}],"replies":[{"embeddable":true,"href":"https:\/\/www.oarcanjo.net\/site\/wp-json\/wp\/v2\/comments?post=2915"}],"version-history":[{"count":0,"href":"https:\/\/www.oarcanjo.net\/site\/wp-json\/wp\/v2\/posts\/2915\/revisions"}],"wp:attachment":[{"href":"https:\/\/www.oarcanjo.net\/site\/wp-json\/wp\/v2\/media?parent=2915"}],"wp:term":[{"taxonomy":"category","embeddable":true,"href":"https:\/\/www.oarcanjo.net\/site\/wp-json\/wp\/v2\/categories?post=2915"},{"taxonomy":"post_tag","embeddable":true,"href":"https:\/\/www.oarcanjo.net\/site\/wp-json\/wp\/v2\/tags?post=2915"}],"curies":[{"name":"wp","href":"https:\/\/api.w.org\/{rel}","templated":true}]}}