
{"id":293,"date":"2008-09-30T08:04:40","date_gmt":"2008-09-30T11:04:40","guid":{"rendered":"http:\/\/www.oarcanjo.net\/site\/?p=293"},"modified":"2008-10-02T08:18:29","modified_gmt":"2008-10-02T11:18:29","slug":"belem-rearticula-pastoral-da-comunicacao","status":"publish","type":"post","link":"https:\/\/www.oarcanjo.net\/site\/belem-rearticula-pastoral-da-comunicacao\/","title":{"rendered":"Bel\u00e9m rearticula Pastoral da Comunica\u00e7\u00e3o"},"content":{"rendered":"<p>Grupo de comunicadores dos 10 setores se reuniu no s\u00e1bado, dia 27, para refletir sobre o papel que exercem na evangeliza\u00e7\u00e3o<\/p>\n<p><img loading=\"lazy\" decoding=\"async\" src=\"http:\/\/www.oarcanjo.net\/site\/wp-content\/uploads\/reuniaopascom-300x200.jpg\" alt=\"Reuni\u00e3o da Pastoral da Comunica\u00e7\u00e3o\" title=\"Reuni\u00e3o Pastoral da Comunica\u00e7\u00e3o Regi\u00e3o Bel\u00e9m\" width=\"300\" height=\"200\" class=\"size-medium wp-image-297\" align=\"left\" hspace=\"5\" vspace=\"2\" \/>Com a participa\u00e7\u00e3o de aproximadamente 50 comunicadores \u2013 respons\u00e1veis por boletins, jornais, sites e outros meios de comunica\u00e7\u00e3o nos dez setores da Regi\u00e3o Episcopal Bel\u00e9m \u2013 foi realizado no s\u00e1bado, dia 27, o Primeiro Encontro de Comunica\u00e7\u00e3o da Regi\u00e3o Bel\u00e9m, cujo objetivo principal foi rearticular a Pastoral da Comunica\u00e7\u00e3o (Pascom).<\/p>\n<p>Desejo de dom Pedro Luiz Stringhini desde a posse, a implanta\u00e7\u00e3o da Pascom est\u00e1 sendo conduzida pelo rep\u00f3rter de O S\u00c3O PAULO, Rafael Alberto, e pelos padres Tarc\u00edsio Marques Mesquita e Miguel \u00c2ngelo, assessores eclesiais da Pascom Bel\u00e9m. Al\u00e9m deles, o jornalista Jo\u00e3o Carlos Gomes comp\u00f5e o n\u00facleo de coordena\u00e7\u00e3o da Pascom regional, que dever\u00e1 se expandir em equipes setoriais.<\/p>\n<p>Representando dom Pedro Luiz, que n\u00e3o p\u00f4de comparecer \u00e0 reuni\u00e3o, o coordenador regional de pastoral, padre Marcelo Mar\u00f3stica Quadro, abriu o encontro mostrando a import\u00e2ncia da comunica\u00e7\u00e3o na vida pastoral da Regi\u00e3o Bel\u00e9m. \u201cQue a partir desse encontro possamos ter muitos outros, sempre motivados pelo an\u00fancio da palavra de Deus, conforme Jesus Cristo nos pediu\u201d, motivou padre Marcelo.<\/p>\n<p>Padre Tarc\u00edsio Mesquita, que \u00e9 p\u00e1roco na Par\u00f3quia Santa Isabel Rainha (Setor Vila Formosa), pontuou a tem\u00e1tica da comunica\u00e7\u00e3o no Documento de Aparecida. Para dinamizar a participa\u00e7\u00e3o e compreens\u00e3o, padre Tarc\u00edsio passou o documento para que alguns participantes do encontro lessem um par\u00e1grafo espec\u00edfico e, depois, partilhassem seu entendimento com os demais para uma reflex\u00e3o comunit\u00e1ria. \u201cEste \u00e9 um ponto importante para a perfeita comunica\u00e7\u00e3o, pois se trata de uma pastoral que deve se retro-alimentar, isto \u00e9, a comunica\u00e7\u00e3o \u00e9 uma via de duas m\u00e3os, que se fortalece na medida em que a realizamos\u201d, disse.<\/p>\n<p>Para o padre Miguel \u00c2ngelo, p\u00e1roco na Natividade do Senhor (Setor Guarani), religioso experiente em r\u00e1dios comunit\u00e1rias, os comunicadores cat\u00f3licos devem fazer uso de todos os meios dispon\u00edveis para chegar at\u00e9 onde a evangeliza\u00e7\u00e3o n\u00e3o chega. \u201cTemos que assumir a periferia, chegar at\u00e9 ela; gritar por sobre os telhados, aproveitando os meios de comunica\u00e7\u00e3o, e us\u00e1-los a servi\u00e7o da evangeliza\u00e7\u00e3o\u201d, enfatizou.<\/p>\n<p>Rafael encerrou o encontro falando sobre os meios de comunica\u00e7\u00e3o dispon\u00edveis para a regi\u00e3o, destacando a necessidade de uma organiza\u00e7\u00e3o que os potencialize. \u201cA regi\u00e3o possui pelo menos dois grandes espa\u00e7os para a veicula\u00e7\u00e3o de not\u00edcias das comunidades paroquiais, a coluna do Bel\u00e9m no O S\u00c3O PAULO e o site regional [www.regiaobelem.org.br], que j\u00e1 est\u00e1 no ar\u201d, disse.<\/p>\n<p>Como nem todos os comunicadores t\u00eam forma\u00e7\u00e3o universit\u00e1ria em jornalismo, uma das quest\u00f5es mais abordadas foi o \u201ccomo fazer?\u201d, que direcionou o grupo a planejar novos encontros com forma\u00e7\u00f5es espec\u00edficas, para aperfei\u00e7oar a utiliza\u00e7\u00e3o dos meios e, especialmente, aumentar a comunh\u00e3o entre os setores e a regi\u00e3o. \u201cO encontro foi bem organizado e participado. Tenho f\u00e9 que nosso pr\u00f3ximo encontro, dia 25 de outubro, \u00e0s 9h, aqui na sede regional, ser\u00e1 mais um passo importante para ajudar a Regi\u00e3o Bel\u00e9m a ter uma estrutura consolidada e em rede de comunica\u00e7\u00e3o a servi\u00e7o do Evangelho\u201d, finalizou o padre Tarc\u00edsio.<\/p>\n<div id=\"themify_builder_content-293\" data-postid=\"293\" class=\"themify_builder_content themify_builder_content-293 themify_builder themify_builder_front\">\n\t<\/div>\n<!-- \/themify_builder_content -->","protected":false},"excerpt":{"rendered":"<p>Grupo de comunicadores dos 10 setores se reuniu no s\u00e1bado, dia 27, para refletir sobre o papel que exercem na evangeliza\u00e7\u00e3o Com a participa\u00e7\u00e3o de aproximadamente 50 comunicadores \u2013 respons\u00e1veis por boletins, jornais, sites e outros meios de comunica\u00e7\u00e3o nos dez setores da Regi\u00e3o Episcopal Bel\u00e9m \u2013 foi realizado no s\u00e1bado, dia 27, o Primeiro [&hellip;]<\/p>\n","protected":false},"author":5,"featured_media":0,"comment_status":"open","ping_status":"open","sticky":false,"template":"","format":"standard","meta":{"ngg_post_thumbnail":0,"footnotes":""},"categories":[8],"tags":[27,30,28,29],"yoast_head":"<!-- This site is optimized with the Yoast SEO plugin v23.5 - https:\/\/yoast.com\/wordpress\/plugins\/seo\/ -->\n<title>Bel\u00e9m rearticula Pastoral da Comunica\u00e7\u00e3o - O Arcanjo no ar<\/title>\n<meta name=\"robots\" content=\"index, follow, max-snippet:-1, max-image-preview:large, max-video-preview:-1\" \/>\n<link rel=\"canonical\" href=\"https:\/\/www.oarcanjo.net\/site\/belem-rearticula-pastoral-da-comunicacao\/\" \/>\n<meta property=\"og:locale\" content=\"pt_BR\" \/>\n<meta property=\"og:type\" content=\"article\" \/>\n<meta property=\"og:title\" content=\"Bel\u00e9m rearticula Pastoral da Comunica\u00e7\u00e3o - O Arcanjo no ar\" \/>\n<meta property=\"og:description\" content=\"Grupo de comunicadores dos 10 setores se reuniu no s\u00e1bado, dia 27, para refletir sobre o papel que exercem na evangeliza\u00e7\u00e3o Com a participa\u00e7\u00e3o de aproximadamente 50 comunicadores \u2013 respons\u00e1veis por boletins, jornais, sites e outros meios de comunica\u00e7\u00e3o nos dez setores da Regi\u00e3o Episcopal Bel\u00e9m \u2013 foi realizado no s\u00e1bado, dia 27, o Primeiro [&hellip;]\" \/>\n<meta property=\"og:url\" content=\"https:\/\/www.oarcanjo.net\/site\/belem-rearticula-pastoral-da-comunicacao\/\" \/>\n<meta property=\"og:site_name\" content=\"O Arcanjo no ar\" \/>\n<meta property=\"article:publisher\" content=\"https:\/\/www.facebook.com\/OArcanjoNoAr\/\" \/>\n<meta property=\"article:published_time\" content=\"2008-09-30T11:04:40+00:00\" \/>\n<meta property=\"article:modified_time\" content=\"2008-10-02T11:18:29+00:00\" \/>\n<meta property=\"og:image\" content=\"http:\/\/www.oarcanjo.net\/site\/wp-content\/uploads\/reuniaopascom-300x200.jpg\" \/>\n<meta name=\"author\" content=\"editor\" \/>\n<meta name=\"twitter:card\" content=\"summary_large_image\" \/>\n<meta name=\"twitter:label1\" content=\"Escrito por\" \/>\n\t<meta name=\"twitter:data1\" content=\"editor\" \/>\n\t<meta name=\"twitter:label2\" content=\"Est. tempo de leitura\" \/>\n\t<meta name=\"twitter:data2\" content=\"3 minutos\" \/>\n<script type=\"application\/ld+json\" class=\"yoast-schema-graph\">{\"@context\":\"https:\/\/schema.org\",\"@graph\":[{\"@type\":\"Article\",\"@id\":\"https:\/\/www.oarcanjo.net\/site\/belem-rearticula-pastoral-da-comunicacao\/#article\",\"isPartOf\":{\"@id\":\"https:\/\/www.oarcanjo.net\/site\/belem-rearticula-pastoral-da-comunicacao\/\"},\"author\":{\"name\":\"editor\",\"@id\":\"https:\/\/www.oarcanjo.net\/site\/#\/schema\/person\/f7024d007863202483a31326673a0838\"},\"headline\":\"Bel\u00e9m rearticula Pastoral da Comunica\u00e7\u00e3o\",\"datePublished\":\"2008-09-30T11:04:40+00:00\",\"dateModified\":\"2008-10-02T11:18:29+00:00\",\"mainEntityOfPage\":{\"@id\":\"https:\/\/www.oarcanjo.net\/site\/belem-rearticula-pastoral-da-comunicacao\/\"},\"wordCount\":582,\"commentCount\":0,\"publisher\":{\"@id\":\"https:\/\/www.oarcanjo.net\/site\/#organization\"},\"image\":{\"@id\":\"https:\/\/www.oarcanjo.net\/site\/belem-rearticula-pastoral-da-comunicacao\/#primaryimage\"},\"thumbnailUrl\":\"http:\/\/www.oarcanjo.net\/site\/wp-content\/uploads\/reuniaopascom-300x200.jpg\",\"keywords\":[\"comunica\u00e7\u00e3o\",\"O S\u00e3o Paulo\",\"pastoral\",\"Regi\u00e3o Bel\u00e9m\"],\"articleSection\":[\"Not\u00edcias\"],\"inLanguage\":\"pt-BR\",\"potentialAction\":[{\"@type\":\"CommentAction\",\"name\":\"Comment\",\"target\":[\"https:\/\/www.oarcanjo.net\/site\/belem-rearticula-pastoral-da-comunicacao\/#respond\"]}]},{\"@type\":\"WebPage\",\"@id\":\"https:\/\/www.oarcanjo.net\/site\/belem-rearticula-pastoral-da-comunicacao\/\",\"url\":\"https:\/\/www.oarcanjo.net\/site\/belem-rearticula-pastoral-da-comunicacao\/\",\"name\":\"Bel\u00e9m rearticula Pastoral da Comunica\u00e7\u00e3o - O Arcanjo no ar\",\"isPartOf\":{\"@id\":\"https:\/\/www.oarcanjo.net\/site\/#website\"},\"primaryImageOfPage\":{\"@id\":\"https:\/\/www.oarcanjo.net\/site\/belem-rearticula-pastoral-da-comunicacao\/#primaryimage\"},\"image\":{\"@id\":\"https:\/\/www.oarcanjo.net\/site\/belem-rearticula-pastoral-da-comunicacao\/#primaryimage\"},\"thumbnailUrl\":\"http:\/\/www.oarcanjo.net\/site\/wp-content\/uploads\/reuniaopascom-300x200.jpg\",\"datePublished\":\"2008-09-30T11:04:40+00:00\",\"dateModified\":\"2008-10-02T11:18:29+00:00\",\"breadcrumb\":{\"@id\":\"https:\/\/www.oarcanjo.net\/site\/belem-rearticula-pastoral-da-comunicacao\/#breadcrumb\"},\"inLanguage\":\"pt-BR\",\"potentialAction\":[{\"@type\":\"ReadAction\",\"target\":[\"https:\/\/www.oarcanjo.net\/site\/belem-rearticula-pastoral-da-comunicacao\/\"]}]},{\"@type\":\"ImageObject\",\"inLanguage\":\"pt-BR\",\"@id\":\"https:\/\/www.oarcanjo.net\/site\/belem-rearticula-pastoral-da-comunicacao\/#primaryimage\",\"url\":\"https:\/\/www.oarcanjo.net\/site\/wp-content\/uploads\/reuniaopascom.jpg\",\"contentUrl\":\"https:\/\/www.oarcanjo.net\/site\/wp-content\/uploads\/reuniaopascom.jpg\",\"width\":3872,\"height\":2592,\"caption\":\"Reuni\u00e3o da Pastoral da Comunica\u00e7\u00e3o\"},{\"@type\":\"BreadcrumbList\",\"@id\":\"https:\/\/www.oarcanjo.net\/site\/belem-rearticula-pastoral-da-comunicacao\/#breadcrumb\",\"itemListElement\":[{\"@type\":\"ListItem\",\"position\":1,\"name\":\"In\u00edcio\",\"item\":\"https:\/\/www.oarcanjo.net\/site\/\"},{\"@type\":\"ListItem\",\"position\":2,\"name\":\"Bel\u00e9m rearticula Pastoral da Comunica\u00e7\u00e3o\"}]},{\"@type\":\"WebSite\",\"@id\":\"https:\/\/www.oarcanjo.net\/site\/#website\",\"url\":\"https:\/\/www.oarcanjo.net\/site\/\",\"name\":\"O Arcanjo no ar\",\"description\":\"Site da Par\u00f3quia S\u00e3o Miguel Arcanjo (Arquidiocese de SP)\",\"publisher\":{\"@id\":\"https:\/\/www.oarcanjo.net\/site\/#organization\"},\"potentialAction\":[{\"@type\":\"SearchAction\",\"target\":{\"@type\":\"EntryPoint\",\"urlTemplate\":\"https:\/\/www.oarcanjo.net\/site\/?s={search_term_string}\"},\"query-input\":{\"@type\":\"PropertyValueSpecification\",\"valueRequired\":true,\"valueName\":\"search_term_string\"}}],\"inLanguage\":\"pt-BR\"},{\"@type\":\"Organization\",\"@id\":\"https:\/\/www.oarcanjo.net\/site\/#organization\",\"name\":\"Par\u00f3quia S\u00e3o Miguel Arcanjo\",\"url\":\"https:\/\/www.oarcanjo.net\/site\/\",\"logo\":{\"@type\":\"ImageObject\",\"inLanguage\":\"pt-BR\",\"@id\":\"https:\/\/www.oarcanjo.net\/site\/#\/schema\/logo\/image\/\",\"url\":\"https:\/\/www.oarcanjo.net\/site\/wp-content\/uploads\/LogoOArcanjo.png\",\"contentUrl\":\"https:\/\/www.oarcanjo.net\/site\/wp-content\/uploads\/LogoOArcanjo.png\",\"width\":319,\"height\":99,\"caption\":\"Par\u00f3quia S\u00e3o Miguel Arcanjo\"},\"image\":{\"@id\":\"https:\/\/www.oarcanjo.net\/site\/#\/schema\/logo\/image\/\"},\"sameAs\":[\"https:\/\/www.facebook.com\/OArcanjoNoAr\/\"]},{\"@type\":\"Person\",\"@id\":\"https:\/\/www.oarcanjo.net\/site\/#\/schema\/person\/f7024d007863202483a31326673a0838\",\"name\":\"editor\",\"sameAs\":[\"http:\/\/www.oarcanjo.net\"]}]}<\/script>\n<!-- \/ Yoast SEO plugin. -->","yoast_head_json":{"title":"Bel\u00e9m rearticula Pastoral da Comunica\u00e7\u00e3o - O Arcanjo no ar","robots":{"index":"index","follow":"follow","max-snippet":"max-snippet:-1","max-image-preview":"max-image-preview:large","max-video-preview":"max-video-preview:-1"},"canonical":"https:\/\/www.oarcanjo.net\/site\/belem-rearticula-pastoral-da-comunicacao\/","og_locale":"pt_BR","og_type":"article","og_title":"Bel\u00e9m rearticula Pastoral da Comunica\u00e7\u00e3o - O Arcanjo no ar","og_description":"Grupo de comunicadores dos 10 setores se reuniu no s\u00e1bado, dia 27, para refletir sobre o papel que exercem na evangeliza\u00e7\u00e3o Com a participa\u00e7\u00e3o de aproximadamente 50 comunicadores \u2013 respons\u00e1veis por boletins, jornais, sites e outros meios de comunica\u00e7\u00e3o nos dez setores da Regi\u00e3o Episcopal Bel\u00e9m \u2013 foi realizado no s\u00e1bado, dia 27, o Primeiro [&hellip;]","og_url":"https:\/\/www.oarcanjo.net\/site\/belem-rearticula-pastoral-da-comunicacao\/","og_site_name":"O Arcanjo no ar","article_publisher":"https:\/\/www.facebook.com\/OArcanjoNoAr\/","article_published_time":"2008-09-30T11:04:40+00:00","article_modified_time":"2008-10-02T11:18:29+00:00","og_image":[{"url":"http:\/\/www.oarcanjo.net\/site\/wp-content\/uploads\/reuniaopascom-300x200.jpg"}],"author":"editor","twitter_card":"summary_large_image","twitter_misc":{"Escrito por":"editor","Est. tempo de leitura":"3 minutos"},"schema":{"@context":"https:\/\/schema.org","@graph":[{"@type":"Article","@id":"https:\/\/www.oarcanjo.net\/site\/belem-rearticula-pastoral-da-comunicacao\/#article","isPartOf":{"@id":"https:\/\/www.oarcanjo.net\/site\/belem-rearticula-pastoral-da-comunicacao\/"},"author":{"name":"editor","@id":"https:\/\/www.oarcanjo.net\/site\/#\/schema\/person\/f7024d007863202483a31326673a0838"},"headline":"Bel\u00e9m rearticula Pastoral da Comunica\u00e7\u00e3o","datePublished":"2008-09-30T11:04:40+00:00","dateModified":"2008-10-02T11:18:29+00:00","mainEntityOfPage":{"@id":"https:\/\/www.oarcanjo.net\/site\/belem-rearticula-pastoral-da-comunicacao\/"},"wordCount":582,"commentCount":0,"publisher":{"@id":"https:\/\/www.oarcanjo.net\/site\/#organization"},"image":{"@id":"https:\/\/www.oarcanjo.net\/site\/belem-rearticula-pastoral-da-comunicacao\/#primaryimage"},"thumbnailUrl":"http:\/\/www.oarcanjo.net\/site\/wp-content\/uploads\/reuniaopascom-300x200.jpg","keywords":["comunica\u00e7\u00e3o","O S\u00e3o Paulo","pastoral","Regi\u00e3o Bel\u00e9m"],"articleSection":["Not\u00edcias"],"inLanguage":"pt-BR","potentialAction":[{"@type":"CommentAction","name":"Comment","target":["https:\/\/www.oarcanjo.net\/site\/belem-rearticula-pastoral-da-comunicacao\/#respond"]}]},{"@type":"WebPage","@id":"https:\/\/www.oarcanjo.net\/site\/belem-rearticula-pastoral-da-comunicacao\/","url":"https:\/\/www.oarcanjo.net\/site\/belem-rearticula-pastoral-da-comunicacao\/","name":"Bel\u00e9m rearticula Pastoral da Comunica\u00e7\u00e3o - O Arcanjo no ar","isPartOf":{"@id":"https:\/\/www.oarcanjo.net\/site\/#website"},"primaryImageOfPage":{"@id":"https:\/\/www.oarcanjo.net\/site\/belem-rearticula-pastoral-da-comunicacao\/#primaryimage"},"image":{"@id":"https:\/\/www.oarcanjo.net\/site\/belem-rearticula-pastoral-da-comunicacao\/#primaryimage"},"thumbnailUrl":"http:\/\/www.oarcanjo.net\/site\/wp-content\/uploads\/reuniaopascom-300x200.jpg","datePublished":"2008-09-30T11:04:40+00:00","dateModified":"2008-10-02T11:18:29+00:00","breadcrumb":{"@id":"https:\/\/www.oarcanjo.net\/site\/belem-rearticula-pastoral-da-comunicacao\/#breadcrumb"},"inLanguage":"pt-BR","potentialAction":[{"@type":"ReadAction","target":["https:\/\/www.oarcanjo.net\/site\/belem-rearticula-pastoral-da-comunicacao\/"]}]},{"@type":"ImageObject","inLanguage":"pt-BR","@id":"https:\/\/www.oarcanjo.net\/site\/belem-rearticula-pastoral-da-comunicacao\/#primaryimage","url":"https:\/\/www.oarcanjo.net\/site\/wp-content\/uploads\/reuniaopascom.jpg","contentUrl":"https:\/\/www.oarcanjo.net\/site\/wp-content\/uploads\/reuniaopascom.jpg","width":3872,"height":2592,"caption":"Reuni\u00e3o da Pastoral da Comunica\u00e7\u00e3o"},{"@type":"BreadcrumbList","@id":"https:\/\/www.oarcanjo.net\/site\/belem-rearticula-pastoral-da-comunicacao\/#breadcrumb","itemListElement":[{"@type":"ListItem","position":1,"name":"In\u00edcio","item":"https:\/\/www.oarcanjo.net\/site\/"},{"@type":"ListItem","position":2,"name":"Bel\u00e9m rearticula Pastoral da Comunica\u00e7\u00e3o"}]},{"@type":"WebSite","@id":"https:\/\/www.oarcanjo.net\/site\/#website","url":"https:\/\/www.oarcanjo.net\/site\/","name":"O Arcanjo no ar","description":"Site da Par\u00f3quia S\u00e3o Miguel Arcanjo (Arquidiocese de SP)","publisher":{"@id":"https:\/\/www.oarcanjo.net\/site\/#organization"},"potentialAction":[{"@type":"SearchAction","target":{"@type":"EntryPoint","urlTemplate":"https:\/\/www.oarcanjo.net\/site\/?s={search_term_string}"},"query-input":{"@type":"PropertyValueSpecification","valueRequired":true,"valueName":"search_term_string"}}],"inLanguage":"pt-BR"},{"@type":"Organization","@id":"https:\/\/www.oarcanjo.net\/site\/#organization","name":"Par\u00f3quia S\u00e3o Miguel Arcanjo","url":"https:\/\/www.oarcanjo.net\/site\/","logo":{"@type":"ImageObject","inLanguage":"pt-BR","@id":"https:\/\/www.oarcanjo.net\/site\/#\/schema\/logo\/image\/","url":"https:\/\/www.oarcanjo.net\/site\/wp-content\/uploads\/LogoOArcanjo.png","contentUrl":"https:\/\/www.oarcanjo.net\/site\/wp-content\/uploads\/LogoOArcanjo.png","width":319,"height":99,"caption":"Par\u00f3quia S\u00e3o Miguel Arcanjo"},"image":{"@id":"https:\/\/www.oarcanjo.net\/site\/#\/schema\/logo\/image\/"},"sameAs":["https:\/\/www.facebook.com\/OArcanjoNoAr\/"]},{"@type":"Person","@id":"https:\/\/www.oarcanjo.net\/site\/#\/schema\/person\/f7024d007863202483a31326673a0838","name":"editor","sameAs":["http:\/\/www.oarcanjo.net"]}]}},"publishpress_future_action":{"enabled":false,"date":"2026-05-08 16:57:58","action":"category","newStatus":"draft","terms":[],"taxonomy":"category"},"publishpress_future_workflow_manual_trigger":{"enabledWorkflows":[]},"_links":{"self":[{"href":"https:\/\/www.oarcanjo.net\/site\/wp-json\/wp\/v2\/posts\/293"}],"collection":[{"href":"https:\/\/www.oarcanjo.net\/site\/wp-json\/wp\/v2\/posts"}],"about":[{"href":"https:\/\/www.oarcanjo.net\/site\/wp-json\/wp\/v2\/types\/post"}],"author":[{"embeddable":true,"href":"https:\/\/www.oarcanjo.net\/site\/wp-json\/wp\/v2\/users\/5"}],"replies":[{"embeddable":true,"href":"https:\/\/www.oarcanjo.net\/site\/wp-json\/wp\/v2\/comments?post=293"}],"version-history":[{"count":0,"href":"https:\/\/www.oarcanjo.net\/site\/wp-json\/wp\/v2\/posts\/293\/revisions"}],"wp:attachment":[{"href":"https:\/\/www.oarcanjo.net\/site\/wp-json\/wp\/v2\/media?parent=293"}],"wp:term":[{"taxonomy":"category","embeddable":true,"href":"https:\/\/www.oarcanjo.net\/site\/wp-json\/wp\/v2\/categories?post=293"},{"taxonomy":"post_tag","embeddable":true,"href":"https:\/\/www.oarcanjo.net\/site\/wp-json\/wp\/v2\/tags?post=293"}],"curies":[{"name":"wp","href":"https:\/\/api.w.org\/{rel}","templated":true}]}}