
{"id":2930,"date":"2009-04-18T09:20:32","date_gmt":"2009-04-18T12:20:32","guid":{"rendered":"http:\/\/www.oarcanjo.net\/site\/?p=2930"},"modified":"2009-04-20T13:11:47","modified_gmt":"2009-04-20T16:11:47","slug":"meu-senhor-e-meu-deus","status":"publish","type":"post","link":"https:\/\/www.oarcanjo.net\/site\/meu-senhor-e-meu-deus\/","title":{"rendered":"Meu Senhor e Meu DEUS!"},"content":{"rendered":"<p>Neste segundo Domingo da P\u00e1scoa junto com S\u00e3o Tom\u00e9 queremos dizer: Meu Senhor e meu DEUS!<\/p>\n<p>A afirma\u00e7\u00e3o de f\u00e9 de Tom\u00e9 depois de ter duvidado que o SENHOR ressuscitou \u00e9 a maior declara\u00e7\u00e3o de f\u00e9 do evangelho de Jo\u00e3o.<\/p>\n<p>Tom\u00e9 queria ver, tocar, apalpar. JESUS lhe concedeu.<\/p>\n<p>O que viu, tocou, apalpou Tom\u00e9?<\/p>\n<p>As chagas, as cicatrizes, as marcas do amor que JESUS carrega em seu corpo glorioso. O ressuscitado \u00e9 o crucificado.<\/p>\n<p>JESUS, o VIVENTE, n\u00e3o esconde o seu sofrimento, mostra-o. N\u00e3o para exibir, mas para confirmar que o caminho do AMOR passa pela dor, que a morte n\u00e3o \u00e9 definitiva, que a vida \u00e9 mais forte.<\/p>\n<p>JESUS deseja e concede a PAZ!<\/p>\n<p>A PAZ da fidelidade, a paz de quem ama, de quem resiste e insiste.<\/p>\n<p>JESUS nos envia, nos convida a receber o ESP\u00cdRITO SANTO. A ser sinal de perd\u00e3o!<\/p>\n<p>Num mundo cheio de feridos e feridas, toc\u00e1-las nos faz reconhecer JESUS.<\/p>\n<p>N\u00e3o \u00e9 f\u00e1cil tocar nas feridas de quem sofre, mas se n\u00e3o as tocamos n\u00e3o ser\u00e3o curadas nem cicatrizadas, a paz que o SENHOR nos oferece nos ensina a sermos solid\u00e1rios e a testemunharmos a for\u00e7a do amor, que nos fortalece e fragiliza.<\/p>\n<p>Tocar as chagas do SENHOR \u00e9 reconhec\u00ea-lo nos chagados desta vida e deste mundo.<\/p>\n<p>JESUS, como Tom\u00e9,<br \/>\najuda-me a TE reconhecer e a TE amar!<br \/>\nTira de mim a incredulidade e o medo.<br \/>\nE que possa TE dizer:<br \/>\nMEU SENHOR E MEU DEUS!<\/p>\n<p>Este Domingo \u00e9 o da DIVINA MISERIC\u00d3DIA!<br \/>\nJESUS, CONFIO EM TI !<\/p>\n<p>A confian\u00e7a \u00e9 exig\u00eancia do AMOR.<br \/>\nQuem ama confia.<\/p>\n<p>JESUS, CONFIO EM TI! Porque TE AMO, Am\u00e9m!<\/p>\n<hr \/>\n<p>Assista abaixo \u00e0 homilia do domingo, 19\/04\/2009:<\/p>\n<p><video style=\"width: 100%; height: auto; aspect-ratio: 480\/334; border: none; overflow: hidden;\" controls>\n                <source src=\"mms:\/\/mms.bizmedia.com.br\/bizmedia\/Homilia20090419-final.wmv\" type=\"video\/x-ms-wmv\">\n                <source src=\"mms:\/\/mms.bizmedia.com.br\/bizmedia\/Homilia20090419-final.wmv\" type=\"video\/wmv\">\n                Your browser does not support the video tag.\n            <\/video><\/p>\n<div id=\"themify_builder_content-2930\" data-postid=\"2930\" class=\"themify_builder_content themify_builder_content-2930 themify_builder themify_builder_front\">\n\t<\/div>\n<!-- \/themify_builder_content -->","protected":false},"excerpt":{"rendered":"<p>Neste segundo Domingo da P\u00e1scoa junto com S\u00e3o Tom\u00e9 queremos dizer: Meu Senhor e meu DEUS! A afirma\u00e7\u00e3o de f\u00e9 de Tom\u00e9 depois de ter duvidado que o SENHOR ressuscitou \u00e9 a maior declara\u00e7\u00e3o de f\u00e9 do evangelho de Jo\u00e3o. Tom\u00e9 queria ver, tocar, apalpar. JESUS lhe concedeu. O que viu, tocou, apalpou Tom\u00e9? As [&hellip;]<\/p>\n","protected":false},"author":4,"featured_media":0,"comment_status":"open","ping_status":"open","sticky":false,"template":"","format":"standard","meta":{"ngg_post_thumbnail":0,"footnotes":""},"categories":[4,475],"tags":[107,83,521,426,486,520],"yoast_head":"<!-- This site is optimized with the Yoast SEO plugin v23.5 - https:\/\/yoast.com\/wordpress\/plugins\/seo\/ -->\n<title>Meu Senhor e Meu DEUS! - O Arcanjo no ar<\/title>\n<meta name=\"robots\" content=\"index, follow, max-snippet:-1, max-image-preview:large, max-video-preview:-1\" \/>\n<link rel=\"canonical\" href=\"https:\/\/www.oarcanjo.net\/site\/meu-senhor-e-meu-deus\/\" \/>\n<meta property=\"og:locale\" content=\"pt_BR\" \/>\n<meta property=\"og:type\" content=\"article\" \/>\n<meta property=\"og:title\" content=\"Meu Senhor e Meu DEUS! - O Arcanjo no ar\" \/>\n<meta property=\"og:description\" content=\"Neste segundo Domingo da P\u00e1scoa junto com S\u00e3o Tom\u00e9 queremos dizer: Meu Senhor e meu DEUS! A afirma\u00e7\u00e3o de f\u00e9 de Tom\u00e9 depois de ter duvidado que o SENHOR ressuscitou \u00e9 a maior declara\u00e7\u00e3o de f\u00e9 do evangelho de Jo\u00e3o. Tom\u00e9 queria ver, tocar, apalpar. JESUS lhe concedeu. O que viu, tocou, apalpou Tom\u00e9? As [&hellip;]\" \/>\n<meta property=\"og:url\" content=\"https:\/\/www.oarcanjo.net\/site\/meu-senhor-e-meu-deus\/\" \/>\n<meta property=\"og:site_name\" content=\"O Arcanjo no ar\" \/>\n<meta property=\"article:publisher\" content=\"https:\/\/www.facebook.com\/OArcanjoNoAr\/\" \/>\n<meta property=\"article:published_time\" content=\"2009-04-18T12:20:32+00:00\" \/>\n<meta property=\"article:modified_time\" content=\"2009-04-20T16:11:47+00:00\" \/>\n<meta property=\"og:image\" content=\"https:\/\/www.oarcanjo.net\/site\/wp-content\/uploads\/logo-o-arcanjo-no-ar-facebook.png\" \/>\n\t<meta property=\"og:image:width\" content=\"300\" \/>\n\t<meta property=\"og:image:height\" content=\"300\" \/>\n\t<meta property=\"og:image:type\" content=\"image\/png\" \/>\n<meta name=\"author\" content=\"julio\" \/>\n<meta name=\"twitter:card\" content=\"summary_large_image\" \/>\n<meta name=\"twitter:label1\" content=\"Escrito por\" \/>\n\t<meta name=\"twitter:data1\" content=\"julio\" \/>\n\t<meta name=\"twitter:label2\" content=\"Est. tempo de leitura\" \/>\n\t<meta name=\"twitter:data2\" content=\"2 minutos\" \/>\n<script type=\"application\/ld+json\" class=\"yoast-schema-graph\">{\"@context\":\"https:\/\/schema.org\",\"@graph\":[{\"@type\":\"Article\",\"@id\":\"https:\/\/www.oarcanjo.net\/site\/meu-senhor-e-meu-deus\/#article\",\"isPartOf\":{\"@id\":\"https:\/\/www.oarcanjo.net\/site\/meu-senhor-e-meu-deus\/\"},\"author\":{\"name\":\"julio\",\"@id\":\"https:\/\/www.oarcanjo.net\/site\/#\/schema\/person\/d78ea01c648c91e29c364b516767079e\"},\"headline\":\"Meu Senhor e Meu DEUS!\",\"datePublished\":\"2009-04-18T12:20:32+00:00\",\"dateModified\":\"2009-04-20T16:11:47+00:00\",\"mainEntityOfPage\":{\"@id\":\"https:\/\/www.oarcanjo.net\/site\/meu-senhor-e-meu-deus\/\"},\"wordCount\":306,\"commentCount\":5,\"publisher\":{\"@id\":\"https:\/\/www.oarcanjo.net\/site\/#organization\"},\"keywords\":[\"amor\",\"confian\u00e7a\",\"Divina miseric\u00f3rdia\",\"Esp\u00edrito Santo\",\"Ressurrei\u00e7\u00e3o\",\"S\u00e3o Tom\u00e9\"],\"articleSection\":[\"Blog\",\"Homilias\"],\"inLanguage\":\"pt-BR\",\"potentialAction\":[{\"@type\":\"CommentAction\",\"name\":\"Comment\",\"target\":[\"https:\/\/www.oarcanjo.net\/site\/meu-senhor-e-meu-deus\/#respond\"]}]},{\"@type\":\"WebPage\",\"@id\":\"https:\/\/www.oarcanjo.net\/site\/meu-senhor-e-meu-deus\/\",\"url\":\"https:\/\/www.oarcanjo.net\/site\/meu-senhor-e-meu-deus\/\",\"name\":\"Meu Senhor e Meu DEUS! - O Arcanjo no ar\",\"isPartOf\":{\"@id\":\"https:\/\/www.oarcanjo.net\/site\/#website\"},\"datePublished\":\"2009-04-18T12:20:32+00:00\",\"dateModified\":\"2009-04-20T16:11:47+00:00\",\"breadcrumb\":{\"@id\":\"https:\/\/www.oarcanjo.net\/site\/meu-senhor-e-meu-deus\/#breadcrumb\"},\"inLanguage\":\"pt-BR\",\"potentialAction\":[{\"@type\":\"ReadAction\",\"target\":[\"https:\/\/www.oarcanjo.net\/site\/meu-senhor-e-meu-deus\/\"]}]},{\"@type\":\"BreadcrumbList\",\"@id\":\"https:\/\/www.oarcanjo.net\/site\/meu-senhor-e-meu-deus\/#breadcrumb\",\"itemListElement\":[{\"@type\":\"ListItem\",\"position\":1,\"name\":\"In\u00edcio\",\"item\":\"https:\/\/www.oarcanjo.net\/site\/\"},{\"@type\":\"ListItem\",\"position\":2,\"name\":\"Meu Senhor e Meu DEUS!\"}]},{\"@type\":\"WebSite\",\"@id\":\"https:\/\/www.oarcanjo.net\/site\/#website\",\"url\":\"https:\/\/www.oarcanjo.net\/site\/\",\"name\":\"O Arcanjo no ar\",\"description\":\"Site da Par\u00f3quia S\u00e3o Miguel Arcanjo (Arquidiocese de SP)\",\"publisher\":{\"@id\":\"https:\/\/www.oarcanjo.net\/site\/#organization\"},\"potentialAction\":[{\"@type\":\"SearchAction\",\"target\":{\"@type\":\"EntryPoint\",\"urlTemplate\":\"https:\/\/www.oarcanjo.net\/site\/?s={search_term_string}\"},\"query-input\":{\"@type\":\"PropertyValueSpecification\",\"valueRequired\":true,\"valueName\":\"search_term_string\"}}],\"inLanguage\":\"pt-BR\"},{\"@type\":\"Organization\",\"@id\":\"https:\/\/www.oarcanjo.net\/site\/#organization\",\"name\":\"Par\u00f3quia S\u00e3o Miguel Arcanjo\",\"url\":\"https:\/\/www.oarcanjo.net\/site\/\",\"logo\":{\"@type\":\"ImageObject\",\"inLanguage\":\"pt-BR\",\"@id\":\"https:\/\/www.oarcanjo.net\/site\/#\/schema\/logo\/image\/\",\"url\":\"https:\/\/www.oarcanjo.net\/site\/wp-content\/uploads\/LogoOArcanjo.png\",\"contentUrl\":\"https:\/\/www.oarcanjo.net\/site\/wp-content\/uploads\/LogoOArcanjo.png\",\"width\":319,\"height\":99,\"caption\":\"Par\u00f3quia S\u00e3o Miguel Arcanjo\"},\"image\":{\"@id\":\"https:\/\/www.oarcanjo.net\/site\/#\/schema\/logo\/image\/\"},\"sameAs\":[\"https:\/\/www.facebook.com\/OArcanjoNoAr\/\"]},{\"@type\":\"Person\",\"@id\":\"https:\/\/www.oarcanjo.net\/site\/#\/schema\/person\/d78ea01c648c91e29c364b516767079e\",\"name\":\"julio\",\"sameAs\":[\"http:\/\/www.oarcanjo.net\"]}]}<\/script>\n<!-- \/ Yoast SEO plugin. -->","yoast_head_json":{"title":"Meu Senhor e Meu DEUS! - O Arcanjo no ar","robots":{"index":"index","follow":"follow","max-snippet":"max-snippet:-1","max-image-preview":"max-image-preview:large","max-video-preview":"max-video-preview:-1"},"canonical":"https:\/\/www.oarcanjo.net\/site\/meu-senhor-e-meu-deus\/","og_locale":"pt_BR","og_type":"article","og_title":"Meu Senhor e Meu DEUS! - O Arcanjo no ar","og_description":"Neste segundo Domingo da P\u00e1scoa junto com S\u00e3o Tom\u00e9 queremos dizer: Meu Senhor e meu DEUS! A afirma\u00e7\u00e3o de f\u00e9 de Tom\u00e9 depois de ter duvidado que o SENHOR ressuscitou \u00e9 a maior declara\u00e7\u00e3o de f\u00e9 do evangelho de Jo\u00e3o. Tom\u00e9 queria ver, tocar, apalpar. JESUS lhe concedeu. O que viu, tocou, apalpou Tom\u00e9? As [&hellip;]","og_url":"https:\/\/www.oarcanjo.net\/site\/meu-senhor-e-meu-deus\/","og_site_name":"O Arcanjo no ar","article_publisher":"https:\/\/www.facebook.com\/OArcanjoNoAr\/","article_published_time":"2009-04-18T12:20:32+00:00","article_modified_time":"2009-04-20T16:11:47+00:00","og_image":[{"width":300,"height":300,"url":"https:\/\/www.oarcanjo.net\/site\/wp-content\/uploads\/logo-o-arcanjo-no-ar-facebook.png","type":"image\/png"}],"author":"julio","twitter_card":"summary_large_image","twitter_misc":{"Escrito por":"julio","Est. tempo de leitura":"2 minutos"},"schema":{"@context":"https:\/\/schema.org","@graph":[{"@type":"Article","@id":"https:\/\/www.oarcanjo.net\/site\/meu-senhor-e-meu-deus\/#article","isPartOf":{"@id":"https:\/\/www.oarcanjo.net\/site\/meu-senhor-e-meu-deus\/"},"author":{"name":"julio","@id":"https:\/\/www.oarcanjo.net\/site\/#\/schema\/person\/d78ea01c648c91e29c364b516767079e"},"headline":"Meu Senhor e Meu DEUS!","datePublished":"2009-04-18T12:20:32+00:00","dateModified":"2009-04-20T16:11:47+00:00","mainEntityOfPage":{"@id":"https:\/\/www.oarcanjo.net\/site\/meu-senhor-e-meu-deus\/"},"wordCount":306,"commentCount":5,"publisher":{"@id":"https:\/\/www.oarcanjo.net\/site\/#organization"},"keywords":["amor","confian\u00e7a","Divina miseric\u00f3rdia","Esp\u00edrito Santo","Ressurrei\u00e7\u00e3o","S\u00e3o Tom\u00e9"],"articleSection":["Blog","Homilias"],"inLanguage":"pt-BR","potentialAction":[{"@type":"CommentAction","name":"Comment","target":["https:\/\/www.oarcanjo.net\/site\/meu-senhor-e-meu-deus\/#respond"]}]},{"@type":"WebPage","@id":"https:\/\/www.oarcanjo.net\/site\/meu-senhor-e-meu-deus\/","url":"https:\/\/www.oarcanjo.net\/site\/meu-senhor-e-meu-deus\/","name":"Meu Senhor e Meu DEUS! - O Arcanjo no ar","isPartOf":{"@id":"https:\/\/www.oarcanjo.net\/site\/#website"},"datePublished":"2009-04-18T12:20:32+00:00","dateModified":"2009-04-20T16:11:47+00:00","breadcrumb":{"@id":"https:\/\/www.oarcanjo.net\/site\/meu-senhor-e-meu-deus\/#breadcrumb"},"inLanguage":"pt-BR","potentialAction":[{"@type":"ReadAction","target":["https:\/\/www.oarcanjo.net\/site\/meu-senhor-e-meu-deus\/"]}]},{"@type":"BreadcrumbList","@id":"https:\/\/www.oarcanjo.net\/site\/meu-senhor-e-meu-deus\/#breadcrumb","itemListElement":[{"@type":"ListItem","position":1,"name":"In\u00edcio","item":"https:\/\/www.oarcanjo.net\/site\/"},{"@type":"ListItem","position":2,"name":"Meu Senhor e Meu DEUS!"}]},{"@type":"WebSite","@id":"https:\/\/www.oarcanjo.net\/site\/#website","url":"https:\/\/www.oarcanjo.net\/site\/","name":"O Arcanjo no ar","description":"Site da Par\u00f3quia S\u00e3o Miguel Arcanjo (Arquidiocese de SP)","publisher":{"@id":"https:\/\/www.oarcanjo.net\/site\/#organization"},"potentialAction":[{"@type":"SearchAction","target":{"@type":"EntryPoint","urlTemplate":"https:\/\/www.oarcanjo.net\/site\/?s={search_term_string}"},"query-input":{"@type":"PropertyValueSpecification","valueRequired":true,"valueName":"search_term_string"}}],"inLanguage":"pt-BR"},{"@type":"Organization","@id":"https:\/\/www.oarcanjo.net\/site\/#organization","name":"Par\u00f3quia S\u00e3o Miguel Arcanjo","url":"https:\/\/www.oarcanjo.net\/site\/","logo":{"@type":"ImageObject","inLanguage":"pt-BR","@id":"https:\/\/www.oarcanjo.net\/site\/#\/schema\/logo\/image\/","url":"https:\/\/www.oarcanjo.net\/site\/wp-content\/uploads\/LogoOArcanjo.png","contentUrl":"https:\/\/www.oarcanjo.net\/site\/wp-content\/uploads\/LogoOArcanjo.png","width":319,"height":99,"caption":"Par\u00f3quia S\u00e3o Miguel Arcanjo"},"image":{"@id":"https:\/\/www.oarcanjo.net\/site\/#\/schema\/logo\/image\/"},"sameAs":["https:\/\/www.facebook.com\/OArcanjoNoAr\/"]},{"@type":"Person","@id":"https:\/\/www.oarcanjo.net\/site\/#\/schema\/person\/d78ea01c648c91e29c364b516767079e","name":"julio","sameAs":["http:\/\/www.oarcanjo.net"]}]}},"publishpress_future_action":{"enabled":false,"date":"2026-05-08 21:26:03","action":"category","newStatus":"draft","terms":[],"taxonomy":"category"},"publishpress_future_workflow_manual_trigger":{"enabledWorkflows":[]},"_links":{"self":[{"href":"https:\/\/www.oarcanjo.net\/site\/wp-json\/wp\/v2\/posts\/2930"}],"collection":[{"href":"https:\/\/www.oarcanjo.net\/site\/wp-json\/wp\/v2\/posts"}],"about":[{"href":"https:\/\/www.oarcanjo.net\/site\/wp-json\/wp\/v2\/types\/post"}],"author":[{"embeddable":true,"href":"https:\/\/www.oarcanjo.net\/site\/wp-json\/wp\/v2\/users\/4"}],"replies":[{"embeddable":true,"href":"https:\/\/www.oarcanjo.net\/site\/wp-json\/wp\/v2\/comments?post=2930"}],"version-history":[{"count":0,"href":"https:\/\/www.oarcanjo.net\/site\/wp-json\/wp\/v2\/posts\/2930\/revisions"}],"wp:attachment":[{"href":"https:\/\/www.oarcanjo.net\/site\/wp-json\/wp\/v2\/media?parent=2930"}],"wp:term":[{"taxonomy":"category","embeddable":true,"href":"https:\/\/www.oarcanjo.net\/site\/wp-json\/wp\/v2\/categories?post=2930"},{"taxonomy":"post_tag","embeddable":true,"href":"https:\/\/www.oarcanjo.net\/site\/wp-json\/wp\/v2\/tags?post=2930"}],"curies":[{"name":"wp","href":"https:\/\/api.w.org\/{rel}","templated":true}]}}