
{"id":2941,"date":"2009-04-18T19:34:03","date_gmt":"2009-04-18T22:34:03","guid":{"rendered":"http:\/\/www.oarcanjo.net\/site\/?p=2941"},"modified":"2009-04-18T19:34:03","modified_gmt":"2009-04-18T22:34:03","slug":"vida-e-obra-de-dom-helder-podem-ser-apreciadas-nas-circulares-conciliares","status":"publish","type":"post","link":"https:\/\/www.oarcanjo.net\/site\/vida-e-obra-de-dom-helder-podem-ser-apreciadas-nas-circulares-conciliares\/","title":{"rendered":"Vida e obra de Dom Helder podem ser apreciadas nas Circulares Conciliares"},"content":{"rendered":"<p>A riqueza do vasto acervo de Dom Helder Camara oferece \u00e0 popula\u00e7\u00e3o, no ano de seu centen\u00e1rio, cada vez mais obras cheias de detalhes, sensibilidade e ensinamento. No \u00faltimo dia 14 foi lan\u00e7ada em Recife (PE) a colet\u00e2nea &#8220;Circulares Conciliares&#8221;, que resgata as cartas escritas pelo religioso aos seus assessores, no per\u00edodo de 1962 a 1965, durante o Conc\u00edlio Vaticano II. <\/p>\n<p>Composta por 6 livros, a obra retrata o pensamento do arcebispo em\u00e9rito de Olinda e Recife, al\u00e9m de ser uma oportunidade de mostrar \u00e0s pessoas todo o seu ide\u00e1rio e pr\u00e1tica de vida. Para o Instituto Dom Helder Camara, o arcebispo foi um dos maiores exemplos de coer\u00eancia de vida, pondo na pr\u00e1tica aquilo que ele pregava em seus discursos. Os volumes foram organizados pelos professores Zildo Rocha e Luiz Carlos Marques Luz.<\/p>\n<p>A cole\u00e7\u00e3o \u00e9 dividida em dois volumes, cada um com 3 Tomos. Os textos narram o dia-a-dia das sess\u00f5es do Conc\u00edlio Vaticano II, evento que marcou a hist\u00f3ria da Igreja Cat\u00f3lica no mundo todo.<\/p>\n<p>As cartas subdivididas em Conciliares, Interconciliares e Posconciliares, somam 2.122 textos, 7.547 medita\u00e7\u00f5es, e mais discursos, programas de r\u00e1dio, entre outros. A estimativa \u00e9 que as &#8220;obras completas&#8221; alcancem 20 volumes, j\u00e1 que nesta primeira cole\u00e7\u00e3o de seis Tomos, s\u00f3 foram editadas 637 circulares. A confec\u00e7\u00e3o da obra contou com o patroc\u00ednio do Governo do Estado de Pernambuco.<\/p>\n<p>Dom Helder tinha como h\u00e1bito escrever durante a noite, e todo o material produzido era rigorosamente numerado e datado, facilitando para o presente este trabalho de divulga\u00e7\u00e3o.<\/p>\n<p>A import\u00e2ncia das comemora\u00e7\u00f5es do centen\u00e1rio de Dom Helder se d\u00e1 pelo seu exemplo de vida. Carism\u00e1tico, Dom Helder foi um pastor que viveu a simplicidade e a humildade, observadas em sua atitude cotidiana, quando acolhia os mendigos, visitava os mais necessitados e injusti\u00e7ados, e partilhava seus pr\u00eamios. Estas e outras iniciativas fizeram dele um semeador da fraternidade.<\/p>\n<div id=\"themify_builder_content-2941\" data-postid=\"2941\" class=\"themify_builder_content themify_builder_content-2941 themify_builder themify_builder_front\">\n\t<\/div>\n<!-- \/themify_builder_content -->","protected":false},"excerpt":{"rendered":"<p>A riqueza do vasto acervo de Dom Helder Camara oferece \u00e0 popula\u00e7\u00e3o, no ano de seu centen\u00e1rio, cada vez mais obras cheias de detalhes, sensibilidade e ensinamento. No \u00faltimo dia 14 foi lan\u00e7ada em Recife (PE) a colet\u00e2nea &#8220;Circulares Conciliares&#8221;, que resgata as cartas escritas pelo religioso aos seus assessores, no per\u00edodo de 1962 a [&hellip;]<\/p>\n","protected":false},"author":5,"featured_media":0,"comment_status":"open","ping_status":"open","sticky":false,"template":"","format":"standard","meta":{"ngg_post_thumbnail":0,"footnotes":""},"categories":[192],"tags":[505,356],"yoast_head":"<!-- This site is optimized with the Yoast SEO plugin v23.5 - https:\/\/yoast.com\/wordpress\/plugins\/seo\/ -->\n<title>Vida e obra de Dom Helder podem ser apreciadas nas Circulares Conciliares - O Arcanjo no ar<\/title>\n<meta name=\"robots\" content=\"index, follow, max-snippet:-1, max-image-preview:large, max-video-preview:-1\" \/>\n<link rel=\"canonical\" href=\"https:\/\/www.oarcanjo.net\/site\/vida-e-obra-de-dom-helder-podem-ser-apreciadas-nas-circulares-conciliares\/\" \/>\n<meta property=\"og:locale\" content=\"pt_BR\" \/>\n<meta property=\"og:type\" content=\"article\" \/>\n<meta property=\"og:title\" content=\"Vida e obra de Dom Helder podem ser apreciadas nas Circulares Conciliares - O Arcanjo no ar\" \/>\n<meta property=\"og:description\" content=\"A riqueza do vasto acervo de Dom Helder Camara oferece \u00e0 popula\u00e7\u00e3o, no ano de seu centen\u00e1rio, cada vez mais obras cheias de detalhes, sensibilidade e ensinamento. No \u00faltimo dia 14 foi lan\u00e7ada em Recife (PE) a colet\u00e2nea &#8220;Circulares Conciliares&#8221;, que resgata as cartas escritas pelo religioso aos seus assessores, no per\u00edodo de 1962 a [&hellip;]\" \/>\n<meta property=\"og:url\" content=\"https:\/\/www.oarcanjo.net\/site\/vida-e-obra-de-dom-helder-podem-ser-apreciadas-nas-circulares-conciliares\/\" \/>\n<meta property=\"og:site_name\" content=\"O Arcanjo no ar\" \/>\n<meta property=\"article:publisher\" content=\"https:\/\/www.facebook.com\/OArcanjoNoAr\/\" \/>\n<meta property=\"article:published_time\" content=\"2009-04-18T22:34:03+00:00\" \/>\n<meta property=\"og:image\" content=\"https:\/\/www.oarcanjo.net\/site\/wp-content\/uploads\/logo-o-arcanjo-no-ar-facebook.png\" \/>\n\t<meta property=\"og:image:width\" content=\"300\" \/>\n\t<meta property=\"og:image:height\" content=\"300\" \/>\n\t<meta property=\"og:image:type\" content=\"image\/png\" \/>\n<meta name=\"author\" content=\"editor\" \/>\n<meta name=\"twitter:card\" content=\"summary_large_image\" \/>\n<meta name=\"twitter:label1\" content=\"Escrito por\" \/>\n\t<meta name=\"twitter:data1\" content=\"editor\" \/>\n\t<meta name=\"twitter:label2\" content=\"Est. tempo de leitura\" \/>\n\t<meta name=\"twitter:data2\" content=\"2 minutos\" \/>\n<script type=\"application\/ld+json\" class=\"yoast-schema-graph\">{\"@context\":\"https:\/\/schema.org\",\"@graph\":[{\"@type\":\"Article\",\"@id\":\"https:\/\/www.oarcanjo.net\/site\/vida-e-obra-de-dom-helder-podem-ser-apreciadas-nas-circulares-conciliares\/#article\",\"isPartOf\":{\"@id\":\"https:\/\/www.oarcanjo.net\/site\/vida-e-obra-de-dom-helder-podem-ser-apreciadas-nas-circulares-conciliares\/\"},\"author\":{\"name\":\"editor\",\"@id\":\"https:\/\/www.oarcanjo.net\/site\/#\/schema\/person\/f7024d007863202483a31326673a0838\"},\"headline\":\"Vida e obra de Dom Helder podem ser apreciadas nas Circulares Conciliares\",\"datePublished\":\"2009-04-18T22:34:03+00:00\",\"dateModified\":\"2009-04-18T22:34:03+00:00\",\"mainEntityOfPage\":{\"@id\":\"https:\/\/www.oarcanjo.net\/site\/vida-e-obra-de-dom-helder-podem-ser-apreciadas-nas-circulares-conciliares\/\"},\"wordCount\":341,\"commentCount\":1,\"publisher\":{\"@id\":\"https:\/\/www.oarcanjo.net\/site\/#organization\"},\"keywords\":[\"Conc\u00edlio Vaticano II\",\"D. Helder Camara\"],\"articleSection\":[\"D. Helder C\u00e2mara\"],\"inLanguage\":\"pt-BR\",\"potentialAction\":[{\"@type\":\"CommentAction\",\"name\":\"Comment\",\"target\":[\"https:\/\/www.oarcanjo.net\/site\/vida-e-obra-de-dom-helder-podem-ser-apreciadas-nas-circulares-conciliares\/#respond\"]}]},{\"@type\":\"WebPage\",\"@id\":\"https:\/\/www.oarcanjo.net\/site\/vida-e-obra-de-dom-helder-podem-ser-apreciadas-nas-circulares-conciliares\/\",\"url\":\"https:\/\/www.oarcanjo.net\/site\/vida-e-obra-de-dom-helder-podem-ser-apreciadas-nas-circulares-conciliares\/\",\"name\":\"Vida e obra de Dom Helder podem ser apreciadas nas Circulares Conciliares - O Arcanjo no ar\",\"isPartOf\":{\"@id\":\"https:\/\/www.oarcanjo.net\/site\/#website\"},\"datePublished\":\"2009-04-18T22:34:03+00:00\",\"dateModified\":\"2009-04-18T22:34:03+00:00\",\"breadcrumb\":{\"@id\":\"https:\/\/www.oarcanjo.net\/site\/vida-e-obra-de-dom-helder-podem-ser-apreciadas-nas-circulares-conciliares\/#breadcrumb\"},\"inLanguage\":\"pt-BR\",\"potentialAction\":[{\"@type\":\"ReadAction\",\"target\":[\"https:\/\/www.oarcanjo.net\/site\/vida-e-obra-de-dom-helder-podem-ser-apreciadas-nas-circulares-conciliares\/\"]}]},{\"@type\":\"BreadcrumbList\",\"@id\":\"https:\/\/www.oarcanjo.net\/site\/vida-e-obra-de-dom-helder-podem-ser-apreciadas-nas-circulares-conciliares\/#breadcrumb\",\"itemListElement\":[{\"@type\":\"ListItem\",\"position\":1,\"name\":\"In\u00edcio\",\"item\":\"https:\/\/www.oarcanjo.net\/site\/\"},{\"@type\":\"ListItem\",\"position\":2,\"name\":\"Vida e obra de Dom Helder podem ser apreciadas nas Circulares Conciliares\"}]},{\"@type\":\"WebSite\",\"@id\":\"https:\/\/www.oarcanjo.net\/site\/#website\",\"url\":\"https:\/\/www.oarcanjo.net\/site\/\",\"name\":\"O Arcanjo no ar\",\"description\":\"Site da Par\u00f3quia S\u00e3o Miguel Arcanjo (Arquidiocese de SP)\",\"publisher\":{\"@id\":\"https:\/\/www.oarcanjo.net\/site\/#organization\"},\"potentialAction\":[{\"@type\":\"SearchAction\",\"target\":{\"@type\":\"EntryPoint\",\"urlTemplate\":\"https:\/\/www.oarcanjo.net\/site\/?s={search_term_string}\"},\"query-input\":{\"@type\":\"PropertyValueSpecification\",\"valueRequired\":true,\"valueName\":\"search_term_string\"}}],\"inLanguage\":\"pt-BR\"},{\"@type\":\"Organization\",\"@id\":\"https:\/\/www.oarcanjo.net\/site\/#organization\",\"name\":\"Par\u00f3quia S\u00e3o Miguel Arcanjo\",\"url\":\"https:\/\/www.oarcanjo.net\/site\/\",\"logo\":{\"@type\":\"ImageObject\",\"inLanguage\":\"pt-BR\",\"@id\":\"https:\/\/www.oarcanjo.net\/site\/#\/schema\/logo\/image\/\",\"url\":\"https:\/\/www.oarcanjo.net\/site\/wp-content\/uploads\/LogoOArcanjo.png\",\"contentUrl\":\"https:\/\/www.oarcanjo.net\/site\/wp-content\/uploads\/LogoOArcanjo.png\",\"width\":319,\"height\":99,\"caption\":\"Par\u00f3quia S\u00e3o Miguel Arcanjo\"},\"image\":{\"@id\":\"https:\/\/www.oarcanjo.net\/site\/#\/schema\/logo\/image\/\"},\"sameAs\":[\"https:\/\/www.facebook.com\/OArcanjoNoAr\/\"]},{\"@type\":\"Person\",\"@id\":\"https:\/\/www.oarcanjo.net\/site\/#\/schema\/person\/f7024d007863202483a31326673a0838\",\"name\":\"editor\",\"sameAs\":[\"http:\/\/www.oarcanjo.net\"]}]}<\/script>\n<!-- \/ Yoast SEO plugin. -->","yoast_head_json":{"title":"Vida e obra de Dom Helder podem ser apreciadas nas Circulares Conciliares - O Arcanjo no ar","robots":{"index":"index","follow":"follow","max-snippet":"max-snippet:-1","max-image-preview":"max-image-preview:large","max-video-preview":"max-video-preview:-1"},"canonical":"https:\/\/www.oarcanjo.net\/site\/vida-e-obra-de-dom-helder-podem-ser-apreciadas-nas-circulares-conciliares\/","og_locale":"pt_BR","og_type":"article","og_title":"Vida e obra de Dom Helder podem ser apreciadas nas Circulares Conciliares - O Arcanjo no ar","og_description":"A riqueza do vasto acervo de Dom Helder Camara oferece \u00e0 popula\u00e7\u00e3o, no ano de seu centen\u00e1rio, cada vez mais obras cheias de detalhes, sensibilidade e ensinamento. No \u00faltimo dia 14 foi lan\u00e7ada em Recife (PE) a colet\u00e2nea &#8220;Circulares Conciliares&#8221;, que resgata as cartas escritas pelo religioso aos seus assessores, no per\u00edodo de 1962 a [&hellip;]","og_url":"https:\/\/www.oarcanjo.net\/site\/vida-e-obra-de-dom-helder-podem-ser-apreciadas-nas-circulares-conciliares\/","og_site_name":"O Arcanjo no ar","article_publisher":"https:\/\/www.facebook.com\/OArcanjoNoAr\/","article_published_time":"2009-04-18T22:34:03+00:00","og_image":[{"width":300,"height":300,"url":"https:\/\/www.oarcanjo.net\/site\/wp-content\/uploads\/logo-o-arcanjo-no-ar-facebook.png","type":"image\/png"}],"author":"editor","twitter_card":"summary_large_image","twitter_misc":{"Escrito por":"editor","Est. tempo de leitura":"2 minutos"},"schema":{"@context":"https:\/\/schema.org","@graph":[{"@type":"Article","@id":"https:\/\/www.oarcanjo.net\/site\/vida-e-obra-de-dom-helder-podem-ser-apreciadas-nas-circulares-conciliares\/#article","isPartOf":{"@id":"https:\/\/www.oarcanjo.net\/site\/vida-e-obra-de-dom-helder-podem-ser-apreciadas-nas-circulares-conciliares\/"},"author":{"name":"editor","@id":"https:\/\/www.oarcanjo.net\/site\/#\/schema\/person\/f7024d007863202483a31326673a0838"},"headline":"Vida e obra de Dom Helder podem ser apreciadas nas Circulares Conciliares","datePublished":"2009-04-18T22:34:03+00:00","dateModified":"2009-04-18T22:34:03+00:00","mainEntityOfPage":{"@id":"https:\/\/www.oarcanjo.net\/site\/vida-e-obra-de-dom-helder-podem-ser-apreciadas-nas-circulares-conciliares\/"},"wordCount":341,"commentCount":1,"publisher":{"@id":"https:\/\/www.oarcanjo.net\/site\/#organization"},"keywords":["Conc\u00edlio Vaticano II","D. Helder Camara"],"articleSection":["D. Helder C\u00e2mara"],"inLanguage":"pt-BR","potentialAction":[{"@type":"CommentAction","name":"Comment","target":["https:\/\/www.oarcanjo.net\/site\/vida-e-obra-de-dom-helder-podem-ser-apreciadas-nas-circulares-conciliares\/#respond"]}]},{"@type":"WebPage","@id":"https:\/\/www.oarcanjo.net\/site\/vida-e-obra-de-dom-helder-podem-ser-apreciadas-nas-circulares-conciliares\/","url":"https:\/\/www.oarcanjo.net\/site\/vida-e-obra-de-dom-helder-podem-ser-apreciadas-nas-circulares-conciliares\/","name":"Vida e obra de Dom Helder podem ser apreciadas nas Circulares Conciliares - O Arcanjo no ar","isPartOf":{"@id":"https:\/\/www.oarcanjo.net\/site\/#website"},"datePublished":"2009-04-18T22:34:03+00:00","dateModified":"2009-04-18T22:34:03+00:00","breadcrumb":{"@id":"https:\/\/www.oarcanjo.net\/site\/vida-e-obra-de-dom-helder-podem-ser-apreciadas-nas-circulares-conciliares\/#breadcrumb"},"inLanguage":"pt-BR","potentialAction":[{"@type":"ReadAction","target":["https:\/\/www.oarcanjo.net\/site\/vida-e-obra-de-dom-helder-podem-ser-apreciadas-nas-circulares-conciliares\/"]}]},{"@type":"BreadcrumbList","@id":"https:\/\/www.oarcanjo.net\/site\/vida-e-obra-de-dom-helder-podem-ser-apreciadas-nas-circulares-conciliares\/#breadcrumb","itemListElement":[{"@type":"ListItem","position":1,"name":"In\u00edcio","item":"https:\/\/www.oarcanjo.net\/site\/"},{"@type":"ListItem","position":2,"name":"Vida e obra de Dom Helder podem ser apreciadas nas Circulares Conciliares"}]},{"@type":"WebSite","@id":"https:\/\/www.oarcanjo.net\/site\/#website","url":"https:\/\/www.oarcanjo.net\/site\/","name":"O Arcanjo no ar","description":"Site da Par\u00f3quia S\u00e3o Miguel Arcanjo (Arquidiocese de SP)","publisher":{"@id":"https:\/\/www.oarcanjo.net\/site\/#organization"},"potentialAction":[{"@type":"SearchAction","target":{"@type":"EntryPoint","urlTemplate":"https:\/\/www.oarcanjo.net\/site\/?s={search_term_string}"},"query-input":{"@type":"PropertyValueSpecification","valueRequired":true,"valueName":"search_term_string"}}],"inLanguage":"pt-BR"},{"@type":"Organization","@id":"https:\/\/www.oarcanjo.net\/site\/#organization","name":"Par\u00f3quia S\u00e3o Miguel Arcanjo","url":"https:\/\/www.oarcanjo.net\/site\/","logo":{"@type":"ImageObject","inLanguage":"pt-BR","@id":"https:\/\/www.oarcanjo.net\/site\/#\/schema\/logo\/image\/","url":"https:\/\/www.oarcanjo.net\/site\/wp-content\/uploads\/LogoOArcanjo.png","contentUrl":"https:\/\/www.oarcanjo.net\/site\/wp-content\/uploads\/LogoOArcanjo.png","width":319,"height":99,"caption":"Par\u00f3quia S\u00e3o Miguel Arcanjo"},"image":{"@id":"https:\/\/www.oarcanjo.net\/site\/#\/schema\/logo\/image\/"},"sameAs":["https:\/\/www.facebook.com\/OArcanjoNoAr\/"]},{"@type":"Person","@id":"https:\/\/www.oarcanjo.net\/site\/#\/schema\/person\/f7024d007863202483a31326673a0838","name":"editor","sameAs":["http:\/\/www.oarcanjo.net"]}]}},"publishpress_future_action":{"enabled":false,"date":"2026-05-07 17:02:43","action":"category","newStatus":"draft","terms":[],"taxonomy":"category"},"publishpress_future_workflow_manual_trigger":{"enabledWorkflows":[]},"_links":{"self":[{"href":"https:\/\/www.oarcanjo.net\/site\/wp-json\/wp\/v2\/posts\/2941"}],"collection":[{"href":"https:\/\/www.oarcanjo.net\/site\/wp-json\/wp\/v2\/posts"}],"about":[{"href":"https:\/\/www.oarcanjo.net\/site\/wp-json\/wp\/v2\/types\/post"}],"author":[{"embeddable":true,"href":"https:\/\/www.oarcanjo.net\/site\/wp-json\/wp\/v2\/users\/5"}],"replies":[{"embeddable":true,"href":"https:\/\/www.oarcanjo.net\/site\/wp-json\/wp\/v2\/comments?post=2941"}],"version-history":[{"count":0,"href":"https:\/\/www.oarcanjo.net\/site\/wp-json\/wp\/v2\/posts\/2941\/revisions"}],"wp:attachment":[{"href":"https:\/\/www.oarcanjo.net\/site\/wp-json\/wp\/v2\/media?parent=2941"}],"wp:term":[{"taxonomy":"category","embeddable":true,"href":"https:\/\/www.oarcanjo.net\/site\/wp-json\/wp\/v2\/categories?post=2941"},{"taxonomy":"post_tag","embeddable":true,"href":"https:\/\/www.oarcanjo.net\/site\/wp-json\/wp\/v2\/tags?post=2941"}],"curies":[{"name":"wp","href":"https:\/\/api.w.org\/{rel}","templated":true}]}}