
{"id":2945,"date":"2009-04-18T19:42:50","date_gmt":"2009-04-18T22:42:50","guid":{"rendered":"http:\/\/www.oarcanjo.net\/site\/?p=2945"},"modified":"2009-04-18T19:42:50","modified_gmt":"2009-04-18T22:42:50","slug":"novo-modelo-de-sociedade","status":"publish","type":"post","link":"https:\/\/www.oarcanjo.net\/site\/novo-modelo-de-sociedade\/","title":{"rendered":"Novo modelo de sociedade"},"content":{"rendered":"<p>Frei Betto<\/p>\n<p>Ao participar do F\u00f3rum Econ\u00f4mico Mundial para a Am\u00e9rica Latina, a 15 de abril, no Rio, indaguei: diante da atual crise financeira, trata-se de salvar o capitalismo ou a humanidade? A resposta \u00e9 aparentemente \u00f3bvia. Por que o adv\u00e9rbio de modo? Por uma simples raz\u00e3o: n\u00e3o s\u00e3o poucos os que acreditam que fora do capitalismo a humanidade n\u00e3o tem futuro. Mas teve passado? <\/p>\n<p>Em cerca de 200 anos de predomin\u00e2ncia do capitalismo, o balan\u00e7o \u00e9 excelente se considerarmos a qualidade de vida de 20% da popula\u00e7\u00e3o mundial que vivem nos pa\u00edses ricos do hemisf\u00e9rio Norte. E os restantes 80%? Excelente tamb\u00e9m para bancos e grandes empresas. Por\u00e9m, como explicar, \u00e0 luz dos princ\u00edpios \u00e9ticos e humanit\u00e1rios mais elementares, estes dados da ONU e da FAO: de 6,5 bilh\u00f5es de pessoas que habitam hoje o planeta, cerca de 4 bilh\u00f5es vivem abaixo da linha da pobreza, dos quais 1,3 bilh\u00e3o abaixo da linha da mis\u00e9ria. E 950 milh\u00f5es sofrem desnutri\u00e7\u00e3o cr\u00f4nica.   <\/p>\n<p>Se queremos tirar algum proveito da atual crise financeira, devemos pensar como mudar o rumo da hist\u00f3ria, e n\u00e3o apenas como salvar empresas, bancos e pa\u00edses insolventes. Devemos ir \u00e0 raiz dos problemas e avan\u00e7ar o mais rapidamente poss\u00edvel na constru\u00e7\u00e3o de uma sociedade baseada na satisfa\u00e7\u00e3o das necessidades sociais, de respeito aos direitos da natureza e de participa\u00e7\u00e3o popular num contexto de liberdades pol\u00edticas.<\/p>\n<p>O desafio consiste em construir um novo modelo econ\u00f4mico e social que coloque as finan\u00e7as a servi\u00e7o de um novo sistema democr\u00e1tico, fundado na satisfa\u00e7\u00e3o de todos os direitos humanos: o trabalho decente, a soberania alimentar, o respeito ao meio ambiente, a diversidade cultural, a economia social e solid\u00e1ria, e um novo conceito de riqueza.<\/p>\n<p>A atual crise financeira \u00e9 sist\u00eamica, de civiliza\u00e7\u00e3o, a exigir novos paradigmas. Se o per\u00edodo medieval teve como paradigma a f\u00e9; o moderno, a raz\u00e3o; o p\u00f3s-moderno n\u00e3o pode cometer o equ\u00edvoco de erigir o mercado em paradigma. Estamos todos em meio a uma crise que n\u00e3o \u00e9 apenas financeira, \u00e9 tamb\u00e9m alimentar, ambiental, energ\u00e9tica, migrat\u00f3ria, social e pol\u00edtica. Trata-se de uma crise profunda, que p\u00f5e em xeque a forma de produzir, comercializar e consumir. O modo de ser humano. Uma crise de valores.<\/p>\n<p>Desacelerada a ciranda financeira, in\u00fatil os governos tentarem converter o dinheiro do contribuinte em boia de salva\u00e7\u00e3o de conglomerados privados insolventes. A crise exige que se encontre uma sa\u00edda capaz de superar o sistema econ\u00f4mico que agrava a desigualdade social, favorece a xenofobia e o racismo, criminaliza os movimentos sociais e gera viol\u00eancia. Sistema que se empenha em priorizar a apropria\u00e7\u00e3o privada dos lucros acima dos direitos humanos universais; a propriedade particular acima do bem comum; e insiste em reduzir as pessoas \u00e0 condi\u00e7\u00e3o de consumistas, e n\u00e3o em promov\u00ea-las \u00e0 dignidade de cidad\u00e3os.<\/p>\n<p>H\u00e1 que transformar a ONU, reformada e democratizada, no f\u00f3rum id\u00f4neo para articular as respostas e solu\u00e7\u00f5es \u00e0 atual crise. Urge implementar mecanismos internacionais de controle do movimento de capitais; de regular o livre com\u00e9rcio; de p\u00f4r fim \u00e0  supremacia do d\u00f3lar e aos para\u00edsos fiscais; e assegurar a estabilidade financeira em \u00e2mbito mundial.<\/p>\n<p>N\u00e3o haveremos de encontrar sa\u00edda se n\u00e3o nos dermos conta de que novos valores devem ser rigorosamente assumidos, como tornar moralmente inaceit\u00e1vel a pobreza absoluta, em especial na forma de fome e desnutri\u00e7\u00e3o. \u00c9 preciso construir uma cultura pol\u00edtica de partilha dos bens da Terra e dos frutos do trabalho humano, e passar da globocoloniza\u00e7\u00e3o \u00e0 globaliza\u00e7\u00e3o da solidariedade.<\/p>\n<p>As Metas do Mil\u00eanio e, em especial, os sete objetivos b\u00e1sicos do Programa das Na\u00e7\u00f5es Unidas para o Desenvolvimento, de 1995, devem servir de base a um pacto para uma nova civiliza\u00e7\u00e3o: 1) Escolaridade prim\u00e1ria universal; 2) Redu\u00e7\u00e3o imediata do analfabetismo de adultos em 50%; 3) Aten\u00e7\u00e3o prim\u00e1ria de sa\u00fade para todos; 4) Elimina\u00e7\u00e3o da desnutri\u00e7\u00e3o grave e redu\u00e7\u00e3o da moderada em 50%; 5) Servi\u00e7os de planifica\u00e7\u00e3o familiar; 6) \u00c1gua apta para o consumo ao alcance de todos; 7) Cr\u00e9ditos a juros baixos para empresas sociais.<\/p>\n<p>A experi\u00eancia hist\u00f3rica demonstra que a efetiva\u00e7\u00e3o dessas metas exige transforma\u00e7\u00f5es estruturais profundas no modelo de sociedade que predomina hoje, de modo a reduzir significativamente as profundas assimetrias entre na\u00e7\u00f5es e desigualdades entre pessoas.<\/p>\n<div id=\"themify_builder_content-2945\" data-postid=\"2945\" class=\"themify_builder_content themify_builder_content-2945 themify_builder themify_builder_front\">\n\t<\/div>\n<!-- \/themify_builder_content -->","protected":false},"excerpt":{"rendered":"<p>Frei Betto Ao participar do F\u00f3rum Econ\u00f4mico Mundial para a Am\u00e9rica Latina, a 15 de abril, no Rio, indaguei: diante da atual crise financeira, trata-se de salvar o capitalismo ou a humanidade? A resposta \u00e9 aparentemente \u00f3bvia. Por que o adv\u00e9rbio de modo? Por uma simples raz\u00e3o: n\u00e3o s\u00e3o poucos os que acreditam que fora [&hellip;]<\/p>\n","protected":false},"author":5,"featured_media":0,"comment_status":"open","ping_status":"open","sticky":false,"template":"","format":"standard","meta":{"ngg_post_thumbnail":0,"footnotes":""},"categories":[9],"tags":[36,508,354,509,244,511,510,37],"yoast_head":"<!-- This site is optimized with the Yoast SEO plugin v23.5 - https:\/\/yoast.com\/wordpress\/plugins\/seo\/ -->\n<title>Novo modelo de sociedade - O Arcanjo no ar<\/title>\n<meta name=\"robots\" content=\"index, follow, max-snippet:-1, max-image-preview:large, max-video-preview:-1\" \/>\n<link rel=\"canonical\" href=\"https:\/\/www.oarcanjo.net\/site\/novo-modelo-de-sociedade\/\" \/>\n<meta property=\"og:locale\" content=\"pt_BR\" \/>\n<meta property=\"og:type\" content=\"article\" \/>\n<meta property=\"og:title\" content=\"Novo modelo de sociedade - O Arcanjo no ar\" \/>\n<meta property=\"og:description\" content=\"Frei Betto Ao participar do F\u00f3rum Econ\u00f4mico Mundial para a Am\u00e9rica Latina, a 15 de abril, no Rio, indaguei: diante da atual crise financeira, trata-se de salvar o capitalismo ou a humanidade? A resposta \u00e9 aparentemente \u00f3bvia. Por que o adv\u00e9rbio de modo? Por uma simples raz\u00e3o: n\u00e3o s\u00e3o poucos os que acreditam que fora [&hellip;]\" \/>\n<meta property=\"og:url\" content=\"https:\/\/www.oarcanjo.net\/site\/novo-modelo-de-sociedade\/\" \/>\n<meta property=\"og:site_name\" content=\"O Arcanjo no ar\" \/>\n<meta property=\"article:publisher\" content=\"https:\/\/www.facebook.com\/OArcanjoNoAr\/\" \/>\n<meta property=\"article:published_time\" content=\"2009-04-18T22:42:50+00:00\" \/>\n<meta property=\"og:image\" content=\"https:\/\/www.oarcanjo.net\/site\/wp-content\/uploads\/logo-o-arcanjo-no-ar-facebook.png\" \/>\n\t<meta property=\"og:image:width\" content=\"300\" \/>\n\t<meta property=\"og:image:height\" content=\"300\" \/>\n\t<meta property=\"og:image:type\" content=\"image\/png\" \/>\n<meta name=\"author\" content=\"editor\" \/>\n<meta name=\"twitter:card\" content=\"summary_large_image\" \/>\n<meta name=\"twitter:label1\" content=\"Escrito por\" \/>\n\t<meta name=\"twitter:data1\" content=\"editor\" \/>\n\t<meta name=\"twitter:label2\" content=\"Est. tempo de leitura\" \/>\n\t<meta name=\"twitter:data2\" content=\"4 minutos\" \/>\n<script type=\"application\/ld+json\" class=\"yoast-schema-graph\">{\"@context\":\"https:\/\/schema.org\",\"@graph\":[{\"@type\":\"Article\",\"@id\":\"https:\/\/www.oarcanjo.net\/site\/novo-modelo-de-sociedade\/#article\",\"isPartOf\":{\"@id\":\"https:\/\/www.oarcanjo.net\/site\/novo-modelo-de-sociedade\/\"},\"author\":{\"name\":\"editor\",\"@id\":\"https:\/\/www.oarcanjo.net\/site\/#\/schema\/person\/f7024d007863202483a31326673a0838\"},\"headline\":\"Novo modelo de sociedade\",\"datePublished\":\"2009-04-18T22:42:50+00:00\",\"dateModified\":\"2009-04-18T22:42:50+00:00\",\"mainEntityOfPage\":{\"@id\":\"https:\/\/www.oarcanjo.net\/site\/novo-modelo-de-sociedade\/\"},\"wordCount\":763,\"commentCount\":0,\"publisher\":{\"@id\":\"https:\/\/www.oarcanjo.net\/site\/#organization\"},\"keywords\":[\"crise\",\"desigualdade social\",\"humanismo\",\"Metas do Mil\u00eanio\",\"mis\u00e9ria\",\"ONU\",\"PNUD\",\"pobreza\"],\"articleSection\":[\"Reflex\u00f5es\"],\"inLanguage\":\"pt-BR\",\"potentialAction\":[{\"@type\":\"CommentAction\",\"name\":\"Comment\",\"target\":[\"https:\/\/www.oarcanjo.net\/site\/novo-modelo-de-sociedade\/#respond\"]}]},{\"@type\":\"WebPage\",\"@id\":\"https:\/\/www.oarcanjo.net\/site\/novo-modelo-de-sociedade\/\",\"url\":\"https:\/\/www.oarcanjo.net\/site\/novo-modelo-de-sociedade\/\",\"name\":\"Novo modelo de sociedade - O Arcanjo no ar\",\"isPartOf\":{\"@id\":\"https:\/\/www.oarcanjo.net\/site\/#website\"},\"datePublished\":\"2009-04-18T22:42:50+00:00\",\"dateModified\":\"2009-04-18T22:42:50+00:00\",\"breadcrumb\":{\"@id\":\"https:\/\/www.oarcanjo.net\/site\/novo-modelo-de-sociedade\/#breadcrumb\"},\"inLanguage\":\"pt-BR\",\"potentialAction\":[{\"@type\":\"ReadAction\",\"target\":[\"https:\/\/www.oarcanjo.net\/site\/novo-modelo-de-sociedade\/\"]}]},{\"@type\":\"BreadcrumbList\",\"@id\":\"https:\/\/www.oarcanjo.net\/site\/novo-modelo-de-sociedade\/#breadcrumb\",\"itemListElement\":[{\"@type\":\"ListItem\",\"position\":1,\"name\":\"In\u00edcio\",\"item\":\"https:\/\/www.oarcanjo.net\/site\/\"},{\"@type\":\"ListItem\",\"position\":2,\"name\":\"Novo modelo de sociedade\"}]},{\"@type\":\"WebSite\",\"@id\":\"https:\/\/www.oarcanjo.net\/site\/#website\",\"url\":\"https:\/\/www.oarcanjo.net\/site\/\",\"name\":\"O Arcanjo no ar\",\"description\":\"Site da Par\u00f3quia S\u00e3o Miguel Arcanjo (Arquidiocese de SP)\",\"publisher\":{\"@id\":\"https:\/\/www.oarcanjo.net\/site\/#organization\"},\"potentialAction\":[{\"@type\":\"SearchAction\",\"target\":{\"@type\":\"EntryPoint\",\"urlTemplate\":\"https:\/\/www.oarcanjo.net\/site\/?s={search_term_string}\"},\"query-input\":{\"@type\":\"PropertyValueSpecification\",\"valueRequired\":true,\"valueName\":\"search_term_string\"}}],\"inLanguage\":\"pt-BR\"},{\"@type\":\"Organization\",\"@id\":\"https:\/\/www.oarcanjo.net\/site\/#organization\",\"name\":\"Par\u00f3quia S\u00e3o Miguel Arcanjo\",\"url\":\"https:\/\/www.oarcanjo.net\/site\/\",\"logo\":{\"@type\":\"ImageObject\",\"inLanguage\":\"pt-BR\",\"@id\":\"https:\/\/www.oarcanjo.net\/site\/#\/schema\/logo\/image\/\",\"url\":\"https:\/\/www.oarcanjo.net\/site\/wp-content\/uploads\/LogoOArcanjo.png\",\"contentUrl\":\"https:\/\/www.oarcanjo.net\/site\/wp-content\/uploads\/LogoOArcanjo.png\",\"width\":319,\"height\":99,\"caption\":\"Par\u00f3quia S\u00e3o Miguel Arcanjo\"},\"image\":{\"@id\":\"https:\/\/www.oarcanjo.net\/site\/#\/schema\/logo\/image\/\"},\"sameAs\":[\"https:\/\/www.facebook.com\/OArcanjoNoAr\/\"]},{\"@type\":\"Person\",\"@id\":\"https:\/\/www.oarcanjo.net\/site\/#\/schema\/person\/f7024d007863202483a31326673a0838\",\"name\":\"editor\",\"sameAs\":[\"http:\/\/www.oarcanjo.net\"]}]}<\/script>\n<!-- \/ Yoast SEO plugin. -->","yoast_head_json":{"title":"Novo modelo de sociedade - O Arcanjo no ar","robots":{"index":"index","follow":"follow","max-snippet":"max-snippet:-1","max-image-preview":"max-image-preview:large","max-video-preview":"max-video-preview:-1"},"canonical":"https:\/\/www.oarcanjo.net\/site\/novo-modelo-de-sociedade\/","og_locale":"pt_BR","og_type":"article","og_title":"Novo modelo de sociedade - O Arcanjo no ar","og_description":"Frei Betto Ao participar do F\u00f3rum Econ\u00f4mico Mundial para a Am\u00e9rica Latina, a 15 de abril, no Rio, indaguei: diante da atual crise financeira, trata-se de salvar o capitalismo ou a humanidade? A resposta \u00e9 aparentemente \u00f3bvia. Por que o adv\u00e9rbio de modo? Por uma simples raz\u00e3o: n\u00e3o s\u00e3o poucos os que acreditam que fora [&hellip;]","og_url":"https:\/\/www.oarcanjo.net\/site\/novo-modelo-de-sociedade\/","og_site_name":"O Arcanjo no ar","article_publisher":"https:\/\/www.facebook.com\/OArcanjoNoAr\/","article_published_time":"2009-04-18T22:42:50+00:00","og_image":[{"width":300,"height":300,"url":"https:\/\/www.oarcanjo.net\/site\/wp-content\/uploads\/logo-o-arcanjo-no-ar-facebook.png","type":"image\/png"}],"author":"editor","twitter_card":"summary_large_image","twitter_misc":{"Escrito por":"editor","Est. tempo de leitura":"4 minutos"},"schema":{"@context":"https:\/\/schema.org","@graph":[{"@type":"Article","@id":"https:\/\/www.oarcanjo.net\/site\/novo-modelo-de-sociedade\/#article","isPartOf":{"@id":"https:\/\/www.oarcanjo.net\/site\/novo-modelo-de-sociedade\/"},"author":{"name":"editor","@id":"https:\/\/www.oarcanjo.net\/site\/#\/schema\/person\/f7024d007863202483a31326673a0838"},"headline":"Novo modelo de sociedade","datePublished":"2009-04-18T22:42:50+00:00","dateModified":"2009-04-18T22:42:50+00:00","mainEntityOfPage":{"@id":"https:\/\/www.oarcanjo.net\/site\/novo-modelo-de-sociedade\/"},"wordCount":763,"commentCount":0,"publisher":{"@id":"https:\/\/www.oarcanjo.net\/site\/#organization"},"keywords":["crise","desigualdade social","humanismo","Metas do Mil\u00eanio","mis\u00e9ria","ONU","PNUD","pobreza"],"articleSection":["Reflex\u00f5es"],"inLanguage":"pt-BR","potentialAction":[{"@type":"CommentAction","name":"Comment","target":["https:\/\/www.oarcanjo.net\/site\/novo-modelo-de-sociedade\/#respond"]}]},{"@type":"WebPage","@id":"https:\/\/www.oarcanjo.net\/site\/novo-modelo-de-sociedade\/","url":"https:\/\/www.oarcanjo.net\/site\/novo-modelo-de-sociedade\/","name":"Novo modelo de sociedade - O Arcanjo no ar","isPartOf":{"@id":"https:\/\/www.oarcanjo.net\/site\/#website"},"datePublished":"2009-04-18T22:42:50+00:00","dateModified":"2009-04-18T22:42:50+00:00","breadcrumb":{"@id":"https:\/\/www.oarcanjo.net\/site\/novo-modelo-de-sociedade\/#breadcrumb"},"inLanguage":"pt-BR","potentialAction":[{"@type":"ReadAction","target":["https:\/\/www.oarcanjo.net\/site\/novo-modelo-de-sociedade\/"]}]},{"@type":"BreadcrumbList","@id":"https:\/\/www.oarcanjo.net\/site\/novo-modelo-de-sociedade\/#breadcrumb","itemListElement":[{"@type":"ListItem","position":1,"name":"In\u00edcio","item":"https:\/\/www.oarcanjo.net\/site\/"},{"@type":"ListItem","position":2,"name":"Novo modelo de sociedade"}]},{"@type":"WebSite","@id":"https:\/\/www.oarcanjo.net\/site\/#website","url":"https:\/\/www.oarcanjo.net\/site\/","name":"O Arcanjo no ar","description":"Site da Par\u00f3quia S\u00e3o Miguel Arcanjo (Arquidiocese de SP)","publisher":{"@id":"https:\/\/www.oarcanjo.net\/site\/#organization"},"potentialAction":[{"@type":"SearchAction","target":{"@type":"EntryPoint","urlTemplate":"https:\/\/www.oarcanjo.net\/site\/?s={search_term_string}"},"query-input":{"@type":"PropertyValueSpecification","valueRequired":true,"valueName":"search_term_string"}}],"inLanguage":"pt-BR"},{"@type":"Organization","@id":"https:\/\/www.oarcanjo.net\/site\/#organization","name":"Par\u00f3quia S\u00e3o Miguel Arcanjo","url":"https:\/\/www.oarcanjo.net\/site\/","logo":{"@type":"ImageObject","inLanguage":"pt-BR","@id":"https:\/\/www.oarcanjo.net\/site\/#\/schema\/logo\/image\/","url":"https:\/\/www.oarcanjo.net\/site\/wp-content\/uploads\/LogoOArcanjo.png","contentUrl":"https:\/\/www.oarcanjo.net\/site\/wp-content\/uploads\/LogoOArcanjo.png","width":319,"height":99,"caption":"Par\u00f3quia S\u00e3o Miguel Arcanjo"},"image":{"@id":"https:\/\/www.oarcanjo.net\/site\/#\/schema\/logo\/image\/"},"sameAs":["https:\/\/www.facebook.com\/OArcanjoNoAr\/"]},{"@type":"Person","@id":"https:\/\/www.oarcanjo.net\/site\/#\/schema\/person\/f7024d007863202483a31326673a0838","name":"editor","sameAs":["http:\/\/www.oarcanjo.net"]}]}},"publishpress_future_action":{"enabled":false,"date":"2026-05-08 17:53:41","action":"category","newStatus":"draft","terms":[],"taxonomy":"category"},"publishpress_future_workflow_manual_trigger":{"enabledWorkflows":[]},"_links":{"self":[{"href":"https:\/\/www.oarcanjo.net\/site\/wp-json\/wp\/v2\/posts\/2945"}],"collection":[{"href":"https:\/\/www.oarcanjo.net\/site\/wp-json\/wp\/v2\/posts"}],"about":[{"href":"https:\/\/www.oarcanjo.net\/site\/wp-json\/wp\/v2\/types\/post"}],"author":[{"embeddable":true,"href":"https:\/\/www.oarcanjo.net\/site\/wp-json\/wp\/v2\/users\/5"}],"replies":[{"embeddable":true,"href":"https:\/\/www.oarcanjo.net\/site\/wp-json\/wp\/v2\/comments?post=2945"}],"version-history":[{"count":0,"href":"https:\/\/www.oarcanjo.net\/site\/wp-json\/wp\/v2\/posts\/2945\/revisions"}],"wp:attachment":[{"href":"https:\/\/www.oarcanjo.net\/site\/wp-json\/wp\/v2\/media?parent=2945"}],"wp:term":[{"taxonomy":"category","embeddable":true,"href":"https:\/\/www.oarcanjo.net\/site\/wp-json\/wp\/v2\/categories?post=2945"},{"taxonomy":"post_tag","embeddable":true,"href":"https:\/\/www.oarcanjo.net\/site\/wp-json\/wp\/v2\/tags?post=2945"}],"curies":[{"name":"wp","href":"https:\/\/api.w.org\/{rel}","templated":true}]}}