
{"id":2947,"date":"2009-04-18T19:46:11","date_gmt":"2009-04-18T22:46:11","guid":{"rendered":"http:\/\/www.oarcanjo.net\/site\/?p=2947"},"modified":"2009-04-18T19:46:11","modified_gmt":"2009-04-18T22:46:11","slug":"cnbb-em-ritmo-de-pascoa","status":"publish","type":"post","link":"https:\/\/www.oarcanjo.net\/site\/cnbb-em-ritmo-de-pascoa\/","title":{"rendered":"CNBB em ritmo de P\u00e1scoa"},"content":{"rendered":"<p>Dom Dem\u00e9trio Valentini<\/p>\n<p>De 22 de abril a primeiro de maio a CNBB estar\u00e1 realizando sua 47\u00aa. Assembl\u00e9ia anual. A data \u00e9 determinada pela P\u00e1scoa. Nesta \u00e9poca, em cada ano, os bispos v\u00eam chegando das 270 dioceses do Brasil, para o seu encontro de dez dias.<\/p>\n<p>Observadas as circunst\u00e2ncias, \u00e9 o tempo mais prop\u00edcio para reunir os bispos. Em primeiro lugar, porque na p\u00e1scoa cada bispo se encontra em sua respectiva diocese, onde sua presen\u00e7a \u00e9 indispens\u00e1vel para a realiza\u00e7\u00e3o das grandes celebra\u00e7\u00f5es que lhe cabe presidir por dever de of\u00edcio. Se \u00e9 para convocar os bispos, \u00e9 na p\u00e1scoa que os encontramos em casa.<\/p>\n<p>Mas a assembl\u00e9ia da CNBB em tempo de p\u00e1scoa n\u00e3o \u00e9 ditada s\u00f3 pela conveni\u00eancia de \u00e9poca. A reuni\u00e3o de todos os bispos tem uma evidente semelhan\u00e7a com os acontecimentos do dia da ressurrei\u00e7\u00e3o.<br \/>\nA cruz tinha desnorteado os ap\u00f3stolos, e o germe da dispers\u00e3o j\u00e1 corro\u00eda os v\u00ednculos da comunh\u00e3o ente eles. No primeiro dia ap\u00f3s o s\u00e1bado, alguns j\u00e1 estavam se mandando de volta \u00e0s suas antigas moradias, curtindo a frustra\u00e7\u00e3o de suas esperan\u00e7as, como os disc\u00edpulos de Ema\u00fas.<\/p>\n<p>Mas a not\u00edcia da ressurrei\u00e7\u00e3o aos poucos foi de novo congregando os disc\u00edpulos, tecendo entre eles um novo compromisso e uma nova consci\u00eancia de serem deposit\u00e1rios de uma causa que era preciso assumir e levar adiante. A ressurrei\u00e7\u00e3o, na verdade, foi dando firmeza \u00e0 Igreja, que a partir daquele dia foi se consolidando, e foi tomando consist\u00eancia, toda ela derivada de Jesus Cristo, que ent\u00e3o come\u00e7ou na verdade a ser compreendido na sua dimens\u00e3o divina e na sua miss\u00e3o salvadora.<\/p>\n<p>Assim continua acontecendo hoje. \u00c9 ainda em Cristo Ressuscitado que a Igreja busca for\u00e7a para se reconhecer e para assumir a miss\u00e3o a ela confiada. Por isto, \u00e9 muito significativo que depois da P\u00e1scoa os bispos se congreguem em assembl\u00e9ia, para de novo se sentirem reunidos em torno de Cristo, e dele receberem a paz, o perd\u00e3o e a for\u00e7a do Esp\u00edrito para cumprirem a miss\u00e3o, como aconteceu com os ap\u00f3stolos.<\/p>\n<p>Se olhamos a tem\u00e1tica central da assembl\u00e9ia deste ano, percebemos ainda os reflexos de Aparecida. Aquela reuni\u00e3o representativa de toda a Igreja da Am\u00e9rica Latina vai se confirmando sempre mais como paradigm\u00e1tica, como evento revelador da atua\u00e7\u00e3o do Esp\u00edrito de Deus, por ter captado a ess\u00eancia do Evangelho, de maneira sint\u00e9tica e din\u00e2mica, expressando-o pelo bin\u00f4mio &#8220;disc\u00edpulos e mission\u00e1rios de Jesus Cristo&#8221;. De fato, a atividade de Jesus pode ser sintetizada nestas duas palavras: ele formou disc\u00edpulos, que se transformaram em mission\u00e1rios.<\/p>\n<p>Nesta dupla dimens\u00e3o, podemos identificar ainda hoje a tarefa da Igreja. Ela tamb\u00e9m precisa formar disc\u00edpulos, para transform\u00e1-los em mission\u00e1rios.<\/p>\n<p>Pois a\u00ed est\u00e1 o tema central desta assembl\u00e9ia: a forma\u00e7\u00e3o dos presb\u00edteros. Mas n\u00e3o s\u00f3 eles. Todos os membros da Igreja precisam se tornar disc\u00edpulos de Cristo. Por isto o outro tema, a inicia\u00e7\u00e3o crist\u00e3, destinada a todos.<\/p>\n<p>Mas n\u00e3o basta formar disc\u00edpulos. Se eles n\u00e3o assumem a miss\u00e3o, \u00e9 v\u00e3 a sua forma\u00e7\u00e3o. A assembl\u00e9ia estar\u00e1 atenta a esta dimens\u00e3o indispens\u00e1vel, analisando propostas concretas da &#8220;miss\u00e3o continental&#8221;, que Aparecida prop\u00f4s.<\/p>\n<p>Numa de suas apari\u00e7\u00f5es como ressuscitado, Jesus surpreendeu os disc\u00edpulos pescando no mar da Galil\u00e9ia. Era de madrugada. Nada tinham apanhado durante a noite. Sob a palavra de Jesus, lan\u00e7aram de novo a rede, que se encheu de 153 peixes.<\/p>\n<p>Pois bem, o tema central de Aparecida, &#8220;disc\u00edpulos e mission\u00e1rios&#8221;, que ainda continua presente nas assembl\u00e9ias da CNBB, \u00e9 como as duas pontas da rede. Puxando-as, vem a rede inteira. Resta ver se vem vazia, ou cheia de peixes. Depende do compromisso dos disc\u00edpulos de Cristo com as causas da humanidade. Jesus tinha dito que seriam pescadores de homens. A rede da Igreja precisa estar repleta da problem\u00e1tica humana.<\/p>\n<p>Como no tempo dos ap\u00f3stolos, o Ressuscitado pede \u00e0 CNBB que lance as redes na realidade do povo brasileiro. H\u00e1 um grande cardume de problemas, que aguardam a solicitude mission\u00e1ria da Igreja para serem assumidos \u00e0 luz da Ressurrei\u00e7\u00e3o, e transformados em caminho de vida nova para todos.<\/p>\n<div id=\"themify_builder_content-2947\" data-postid=\"2947\" class=\"themify_builder_content themify_builder_content-2947 themify_builder themify_builder_front\">\n\t<\/div>\n<!-- \/themify_builder_content -->","protected":false},"excerpt":{"rendered":"<p>Dom Dem\u00e9trio Valentini De 22 de abril a primeiro de maio a CNBB estar\u00e1 realizando sua 47\u00aa. Assembl\u00e9ia anual. A data \u00e9 determinada pela P\u00e1scoa. Nesta \u00e9poca, em cada ano, os bispos v\u00eam chegando das 270 dioceses do Brasil, para o seu encontro de dez dias. Observadas as circunst\u00e2ncias, \u00e9 o tempo mais prop\u00edcio para [&hellip;]<\/p>\n","protected":false},"author":5,"featured_media":0,"comment_status":"open","ping_status":"open","sticky":false,"template":"","format":"standard","meta":{"ngg_post_thumbnail":0,"footnotes":""},"categories":[9],"tags":[235,499,63,512,498,242,486],"yoast_head":"<!-- This site is optimized with the Yoast SEO plugin v23.5 - https:\/\/yoast.com\/wordpress\/plugins\/seo\/ -->\n<title>CNBB em ritmo de P\u00e1scoa - O Arcanjo no ar<\/title>\n<meta name=\"robots\" content=\"index, follow, max-snippet:-1, max-image-preview:large, max-video-preview:-1\" \/>\n<link rel=\"canonical\" href=\"https:\/\/www.oarcanjo.net\/site\/cnbb-em-ritmo-de-pascoa\/\" \/>\n<meta property=\"og:locale\" content=\"pt_BR\" \/>\n<meta property=\"og:type\" content=\"article\" \/>\n<meta property=\"og:title\" content=\"CNBB em ritmo de P\u00e1scoa - O Arcanjo no ar\" \/>\n<meta property=\"og:description\" content=\"Dom Dem\u00e9trio Valentini De 22 de abril a primeiro de maio a CNBB estar\u00e1 realizando sua 47\u00aa. Assembl\u00e9ia anual. A data \u00e9 determinada pela P\u00e1scoa. Nesta \u00e9poca, em cada ano, os bispos v\u00eam chegando das 270 dioceses do Brasil, para o seu encontro de dez dias. Observadas as circunst\u00e2ncias, \u00e9 o tempo mais prop\u00edcio para [&hellip;]\" \/>\n<meta property=\"og:url\" content=\"https:\/\/www.oarcanjo.net\/site\/cnbb-em-ritmo-de-pascoa\/\" \/>\n<meta property=\"og:site_name\" content=\"O Arcanjo no ar\" \/>\n<meta property=\"article:publisher\" content=\"https:\/\/www.facebook.com\/OArcanjoNoAr\/\" \/>\n<meta property=\"article:published_time\" content=\"2009-04-18T22:46:11+00:00\" \/>\n<meta property=\"og:image\" content=\"https:\/\/www.oarcanjo.net\/site\/wp-content\/uploads\/logo-o-arcanjo-no-ar-facebook.png\" \/>\n\t<meta property=\"og:image:width\" content=\"300\" \/>\n\t<meta property=\"og:image:height\" content=\"300\" \/>\n\t<meta property=\"og:image:type\" content=\"image\/png\" \/>\n<meta name=\"author\" content=\"editor\" \/>\n<meta name=\"twitter:card\" content=\"summary_large_image\" \/>\n<meta name=\"twitter:label1\" content=\"Escrito por\" \/>\n\t<meta name=\"twitter:data1\" content=\"editor\" \/>\n\t<meta name=\"twitter:label2\" content=\"Est. tempo de leitura\" \/>\n\t<meta name=\"twitter:data2\" content=\"4 minutos\" \/>\n<script type=\"application\/ld+json\" class=\"yoast-schema-graph\">{\"@context\":\"https:\/\/schema.org\",\"@graph\":[{\"@type\":\"Article\",\"@id\":\"https:\/\/www.oarcanjo.net\/site\/cnbb-em-ritmo-de-pascoa\/#article\",\"isPartOf\":{\"@id\":\"https:\/\/www.oarcanjo.net\/site\/cnbb-em-ritmo-de-pascoa\/\"},\"author\":{\"name\":\"editor\",\"@id\":\"https:\/\/www.oarcanjo.net\/site\/#\/schema\/person\/f7024d007863202483a31326673a0838\"},\"headline\":\"CNBB em ritmo de P\u00e1scoa\",\"datePublished\":\"2009-04-18T22:46:11+00:00\",\"dateModified\":\"2009-04-18T22:46:11+00:00\",\"mainEntityOfPage\":{\"@id\":\"https:\/\/www.oarcanjo.net\/site\/cnbb-em-ritmo-de-pascoa\/\"},\"wordCount\":755,\"commentCount\":0,\"publisher\":{\"@id\":\"https:\/\/www.oarcanjo.net\/site\/#organization\"},\"keywords\":[\"Aparecida\",\"assembleia dos bispos\",\"CNBB\",\"forma\u00e7\u00e3o de presb\u00edteros\",\"miss\u00e3o\",\"P\u00e1scoa\",\"Ressurrei\u00e7\u00e3o\"],\"articleSection\":[\"Reflex\u00f5es\"],\"inLanguage\":\"pt-BR\",\"potentialAction\":[{\"@type\":\"CommentAction\",\"name\":\"Comment\",\"target\":[\"https:\/\/www.oarcanjo.net\/site\/cnbb-em-ritmo-de-pascoa\/#respond\"]}]},{\"@type\":\"WebPage\",\"@id\":\"https:\/\/www.oarcanjo.net\/site\/cnbb-em-ritmo-de-pascoa\/\",\"url\":\"https:\/\/www.oarcanjo.net\/site\/cnbb-em-ritmo-de-pascoa\/\",\"name\":\"CNBB em ritmo de P\u00e1scoa - O Arcanjo no ar\",\"isPartOf\":{\"@id\":\"https:\/\/www.oarcanjo.net\/site\/#website\"},\"datePublished\":\"2009-04-18T22:46:11+00:00\",\"dateModified\":\"2009-04-18T22:46:11+00:00\",\"breadcrumb\":{\"@id\":\"https:\/\/www.oarcanjo.net\/site\/cnbb-em-ritmo-de-pascoa\/#breadcrumb\"},\"inLanguage\":\"pt-BR\",\"potentialAction\":[{\"@type\":\"ReadAction\",\"target\":[\"https:\/\/www.oarcanjo.net\/site\/cnbb-em-ritmo-de-pascoa\/\"]}]},{\"@type\":\"BreadcrumbList\",\"@id\":\"https:\/\/www.oarcanjo.net\/site\/cnbb-em-ritmo-de-pascoa\/#breadcrumb\",\"itemListElement\":[{\"@type\":\"ListItem\",\"position\":1,\"name\":\"In\u00edcio\",\"item\":\"https:\/\/www.oarcanjo.net\/site\/\"},{\"@type\":\"ListItem\",\"position\":2,\"name\":\"CNBB em ritmo de P\u00e1scoa\"}]},{\"@type\":\"WebSite\",\"@id\":\"https:\/\/www.oarcanjo.net\/site\/#website\",\"url\":\"https:\/\/www.oarcanjo.net\/site\/\",\"name\":\"O Arcanjo no ar\",\"description\":\"Site da Par\u00f3quia S\u00e3o Miguel Arcanjo (Arquidiocese de SP)\",\"publisher\":{\"@id\":\"https:\/\/www.oarcanjo.net\/site\/#organization\"},\"potentialAction\":[{\"@type\":\"SearchAction\",\"target\":{\"@type\":\"EntryPoint\",\"urlTemplate\":\"https:\/\/www.oarcanjo.net\/site\/?s={search_term_string}\"},\"query-input\":{\"@type\":\"PropertyValueSpecification\",\"valueRequired\":true,\"valueName\":\"search_term_string\"}}],\"inLanguage\":\"pt-BR\"},{\"@type\":\"Organization\",\"@id\":\"https:\/\/www.oarcanjo.net\/site\/#organization\",\"name\":\"Par\u00f3quia S\u00e3o Miguel Arcanjo\",\"url\":\"https:\/\/www.oarcanjo.net\/site\/\",\"logo\":{\"@type\":\"ImageObject\",\"inLanguage\":\"pt-BR\",\"@id\":\"https:\/\/www.oarcanjo.net\/site\/#\/schema\/logo\/image\/\",\"url\":\"https:\/\/www.oarcanjo.net\/site\/wp-content\/uploads\/LogoOArcanjo.png\",\"contentUrl\":\"https:\/\/www.oarcanjo.net\/site\/wp-content\/uploads\/LogoOArcanjo.png\",\"width\":319,\"height\":99,\"caption\":\"Par\u00f3quia S\u00e3o Miguel Arcanjo\"},\"image\":{\"@id\":\"https:\/\/www.oarcanjo.net\/site\/#\/schema\/logo\/image\/\"},\"sameAs\":[\"https:\/\/www.facebook.com\/OArcanjoNoAr\/\"]},{\"@type\":\"Person\",\"@id\":\"https:\/\/www.oarcanjo.net\/site\/#\/schema\/person\/f7024d007863202483a31326673a0838\",\"name\":\"editor\",\"sameAs\":[\"http:\/\/www.oarcanjo.net\"]}]}<\/script>\n<!-- \/ Yoast SEO plugin. -->","yoast_head_json":{"title":"CNBB em ritmo de P\u00e1scoa - O Arcanjo no ar","robots":{"index":"index","follow":"follow","max-snippet":"max-snippet:-1","max-image-preview":"max-image-preview:large","max-video-preview":"max-video-preview:-1"},"canonical":"https:\/\/www.oarcanjo.net\/site\/cnbb-em-ritmo-de-pascoa\/","og_locale":"pt_BR","og_type":"article","og_title":"CNBB em ritmo de P\u00e1scoa - O Arcanjo no ar","og_description":"Dom Dem\u00e9trio Valentini De 22 de abril a primeiro de maio a CNBB estar\u00e1 realizando sua 47\u00aa. Assembl\u00e9ia anual. A data \u00e9 determinada pela P\u00e1scoa. Nesta \u00e9poca, em cada ano, os bispos v\u00eam chegando das 270 dioceses do Brasil, para o seu encontro de dez dias. Observadas as circunst\u00e2ncias, \u00e9 o tempo mais prop\u00edcio para [&hellip;]","og_url":"https:\/\/www.oarcanjo.net\/site\/cnbb-em-ritmo-de-pascoa\/","og_site_name":"O Arcanjo no ar","article_publisher":"https:\/\/www.facebook.com\/OArcanjoNoAr\/","article_published_time":"2009-04-18T22:46:11+00:00","og_image":[{"width":300,"height":300,"url":"https:\/\/www.oarcanjo.net\/site\/wp-content\/uploads\/logo-o-arcanjo-no-ar-facebook.png","type":"image\/png"}],"author":"editor","twitter_card":"summary_large_image","twitter_misc":{"Escrito por":"editor","Est. tempo de leitura":"4 minutos"},"schema":{"@context":"https:\/\/schema.org","@graph":[{"@type":"Article","@id":"https:\/\/www.oarcanjo.net\/site\/cnbb-em-ritmo-de-pascoa\/#article","isPartOf":{"@id":"https:\/\/www.oarcanjo.net\/site\/cnbb-em-ritmo-de-pascoa\/"},"author":{"name":"editor","@id":"https:\/\/www.oarcanjo.net\/site\/#\/schema\/person\/f7024d007863202483a31326673a0838"},"headline":"CNBB em ritmo de P\u00e1scoa","datePublished":"2009-04-18T22:46:11+00:00","dateModified":"2009-04-18T22:46:11+00:00","mainEntityOfPage":{"@id":"https:\/\/www.oarcanjo.net\/site\/cnbb-em-ritmo-de-pascoa\/"},"wordCount":755,"commentCount":0,"publisher":{"@id":"https:\/\/www.oarcanjo.net\/site\/#organization"},"keywords":["Aparecida","assembleia dos bispos","CNBB","forma\u00e7\u00e3o de presb\u00edteros","miss\u00e3o","P\u00e1scoa","Ressurrei\u00e7\u00e3o"],"articleSection":["Reflex\u00f5es"],"inLanguage":"pt-BR","potentialAction":[{"@type":"CommentAction","name":"Comment","target":["https:\/\/www.oarcanjo.net\/site\/cnbb-em-ritmo-de-pascoa\/#respond"]}]},{"@type":"WebPage","@id":"https:\/\/www.oarcanjo.net\/site\/cnbb-em-ritmo-de-pascoa\/","url":"https:\/\/www.oarcanjo.net\/site\/cnbb-em-ritmo-de-pascoa\/","name":"CNBB em ritmo de P\u00e1scoa - O Arcanjo no ar","isPartOf":{"@id":"https:\/\/www.oarcanjo.net\/site\/#website"},"datePublished":"2009-04-18T22:46:11+00:00","dateModified":"2009-04-18T22:46:11+00:00","breadcrumb":{"@id":"https:\/\/www.oarcanjo.net\/site\/cnbb-em-ritmo-de-pascoa\/#breadcrumb"},"inLanguage":"pt-BR","potentialAction":[{"@type":"ReadAction","target":["https:\/\/www.oarcanjo.net\/site\/cnbb-em-ritmo-de-pascoa\/"]}]},{"@type":"BreadcrumbList","@id":"https:\/\/www.oarcanjo.net\/site\/cnbb-em-ritmo-de-pascoa\/#breadcrumb","itemListElement":[{"@type":"ListItem","position":1,"name":"In\u00edcio","item":"https:\/\/www.oarcanjo.net\/site\/"},{"@type":"ListItem","position":2,"name":"CNBB em ritmo de P\u00e1scoa"}]},{"@type":"WebSite","@id":"https:\/\/www.oarcanjo.net\/site\/#website","url":"https:\/\/www.oarcanjo.net\/site\/","name":"O Arcanjo no ar","description":"Site da Par\u00f3quia S\u00e3o Miguel Arcanjo (Arquidiocese de SP)","publisher":{"@id":"https:\/\/www.oarcanjo.net\/site\/#organization"},"potentialAction":[{"@type":"SearchAction","target":{"@type":"EntryPoint","urlTemplate":"https:\/\/www.oarcanjo.net\/site\/?s={search_term_string}"},"query-input":{"@type":"PropertyValueSpecification","valueRequired":true,"valueName":"search_term_string"}}],"inLanguage":"pt-BR"},{"@type":"Organization","@id":"https:\/\/www.oarcanjo.net\/site\/#organization","name":"Par\u00f3quia S\u00e3o Miguel Arcanjo","url":"https:\/\/www.oarcanjo.net\/site\/","logo":{"@type":"ImageObject","inLanguage":"pt-BR","@id":"https:\/\/www.oarcanjo.net\/site\/#\/schema\/logo\/image\/","url":"https:\/\/www.oarcanjo.net\/site\/wp-content\/uploads\/LogoOArcanjo.png","contentUrl":"https:\/\/www.oarcanjo.net\/site\/wp-content\/uploads\/LogoOArcanjo.png","width":319,"height":99,"caption":"Par\u00f3quia S\u00e3o Miguel Arcanjo"},"image":{"@id":"https:\/\/www.oarcanjo.net\/site\/#\/schema\/logo\/image\/"},"sameAs":["https:\/\/www.facebook.com\/OArcanjoNoAr\/"]},{"@type":"Person","@id":"https:\/\/www.oarcanjo.net\/site\/#\/schema\/person\/f7024d007863202483a31326673a0838","name":"editor","sameAs":["http:\/\/www.oarcanjo.net"]}]}},"publishpress_future_action":{"enabled":false,"date":"2026-05-08 16:36:33","action":"category","newStatus":"draft","terms":[],"taxonomy":"category"},"publishpress_future_workflow_manual_trigger":{"enabledWorkflows":[]},"_links":{"self":[{"href":"https:\/\/www.oarcanjo.net\/site\/wp-json\/wp\/v2\/posts\/2947"}],"collection":[{"href":"https:\/\/www.oarcanjo.net\/site\/wp-json\/wp\/v2\/posts"}],"about":[{"href":"https:\/\/www.oarcanjo.net\/site\/wp-json\/wp\/v2\/types\/post"}],"author":[{"embeddable":true,"href":"https:\/\/www.oarcanjo.net\/site\/wp-json\/wp\/v2\/users\/5"}],"replies":[{"embeddable":true,"href":"https:\/\/www.oarcanjo.net\/site\/wp-json\/wp\/v2\/comments?post=2947"}],"version-history":[{"count":0,"href":"https:\/\/www.oarcanjo.net\/site\/wp-json\/wp\/v2\/posts\/2947\/revisions"}],"wp:attachment":[{"href":"https:\/\/www.oarcanjo.net\/site\/wp-json\/wp\/v2\/media?parent=2947"}],"wp:term":[{"taxonomy":"category","embeddable":true,"href":"https:\/\/www.oarcanjo.net\/site\/wp-json\/wp\/v2\/categories?post=2947"},{"taxonomy":"post_tag","embeddable":true,"href":"https:\/\/www.oarcanjo.net\/site\/wp-json\/wp\/v2\/tags?post=2947"}],"curies":[{"name":"wp","href":"https:\/\/api.w.org\/{rel}","templated":true}]}}