
{"id":2949,"date":"2009-04-19T19:46:18","date_gmt":"2009-04-19T22:46:18","guid":{"rendered":"http:\/\/www.oarcanjo.net\/site\/?p=2949"},"modified":"2009-04-18T19:48:23","modified_gmt":"2009-04-18T22:48:23","slug":"2009-ano-catequetico","status":"publish","type":"post","link":"https:\/\/www.oarcanjo.net\/site\/2009-ano-catequetico\/","title":{"rendered":"2009 &#8211; Ano Catequ\u00e9tico"},"content":{"rendered":"<p>Dom Orlando Brandes<\/p>\n<p>Neste ano de 2009 iremos refletir, rezar e realizar muitas obras, iniciativas, decis\u00f5es no \u00e2mbito da catequese. Por qu\u00ea um ano catequ\u00e9tico? Porque precisamos aprofundar nossa f\u00e9 e crescer no seguimento de Jesus Cristo. Falar em catequese \u00e9 tocar assuntos vitais, decisivos, urgentes a saber: a f\u00e9, o conhecimento religioso, a vida na Igreja, a transforma\u00e7\u00e3o da realidade.<\/p>\n<p>Atrav\u00e9s da catequese, as fam\u00edlias recebem precioso e inestim\u00e1vel auxilio na educa\u00e7\u00e3o dos filhos, as pessoas adultas descobrem os tesouros da vida crist\u00e3, as comunidades se robustecem na miss\u00e3o e na a\u00e7\u00e3o transformadora do mundo. A catequese nos ajuda a ser verdadeiramente humanos, civilizados, cristianizados santificados. Sem catequese as pessoas vivem uma f\u00e9 superficial, m\u00e1gica, infantil e podem regredir a degraus infra-humanos. Sem catequese, quem deveria ser santo, cai na desumanidade porque estas duas potencialidades est\u00e3o em n\u00f3s: santidade ou animalidade.<\/p>\n<p>Se catequizar \u00e9 aprofundar a f\u00e9, os profetas, os santos, os ap\u00f3stolos, os te\u00f3logos foram e s\u00e3o grandes catequistas. Ningu\u00e9m, porem, ultrapassa Jesus em assunto de catequese. Ele falava o que vivia, encantado e fascinado pelo amor do Pai, sabia tratar as pessoas com a mais fina pedagogia. Ele mesmo prometeu aos catequistas que seus nomes est\u00e3o escritos no c\u00e9u. O centro da catequese de Jesus \u00e9 o Pai e o reino.<\/p>\n<p>Quantos catequistas homens e mulheres s\u00e3o verdadeiros anjos de Deus. S\u00e3o m\u00e3es e pais que geram novos filhos para Igreja. S\u00e3o forjadores de uma nova sociedade que brota a\u00e7\u00e3o catequ\u00e9tica. S\u00e3o verdadeiras portas pelas quais as pessoas podem entrar em rela\u00e7\u00e3o profunda com Deus, aut\u00eanticos sacerdotes, sacerdotizas e profetas do evangelho, parteiros e parteiras de uma nova sociedade.<\/p>\n<p>Quem ama, ensina. Se a miss\u00e3o de professor e educador j\u00e1 \u00e9 de elevado quilate, for\u00e7osamente a miss\u00e3o de ser catequista \u00e9 sublime, nobre, transcendente. Catequizar \u00e9 ajudar as pessoas descobrir que s\u00e3o amadas por Deus, que a vida tem sentido, que a eternidade \u00e9 o melhor que podemos esperar. \u00c9 abrir os olhos do cora\u00e7\u00e3o e da consci\u00eancia para horizontes mais amplos, para verdades mais profundas, para esperan\u00e7as que n\u00e3o enganam.<\/p>\n<p>A catequese nos leva a descobrir a onipot\u00eancia do amor, a invencibilidade do bem, a irrevogabilidade do evangelho, a confiabilidade da Igreja, a eternidade das boas obras, a universalidade da salva\u00e7\u00e3o. Um ano catequ\u00e9tico quer ser um ano de restaura\u00e7\u00e3o da f\u00e9, da vida crist\u00e3, da miss\u00e3o em favor da salva\u00e7\u00e3o. Precisamos ver coisas maiores e realizar obras maiores como nos disse Jesus. Eis a\u00ed o ano catequ\u00e9tico.<\/p>\n<p>As gestantes, os portadores de defici\u00eancia, os afastados de Deus e das comunidades de f\u00e9, os pobres, os que vivem nos centros urbanos e nas selvas amaz\u00f4nicas, os que habitam os confins da terra no al\u00e9m-fronteiras, os que exercem influ\u00eancia na sociedade, s\u00e3o os primeiros a serem contemplados pelo ano catequ\u00e9tico. Portanto, haja f\u00f4lego, criatividade e coragem. A batalha pela f\u00e9 nos chama \u00e0 generosidade, \u00e0 d\u00e1diva, \u00e0 disponibilidade. \u201cAvante sempre, mesmo que os ventos sejam contr\u00e1rios\u201d, dizia a grande catequista Santa Madre Paulina. Assim s\u00e3o nossos gigantes na catequese: Santo Frei Galv\u00e3o, o bem-aventurado Anchieta, Padre Antonio Vieira, Dom Helder e tantos outros cujos nomes est\u00e3o no Livro da Vida.<\/p>\n<p>Com o ano catequ\u00e9tico esperamos mais homens e pais de fam\u00edlia assumindo o minist\u00e9rio de catequista. Feliz a comunidade que tem casais catequistas. Junto com o bispo, os padres s\u00e3o chamados a ser os primeiros animadores da catequese, numa grande alian\u00e7a com as fam\u00edlias, a comunidade crist\u00e3, as pastorais e movimentos. Catequese, n\u00e3o \u00e9 uma gaveta, um quintal, um grupo de pessoas, mas, uma obriga\u00e7\u00e3o de todos os crist\u00e3os. Os crist\u00e3os, pela catequese, s\u00e3o \u201calma do mundo\u201d.<\/p>\n<div id=\"themify_builder_content-2949\" data-postid=\"2949\" class=\"themify_builder_content themify_builder_content-2949 themify_builder themify_builder_front\">\n\t<\/div>\n<!-- \/themify_builder_content -->","protected":false},"excerpt":{"rendered":"<p>Dom Orlando Brandes Neste ano de 2009 iremos refletir, rezar e realizar muitas obras, iniciativas, decis\u00f5es no \u00e2mbito da catequese. Por qu\u00ea um ano catequ\u00e9tico? Porque precisamos aprofundar nossa f\u00e9 e crescer no seguimento de Jesus Cristo. Falar em catequese \u00e9 tocar assuntos vitais, decisivos, urgentes a saber: a f\u00e9, o conhecimento religioso, a vida [&hellip;]<\/p>\n","protected":false},"author":5,"featured_media":0,"comment_status":"open","ping_status":"open","sticky":false,"template":"","format":"standard","meta":{"ngg_post_thumbnail":0,"footnotes":""},"categories":[9],"tags":[323],"yoast_head":"<!-- This site is optimized with the Yoast SEO plugin v23.5 - https:\/\/yoast.com\/wordpress\/plugins\/seo\/ -->\n<title>2009 - Ano Catequ\u00e9tico - O Arcanjo no ar<\/title>\n<meta name=\"robots\" content=\"index, follow, max-snippet:-1, max-image-preview:large, max-video-preview:-1\" \/>\n<link rel=\"canonical\" href=\"https:\/\/www.oarcanjo.net\/site\/2009-ano-catequetico\/\" \/>\n<meta property=\"og:locale\" content=\"pt_BR\" \/>\n<meta property=\"og:type\" content=\"article\" \/>\n<meta property=\"og:title\" content=\"2009 - Ano Catequ\u00e9tico - O Arcanjo no ar\" \/>\n<meta property=\"og:description\" content=\"Dom Orlando Brandes Neste ano de 2009 iremos refletir, rezar e realizar muitas obras, iniciativas, decis\u00f5es no \u00e2mbito da catequese. Por qu\u00ea um ano catequ\u00e9tico? Porque precisamos aprofundar nossa f\u00e9 e crescer no seguimento de Jesus Cristo. Falar em catequese \u00e9 tocar assuntos vitais, decisivos, urgentes a saber: a f\u00e9, o conhecimento religioso, a vida [&hellip;]\" \/>\n<meta property=\"og:url\" content=\"https:\/\/www.oarcanjo.net\/site\/2009-ano-catequetico\/\" \/>\n<meta property=\"og:site_name\" content=\"O Arcanjo no ar\" \/>\n<meta property=\"article:publisher\" content=\"https:\/\/www.facebook.com\/OArcanjoNoAr\/\" \/>\n<meta property=\"article:published_time\" content=\"2009-04-19T22:46:18+00:00\" \/>\n<meta property=\"article:modified_time\" content=\"2009-04-18T22:48:23+00:00\" \/>\n<meta property=\"og:image\" content=\"https:\/\/www.oarcanjo.net\/site\/wp-content\/uploads\/logo-o-arcanjo-no-ar-facebook.png\" \/>\n\t<meta property=\"og:image:width\" content=\"300\" \/>\n\t<meta property=\"og:image:height\" content=\"300\" \/>\n\t<meta property=\"og:image:type\" content=\"image\/png\" \/>\n<meta name=\"author\" content=\"editor\" \/>\n<meta name=\"twitter:card\" content=\"summary_large_image\" \/>\n<meta name=\"twitter:label1\" content=\"Escrito por\" \/>\n\t<meta name=\"twitter:data1\" content=\"editor\" \/>\n\t<meta name=\"twitter:label2\" content=\"Est. tempo de leitura\" \/>\n\t<meta name=\"twitter:data2\" content=\"3 minutos\" \/>\n<script type=\"application\/ld+json\" class=\"yoast-schema-graph\">{\"@context\":\"https:\/\/schema.org\",\"@graph\":[{\"@type\":\"Article\",\"@id\":\"https:\/\/www.oarcanjo.net\/site\/2009-ano-catequetico\/#article\",\"isPartOf\":{\"@id\":\"https:\/\/www.oarcanjo.net\/site\/2009-ano-catequetico\/\"},\"author\":{\"name\":\"editor\",\"@id\":\"https:\/\/www.oarcanjo.net\/site\/#\/schema\/person\/f7024d007863202483a31326673a0838\"},\"headline\":\"2009 &#8211; Ano Catequ\u00e9tico\",\"datePublished\":\"2009-04-19T22:46:18+00:00\",\"dateModified\":\"2009-04-18T22:48:23+00:00\",\"mainEntityOfPage\":{\"@id\":\"https:\/\/www.oarcanjo.net\/site\/2009-ano-catequetico\/\"},\"wordCount\":656,\"commentCount\":0,\"publisher\":{\"@id\":\"https:\/\/www.oarcanjo.net\/site\/#organization\"},\"keywords\":[\"Catequese\"],\"articleSection\":[\"Reflex\u00f5es\"],\"inLanguage\":\"pt-BR\",\"potentialAction\":[{\"@type\":\"CommentAction\",\"name\":\"Comment\",\"target\":[\"https:\/\/www.oarcanjo.net\/site\/2009-ano-catequetico\/#respond\"]}]},{\"@type\":\"WebPage\",\"@id\":\"https:\/\/www.oarcanjo.net\/site\/2009-ano-catequetico\/\",\"url\":\"https:\/\/www.oarcanjo.net\/site\/2009-ano-catequetico\/\",\"name\":\"2009 - Ano Catequ\u00e9tico - O Arcanjo no ar\",\"isPartOf\":{\"@id\":\"https:\/\/www.oarcanjo.net\/site\/#website\"},\"datePublished\":\"2009-04-19T22:46:18+00:00\",\"dateModified\":\"2009-04-18T22:48:23+00:00\",\"breadcrumb\":{\"@id\":\"https:\/\/www.oarcanjo.net\/site\/2009-ano-catequetico\/#breadcrumb\"},\"inLanguage\":\"pt-BR\",\"potentialAction\":[{\"@type\":\"ReadAction\",\"target\":[\"https:\/\/www.oarcanjo.net\/site\/2009-ano-catequetico\/\"]}]},{\"@type\":\"BreadcrumbList\",\"@id\":\"https:\/\/www.oarcanjo.net\/site\/2009-ano-catequetico\/#breadcrumb\",\"itemListElement\":[{\"@type\":\"ListItem\",\"position\":1,\"name\":\"In\u00edcio\",\"item\":\"https:\/\/www.oarcanjo.net\/site\/\"},{\"@type\":\"ListItem\",\"position\":2,\"name\":\"2009 &#8211; Ano Catequ\u00e9tico\"}]},{\"@type\":\"WebSite\",\"@id\":\"https:\/\/www.oarcanjo.net\/site\/#website\",\"url\":\"https:\/\/www.oarcanjo.net\/site\/\",\"name\":\"O Arcanjo no ar\",\"description\":\"Site da Par\u00f3quia S\u00e3o Miguel Arcanjo (Arquidiocese de SP)\",\"publisher\":{\"@id\":\"https:\/\/www.oarcanjo.net\/site\/#organization\"},\"potentialAction\":[{\"@type\":\"SearchAction\",\"target\":{\"@type\":\"EntryPoint\",\"urlTemplate\":\"https:\/\/www.oarcanjo.net\/site\/?s={search_term_string}\"},\"query-input\":{\"@type\":\"PropertyValueSpecification\",\"valueRequired\":true,\"valueName\":\"search_term_string\"}}],\"inLanguage\":\"pt-BR\"},{\"@type\":\"Organization\",\"@id\":\"https:\/\/www.oarcanjo.net\/site\/#organization\",\"name\":\"Par\u00f3quia S\u00e3o Miguel Arcanjo\",\"url\":\"https:\/\/www.oarcanjo.net\/site\/\",\"logo\":{\"@type\":\"ImageObject\",\"inLanguage\":\"pt-BR\",\"@id\":\"https:\/\/www.oarcanjo.net\/site\/#\/schema\/logo\/image\/\",\"url\":\"https:\/\/www.oarcanjo.net\/site\/wp-content\/uploads\/LogoOArcanjo.png\",\"contentUrl\":\"https:\/\/www.oarcanjo.net\/site\/wp-content\/uploads\/LogoOArcanjo.png\",\"width\":319,\"height\":99,\"caption\":\"Par\u00f3quia S\u00e3o Miguel Arcanjo\"},\"image\":{\"@id\":\"https:\/\/www.oarcanjo.net\/site\/#\/schema\/logo\/image\/\"},\"sameAs\":[\"https:\/\/www.facebook.com\/OArcanjoNoAr\/\"]},{\"@type\":\"Person\",\"@id\":\"https:\/\/www.oarcanjo.net\/site\/#\/schema\/person\/f7024d007863202483a31326673a0838\",\"name\":\"editor\",\"sameAs\":[\"http:\/\/www.oarcanjo.net\"]}]}<\/script>\n<!-- \/ Yoast SEO plugin. -->","yoast_head_json":{"title":"2009 - Ano Catequ\u00e9tico - O Arcanjo no ar","robots":{"index":"index","follow":"follow","max-snippet":"max-snippet:-1","max-image-preview":"max-image-preview:large","max-video-preview":"max-video-preview:-1"},"canonical":"https:\/\/www.oarcanjo.net\/site\/2009-ano-catequetico\/","og_locale":"pt_BR","og_type":"article","og_title":"2009 - Ano Catequ\u00e9tico - O Arcanjo no ar","og_description":"Dom Orlando Brandes Neste ano de 2009 iremos refletir, rezar e realizar muitas obras, iniciativas, decis\u00f5es no \u00e2mbito da catequese. Por qu\u00ea um ano catequ\u00e9tico? Porque precisamos aprofundar nossa f\u00e9 e crescer no seguimento de Jesus Cristo. Falar em catequese \u00e9 tocar assuntos vitais, decisivos, urgentes a saber: a f\u00e9, o conhecimento religioso, a vida [&hellip;]","og_url":"https:\/\/www.oarcanjo.net\/site\/2009-ano-catequetico\/","og_site_name":"O Arcanjo no ar","article_publisher":"https:\/\/www.facebook.com\/OArcanjoNoAr\/","article_published_time":"2009-04-19T22:46:18+00:00","article_modified_time":"2009-04-18T22:48:23+00:00","og_image":[{"width":300,"height":300,"url":"https:\/\/www.oarcanjo.net\/site\/wp-content\/uploads\/logo-o-arcanjo-no-ar-facebook.png","type":"image\/png"}],"author":"editor","twitter_card":"summary_large_image","twitter_misc":{"Escrito por":"editor","Est. tempo de leitura":"3 minutos"},"schema":{"@context":"https:\/\/schema.org","@graph":[{"@type":"Article","@id":"https:\/\/www.oarcanjo.net\/site\/2009-ano-catequetico\/#article","isPartOf":{"@id":"https:\/\/www.oarcanjo.net\/site\/2009-ano-catequetico\/"},"author":{"name":"editor","@id":"https:\/\/www.oarcanjo.net\/site\/#\/schema\/person\/f7024d007863202483a31326673a0838"},"headline":"2009 &#8211; Ano Catequ\u00e9tico","datePublished":"2009-04-19T22:46:18+00:00","dateModified":"2009-04-18T22:48:23+00:00","mainEntityOfPage":{"@id":"https:\/\/www.oarcanjo.net\/site\/2009-ano-catequetico\/"},"wordCount":656,"commentCount":0,"publisher":{"@id":"https:\/\/www.oarcanjo.net\/site\/#organization"},"keywords":["Catequese"],"articleSection":["Reflex\u00f5es"],"inLanguage":"pt-BR","potentialAction":[{"@type":"CommentAction","name":"Comment","target":["https:\/\/www.oarcanjo.net\/site\/2009-ano-catequetico\/#respond"]}]},{"@type":"WebPage","@id":"https:\/\/www.oarcanjo.net\/site\/2009-ano-catequetico\/","url":"https:\/\/www.oarcanjo.net\/site\/2009-ano-catequetico\/","name":"2009 - Ano Catequ\u00e9tico - O Arcanjo no ar","isPartOf":{"@id":"https:\/\/www.oarcanjo.net\/site\/#website"},"datePublished":"2009-04-19T22:46:18+00:00","dateModified":"2009-04-18T22:48:23+00:00","breadcrumb":{"@id":"https:\/\/www.oarcanjo.net\/site\/2009-ano-catequetico\/#breadcrumb"},"inLanguage":"pt-BR","potentialAction":[{"@type":"ReadAction","target":["https:\/\/www.oarcanjo.net\/site\/2009-ano-catequetico\/"]}]},{"@type":"BreadcrumbList","@id":"https:\/\/www.oarcanjo.net\/site\/2009-ano-catequetico\/#breadcrumb","itemListElement":[{"@type":"ListItem","position":1,"name":"In\u00edcio","item":"https:\/\/www.oarcanjo.net\/site\/"},{"@type":"ListItem","position":2,"name":"2009 &#8211; Ano Catequ\u00e9tico"}]},{"@type":"WebSite","@id":"https:\/\/www.oarcanjo.net\/site\/#website","url":"https:\/\/www.oarcanjo.net\/site\/","name":"O Arcanjo no ar","description":"Site da Par\u00f3quia S\u00e3o Miguel Arcanjo (Arquidiocese de SP)","publisher":{"@id":"https:\/\/www.oarcanjo.net\/site\/#organization"},"potentialAction":[{"@type":"SearchAction","target":{"@type":"EntryPoint","urlTemplate":"https:\/\/www.oarcanjo.net\/site\/?s={search_term_string}"},"query-input":{"@type":"PropertyValueSpecification","valueRequired":true,"valueName":"search_term_string"}}],"inLanguage":"pt-BR"},{"@type":"Organization","@id":"https:\/\/www.oarcanjo.net\/site\/#organization","name":"Par\u00f3quia S\u00e3o Miguel Arcanjo","url":"https:\/\/www.oarcanjo.net\/site\/","logo":{"@type":"ImageObject","inLanguage":"pt-BR","@id":"https:\/\/www.oarcanjo.net\/site\/#\/schema\/logo\/image\/","url":"https:\/\/www.oarcanjo.net\/site\/wp-content\/uploads\/LogoOArcanjo.png","contentUrl":"https:\/\/www.oarcanjo.net\/site\/wp-content\/uploads\/LogoOArcanjo.png","width":319,"height":99,"caption":"Par\u00f3quia S\u00e3o Miguel Arcanjo"},"image":{"@id":"https:\/\/www.oarcanjo.net\/site\/#\/schema\/logo\/image\/"},"sameAs":["https:\/\/www.facebook.com\/OArcanjoNoAr\/"]},{"@type":"Person","@id":"https:\/\/www.oarcanjo.net\/site\/#\/schema\/person\/f7024d007863202483a31326673a0838","name":"editor","sameAs":["http:\/\/www.oarcanjo.net"]}]}},"publishpress_future_action":{"enabled":false,"date":"2026-05-08 15:11:19","action":"category","newStatus":"draft","terms":[],"taxonomy":"category"},"publishpress_future_workflow_manual_trigger":{"enabledWorkflows":[]},"_links":{"self":[{"href":"https:\/\/www.oarcanjo.net\/site\/wp-json\/wp\/v2\/posts\/2949"}],"collection":[{"href":"https:\/\/www.oarcanjo.net\/site\/wp-json\/wp\/v2\/posts"}],"about":[{"href":"https:\/\/www.oarcanjo.net\/site\/wp-json\/wp\/v2\/types\/post"}],"author":[{"embeddable":true,"href":"https:\/\/www.oarcanjo.net\/site\/wp-json\/wp\/v2\/users\/5"}],"replies":[{"embeddable":true,"href":"https:\/\/www.oarcanjo.net\/site\/wp-json\/wp\/v2\/comments?post=2949"}],"version-history":[{"count":0,"href":"https:\/\/www.oarcanjo.net\/site\/wp-json\/wp\/v2\/posts\/2949\/revisions"}],"wp:attachment":[{"href":"https:\/\/www.oarcanjo.net\/site\/wp-json\/wp\/v2\/media?parent=2949"}],"wp:term":[{"taxonomy":"category","embeddable":true,"href":"https:\/\/www.oarcanjo.net\/site\/wp-json\/wp\/v2\/categories?post=2949"},{"taxonomy":"post_tag","embeddable":true,"href":"https:\/\/www.oarcanjo.net\/site\/wp-json\/wp\/v2\/tags?post=2949"}],"curies":[{"name":"wp","href":"https:\/\/api.w.org\/{rel}","templated":true}]}}