
{"id":2975,"date":"2009-04-19T22:24:25","date_gmt":"2009-04-20T01:24:25","guid":{"rendered":"http:\/\/www.oarcanjo.net\/site\/?p=2975"},"modified":"2009-05-03T09:13:39","modified_gmt":"2009-05-03T12:13:39","slug":"24-anos-depois","status":"publish","type":"post","link":"https:\/\/www.oarcanjo.net\/site\/24-anos-depois\/","title":{"rendered":"24 anos depois!"},"content":{"rendered":"<p><img loading=\"lazy\" decoding=\"async\" src=\"http:\/\/www.oarcanjo.net\/site\/wp-content\/uploads\/ordenacao-pejulio_09.jpg\" alt=\"Ordena\u00e7\u00e3o Pe. J\u00falio Lancellotti\" title=\"Ordena\u00e7\u00e3o Pe. J\u00falio Lancellotti\" width=\"300\" height=\"200\" align=\"left\" hspace=\"4\" vspace=\"3\" \/>Neste dia 20 de abril lembro dos 24 anos de minha ordena\u00e7\u00e3o sacerdotal.<br \/>\nPela imposi\u00e7\u00e3o das m\u00e3os de D. Luciano Pedro Mendes de Almeida, na Igreja de S\u00e3o Jos\u00e9 do Bel\u00e9m, com a presen\u00e7a de in\u00fameros padres, di\u00e1conos, da minha fam\u00edlia, das comunidades e amigos assumi a miss\u00e3o de ser padre.<\/p>\n<p>Miss\u00e3o dif\u00edcil e bonita!<\/p>\n<p>Miss\u00e3o a ser retomada todos os dias, celebrada, vivenciada, questionadora. O primeiro  sentimento que se tem \u00e9 o de indignidade, \u00e9 o da pr\u00f3pria fragilidade, da necessidade, da miseric\u00f3rdia de DEUS.<\/p>\n<p>Agrade\u00e7o a todos o apoio e carinho, o acolhimento com que me sustentam.<\/p>\n<p>N\u00e3o sei se estes 24 anos custaram a passar ou foram r\u00e1pidos, as emo\u00e7\u00f5es que guardo na mem\u00f3ria s\u00e3o tantas e intensas.<\/p>\n<p>Nos momentos mais dif\u00edceis n\u00e3o sofri sozinho, muitos sofreram comigo.<\/p>\n<p>A maior alegria \u00e9 a de ter batizado centenas de crian\u00e7as, jovens e adultos, centenas de primeiras eucaristias, centenas de casamentos, de un\u00e7\u00f5es a doentes, de ora\u00e7\u00f5es pelos falecidos, dentre eles meus dois irm\u00e3os.<\/p>\n<p>A alegria profunda de celebrar a missa, milhares de vezes, cada uma como se fosse a primeira, a \u00fanica e a \u00faltima!<\/p>\n<p>A alegria de participar da caminhada do povo, nos movimentos populares, nas pastorais sociais, nas lutas de transforma\u00e7\u00e3o da sociedade.<\/p>\n<p>Depois de 24 anos me sinto mais velho e fragilizado, carrego feridas e cicatrizes, muitas lembran\u00e7as, muitos nomes e olhares, aprendi muito, apanhei tamb\u00e9m e muito!<\/p>\n<p>Devo muito \u00e0 Pastoral do Menor.<br \/>\nAo Centro de Defesa dos Direitos Humanos Pe. Ezequiel Ramim.<br \/>\n\u00c0 Pastoral de Rua e ao povo da Rua.<br \/>\nAos meus filhos e filhas da Casa Vida.<br \/>\n\u00c0 Par\u00f3quia S\u00e3o Miguel Arcanjo, nossa comunidade e fam\u00edlia e a todos da Capela S\u00e3o Judas Tadeu.<br \/>\n\u00c0 minha M\u00e3e, exemplo de vida e dignidade.<\/p>\n<p>Penso e rezo: D. Luciano, Bispo santificado pela op\u00e7\u00e3o pelos pobres e enfraquecidos<br \/>\n                        do c\u00e9u ondes est\u00e1s intercede por mim,<br \/>\n                        ajuda-me a ser melhor!<\/p>\n<p>Quero poder sempre dizer como Pedro:<\/p>\n<p>SENHOR, TU SABES TUDO, SABES QUE TE AMO!<\/p>\n<p>Fotos da ordena\u00e7\u00e3o para relembrar:<\/p>ngg_shortcode_0_placeholder<div id=\"themify_builder_content-2975\" data-postid=\"2975\" class=\"themify_builder_content themify_builder_content-2975 themify_builder themify_builder_front\">\n\t<\/div>\n<!-- \/themify_builder_content -->","protected":false},"excerpt":{"rendered":"<p>Neste dia 20 de abril lembro dos 24 anos de minha ordena\u00e7\u00e3o sacerdotal. Pela imposi\u00e7\u00e3o das m\u00e3os de D. Luciano Pedro Mendes de Almeida, na Igreja de S\u00e3o Jos\u00e9 do Bel\u00e9m, com a presen\u00e7a de in\u00fameros padres, di\u00e1conos, da minha fam\u00edlia, das comunidades e amigos assumi a miss\u00e3o de ser padre. Miss\u00e3o dif\u00edcil e bonita! [&hellip;]<\/p>\n","protected":false},"author":4,"featured_media":0,"comment_status":"open","ping_status":"open","sticky":false,"template":"","format":"standard","meta":{"ngg_post_thumbnail":0,"footnotes":""},"categories":[4],"tags":[524,525,523,80],"yoast_head":"<!-- This site is optimized with the Yoast SEO plugin v23.5 - https:\/\/yoast.com\/wordpress\/plugins\/seo\/ -->\n<title>24 anos depois! - O Arcanjo no ar<\/title>\n<meta name=\"robots\" content=\"index, follow, max-snippet:-1, max-image-preview:large, max-video-preview:-1\" \/>\n<link rel=\"canonical\" href=\"https:\/\/www.oarcanjo.net\/site\/24-anos-depois\/\" \/>\n<meta property=\"og:locale\" content=\"pt_BR\" \/>\n<meta property=\"og:type\" content=\"article\" \/>\n<meta property=\"og:title\" content=\"24 anos depois! - O Arcanjo no ar\" \/>\n<meta property=\"og:description\" content=\"Neste dia 20 de abril lembro dos 24 anos de minha ordena\u00e7\u00e3o sacerdotal. Pela imposi\u00e7\u00e3o das m\u00e3os de D. Luciano Pedro Mendes de Almeida, na Igreja de S\u00e3o Jos\u00e9 do Bel\u00e9m, com a presen\u00e7a de in\u00fameros padres, di\u00e1conos, da minha fam\u00edlia, das comunidades e amigos assumi a miss\u00e3o de ser padre. Miss\u00e3o dif\u00edcil e bonita! [&hellip;]\" \/>\n<meta property=\"og:url\" content=\"https:\/\/www.oarcanjo.net\/site\/24-anos-depois\/\" \/>\n<meta property=\"og:site_name\" content=\"O Arcanjo no ar\" \/>\n<meta property=\"article:publisher\" content=\"https:\/\/www.facebook.com\/OArcanjoNoAr\/\" \/>\n<meta property=\"article:published_time\" content=\"2009-04-20T01:24:25+00:00\" \/>\n<meta property=\"article:modified_time\" content=\"2009-05-03T12:13:39+00:00\" \/>\n<meta property=\"og:image\" content=\"http:\/\/www.oarcanjo.net\/site\/wp-content\/uploads\/ordenacao-pejulio_09.jpg\" \/>\n<meta name=\"author\" content=\"julio\" \/>\n<meta name=\"twitter:card\" content=\"summary_large_image\" \/>\n<meta name=\"twitter:label1\" content=\"Escrito por\" \/>\n\t<meta name=\"twitter:data1\" content=\"julio\" \/>\n\t<meta name=\"twitter:label2\" content=\"Est. tempo de leitura\" \/>\n\t<meta name=\"twitter:data2\" content=\"2 minutos\" \/>\n<script type=\"application\/ld+json\" class=\"yoast-schema-graph\">{\"@context\":\"https:\/\/schema.org\",\"@graph\":[{\"@type\":\"Article\",\"@id\":\"https:\/\/www.oarcanjo.net\/site\/24-anos-depois\/#article\",\"isPartOf\":{\"@id\":\"https:\/\/www.oarcanjo.net\/site\/24-anos-depois\/\"},\"author\":{\"name\":\"julio\",\"@id\":\"https:\/\/www.oarcanjo.net\/site\/#\/schema\/person\/d78ea01c648c91e29c364b516767079e\"},\"headline\":\"24 anos depois!\",\"datePublished\":\"2009-04-20T01:24:25+00:00\",\"dateModified\":\"2009-05-03T12:13:39+00:00\",\"mainEntityOfPage\":{\"@id\":\"https:\/\/www.oarcanjo.net\/site\/24-anos-depois\/\"},\"wordCount\":365,\"commentCount\":27,\"publisher\":{\"@id\":\"https:\/\/www.oarcanjo.net\/site\/#organization\"},\"image\":{\"@id\":\"https:\/\/www.oarcanjo.net\/site\/24-anos-depois\/#primaryimage\"},\"thumbnailUrl\":\"http:\/\/www.oarcanjo.net\/site\/wp-content\/uploads\/ordenacao-pejulio_09.jpg\",\"keywords\":[\"24 anos\",\"D. Luciano\",\"Ordena\u00e7\u00e3o\",\"padre\"],\"articleSection\":[\"Blog\"],\"inLanguage\":\"pt-BR\",\"potentialAction\":[{\"@type\":\"CommentAction\",\"name\":\"Comment\",\"target\":[\"https:\/\/www.oarcanjo.net\/site\/24-anos-depois\/#respond\"]}]},{\"@type\":\"WebPage\",\"@id\":\"https:\/\/www.oarcanjo.net\/site\/24-anos-depois\/\",\"url\":\"https:\/\/www.oarcanjo.net\/site\/24-anos-depois\/\",\"name\":\"24 anos depois! - O Arcanjo no ar\",\"isPartOf\":{\"@id\":\"https:\/\/www.oarcanjo.net\/site\/#website\"},\"primaryImageOfPage\":{\"@id\":\"https:\/\/www.oarcanjo.net\/site\/24-anos-depois\/#primaryimage\"},\"image\":{\"@id\":\"https:\/\/www.oarcanjo.net\/site\/24-anos-depois\/#primaryimage\"},\"thumbnailUrl\":\"http:\/\/www.oarcanjo.net\/site\/wp-content\/uploads\/ordenacao-pejulio_09.jpg\",\"datePublished\":\"2009-04-20T01:24:25+00:00\",\"dateModified\":\"2009-05-03T12:13:39+00:00\",\"breadcrumb\":{\"@id\":\"https:\/\/www.oarcanjo.net\/site\/24-anos-depois\/#breadcrumb\"},\"inLanguage\":\"pt-BR\",\"potentialAction\":[{\"@type\":\"ReadAction\",\"target\":[\"https:\/\/www.oarcanjo.net\/site\/24-anos-depois\/\"]}]},{\"@type\":\"ImageObject\",\"inLanguage\":\"pt-BR\",\"@id\":\"https:\/\/www.oarcanjo.net\/site\/24-anos-depois\/#primaryimage\",\"url\":\"http:\/\/www.oarcanjo.net\/site\/wp-content\/uploads\/ordenacao-pejulio_09.jpg\",\"contentUrl\":\"http:\/\/www.oarcanjo.net\/site\/wp-content\/uploads\/ordenacao-pejulio_09.jpg\"},{\"@type\":\"BreadcrumbList\",\"@id\":\"https:\/\/www.oarcanjo.net\/site\/24-anos-depois\/#breadcrumb\",\"itemListElement\":[{\"@type\":\"ListItem\",\"position\":1,\"name\":\"In\u00edcio\",\"item\":\"https:\/\/www.oarcanjo.net\/site\/\"},{\"@type\":\"ListItem\",\"position\":2,\"name\":\"24 anos depois!\"}]},{\"@type\":\"WebSite\",\"@id\":\"https:\/\/www.oarcanjo.net\/site\/#website\",\"url\":\"https:\/\/www.oarcanjo.net\/site\/\",\"name\":\"O Arcanjo no ar\",\"description\":\"Site da Par\u00f3quia S\u00e3o Miguel Arcanjo (Arquidiocese de SP)\",\"publisher\":{\"@id\":\"https:\/\/www.oarcanjo.net\/site\/#organization\"},\"potentialAction\":[{\"@type\":\"SearchAction\",\"target\":{\"@type\":\"EntryPoint\",\"urlTemplate\":\"https:\/\/www.oarcanjo.net\/site\/?s={search_term_string}\"},\"query-input\":{\"@type\":\"PropertyValueSpecification\",\"valueRequired\":true,\"valueName\":\"search_term_string\"}}],\"inLanguage\":\"pt-BR\"},{\"@type\":\"Organization\",\"@id\":\"https:\/\/www.oarcanjo.net\/site\/#organization\",\"name\":\"Par\u00f3quia S\u00e3o Miguel Arcanjo\",\"url\":\"https:\/\/www.oarcanjo.net\/site\/\",\"logo\":{\"@type\":\"ImageObject\",\"inLanguage\":\"pt-BR\",\"@id\":\"https:\/\/www.oarcanjo.net\/site\/#\/schema\/logo\/image\/\",\"url\":\"https:\/\/www.oarcanjo.net\/site\/wp-content\/uploads\/LogoOArcanjo.png\",\"contentUrl\":\"https:\/\/www.oarcanjo.net\/site\/wp-content\/uploads\/LogoOArcanjo.png\",\"width\":319,\"height\":99,\"caption\":\"Par\u00f3quia S\u00e3o Miguel Arcanjo\"},\"image\":{\"@id\":\"https:\/\/www.oarcanjo.net\/site\/#\/schema\/logo\/image\/\"},\"sameAs\":[\"https:\/\/www.facebook.com\/OArcanjoNoAr\/\"]},{\"@type\":\"Person\",\"@id\":\"https:\/\/www.oarcanjo.net\/site\/#\/schema\/person\/d78ea01c648c91e29c364b516767079e\",\"name\":\"julio\",\"sameAs\":[\"http:\/\/www.oarcanjo.net\"]}]}<\/script>\n<!-- \/ Yoast SEO plugin. -->","yoast_head_json":{"title":"24 anos depois! - O Arcanjo no ar","robots":{"index":"index","follow":"follow","max-snippet":"max-snippet:-1","max-image-preview":"max-image-preview:large","max-video-preview":"max-video-preview:-1"},"canonical":"https:\/\/www.oarcanjo.net\/site\/24-anos-depois\/","og_locale":"pt_BR","og_type":"article","og_title":"24 anos depois! - O Arcanjo no ar","og_description":"Neste dia 20 de abril lembro dos 24 anos de minha ordena\u00e7\u00e3o sacerdotal. Pela imposi\u00e7\u00e3o das m\u00e3os de D. Luciano Pedro Mendes de Almeida, na Igreja de S\u00e3o Jos\u00e9 do Bel\u00e9m, com a presen\u00e7a de in\u00fameros padres, di\u00e1conos, da minha fam\u00edlia, das comunidades e amigos assumi a miss\u00e3o de ser padre. Miss\u00e3o dif\u00edcil e bonita! [&hellip;]","og_url":"https:\/\/www.oarcanjo.net\/site\/24-anos-depois\/","og_site_name":"O Arcanjo no ar","article_publisher":"https:\/\/www.facebook.com\/OArcanjoNoAr\/","article_published_time":"2009-04-20T01:24:25+00:00","article_modified_time":"2009-05-03T12:13:39+00:00","og_image":[{"url":"http:\/\/www.oarcanjo.net\/site\/wp-content\/uploads\/ordenacao-pejulio_09.jpg"}],"author":"julio","twitter_card":"summary_large_image","twitter_misc":{"Escrito por":"julio","Est. tempo de leitura":"2 minutos"},"schema":{"@context":"https:\/\/schema.org","@graph":[{"@type":"Article","@id":"https:\/\/www.oarcanjo.net\/site\/24-anos-depois\/#article","isPartOf":{"@id":"https:\/\/www.oarcanjo.net\/site\/24-anos-depois\/"},"author":{"name":"julio","@id":"https:\/\/www.oarcanjo.net\/site\/#\/schema\/person\/d78ea01c648c91e29c364b516767079e"},"headline":"24 anos depois!","datePublished":"2009-04-20T01:24:25+00:00","dateModified":"2009-05-03T12:13:39+00:00","mainEntityOfPage":{"@id":"https:\/\/www.oarcanjo.net\/site\/24-anos-depois\/"},"wordCount":365,"commentCount":27,"publisher":{"@id":"https:\/\/www.oarcanjo.net\/site\/#organization"},"image":{"@id":"https:\/\/www.oarcanjo.net\/site\/24-anos-depois\/#primaryimage"},"thumbnailUrl":"http:\/\/www.oarcanjo.net\/site\/wp-content\/uploads\/ordenacao-pejulio_09.jpg","keywords":["24 anos","D. Luciano","Ordena\u00e7\u00e3o","padre"],"articleSection":["Blog"],"inLanguage":"pt-BR","potentialAction":[{"@type":"CommentAction","name":"Comment","target":["https:\/\/www.oarcanjo.net\/site\/24-anos-depois\/#respond"]}]},{"@type":"WebPage","@id":"https:\/\/www.oarcanjo.net\/site\/24-anos-depois\/","url":"https:\/\/www.oarcanjo.net\/site\/24-anos-depois\/","name":"24 anos depois! - O Arcanjo no ar","isPartOf":{"@id":"https:\/\/www.oarcanjo.net\/site\/#website"},"primaryImageOfPage":{"@id":"https:\/\/www.oarcanjo.net\/site\/24-anos-depois\/#primaryimage"},"image":{"@id":"https:\/\/www.oarcanjo.net\/site\/24-anos-depois\/#primaryimage"},"thumbnailUrl":"http:\/\/www.oarcanjo.net\/site\/wp-content\/uploads\/ordenacao-pejulio_09.jpg","datePublished":"2009-04-20T01:24:25+00:00","dateModified":"2009-05-03T12:13:39+00:00","breadcrumb":{"@id":"https:\/\/www.oarcanjo.net\/site\/24-anos-depois\/#breadcrumb"},"inLanguage":"pt-BR","potentialAction":[{"@type":"ReadAction","target":["https:\/\/www.oarcanjo.net\/site\/24-anos-depois\/"]}]},{"@type":"ImageObject","inLanguage":"pt-BR","@id":"https:\/\/www.oarcanjo.net\/site\/24-anos-depois\/#primaryimage","url":"http:\/\/www.oarcanjo.net\/site\/wp-content\/uploads\/ordenacao-pejulio_09.jpg","contentUrl":"http:\/\/www.oarcanjo.net\/site\/wp-content\/uploads\/ordenacao-pejulio_09.jpg"},{"@type":"BreadcrumbList","@id":"https:\/\/www.oarcanjo.net\/site\/24-anos-depois\/#breadcrumb","itemListElement":[{"@type":"ListItem","position":1,"name":"In\u00edcio","item":"https:\/\/www.oarcanjo.net\/site\/"},{"@type":"ListItem","position":2,"name":"24 anos depois!"}]},{"@type":"WebSite","@id":"https:\/\/www.oarcanjo.net\/site\/#website","url":"https:\/\/www.oarcanjo.net\/site\/","name":"O Arcanjo no ar","description":"Site da Par\u00f3quia S\u00e3o Miguel Arcanjo (Arquidiocese de SP)","publisher":{"@id":"https:\/\/www.oarcanjo.net\/site\/#organization"},"potentialAction":[{"@type":"SearchAction","target":{"@type":"EntryPoint","urlTemplate":"https:\/\/www.oarcanjo.net\/site\/?s={search_term_string}"},"query-input":{"@type":"PropertyValueSpecification","valueRequired":true,"valueName":"search_term_string"}}],"inLanguage":"pt-BR"},{"@type":"Organization","@id":"https:\/\/www.oarcanjo.net\/site\/#organization","name":"Par\u00f3quia S\u00e3o Miguel Arcanjo","url":"https:\/\/www.oarcanjo.net\/site\/","logo":{"@type":"ImageObject","inLanguage":"pt-BR","@id":"https:\/\/www.oarcanjo.net\/site\/#\/schema\/logo\/image\/","url":"https:\/\/www.oarcanjo.net\/site\/wp-content\/uploads\/LogoOArcanjo.png","contentUrl":"https:\/\/www.oarcanjo.net\/site\/wp-content\/uploads\/LogoOArcanjo.png","width":319,"height":99,"caption":"Par\u00f3quia S\u00e3o Miguel Arcanjo"},"image":{"@id":"https:\/\/www.oarcanjo.net\/site\/#\/schema\/logo\/image\/"},"sameAs":["https:\/\/www.facebook.com\/OArcanjoNoAr\/"]},{"@type":"Person","@id":"https:\/\/www.oarcanjo.net\/site\/#\/schema\/person\/d78ea01c648c91e29c364b516767079e","name":"julio","sameAs":["http:\/\/www.oarcanjo.net"]}]}},"publishpress_future_action":{"enabled":false,"date":"2026-05-08 22:53:37","action":"category","newStatus":"draft","terms":[],"taxonomy":"category"},"publishpress_future_workflow_manual_trigger":{"enabledWorkflows":[]},"_links":{"self":[{"href":"https:\/\/www.oarcanjo.net\/site\/wp-json\/wp\/v2\/posts\/2975"}],"collection":[{"href":"https:\/\/www.oarcanjo.net\/site\/wp-json\/wp\/v2\/posts"}],"about":[{"href":"https:\/\/www.oarcanjo.net\/site\/wp-json\/wp\/v2\/types\/post"}],"author":[{"embeddable":true,"href":"https:\/\/www.oarcanjo.net\/site\/wp-json\/wp\/v2\/users\/4"}],"replies":[{"embeddable":true,"href":"https:\/\/www.oarcanjo.net\/site\/wp-json\/wp\/v2\/comments?post=2975"}],"version-history":[{"count":0,"href":"https:\/\/www.oarcanjo.net\/site\/wp-json\/wp\/v2\/posts\/2975\/revisions"}],"wp:attachment":[{"href":"https:\/\/www.oarcanjo.net\/site\/wp-json\/wp\/v2\/media?parent=2975"}],"wp:term":[{"taxonomy":"category","embeddable":true,"href":"https:\/\/www.oarcanjo.net\/site\/wp-json\/wp\/v2\/categories?post=2975"},{"taxonomy":"post_tag","embeddable":true,"href":"https:\/\/www.oarcanjo.net\/site\/wp-json\/wp\/v2\/tags?post=2975"}],"curies":[{"name":"wp","href":"https:\/\/api.w.org\/{rel}","templated":true}]}}