
{"id":2996,"date":"2009-04-21T19:40:58","date_gmt":"2009-04-21T22:40:58","guid":{"rendered":"http:\/\/www.oarcanjo.net\/site\/?p=2996"},"modified":"2009-04-21T19:40:58","modified_gmt":"2009-04-21T22:40:58","slug":"dom-helder-camara-esta-vivo-em-itaici","status":"publish","type":"post","link":"https:\/\/www.oarcanjo.net\/site\/dom-helder-camara-esta-vivo-em-itaici\/","title":{"rendered":"Dom Helder C\u00e2mara est\u00e1 vivo em Itaici"},"content":{"rendered":"<p>Os corredores do mosteiro da Vila Kostka, em Itaici, munic\u00edpio de Indaiatuba (SP) falam por si s\u00f3. A casa dos jesu\u00edtas, sede da 47\u00aa Assembleia Geral da Confer\u00eancia Nacional dos Bispos do Brasil (CNBB), lembra, em frases e fotografias presentes em 39 banners o centen\u00e1rio de nascimento do arcebispo de Olinda e Recife (PE).<\/p>\n<p>Frases como: \u201cIrm\u00e3o dos pobres \u2013 meu irm\u00e3o\u201d; \u201cA mis\u00e9ria \u00e9 uma ofensa ao criador e pai\u201d; \u201cAjudar a criar um mundo mais humano \u00e9 um dos sonhos da minha vida\u201d, de autoria do bispo dos pobres, foi a forma que a Confer\u00eancia encontrou para celebrar os cem anos de nascimento do Dom.<\/p>\n<p>Al\u00e9m dos pain\u00e9is, um dos momentos mais solenes desta Assembleia ser\u00e1 a sess\u00e3o plen\u00e1ria em homenagem ao centen\u00e1rio de nascimento do bispo falecido em 1999.<\/p>\n<p>O secret\u00e1rio-geral da CNBB, dom Dimas Lara Barbosa, ao dirigir palavras sobre o Dom, afirma tratar-se de um \u201cpastor que a Igreja ostenta diante do mundo marcado pelo profetismo itinerante\u201d, em virtude da situa\u00e7\u00e3o de censura \u00e0 qual foi submetido.<\/p>\n<p>Ainda segundo o secret\u00e1rio, dom Helder \u00e9 modelo para os bispos de hoje e de amanh\u00e3. \u201cEle \u00e9 um modelo a ser seguido. Um pastor, m\u00edstico, poeta, algu\u00e9m que viveu a sua op\u00e7\u00e3o pelos pobres de uma maneira muito coerente e singular\u201d.<\/p>\n<div id=\"themify_builder_content-2996\" data-postid=\"2996\" class=\"themify_builder_content themify_builder_content-2996 themify_builder themify_builder_front\">\n\t<\/div>\n<!-- \/themify_builder_content -->","protected":false},"excerpt":{"rendered":"<p>Os corredores do mosteiro da Vila Kostka, em Itaici, munic\u00edpio de Indaiatuba (SP) falam por si s\u00f3. A casa dos jesu\u00edtas, sede da 47\u00aa Assembleia Geral da Confer\u00eancia Nacional dos Bispos do Brasil (CNBB), lembra, em frases e fotografias presentes em 39 banners o centen\u00e1rio de nascimento do arcebispo de Olinda e Recife (PE). Frases [&hellip;]<\/p>\n","protected":false},"author":5,"featured_media":0,"comment_status":"open","ping_status":"open","sticky":false,"template":"","format":"standard","meta":{"ngg_post_thumbnail":0,"footnotes":""},"categories":[192],"tags":[33,530,210,500],"yoast_head":"<!-- This site is optimized with the Yoast SEO plugin v23.5 - https:\/\/yoast.com\/wordpress\/plugins\/seo\/ -->\n<title>Dom Helder C\u00e2mara est\u00e1 vivo em Itaici - O Arcanjo no ar<\/title>\n<meta name=\"robots\" content=\"index, follow, max-snippet:-1, max-image-preview:large, max-video-preview:-1\" \/>\n<link rel=\"canonical\" href=\"https:\/\/www.oarcanjo.net\/site\/dom-helder-camara-esta-vivo-em-itaici\/\" \/>\n<meta property=\"og:locale\" content=\"pt_BR\" \/>\n<meta property=\"og:type\" content=\"article\" \/>\n<meta property=\"og:title\" content=\"Dom Helder C\u00e2mara est\u00e1 vivo em Itaici - O Arcanjo no ar\" \/>\n<meta property=\"og:description\" content=\"Os corredores do mosteiro da Vila Kostka, em Itaici, munic\u00edpio de Indaiatuba (SP) falam por si s\u00f3. A casa dos jesu\u00edtas, sede da 47\u00aa Assembleia Geral da Confer\u00eancia Nacional dos Bispos do Brasil (CNBB), lembra, em frases e fotografias presentes em 39 banners o centen\u00e1rio de nascimento do arcebispo de Olinda e Recife (PE). Frases [&hellip;]\" \/>\n<meta property=\"og:url\" content=\"https:\/\/www.oarcanjo.net\/site\/dom-helder-camara-esta-vivo-em-itaici\/\" \/>\n<meta property=\"og:site_name\" content=\"O Arcanjo no ar\" \/>\n<meta property=\"article:publisher\" content=\"https:\/\/www.facebook.com\/OArcanjoNoAr\/\" \/>\n<meta property=\"article:published_time\" content=\"2009-04-21T22:40:58+00:00\" \/>\n<meta property=\"og:image\" content=\"https:\/\/www.oarcanjo.net\/site\/wp-content\/uploads\/logo-o-arcanjo-no-ar-facebook.png\" \/>\n\t<meta property=\"og:image:width\" content=\"300\" \/>\n\t<meta property=\"og:image:height\" content=\"300\" \/>\n\t<meta property=\"og:image:type\" content=\"image\/png\" \/>\n<meta name=\"author\" content=\"editor\" \/>\n<meta name=\"twitter:card\" content=\"summary_large_image\" \/>\n<meta name=\"twitter:label1\" content=\"Escrito por\" \/>\n\t<meta name=\"twitter:data1\" content=\"editor\" \/>\n\t<meta name=\"twitter:label2\" content=\"Est. tempo de leitura\" \/>\n\t<meta name=\"twitter:data2\" content=\"1 minuto\" \/>\n<script type=\"application\/ld+json\" class=\"yoast-schema-graph\">{\"@context\":\"https:\/\/schema.org\",\"@graph\":[{\"@type\":\"Article\",\"@id\":\"https:\/\/www.oarcanjo.net\/site\/dom-helder-camara-esta-vivo-em-itaici\/#article\",\"isPartOf\":{\"@id\":\"https:\/\/www.oarcanjo.net\/site\/dom-helder-camara-esta-vivo-em-itaici\/\"},\"author\":{\"name\":\"editor\",\"@id\":\"https:\/\/www.oarcanjo.net\/site\/#\/schema\/person\/f7024d007863202483a31326673a0838\"},\"headline\":\"Dom Helder C\u00e2mara est\u00e1 vivo em Itaici\",\"datePublished\":\"2009-04-21T22:40:58+00:00\",\"dateModified\":\"2009-04-21T22:40:58+00:00\",\"mainEntityOfPage\":{\"@id\":\"https:\/\/www.oarcanjo.net\/site\/dom-helder-camara-esta-vivo-em-itaici\/\"},\"wordCount\":232,\"commentCount\":0,\"publisher\":{\"@id\":\"https:\/\/www.oarcanjo.net\/site\/#organization\"},\"keywords\":[\"bispos\",\"DNBB\",\"Dom Helder Camara\",\"Itaici\"],\"articleSection\":[\"D. Helder C\u00e2mara\"],\"inLanguage\":\"pt-BR\",\"potentialAction\":[{\"@type\":\"CommentAction\",\"name\":\"Comment\",\"target\":[\"https:\/\/www.oarcanjo.net\/site\/dom-helder-camara-esta-vivo-em-itaici\/#respond\"]}]},{\"@type\":\"WebPage\",\"@id\":\"https:\/\/www.oarcanjo.net\/site\/dom-helder-camara-esta-vivo-em-itaici\/\",\"url\":\"https:\/\/www.oarcanjo.net\/site\/dom-helder-camara-esta-vivo-em-itaici\/\",\"name\":\"Dom Helder C\u00e2mara est\u00e1 vivo em Itaici - O Arcanjo no ar\",\"isPartOf\":{\"@id\":\"https:\/\/www.oarcanjo.net\/site\/#website\"},\"datePublished\":\"2009-04-21T22:40:58+00:00\",\"dateModified\":\"2009-04-21T22:40:58+00:00\",\"breadcrumb\":{\"@id\":\"https:\/\/www.oarcanjo.net\/site\/dom-helder-camara-esta-vivo-em-itaici\/#breadcrumb\"},\"inLanguage\":\"pt-BR\",\"potentialAction\":[{\"@type\":\"ReadAction\",\"target\":[\"https:\/\/www.oarcanjo.net\/site\/dom-helder-camara-esta-vivo-em-itaici\/\"]}]},{\"@type\":\"BreadcrumbList\",\"@id\":\"https:\/\/www.oarcanjo.net\/site\/dom-helder-camara-esta-vivo-em-itaici\/#breadcrumb\",\"itemListElement\":[{\"@type\":\"ListItem\",\"position\":1,\"name\":\"In\u00edcio\",\"item\":\"https:\/\/www.oarcanjo.net\/site\/\"},{\"@type\":\"ListItem\",\"position\":2,\"name\":\"Dom Helder C\u00e2mara est\u00e1 vivo em Itaici\"}]},{\"@type\":\"WebSite\",\"@id\":\"https:\/\/www.oarcanjo.net\/site\/#website\",\"url\":\"https:\/\/www.oarcanjo.net\/site\/\",\"name\":\"O Arcanjo no ar\",\"description\":\"Site da Par\u00f3quia S\u00e3o Miguel Arcanjo (Arquidiocese de SP)\",\"publisher\":{\"@id\":\"https:\/\/www.oarcanjo.net\/site\/#organization\"},\"potentialAction\":[{\"@type\":\"SearchAction\",\"target\":{\"@type\":\"EntryPoint\",\"urlTemplate\":\"https:\/\/www.oarcanjo.net\/site\/?s={search_term_string}\"},\"query-input\":{\"@type\":\"PropertyValueSpecification\",\"valueRequired\":true,\"valueName\":\"search_term_string\"}}],\"inLanguage\":\"pt-BR\"},{\"@type\":\"Organization\",\"@id\":\"https:\/\/www.oarcanjo.net\/site\/#organization\",\"name\":\"Par\u00f3quia S\u00e3o Miguel Arcanjo\",\"url\":\"https:\/\/www.oarcanjo.net\/site\/\",\"logo\":{\"@type\":\"ImageObject\",\"inLanguage\":\"pt-BR\",\"@id\":\"https:\/\/www.oarcanjo.net\/site\/#\/schema\/logo\/image\/\",\"url\":\"https:\/\/www.oarcanjo.net\/site\/wp-content\/uploads\/LogoOArcanjo.png\",\"contentUrl\":\"https:\/\/www.oarcanjo.net\/site\/wp-content\/uploads\/LogoOArcanjo.png\",\"width\":319,\"height\":99,\"caption\":\"Par\u00f3quia S\u00e3o Miguel Arcanjo\"},\"image\":{\"@id\":\"https:\/\/www.oarcanjo.net\/site\/#\/schema\/logo\/image\/\"},\"sameAs\":[\"https:\/\/www.facebook.com\/OArcanjoNoAr\/\"]},{\"@type\":\"Person\",\"@id\":\"https:\/\/www.oarcanjo.net\/site\/#\/schema\/person\/f7024d007863202483a31326673a0838\",\"name\":\"editor\",\"sameAs\":[\"http:\/\/www.oarcanjo.net\"]}]}<\/script>\n<!-- \/ Yoast SEO plugin. -->","yoast_head_json":{"title":"Dom Helder C\u00e2mara est\u00e1 vivo em Itaici - O Arcanjo no ar","robots":{"index":"index","follow":"follow","max-snippet":"max-snippet:-1","max-image-preview":"max-image-preview:large","max-video-preview":"max-video-preview:-1"},"canonical":"https:\/\/www.oarcanjo.net\/site\/dom-helder-camara-esta-vivo-em-itaici\/","og_locale":"pt_BR","og_type":"article","og_title":"Dom Helder C\u00e2mara est\u00e1 vivo em Itaici - O Arcanjo no ar","og_description":"Os corredores do mosteiro da Vila Kostka, em Itaici, munic\u00edpio de Indaiatuba (SP) falam por si s\u00f3. A casa dos jesu\u00edtas, sede da 47\u00aa Assembleia Geral da Confer\u00eancia Nacional dos Bispos do Brasil (CNBB), lembra, em frases e fotografias presentes em 39 banners o centen\u00e1rio de nascimento do arcebispo de Olinda e Recife (PE). Frases [&hellip;]","og_url":"https:\/\/www.oarcanjo.net\/site\/dom-helder-camara-esta-vivo-em-itaici\/","og_site_name":"O Arcanjo no ar","article_publisher":"https:\/\/www.facebook.com\/OArcanjoNoAr\/","article_published_time":"2009-04-21T22:40:58+00:00","og_image":[{"width":300,"height":300,"url":"https:\/\/www.oarcanjo.net\/site\/wp-content\/uploads\/logo-o-arcanjo-no-ar-facebook.png","type":"image\/png"}],"author":"editor","twitter_card":"summary_large_image","twitter_misc":{"Escrito por":"editor","Est. tempo de leitura":"1 minuto"},"schema":{"@context":"https:\/\/schema.org","@graph":[{"@type":"Article","@id":"https:\/\/www.oarcanjo.net\/site\/dom-helder-camara-esta-vivo-em-itaici\/#article","isPartOf":{"@id":"https:\/\/www.oarcanjo.net\/site\/dom-helder-camara-esta-vivo-em-itaici\/"},"author":{"name":"editor","@id":"https:\/\/www.oarcanjo.net\/site\/#\/schema\/person\/f7024d007863202483a31326673a0838"},"headline":"Dom Helder C\u00e2mara est\u00e1 vivo em Itaici","datePublished":"2009-04-21T22:40:58+00:00","dateModified":"2009-04-21T22:40:58+00:00","mainEntityOfPage":{"@id":"https:\/\/www.oarcanjo.net\/site\/dom-helder-camara-esta-vivo-em-itaici\/"},"wordCount":232,"commentCount":0,"publisher":{"@id":"https:\/\/www.oarcanjo.net\/site\/#organization"},"keywords":["bispos","DNBB","Dom Helder Camara","Itaici"],"articleSection":["D. Helder C\u00e2mara"],"inLanguage":"pt-BR","potentialAction":[{"@type":"CommentAction","name":"Comment","target":["https:\/\/www.oarcanjo.net\/site\/dom-helder-camara-esta-vivo-em-itaici\/#respond"]}]},{"@type":"WebPage","@id":"https:\/\/www.oarcanjo.net\/site\/dom-helder-camara-esta-vivo-em-itaici\/","url":"https:\/\/www.oarcanjo.net\/site\/dom-helder-camara-esta-vivo-em-itaici\/","name":"Dom Helder C\u00e2mara est\u00e1 vivo em Itaici - O Arcanjo no ar","isPartOf":{"@id":"https:\/\/www.oarcanjo.net\/site\/#website"},"datePublished":"2009-04-21T22:40:58+00:00","dateModified":"2009-04-21T22:40:58+00:00","breadcrumb":{"@id":"https:\/\/www.oarcanjo.net\/site\/dom-helder-camara-esta-vivo-em-itaici\/#breadcrumb"},"inLanguage":"pt-BR","potentialAction":[{"@type":"ReadAction","target":["https:\/\/www.oarcanjo.net\/site\/dom-helder-camara-esta-vivo-em-itaici\/"]}]},{"@type":"BreadcrumbList","@id":"https:\/\/www.oarcanjo.net\/site\/dom-helder-camara-esta-vivo-em-itaici\/#breadcrumb","itemListElement":[{"@type":"ListItem","position":1,"name":"In\u00edcio","item":"https:\/\/www.oarcanjo.net\/site\/"},{"@type":"ListItem","position":2,"name":"Dom Helder C\u00e2mara est\u00e1 vivo em Itaici"}]},{"@type":"WebSite","@id":"https:\/\/www.oarcanjo.net\/site\/#website","url":"https:\/\/www.oarcanjo.net\/site\/","name":"O Arcanjo no ar","description":"Site da Par\u00f3quia S\u00e3o Miguel Arcanjo (Arquidiocese de SP)","publisher":{"@id":"https:\/\/www.oarcanjo.net\/site\/#organization"},"potentialAction":[{"@type":"SearchAction","target":{"@type":"EntryPoint","urlTemplate":"https:\/\/www.oarcanjo.net\/site\/?s={search_term_string}"},"query-input":{"@type":"PropertyValueSpecification","valueRequired":true,"valueName":"search_term_string"}}],"inLanguage":"pt-BR"},{"@type":"Organization","@id":"https:\/\/www.oarcanjo.net\/site\/#organization","name":"Par\u00f3quia S\u00e3o Miguel Arcanjo","url":"https:\/\/www.oarcanjo.net\/site\/","logo":{"@type":"ImageObject","inLanguage":"pt-BR","@id":"https:\/\/www.oarcanjo.net\/site\/#\/schema\/logo\/image\/","url":"https:\/\/www.oarcanjo.net\/site\/wp-content\/uploads\/LogoOArcanjo.png","contentUrl":"https:\/\/www.oarcanjo.net\/site\/wp-content\/uploads\/LogoOArcanjo.png","width":319,"height":99,"caption":"Par\u00f3quia S\u00e3o Miguel Arcanjo"},"image":{"@id":"https:\/\/www.oarcanjo.net\/site\/#\/schema\/logo\/image\/"},"sameAs":["https:\/\/www.facebook.com\/OArcanjoNoAr\/"]},{"@type":"Person","@id":"https:\/\/www.oarcanjo.net\/site\/#\/schema\/person\/f7024d007863202483a31326673a0838","name":"editor","sameAs":["http:\/\/www.oarcanjo.net"]}]}},"publishpress_future_action":{"enabled":false,"date":"2026-05-07 17:02:08","action":"category","newStatus":"draft","terms":[],"taxonomy":"category"},"publishpress_future_workflow_manual_trigger":{"enabledWorkflows":[]},"_links":{"self":[{"href":"https:\/\/www.oarcanjo.net\/site\/wp-json\/wp\/v2\/posts\/2996"}],"collection":[{"href":"https:\/\/www.oarcanjo.net\/site\/wp-json\/wp\/v2\/posts"}],"about":[{"href":"https:\/\/www.oarcanjo.net\/site\/wp-json\/wp\/v2\/types\/post"}],"author":[{"embeddable":true,"href":"https:\/\/www.oarcanjo.net\/site\/wp-json\/wp\/v2\/users\/5"}],"replies":[{"embeddable":true,"href":"https:\/\/www.oarcanjo.net\/site\/wp-json\/wp\/v2\/comments?post=2996"}],"version-history":[{"count":0,"href":"https:\/\/www.oarcanjo.net\/site\/wp-json\/wp\/v2\/posts\/2996\/revisions"}],"wp:attachment":[{"href":"https:\/\/www.oarcanjo.net\/site\/wp-json\/wp\/v2\/media?parent=2996"}],"wp:term":[{"taxonomy":"category","embeddable":true,"href":"https:\/\/www.oarcanjo.net\/site\/wp-json\/wp\/v2\/categories?post=2996"},{"taxonomy":"post_tag","embeddable":true,"href":"https:\/\/www.oarcanjo.net\/site\/wp-json\/wp\/v2\/tags?post=2996"}],"curies":[{"name":"wp","href":"https:\/\/api.w.org\/{rel}","templated":true}]}}