
{"id":2998,"date":"2009-04-21T19:45:17","date_gmt":"2009-04-21T22:45:17","guid":{"rendered":"http:\/\/www.oarcanjo.net\/site\/?p=2998"},"modified":"2009-04-21T19:49:01","modified_gmt":"2009-04-21T22:49:01","slug":"expectativas-para-a-47-assembleia-da-cnbb","status":"publish","type":"post","link":"https:\/\/www.oarcanjo.net\/site\/expectativas-para-a-47-assembleia-da-cnbb\/","title":{"rendered":"Expectativas para a 47\u00aa Assembleia da CNBB"},"content":{"rendered":"<p>Expectativas de dom Dimas para a 47\u00aa Assembleia Geral da CNBB<br \/>\n<em>Em entrevista \u00e0 Assessoria de Imprensa da Confer\u00eancia Nacional dos Bispos do Brasil (CNBB), o secret\u00e1rio-geral, dom Dimas Lara Barbosa, falou sobre suas expectativas para a 47\u00aa Assembleia Geral dos Bispos que come\u00e7a nesta quarta-feira, 22. Confira, nas palavras de dom Dimas, o que vai acontecer de mais importante durante os dez dias de Assembleia que envolver\u00e1 330 bispos, al\u00e9m de 36 assessores, 19 funcion\u00e1rios, 17 secret\u00e1rios regionais, entre outros.<\/em><\/p>\n<p>Qual a expectativa para essa 47\u00aa Assembleia Geral da CNBB?<\/p>\n<p>Dom Dimas &#8211; Estamos com a pauta bastante ampla e apertada, o que significa que a nossa Igreja \u00e9 muito din\u00e2mica. Isso para quem est\u00e1 organizando o evento \u00e9 muito at\u00edpico, porque a Assembleia n\u00e3o pode ser muito pesada e ao mesmo tempo tem que ser eficiente. Os temas s\u00e3o de tal import\u00e2ncia que vale qualquer sacrif\u00edcio que isso possa exigir de n\u00f3s bispos e assessores. Basta lembrar o tema central quando n\u00f3s n\u00e3o apenas aprovaremos as novas \u201cDiretrizes da Forma\u00e7\u00e3o Presbiteral\u201d, como tamb\u00e9m discutiremos as implica\u00e7\u00f5es dessa forma\u00e7\u00e3o numa perspectiva mais ampla. Debateremos ainda os temas priorit\u00e1rios: \u201cO Brasil na Miss\u00e3o Continental\u201d e \u201cInicia\u00e7\u00e3o \u00e0 Vida Crist\u00e3\u201d. S\u00e3o temas de grande atualidade que v\u00eam responder, de maneira muito concreta, aos desafios propostos no Documento de Aparecida (DAp), cuja proposta \u00e9 que passemos a ser discipulos e mission\u00e1rios e que, a partir de uma experi\u00eancia com Cristo, nos tornemos tamb\u00e9m mission\u00e1rios na situa\u00e7\u00e3o concreta para a qual o Senhor nos envia. Devemos discutir tamb\u00e9m temas relacionados com a Amaz\u00f4nia, como \u00e9 o caso de um instituto de forma\u00e7\u00e3o mission\u00e1ria para essa regi\u00e3o. Outros temas que tamb\u00e9m fazem parte do dia a dia da Igreja v\u00e3o nos ocupar bastante. A expectativa, portanto, \u00e9 boa. Ali\u00e1s, estou ansioso para colher os resultados dessa Assembleia, uma vez que incidir\u00e1 diretamente nos rumos da Igreja no Brasil nos pr\u00f3ximos anos.<\/p>\n<p>O que mais chama a aten\u00e7\u00e3o no estudo da forma\u00e7\u00e3o dos padres?<\/p>\n<p>Dom Dimas &#8211; A forma\u00e7\u00e3o \u00e9 um processo. H\u00e1 v\u00e1rios anos na CNBB se vem discutindo que \u00e9 importante ter presentes n\u00e3o apenas algumas regrinhas a serem observadas [na forma\u00e7\u00e3o dos padres], mas todo o processo formativo em todas as suas dimens\u00f5es, que devem ser apreendidos no todo. A forma\u00e7\u00e3o n\u00e3o \u00e9 s\u00f3 intelectual, ministrada nos cursos de filosofia e teologia, ou mesmo no proped\u00eautico [curso que antecede o estudo da filosofia], mas inclui a forma\u00e7\u00e3o espiritual, humano-afetiva, pastoral [forma\u00e7\u00e3o para a vida em comunidade], e um aprofundamento da experi\u00eancia da vida de f\u00e9, ou seja, o pr\u00f3prio candidato ao minist\u00e9rio ordenado deve experienciar a mistagogia, que faz parte da tradi\u00e7\u00e3o da Igreja: ser introduzido na viv\u00eancia do mist\u00e9rio pascal de Cristo.<\/p>\n<p>Quais os maiores desafios da forma\u00e7\u00e3o sacerdotal na atualidade?<\/p>\n<p>Dom Dimas &#8211; Primeiro precisamos ter em mente que tipos de padres queremos ter, para que tipo de Igreja. Padres &#8211; como todos os mission\u00e1rios, leigos e leigas, agentes de pastoral &#8211; s\u00e3o chamados para anunciar o Evangelho num meio espec\u00edfico. Numa cultura e num tempo que tamb\u00e9m s\u00e3o singulares. Por isso \u00e9 muito importante que se contemple durante esta Assembleia a forma\u00e7\u00e3o permanente daqueles que j\u00e1 s\u00e3o ministros ordenados. Os grandes desafios da forma\u00e7\u00e3o s\u00e3o aqueles pr\u00f3prios do nosso tempo. Os seminaristas n\u00e3o s\u00e3o jovens de outro mundo, s\u00e3o jovens provenientes das fam\u00edlias que n\u00f3s temos com todas as crises a que est\u00e3o submetidas em nossa sociedade. Eles v\u00eam de um mundo pluricultural, globalizado, individualista, violento, marcado pela desvaloriza\u00e7\u00e3o da dignidade da pessoa humana, pelas tecnologias da informa\u00e7\u00e3o, pela internet. Esses s\u00e3o os jovens que v\u00eam para nossos semin\u00e1rios, muitos deles, inclusive, provenientes de fam\u00edlias desestruturadas, com uma forma\u00e7\u00e3o escolar, muitas vezes prec\u00e1ria, como costuma acontecer em tantas das nossas escolas. Muitos chegam semialfabetizados, por causa da m\u00e1 qualidade das escolas que frequentaram. Ent\u00e3o, o jovem seminarista n\u00e3o \u00e9, repito, algu\u00e9m de outro mundo, pelo contr\u00e1rio, \u00e9 um jovem comum, das nossas sociedades, que  precisa ter na forma\u00e7\u00e3o respostas para conseguir identificar o caminho, o processo formativo que o leve a amadurecer a pr\u00f3pria op\u00e7\u00e3o vocacional, a experi\u00eancia de Deus e do servi\u00e7o aos irm\u00e3os.<\/p>\n<p>A Assembleia da CNBB \u00e9 uma das poucas oportunidades de todos os bispos do Brasil se encontrarem. Como o senhor v\u00ea esse encontro olhando na perspectiva de unidade e fraternidade da Igreja?<\/p>\n<p>Fundamental. A necessidade de, em primeiro lugar, planejar a pastoral foi apontada pelo ent\u00e3o papa Jo\u00e3o XXIII antes mesmo de j\u00e1 existir essa pr\u00e1tica. A pr\u00e1tica do planejamento pastoral \u00e9 relativamente recente na hist\u00f3ria da Igreja no Brasil. Depois a complexidade da nossa sociedade \u00e9 cada vez mais crescente e desafiadora, a tal ponto que nenhum bispo, por mais dotado que seja, pode dar conta dela toda. Hoje voc\u00ea n\u00e3o encontra nenhum fil\u00f3sofo, soci\u00f3logo ou analista que queira dar conta da realidade como um todo. A experi\u00eancia do planejamento conjunto \u00e9 fundamental, mais ainda a experi\u00eancia da colegialidade que faz parte de um col\u00e9gio episcopal em comunh\u00e3o com o sucessor de Pedro. Essa experi\u00eancia de colegialidade a gente exprime de v\u00e1rias formas, nas assembleias dos regionais ou prov\u00edncias eclesi\u00e1sticas, mas de uma maneira mais plena, na Assembleia Geral. S\u00e3o, portanto, momentos preciosos e, mesmo que um dia descobr\u00edssemos formas tecnol\u00f3gicas para substitu\u00ed-los, como por exemplo as video-confer\u00eancias, que n\u00f3s queremos aproveitar em breve para uso dos bispos por meio da CNBB, ressalto: nenhuma tecnologia substitui a beleza e o espec\u00edfico de um encontro pessoal de uma Assembleia. \u00c9 ali que o col\u00e9gio dos bispos fala, se manifesta e exerce de maneira colegiada o seu \u00f4nus de pastor.<\/p>\n<p>Quais dificuldades para se organizar uma Assembleia Geral que envolve mais de 300 bispos, al\u00e9m de assessores, peritos, funcion\u00e1rios e colaboradores?<\/p>\n<p>Dom Dimas &#8211; N\u00f3s j\u00e1 temos uma larga experi\u00eancia na realiza\u00e7\u00e3o de Assembleias gerais. Essa experi\u00eancia acumulada permite uma revis\u00e3o de modo que os erros cometidos numa Assembleia podem ser corrigidos na pr\u00f3xima. Nesse sentido, a Assembleia tem um ritmo pr\u00f3prio que proporciona a repeti\u00e7\u00e3o do evento ano ap\u00f3s ano com um aprimoramento crescente. Agora, evidentemente, voc\u00ea  manter 400 ou 500 pessoas, entre bispos, assessores, peritos, funcion\u00e1rios e convidados, representantes de organismos, secret\u00e1rios de regionais durante dez dias, em plena atividade, de maneira din\u00e2mica, leve, gostosa e produtiva, isso exige de quem organiza a Assembleia muita criatividade, muito empenho e bastante preocupa\u00e7\u00e3o.<\/p>\n<p>Esta assembleia vai homenagear Dom Helder no centen\u00e1rio de seu nascimento. O que dom Helder C\u00e2mara, fundador da CNBB, representa para a Igreja? O que os bispos recordar\u00e3o ao celebrar o seu centen\u00e1rio de nascimento?<\/p>\n<p>Dom Dimas &#8211; Dom Helder, sem d\u00favida, \u00e9 um dos pastores que a Igreja pode ostentar diante do mundo como algu\u00e9m cuja vida foi marcada por um profetismo muitas vezes itinerante, at\u00e9 por conta da censura a que ele foi submetido. Dom Helder chegou a ser conhecido mais no exterior do que no Brasil, por conta do bloqueio da imprensa. Sem d\u00favida, ele \u00e9 o modelo de um grande pastor, um poeta, m\u00edstico, algu\u00e9m que viveu a sua op\u00e7\u00e3o pelos pobres de uma maneira muito coerente, pela pr\u00f3pria exig\u00eancia da situa\u00e7\u00e3o muito radical em que viveu. Uma pessoa que \u00e9 apresentada como modelo para os bispos do Brasil de hoje e de amanh\u00e3.<\/p>\n<p>O Ano Catequ\u00e9tico Nacional merecer\u00e1 uma celebra\u00e7\u00e3o no dia 24, durante a Assembleia. Em que o Ano Catequ\u00e9tico contribuir\u00e1 para o crescimento da f\u00e9 do povo brasileiro?<\/p>\n<p>Dom Dimas &#8211; Mais do que a celebra\u00e7\u00e3o do dia 24, a celebra\u00e7\u00e3o do Ano Catequ\u00e9tico vai servir para levar a todos a consci\u00eancia da necessidade de se colocar no caminho do discipulado. Trata-se do pr\u00f3prio processo mistag\u00f3gico que n\u00f3s queremos apresentar aos batizados e, ao mesmo tempo, celebrar e viver.<\/p>\n<div id=\"themify_builder_content-2998\" data-postid=\"2998\" class=\"themify_builder_content themify_builder_content-2998 themify_builder themify_builder_front\">\n\t<\/div>\n<!-- \/themify_builder_content -->","protected":false},"excerpt":{"rendered":"<p>Expectativas de dom Dimas para a 47\u00aa Assembleia Geral da CNBB Em entrevista \u00e0 Assessoria de Imprensa da Confer\u00eancia Nacional dos Bispos do Brasil (CNBB), o secret\u00e1rio-geral, dom Dimas Lara Barbosa, falou sobre suas expectativas para a 47\u00aa Assembleia Geral dos Bispos que come\u00e7a nesta quarta-feira, 22. Confira, nas palavras de dom Dimas, o que [&hellip;]<\/p>\n","protected":false},"author":5,"featured_media":0,"comment_status":"open","ping_status":"open","sticky":false,"template":"","format":"standard","meta":{"ngg_post_thumbnail":0,"footnotes":""},"categories":[8],"tags":[531,33,63,210,532,500],"yoast_head":"<!-- This site is optimized with the Yoast SEO plugin v23.5 - https:\/\/yoast.com\/wordpress\/plugins\/seo\/ -->\n<title>Expectativas para a 47\u00aa Assembleia da CNBB - O Arcanjo no ar<\/title>\n<meta name=\"robots\" content=\"index, follow, max-snippet:-1, max-image-preview:large, max-video-preview:-1\" \/>\n<link rel=\"canonical\" href=\"https:\/\/www.oarcanjo.net\/site\/expectativas-para-a-47-assembleia-da-cnbb\/\" \/>\n<meta property=\"og:locale\" content=\"pt_BR\" \/>\n<meta property=\"og:type\" content=\"article\" \/>\n<meta property=\"og:title\" content=\"Expectativas para a 47\u00aa Assembleia da CNBB - O Arcanjo no ar\" \/>\n<meta property=\"og:description\" content=\"Expectativas de dom Dimas para a 47\u00aa Assembleia Geral da CNBB Em entrevista \u00e0 Assessoria de Imprensa da Confer\u00eancia Nacional dos Bispos do Brasil (CNBB), o secret\u00e1rio-geral, dom Dimas Lara Barbosa, falou sobre suas expectativas para a 47\u00aa Assembleia Geral dos Bispos que come\u00e7a nesta quarta-feira, 22. Confira, nas palavras de dom Dimas, o que [&hellip;]\" \/>\n<meta property=\"og:url\" content=\"https:\/\/www.oarcanjo.net\/site\/expectativas-para-a-47-assembleia-da-cnbb\/\" \/>\n<meta property=\"og:site_name\" content=\"O Arcanjo no ar\" \/>\n<meta property=\"article:publisher\" content=\"https:\/\/www.facebook.com\/OArcanjoNoAr\/\" \/>\n<meta property=\"article:published_time\" content=\"2009-04-21T22:45:17+00:00\" \/>\n<meta property=\"article:modified_time\" content=\"2009-04-21T22:49:01+00:00\" \/>\n<meta property=\"og:image\" content=\"https:\/\/www.oarcanjo.net\/site\/wp-content\/uploads\/logo-o-arcanjo-no-ar-facebook.png\" \/>\n\t<meta property=\"og:image:width\" content=\"300\" \/>\n\t<meta property=\"og:image:height\" content=\"300\" \/>\n\t<meta property=\"og:image:type\" content=\"image\/png\" \/>\n<meta name=\"author\" content=\"editor\" \/>\n<meta name=\"twitter:card\" content=\"summary_large_image\" \/>\n<meta name=\"twitter:label1\" content=\"Escrito por\" \/>\n\t<meta name=\"twitter:data1\" content=\"editor\" \/>\n\t<meta name=\"twitter:label2\" content=\"Est. tempo de leitura\" \/>\n\t<meta name=\"twitter:data2\" content=\"7 minutos\" \/>\n<script type=\"application\/ld+json\" class=\"yoast-schema-graph\">{\"@context\":\"https:\/\/schema.org\",\"@graph\":[{\"@type\":\"Article\",\"@id\":\"https:\/\/www.oarcanjo.net\/site\/expectativas-para-a-47-assembleia-da-cnbb\/#article\",\"isPartOf\":{\"@id\":\"https:\/\/www.oarcanjo.net\/site\/expectativas-para-a-47-assembleia-da-cnbb\/\"},\"author\":{\"name\":\"editor\",\"@id\":\"https:\/\/www.oarcanjo.net\/site\/#\/schema\/person\/f7024d007863202483a31326673a0838\"},\"headline\":\"Expectativas para a 47\u00aa Assembleia da CNBB\",\"datePublished\":\"2009-04-21T22:45:17+00:00\",\"dateModified\":\"2009-04-21T22:49:01+00:00\",\"mainEntityOfPage\":{\"@id\":\"https:\/\/www.oarcanjo.net\/site\/expectativas-para-a-47-assembleia-da-cnbb\/\"},\"wordCount\":1400,\"commentCount\":0,\"publisher\":{\"@id\":\"https:\/\/www.oarcanjo.net\/site\/#organization\"},\"keywords\":[\"Assembl\u00e9ia\",\"bispos\",\"CNBB\",\"Dom Helder Camara\",\"forma\u00e7\u00e3o dos padres\",\"Itaici\"],\"articleSection\":[\"Not\u00edcias\"],\"inLanguage\":\"pt-BR\",\"potentialAction\":[{\"@type\":\"CommentAction\",\"name\":\"Comment\",\"target\":[\"https:\/\/www.oarcanjo.net\/site\/expectativas-para-a-47-assembleia-da-cnbb\/#respond\"]}]},{\"@type\":\"WebPage\",\"@id\":\"https:\/\/www.oarcanjo.net\/site\/expectativas-para-a-47-assembleia-da-cnbb\/\",\"url\":\"https:\/\/www.oarcanjo.net\/site\/expectativas-para-a-47-assembleia-da-cnbb\/\",\"name\":\"Expectativas para a 47\u00aa Assembleia da CNBB - O Arcanjo no ar\",\"isPartOf\":{\"@id\":\"https:\/\/www.oarcanjo.net\/site\/#website\"},\"datePublished\":\"2009-04-21T22:45:17+00:00\",\"dateModified\":\"2009-04-21T22:49:01+00:00\",\"breadcrumb\":{\"@id\":\"https:\/\/www.oarcanjo.net\/site\/expectativas-para-a-47-assembleia-da-cnbb\/#breadcrumb\"},\"inLanguage\":\"pt-BR\",\"potentialAction\":[{\"@type\":\"ReadAction\",\"target\":[\"https:\/\/www.oarcanjo.net\/site\/expectativas-para-a-47-assembleia-da-cnbb\/\"]}]},{\"@type\":\"BreadcrumbList\",\"@id\":\"https:\/\/www.oarcanjo.net\/site\/expectativas-para-a-47-assembleia-da-cnbb\/#breadcrumb\",\"itemListElement\":[{\"@type\":\"ListItem\",\"position\":1,\"name\":\"In\u00edcio\",\"item\":\"https:\/\/www.oarcanjo.net\/site\/\"},{\"@type\":\"ListItem\",\"position\":2,\"name\":\"Expectativas para a 47\u00aa Assembleia da CNBB\"}]},{\"@type\":\"WebSite\",\"@id\":\"https:\/\/www.oarcanjo.net\/site\/#website\",\"url\":\"https:\/\/www.oarcanjo.net\/site\/\",\"name\":\"O Arcanjo no ar\",\"description\":\"Site da Par\u00f3quia S\u00e3o Miguel Arcanjo (Arquidiocese de SP)\",\"publisher\":{\"@id\":\"https:\/\/www.oarcanjo.net\/site\/#organization\"},\"potentialAction\":[{\"@type\":\"SearchAction\",\"target\":{\"@type\":\"EntryPoint\",\"urlTemplate\":\"https:\/\/www.oarcanjo.net\/site\/?s={search_term_string}\"},\"query-input\":{\"@type\":\"PropertyValueSpecification\",\"valueRequired\":true,\"valueName\":\"search_term_string\"}}],\"inLanguage\":\"pt-BR\"},{\"@type\":\"Organization\",\"@id\":\"https:\/\/www.oarcanjo.net\/site\/#organization\",\"name\":\"Par\u00f3quia S\u00e3o Miguel Arcanjo\",\"url\":\"https:\/\/www.oarcanjo.net\/site\/\",\"logo\":{\"@type\":\"ImageObject\",\"inLanguage\":\"pt-BR\",\"@id\":\"https:\/\/www.oarcanjo.net\/site\/#\/schema\/logo\/image\/\",\"url\":\"https:\/\/www.oarcanjo.net\/site\/wp-content\/uploads\/LogoOArcanjo.png\",\"contentUrl\":\"https:\/\/www.oarcanjo.net\/site\/wp-content\/uploads\/LogoOArcanjo.png\",\"width\":319,\"height\":99,\"caption\":\"Par\u00f3quia S\u00e3o Miguel Arcanjo\"},\"image\":{\"@id\":\"https:\/\/www.oarcanjo.net\/site\/#\/schema\/logo\/image\/\"},\"sameAs\":[\"https:\/\/www.facebook.com\/OArcanjoNoAr\/\"]},{\"@type\":\"Person\",\"@id\":\"https:\/\/www.oarcanjo.net\/site\/#\/schema\/person\/f7024d007863202483a31326673a0838\",\"name\":\"editor\",\"sameAs\":[\"http:\/\/www.oarcanjo.net\"]}]}<\/script>\n<!-- \/ Yoast SEO plugin. -->","yoast_head_json":{"title":"Expectativas para a 47\u00aa Assembleia da CNBB - O Arcanjo no ar","robots":{"index":"index","follow":"follow","max-snippet":"max-snippet:-1","max-image-preview":"max-image-preview:large","max-video-preview":"max-video-preview:-1"},"canonical":"https:\/\/www.oarcanjo.net\/site\/expectativas-para-a-47-assembleia-da-cnbb\/","og_locale":"pt_BR","og_type":"article","og_title":"Expectativas para a 47\u00aa Assembleia da CNBB - O Arcanjo no ar","og_description":"Expectativas de dom Dimas para a 47\u00aa Assembleia Geral da CNBB Em entrevista \u00e0 Assessoria de Imprensa da Confer\u00eancia Nacional dos Bispos do Brasil (CNBB), o secret\u00e1rio-geral, dom Dimas Lara Barbosa, falou sobre suas expectativas para a 47\u00aa Assembleia Geral dos Bispos que come\u00e7a nesta quarta-feira, 22. Confira, nas palavras de dom Dimas, o que [&hellip;]","og_url":"https:\/\/www.oarcanjo.net\/site\/expectativas-para-a-47-assembleia-da-cnbb\/","og_site_name":"O Arcanjo no ar","article_publisher":"https:\/\/www.facebook.com\/OArcanjoNoAr\/","article_published_time":"2009-04-21T22:45:17+00:00","article_modified_time":"2009-04-21T22:49:01+00:00","og_image":[{"width":300,"height":300,"url":"https:\/\/www.oarcanjo.net\/site\/wp-content\/uploads\/logo-o-arcanjo-no-ar-facebook.png","type":"image\/png"}],"author":"editor","twitter_card":"summary_large_image","twitter_misc":{"Escrito por":"editor","Est. tempo de leitura":"7 minutos"},"schema":{"@context":"https:\/\/schema.org","@graph":[{"@type":"Article","@id":"https:\/\/www.oarcanjo.net\/site\/expectativas-para-a-47-assembleia-da-cnbb\/#article","isPartOf":{"@id":"https:\/\/www.oarcanjo.net\/site\/expectativas-para-a-47-assembleia-da-cnbb\/"},"author":{"name":"editor","@id":"https:\/\/www.oarcanjo.net\/site\/#\/schema\/person\/f7024d007863202483a31326673a0838"},"headline":"Expectativas para a 47\u00aa Assembleia da CNBB","datePublished":"2009-04-21T22:45:17+00:00","dateModified":"2009-04-21T22:49:01+00:00","mainEntityOfPage":{"@id":"https:\/\/www.oarcanjo.net\/site\/expectativas-para-a-47-assembleia-da-cnbb\/"},"wordCount":1400,"commentCount":0,"publisher":{"@id":"https:\/\/www.oarcanjo.net\/site\/#organization"},"keywords":["Assembl\u00e9ia","bispos","CNBB","Dom Helder Camara","forma\u00e7\u00e3o dos padres","Itaici"],"articleSection":["Not\u00edcias"],"inLanguage":"pt-BR","potentialAction":[{"@type":"CommentAction","name":"Comment","target":["https:\/\/www.oarcanjo.net\/site\/expectativas-para-a-47-assembleia-da-cnbb\/#respond"]}]},{"@type":"WebPage","@id":"https:\/\/www.oarcanjo.net\/site\/expectativas-para-a-47-assembleia-da-cnbb\/","url":"https:\/\/www.oarcanjo.net\/site\/expectativas-para-a-47-assembleia-da-cnbb\/","name":"Expectativas para a 47\u00aa Assembleia da CNBB - O Arcanjo no ar","isPartOf":{"@id":"https:\/\/www.oarcanjo.net\/site\/#website"},"datePublished":"2009-04-21T22:45:17+00:00","dateModified":"2009-04-21T22:49:01+00:00","breadcrumb":{"@id":"https:\/\/www.oarcanjo.net\/site\/expectativas-para-a-47-assembleia-da-cnbb\/#breadcrumb"},"inLanguage":"pt-BR","potentialAction":[{"@type":"ReadAction","target":["https:\/\/www.oarcanjo.net\/site\/expectativas-para-a-47-assembleia-da-cnbb\/"]}]},{"@type":"BreadcrumbList","@id":"https:\/\/www.oarcanjo.net\/site\/expectativas-para-a-47-assembleia-da-cnbb\/#breadcrumb","itemListElement":[{"@type":"ListItem","position":1,"name":"In\u00edcio","item":"https:\/\/www.oarcanjo.net\/site\/"},{"@type":"ListItem","position":2,"name":"Expectativas para a 47\u00aa Assembleia da CNBB"}]},{"@type":"WebSite","@id":"https:\/\/www.oarcanjo.net\/site\/#website","url":"https:\/\/www.oarcanjo.net\/site\/","name":"O Arcanjo no ar","description":"Site da Par\u00f3quia S\u00e3o Miguel Arcanjo (Arquidiocese de SP)","publisher":{"@id":"https:\/\/www.oarcanjo.net\/site\/#organization"},"potentialAction":[{"@type":"SearchAction","target":{"@type":"EntryPoint","urlTemplate":"https:\/\/www.oarcanjo.net\/site\/?s={search_term_string}"},"query-input":{"@type":"PropertyValueSpecification","valueRequired":true,"valueName":"search_term_string"}}],"inLanguage":"pt-BR"},{"@type":"Organization","@id":"https:\/\/www.oarcanjo.net\/site\/#organization","name":"Par\u00f3quia S\u00e3o Miguel Arcanjo","url":"https:\/\/www.oarcanjo.net\/site\/","logo":{"@type":"ImageObject","inLanguage":"pt-BR","@id":"https:\/\/www.oarcanjo.net\/site\/#\/schema\/logo\/image\/","url":"https:\/\/www.oarcanjo.net\/site\/wp-content\/uploads\/LogoOArcanjo.png","contentUrl":"https:\/\/www.oarcanjo.net\/site\/wp-content\/uploads\/LogoOArcanjo.png","width":319,"height":99,"caption":"Par\u00f3quia S\u00e3o Miguel Arcanjo"},"image":{"@id":"https:\/\/www.oarcanjo.net\/site\/#\/schema\/logo\/image\/"},"sameAs":["https:\/\/www.facebook.com\/OArcanjoNoAr\/"]},{"@type":"Person","@id":"https:\/\/www.oarcanjo.net\/site\/#\/schema\/person\/f7024d007863202483a31326673a0838","name":"editor","sameAs":["http:\/\/www.oarcanjo.net"]}]}},"publishpress_future_action":{"enabled":false,"date":"2026-05-08 22:29:22","action":"category","newStatus":"draft","terms":[],"taxonomy":"category"},"publishpress_future_workflow_manual_trigger":{"enabledWorkflows":[]},"_links":{"self":[{"href":"https:\/\/www.oarcanjo.net\/site\/wp-json\/wp\/v2\/posts\/2998"}],"collection":[{"href":"https:\/\/www.oarcanjo.net\/site\/wp-json\/wp\/v2\/posts"}],"about":[{"href":"https:\/\/www.oarcanjo.net\/site\/wp-json\/wp\/v2\/types\/post"}],"author":[{"embeddable":true,"href":"https:\/\/www.oarcanjo.net\/site\/wp-json\/wp\/v2\/users\/5"}],"replies":[{"embeddable":true,"href":"https:\/\/www.oarcanjo.net\/site\/wp-json\/wp\/v2\/comments?post=2998"}],"version-history":[{"count":0,"href":"https:\/\/www.oarcanjo.net\/site\/wp-json\/wp\/v2\/posts\/2998\/revisions"}],"wp:attachment":[{"href":"https:\/\/www.oarcanjo.net\/site\/wp-json\/wp\/v2\/media?parent=2998"}],"wp:term":[{"taxonomy":"category","embeddable":true,"href":"https:\/\/www.oarcanjo.net\/site\/wp-json\/wp\/v2\/categories?post=2998"},{"taxonomy":"post_tag","embeddable":true,"href":"https:\/\/www.oarcanjo.net\/site\/wp-json\/wp\/v2\/tags?post=2998"}],"curies":[{"name":"wp","href":"https:\/\/api.w.org\/{rel}","templated":true}]}}