
{"id":3005,"date":"2009-04-23T21:35:14","date_gmt":"2009-04-24T00:35:14","guid":{"rendered":"http:\/\/www.oarcanjo.net\/site\/?p=3005"},"modified":"2009-04-25T12:29:54","modified_gmt":"2009-04-25T15:29:54","slug":"lazaro-vem-para-fora","status":"publish","type":"post","link":"https:\/\/www.oarcanjo.net\/site\/lazaro-vem-para-fora\/","title":{"rendered":"&#8216;L\u00e1zaro, vem para fora!&#8217;"},"content":{"rendered":"<p>S\u00edlvio Alves F\u00e9lix<\/p>\n<p>Ao sermos impelidos \u00e0 reflex\u00e3o sobre a Ressurrei\u00e7\u00e3o do Senhor por ocasi\u00e3o da P\u00e1scoa, vem-nos \u00e0 mente, a forte passagem b\u00edblica de Jo\u00e3o cap\u00edtulo 11, 1-43 que nos relata o epis\u00f3dio da Ressurrei\u00e7\u00e3o de L\u00e1zaro. Esta, parece ser a \u00fanica a nos relatar que Jesus chorou. Outra tradu\u00e7\u00e3o b\u00edblica diz: &#8220;comoveu-se interiormente e ficou conturbado&#8221;.<\/p>\n<p>Diante desse trecho do evangelho de Jo\u00e3o, nos deparamos com um Jesus justo poderoso e glorioso, mas por outro lado um Jesus extremamente humano a ponto de se comover e at\u00e9 chorar, ao receber a not\u00edcia de que seu amigo L\u00e1zaro j\u00e1 havia morrido h\u00e1 quatro dias.<\/p>\n<p>As irm\u00e3s de L\u00e1zaro, Marta e Maria, haviam mandado um recado a Jesus informando: &#8220;Senhor aquele que amas est\u00e1 doente.&#8221; (Jo11, 3). Mas Jesus, certo de que poderia demorar um pouco mais onde estava, assim o fez.<\/p>\n<p>Podemos contemplar tamb\u00e9m outro aspecto forte dessa passagem b\u00edblica, a saber, o momento que Jesus chega ao povoado de Bet\u00e2nia. &#8220;Informada da not\u00edcia da chegada de Jesus, Marta irm\u00e3 de L\u00e1zaro, saiu ao seu encontro, e com intimidade de amiga, fala ao Senhor: &#8220;&#8230; se estivesses aqui, meu irm\u00e3o n\u00e3o teria morrido&#8230;&#8221;. Observe que profiss\u00e3o de f\u00e9 em Jesus! E a mesma ainda completa: &#8220;Mais ainda agora sei que tudo que pedires a Deus ele te conceder\u00e1.&#8221; (Jo 11,22) E Jesus vendo o sofrimento de sua amiga Marta, lhe diz: &#8220;Teu irm\u00e3o ressuscitar\u00e1&#8221; (Jo 11,23). A profundidade desse di\u00e1logo \u00e9 de fato comovente! Oxal\u00e1 pud\u00e9ssemos cada um de n\u00f3s ter a liberdade de falar com o Senhor com toda essa transpar\u00eancia, com toda essa franqueza e serenidade que essa conversa entre amigos aqui relatada, o di\u00e1logo de Jesus e Marta, nos transmite e nos transcende, mostrando-nos o quanto preenchida de Deus estava Marta, uma vez diante de Jesus, o pr\u00f3prio Deus nosso Salvador. Esse \u00e9 para n\u00f3s, um modelo de ora\u00e7\u00e3o ideal, ou seja, dialogar com o Senhor de forma franca, livre e desprendida, abrindo-se a ele de maneira sincera e irrestrita.<\/p>\n<p>Na sequ\u00eancia desse di\u00e1logo de f\u00e9, entre Marta e Jesus, ele, o Senhor, faz uma ora\u00e7\u00e3o que nos remete a sua pr\u00f3pria ressurrei\u00e7\u00e3o: &#8220;Eu sou a ressurrei\u00e7\u00e3o. Quem cr\u00ea em mim ainda que morra, viver\u00e1. E quem vive e cr\u00ea em mim jamais morrer\u00e1. Cr\u00eas nisso?&#8221; (Jo 11,25-26). Aqui nos deparamos com uma &#8220;autoproclama\u00e7\u00e3o&#8221; da P\u00e1scoa de Nosso Senhor Jesus Cristo, dita por ele mesmo, sa\u00edda de seus l\u00e1bios, dando a Marta a certeza da Ressurrei\u00e7\u00e3o para os que nele cr\u00eaem.<\/p>\n<p>Continuando com  essa leitura orante, o evangelista nos relata tamb\u00e9m, o encontro de Maria com o Senhor, ela tamb\u00e9m diz o mesmo a Jesus: &#8220;Senhor se estivesses aqui, meu irm\u00e3o n\u00e3o teria morrido&#8221;. E aqui o evangelista mais uma vez faz refer\u00eancia \u00e0 como\u00e7\u00e3o interior de Jesus: &#8220;Quando Jesus a viu chorar e tamb\u00e9m os judeus que a acompanhavam, comoveu-se interiormente e ficou conturbado.&#8221; E mais \u00e0 frente no texto, diz claramente: Jesus chorou. (Jo 11,35)<\/p>\n<p>Ao ler e meditar este trecho de Jo\u00e3o, percebe-se Jesus muito mais pr\u00f3ximo de n\u00f3s do que podemos imaginar. Pois, como pode o Senhor Deus ser t\u00e3o humano?! E com isso chega-se a conclus\u00e3o de que Jesus \u00e9 hoje mais do que nunca, nosso companheiro, nosso amigo e irm\u00e3o em todas as nossas dificuldades e sofrimentos. Muitas vezes diante das intemp\u00e9ries que nos s\u00e3o impostas na vida, sentimo-nos de certa forma desamparados e at\u00e9 um pouco predispostos a nos entregar a um sentimento de revolta, uma vez que n\u00e3o somos socorridos por Jesus da forma como queremos ou necessitamos naquele momento. E aqui, o evangelista nos mostra Jesus comovido, talvez at\u00e9 angustiado e triste diante da morte do amigo L\u00e1zaro e do sofrimento de Marta e Maria, irm\u00e3s do morto e suas amigas.<\/p>\n<p>Os judeus que estavam na casa de Marta e Maria para consol\u00e1-las e velar o morto, presenciaram o encontro de Jesus com as duas irm\u00e3s e perceberam a como\u00e7\u00e3o dele, comentando entre si: &#8220;Vede como ele o amava.&#8221; (Jo 11,36) Podemos contemplar aqui o qu\u00e3o transparente se mostrou Jesus diante desse acontecimento. O mesmo Jesus que falava forte e tinha posi\u00e7\u00f5es firmes a favor dos pobres e exclu\u00eddos da \u00e9poca, o mesmo Jesus que se op\u00f4s fortemente aos vendilh\u00f5es do templo de Jerusal\u00e9m a ponto de expuls\u00e1-los, mostra sua compaix\u00e3o pela morte do amigo que de fato muito amava.<\/p>\n<p>Observe que liberdade de vida, que liberdade de a\u00e7\u00e3o! Muitas vezes n\u00f3s achamos que nosso principal problema \u00e9 dinheiro, \u00e9 sa\u00fade, \u00e9 amor, e na maioria das vezes o nosso problema \u00e9 de liberdade, ou mesmo, falta de liberdade para agir, e falta de liberdade para viver e enxergar as possibilidades que a vida nos d\u00e1 e os momentos intensos que a vida nos disp\u00f5e.<\/p>\n<p>Em seguida Jesus pergunta: &#8220;Onde o colocastes?&#8221; (Jo 11,34) Aqui o Senhor recebe como resposta um convite: Vem e v\u00ea! (Jo 11,34) A partir da\u00ed o evangelista narra o epis\u00f3dio da ressurrei\u00e7\u00e3o propriamente dita, que \u00e9 um dos grandes milagres praticados por Jesus se n\u00e3o o maior de toda sua vida p\u00fablica, pois quando o mesmo manda retirar a pedra, as irm\u00e3s de L\u00e1zaro dizem: Senhor, j\u00e1 cheira mal: \u00e9 o quarto dia! (Jo 11,39). E Jesus aproveita para reafirmar sua inten\u00e7\u00e3o de ressuscitar L\u00e1zaro relembrando a Marta: &#8221; N\u00e3o  te disse que,  se creres, ver\u00e1s a gl\u00f3ria de Deus?&#8221; (Jo 11,40). E ap\u00f3s a retirada da pedra, Jesus profere uma ora\u00e7\u00e3o das mais profundas e belas encontradas na B\u00edblia:<\/p>\n<p>&#8220;Pai dou-te gra\u00e7as porque me ouviste. Eu sabia que sempre me ouves. Mas, digo isso por causa da multid\u00e3o que me rodeia; para que creiam que me enviaste.&#8221; (Jo 11,42).<\/p>\n<p>Chegamos ent\u00e3o ao ponto da grande ordem de Jesus que grita em alta voz: &#8220;L\u00e1zaro vem para fora.&#8221; (Jo 11,43). Ao que L\u00e1zaro obedece e sai do t\u00famulo ainda com os p\u00e9s e m\u00e3os enfaixados. Hoje Jesus tamb\u00e9m nos ordena a sair e vir ao seu encontro a segui-lo e a ressurgir de onde estamos, de nossas pris\u00f5es de nossos t\u00famulos que a p\u00f3s-modernidade nos imp\u00f5e. Jesus nos convida a um encontro \u00edntimo e pessoal com ele, e esse encontro s\u00f3 pode se d\u00e1 por meio de uma comunidade viva que se re\u00fane para celebrar em seu nome.<\/p>\n<p>E por fim, Jesus ordena e envia L\u00e1zaro: &#8220;Desatai-o e deixai-o ir embora.&#8221; (Jo 11,44).<\/p>\n<p>Cristo tamb\u00e9m nos envia ao encontro conosco mesmos e a nos confrontar e nos encontrar com nossos irm\u00e3os reunidos em comunidade. Hoje a P\u00e1scoa tem para n\u00f3s crist\u00e3os cat\u00f3licos um significado muito mais profundo, que difere do simples fato de fazer mem\u00f3ria da ressurrei\u00e7\u00e3o de Nosso Senhor Jesus Cristo. A P\u00e1scoa nos convida ao encontro, e n\u00f3s podemos nos espelhar nesse bel\u00edssimo encontro de Marta, Maria, Jesus e L\u00e1zaro. Encontrar o irm\u00e3o no caminho, e n\u00e3o ter medo de ser sincero, de abrir-se e dizer o que sente, ser conforto, ser presen\u00e7a, ser testemunho de f\u00e9 e vida, estar firme e presente nas horas dif\u00edceis, comprometer-se com o outro e acreditar junto que a ressurrei\u00e7\u00e3o \u00e9 algo poss\u00edvel e que a ressurrei\u00e7\u00e3o pode ser vivida tamb\u00e9m por meio de uma amizade verdadeira, de uma palavra de carinho, de uma atitude de comprometimento com a causa dos mais pobres e sofridos de nosso tempo, com os pobres e sofridos das grandes cidades, com as v\u00edtimas do alcoolismo, das drogas e da prostitui\u00e7\u00e3o.<\/p>\n<p>Que o Senhor Jesus possa nos inspirar e nos impulsionar a agirmos com a reta consci\u00eancia e firme convic\u00e7\u00e3o, de que podemos ressuscitar, desde que ressuscitemos todos juntos, em comunidade, unindo for\u00e7as em prol de uma igreja cada vez mais viva, comprometida e vivificante. <\/p>\n<p>Feliz P\u00e1scoa!<\/p>\n<p>Paz a todos e todas.<\/p>\n<div id=\"themify_builder_content-3005\" data-postid=\"3005\" class=\"themify_builder_content themify_builder_content-3005 themify_builder themify_builder_front\">\n\t<\/div>\n<!-- \/themify_builder_content -->","protected":false},"excerpt":{"rendered":"<p>S\u00edlvio Alves F\u00e9lix Ao sermos impelidos \u00e0 reflex\u00e3o sobre a Ressurrei\u00e7\u00e3o do Senhor por ocasi\u00e3o da P\u00e1scoa, vem-nos \u00e0 mente, a forte passagem b\u00edblica de Jo\u00e3o cap\u00edtulo 11, 1-43 que nos relata o epis\u00f3dio da Ressurrei\u00e7\u00e3o de L\u00e1zaro. Esta, parece ser a \u00fanica a nos relatar que Jesus chorou. Outra tradu\u00e7\u00e3o b\u00edblica diz: &#8220;comoveu-se interiormente [&hellip;]<\/p>\n","protected":false},"author":5,"featured_media":0,"comment_status":"open","ping_status":"open","sticky":false,"template":"","format":"standard","meta":{"ngg_post_thumbnail":0,"footnotes":""},"categories":[9],"tags":[441,536,537,242,486],"yoast_head":"<!-- This site is optimized with the Yoast SEO plugin v23.5 - https:\/\/yoast.com\/wordpress\/plugins\/seo\/ -->\n<title>&#039;L\u00e1zaro, vem para fora!&#039; - O Arcanjo no ar<\/title>\n<meta name=\"robots\" content=\"index, follow, max-snippet:-1, max-image-preview:large, max-video-preview:-1\" \/>\n<link rel=\"canonical\" href=\"https:\/\/www.oarcanjo.net\/site\/lazaro-vem-para-fora\/\" \/>\n<meta property=\"og:locale\" content=\"pt_BR\" \/>\n<meta property=\"og:type\" content=\"article\" \/>\n<meta property=\"og:title\" content=\"&#039;L\u00e1zaro, vem para fora!&#039; - O Arcanjo no ar\" \/>\n<meta property=\"og:description\" content=\"S\u00edlvio Alves F\u00e9lix Ao sermos impelidos \u00e0 reflex\u00e3o sobre a Ressurrei\u00e7\u00e3o do Senhor por ocasi\u00e3o da P\u00e1scoa, vem-nos \u00e0 mente, a forte passagem b\u00edblica de Jo\u00e3o cap\u00edtulo 11, 1-43 que nos relata o epis\u00f3dio da Ressurrei\u00e7\u00e3o de L\u00e1zaro. Esta, parece ser a \u00fanica a nos relatar que Jesus chorou. Outra tradu\u00e7\u00e3o b\u00edblica diz: &#8220;comoveu-se interiormente [&hellip;]\" \/>\n<meta property=\"og:url\" content=\"https:\/\/www.oarcanjo.net\/site\/lazaro-vem-para-fora\/\" \/>\n<meta property=\"og:site_name\" content=\"O Arcanjo no ar\" \/>\n<meta property=\"article:publisher\" content=\"https:\/\/www.facebook.com\/OArcanjoNoAr\/\" \/>\n<meta property=\"article:published_time\" content=\"2009-04-24T00:35:14+00:00\" \/>\n<meta property=\"article:modified_time\" content=\"2009-04-25T15:29:54+00:00\" \/>\n<meta property=\"og:image\" content=\"https:\/\/www.oarcanjo.net\/site\/wp-content\/uploads\/logo-o-arcanjo-no-ar-facebook.png\" \/>\n\t<meta property=\"og:image:width\" content=\"300\" \/>\n\t<meta property=\"og:image:height\" content=\"300\" \/>\n\t<meta property=\"og:image:type\" content=\"image\/png\" \/>\n<meta name=\"author\" content=\"editor\" \/>\n<meta name=\"twitter:card\" content=\"summary_large_image\" \/>\n<meta name=\"twitter:label1\" content=\"Escrito por\" \/>\n\t<meta name=\"twitter:data1\" content=\"editor\" \/>\n\t<meta name=\"twitter:label2\" content=\"Est. tempo de leitura\" \/>\n\t<meta name=\"twitter:data2\" content=\"7 minutos\" \/>\n<script type=\"application\/ld+json\" class=\"yoast-schema-graph\">{\"@context\":\"https:\/\/schema.org\",\"@graph\":[{\"@type\":\"Article\",\"@id\":\"https:\/\/www.oarcanjo.net\/site\/lazaro-vem-para-fora\/#article\",\"isPartOf\":{\"@id\":\"https:\/\/www.oarcanjo.net\/site\/lazaro-vem-para-fora\/\"},\"author\":{\"name\":\"editor\",\"@id\":\"https:\/\/www.oarcanjo.net\/site\/#\/schema\/person\/f7024d007863202483a31326673a0838\"},\"headline\":\"&#8216;L\u00e1zaro, vem para fora!&#8217;\",\"datePublished\":\"2009-04-24T00:35:14+00:00\",\"dateModified\":\"2009-04-25T15:29:54+00:00\",\"mainEntityOfPage\":{\"@id\":\"https:\/\/www.oarcanjo.net\/site\/lazaro-vem-para-fora\/\"},\"wordCount\":1387,\"commentCount\":3,\"publisher\":{\"@id\":\"https:\/\/www.oarcanjo.net\/site\/#organization\"},\"keywords\":[\"f\u00e9\",\"L\u00e1zaro\",\"Marta\",\"P\u00e1scoa\",\"Ressurrei\u00e7\u00e3o\"],\"articleSection\":[\"Reflex\u00f5es\"],\"inLanguage\":\"pt-BR\",\"potentialAction\":[{\"@type\":\"CommentAction\",\"name\":\"Comment\",\"target\":[\"https:\/\/www.oarcanjo.net\/site\/lazaro-vem-para-fora\/#respond\"]}]},{\"@type\":\"WebPage\",\"@id\":\"https:\/\/www.oarcanjo.net\/site\/lazaro-vem-para-fora\/\",\"url\":\"https:\/\/www.oarcanjo.net\/site\/lazaro-vem-para-fora\/\",\"name\":\"'L\u00e1zaro, vem para fora!' - O Arcanjo no ar\",\"isPartOf\":{\"@id\":\"https:\/\/www.oarcanjo.net\/site\/#website\"},\"datePublished\":\"2009-04-24T00:35:14+00:00\",\"dateModified\":\"2009-04-25T15:29:54+00:00\",\"breadcrumb\":{\"@id\":\"https:\/\/www.oarcanjo.net\/site\/lazaro-vem-para-fora\/#breadcrumb\"},\"inLanguage\":\"pt-BR\",\"potentialAction\":[{\"@type\":\"ReadAction\",\"target\":[\"https:\/\/www.oarcanjo.net\/site\/lazaro-vem-para-fora\/\"]}]},{\"@type\":\"BreadcrumbList\",\"@id\":\"https:\/\/www.oarcanjo.net\/site\/lazaro-vem-para-fora\/#breadcrumb\",\"itemListElement\":[{\"@type\":\"ListItem\",\"position\":1,\"name\":\"In\u00edcio\",\"item\":\"https:\/\/www.oarcanjo.net\/site\/\"},{\"@type\":\"ListItem\",\"position\":2,\"name\":\"&#8216;L\u00e1zaro, vem para fora!&#8217;\"}]},{\"@type\":\"WebSite\",\"@id\":\"https:\/\/www.oarcanjo.net\/site\/#website\",\"url\":\"https:\/\/www.oarcanjo.net\/site\/\",\"name\":\"O Arcanjo no ar\",\"description\":\"Site da Par\u00f3quia S\u00e3o Miguel Arcanjo (Arquidiocese de SP)\",\"publisher\":{\"@id\":\"https:\/\/www.oarcanjo.net\/site\/#organization\"},\"potentialAction\":[{\"@type\":\"SearchAction\",\"target\":{\"@type\":\"EntryPoint\",\"urlTemplate\":\"https:\/\/www.oarcanjo.net\/site\/?s={search_term_string}\"},\"query-input\":{\"@type\":\"PropertyValueSpecification\",\"valueRequired\":true,\"valueName\":\"search_term_string\"}}],\"inLanguage\":\"pt-BR\"},{\"@type\":\"Organization\",\"@id\":\"https:\/\/www.oarcanjo.net\/site\/#organization\",\"name\":\"Par\u00f3quia S\u00e3o Miguel Arcanjo\",\"url\":\"https:\/\/www.oarcanjo.net\/site\/\",\"logo\":{\"@type\":\"ImageObject\",\"inLanguage\":\"pt-BR\",\"@id\":\"https:\/\/www.oarcanjo.net\/site\/#\/schema\/logo\/image\/\",\"url\":\"https:\/\/www.oarcanjo.net\/site\/wp-content\/uploads\/LogoOArcanjo.png\",\"contentUrl\":\"https:\/\/www.oarcanjo.net\/site\/wp-content\/uploads\/LogoOArcanjo.png\",\"width\":319,\"height\":99,\"caption\":\"Par\u00f3quia S\u00e3o Miguel Arcanjo\"},\"image\":{\"@id\":\"https:\/\/www.oarcanjo.net\/site\/#\/schema\/logo\/image\/\"},\"sameAs\":[\"https:\/\/www.facebook.com\/OArcanjoNoAr\/\"]},{\"@type\":\"Person\",\"@id\":\"https:\/\/www.oarcanjo.net\/site\/#\/schema\/person\/f7024d007863202483a31326673a0838\",\"name\":\"editor\",\"sameAs\":[\"http:\/\/www.oarcanjo.net\"]}]}<\/script>\n<!-- \/ Yoast SEO plugin. -->","yoast_head_json":{"title":"'L\u00e1zaro, vem para fora!' - O Arcanjo no ar","robots":{"index":"index","follow":"follow","max-snippet":"max-snippet:-1","max-image-preview":"max-image-preview:large","max-video-preview":"max-video-preview:-1"},"canonical":"https:\/\/www.oarcanjo.net\/site\/lazaro-vem-para-fora\/","og_locale":"pt_BR","og_type":"article","og_title":"'L\u00e1zaro, vem para fora!' - O Arcanjo no ar","og_description":"S\u00edlvio Alves F\u00e9lix Ao sermos impelidos \u00e0 reflex\u00e3o sobre a Ressurrei\u00e7\u00e3o do Senhor por ocasi\u00e3o da P\u00e1scoa, vem-nos \u00e0 mente, a forte passagem b\u00edblica de Jo\u00e3o cap\u00edtulo 11, 1-43 que nos relata o epis\u00f3dio da Ressurrei\u00e7\u00e3o de L\u00e1zaro. Esta, parece ser a \u00fanica a nos relatar que Jesus chorou. Outra tradu\u00e7\u00e3o b\u00edblica diz: &#8220;comoveu-se interiormente [&hellip;]","og_url":"https:\/\/www.oarcanjo.net\/site\/lazaro-vem-para-fora\/","og_site_name":"O Arcanjo no ar","article_publisher":"https:\/\/www.facebook.com\/OArcanjoNoAr\/","article_published_time":"2009-04-24T00:35:14+00:00","article_modified_time":"2009-04-25T15:29:54+00:00","og_image":[{"width":300,"height":300,"url":"https:\/\/www.oarcanjo.net\/site\/wp-content\/uploads\/logo-o-arcanjo-no-ar-facebook.png","type":"image\/png"}],"author":"editor","twitter_card":"summary_large_image","twitter_misc":{"Escrito por":"editor","Est. tempo de leitura":"7 minutos"},"schema":{"@context":"https:\/\/schema.org","@graph":[{"@type":"Article","@id":"https:\/\/www.oarcanjo.net\/site\/lazaro-vem-para-fora\/#article","isPartOf":{"@id":"https:\/\/www.oarcanjo.net\/site\/lazaro-vem-para-fora\/"},"author":{"name":"editor","@id":"https:\/\/www.oarcanjo.net\/site\/#\/schema\/person\/f7024d007863202483a31326673a0838"},"headline":"&#8216;L\u00e1zaro, vem para fora!&#8217;","datePublished":"2009-04-24T00:35:14+00:00","dateModified":"2009-04-25T15:29:54+00:00","mainEntityOfPage":{"@id":"https:\/\/www.oarcanjo.net\/site\/lazaro-vem-para-fora\/"},"wordCount":1387,"commentCount":3,"publisher":{"@id":"https:\/\/www.oarcanjo.net\/site\/#organization"},"keywords":["f\u00e9","L\u00e1zaro","Marta","P\u00e1scoa","Ressurrei\u00e7\u00e3o"],"articleSection":["Reflex\u00f5es"],"inLanguage":"pt-BR","potentialAction":[{"@type":"CommentAction","name":"Comment","target":["https:\/\/www.oarcanjo.net\/site\/lazaro-vem-para-fora\/#respond"]}]},{"@type":"WebPage","@id":"https:\/\/www.oarcanjo.net\/site\/lazaro-vem-para-fora\/","url":"https:\/\/www.oarcanjo.net\/site\/lazaro-vem-para-fora\/","name":"'L\u00e1zaro, vem para fora!' - O Arcanjo no ar","isPartOf":{"@id":"https:\/\/www.oarcanjo.net\/site\/#website"},"datePublished":"2009-04-24T00:35:14+00:00","dateModified":"2009-04-25T15:29:54+00:00","breadcrumb":{"@id":"https:\/\/www.oarcanjo.net\/site\/lazaro-vem-para-fora\/#breadcrumb"},"inLanguage":"pt-BR","potentialAction":[{"@type":"ReadAction","target":["https:\/\/www.oarcanjo.net\/site\/lazaro-vem-para-fora\/"]}]},{"@type":"BreadcrumbList","@id":"https:\/\/www.oarcanjo.net\/site\/lazaro-vem-para-fora\/#breadcrumb","itemListElement":[{"@type":"ListItem","position":1,"name":"In\u00edcio","item":"https:\/\/www.oarcanjo.net\/site\/"},{"@type":"ListItem","position":2,"name":"&#8216;L\u00e1zaro, vem para fora!&#8217;"}]},{"@type":"WebSite","@id":"https:\/\/www.oarcanjo.net\/site\/#website","url":"https:\/\/www.oarcanjo.net\/site\/","name":"O Arcanjo no ar","description":"Site da Par\u00f3quia S\u00e3o Miguel Arcanjo (Arquidiocese de SP)","publisher":{"@id":"https:\/\/www.oarcanjo.net\/site\/#organization"},"potentialAction":[{"@type":"SearchAction","target":{"@type":"EntryPoint","urlTemplate":"https:\/\/www.oarcanjo.net\/site\/?s={search_term_string}"},"query-input":{"@type":"PropertyValueSpecification","valueRequired":true,"valueName":"search_term_string"}}],"inLanguage":"pt-BR"},{"@type":"Organization","@id":"https:\/\/www.oarcanjo.net\/site\/#organization","name":"Par\u00f3quia S\u00e3o Miguel Arcanjo","url":"https:\/\/www.oarcanjo.net\/site\/","logo":{"@type":"ImageObject","inLanguage":"pt-BR","@id":"https:\/\/www.oarcanjo.net\/site\/#\/schema\/logo\/image\/","url":"https:\/\/www.oarcanjo.net\/site\/wp-content\/uploads\/LogoOArcanjo.png","contentUrl":"https:\/\/www.oarcanjo.net\/site\/wp-content\/uploads\/LogoOArcanjo.png","width":319,"height":99,"caption":"Par\u00f3quia S\u00e3o Miguel Arcanjo"},"image":{"@id":"https:\/\/www.oarcanjo.net\/site\/#\/schema\/logo\/image\/"},"sameAs":["https:\/\/www.facebook.com\/OArcanjoNoAr\/"]},{"@type":"Person","@id":"https:\/\/www.oarcanjo.net\/site\/#\/schema\/person\/f7024d007863202483a31326673a0838","name":"editor","sameAs":["http:\/\/www.oarcanjo.net"]}]}},"publishpress_future_action":{"enabled":false,"date":"2026-05-08 13:31:01","action":"category","newStatus":"draft","terms":[],"taxonomy":"category"},"publishpress_future_workflow_manual_trigger":{"enabledWorkflows":[]},"_links":{"self":[{"href":"https:\/\/www.oarcanjo.net\/site\/wp-json\/wp\/v2\/posts\/3005"}],"collection":[{"href":"https:\/\/www.oarcanjo.net\/site\/wp-json\/wp\/v2\/posts"}],"about":[{"href":"https:\/\/www.oarcanjo.net\/site\/wp-json\/wp\/v2\/types\/post"}],"author":[{"embeddable":true,"href":"https:\/\/www.oarcanjo.net\/site\/wp-json\/wp\/v2\/users\/5"}],"replies":[{"embeddable":true,"href":"https:\/\/www.oarcanjo.net\/site\/wp-json\/wp\/v2\/comments?post=3005"}],"version-history":[{"count":0,"href":"https:\/\/www.oarcanjo.net\/site\/wp-json\/wp\/v2\/posts\/3005\/revisions"}],"wp:attachment":[{"href":"https:\/\/www.oarcanjo.net\/site\/wp-json\/wp\/v2\/media?parent=3005"}],"wp:term":[{"taxonomy":"category","embeddable":true,"href":"https:\/\/www.oarcanjo.net\/site\/wp-json\/wp\/v2\/categories?post=3005"},{"taxonomy":"post_tag","embeddable":true,"href":"https:\/\/www.oarcanjo.net\/site\/wp-json\/wp\/v2\/tags?post=3005"}],"curies":[{"name":"wp","href":"https:\/\/api.w.org\/{rel}","templated":true}]}}