
{"id":3015,"date":"2009-04-24T09:12:21","date_gmt":"2009-04-24T12:12:21","guid":{"rendered":"http:\/\/www.oarcanjo.net\/site\/?p=3015"},"modified":"2009-04-24T09:12:21","modified_gmt":"2009-04-24T12:12:21","slug":"ver-jesus","status":"publish","type":"post","link":"https:\/\/www.oarcanjo.net\/site\/ver-jesus\/","title":{"rendered":"Ver Jesus"},"content":{"rendered":"<p>Dom Eurico dos Santos Veloso<\/p>\n<p>H\u00e1 um relato no Evangelho de S\u00e3o Lucas (Lc.19,1-10) que nos diz de um certo homem, rico e poderoso, que desejava ver Jesus. Chamava-se Zaqueu e era de pequena estatura, mas, certamente, muito conhecido do povo porque, por sua riqueza, sabia como explorar os necessitados. Sabendo que Jesus iria passar por Jeric\u00f3, onde morava, e que muita gente o cercava, subiu em uma \u00e1rvore para poder realizar seu intento.<\/p>\n<p>Desconhecia o caminho da gra\u00e7a que o impelia \u00e0quele ato. Germinava em seu cora\u00e7\u00e3o, como demonstrou a sua alegria ao ouvir a voz de Jesus, muito mais que a curiosidade, o desejo de conhecer o Mestre, de o sentir.<\/p>\n<p>Como aqueles gregos que, no meio da multid\u00e3o que aclamava o Filho de Davi com ramos e palmas, rogaram a  Filipe: \u201cQueremos ver Jesus\u201d (Jo 12, 22). Ver, isto \u00e9 conhecer, aprofundar \u2013se no mist\u00e9rio que encarnava-se naquele Homem.<\/p>\n<p>Ao ver Jesus, Zaqueu deixou-se penetrar inteiramente por ele e repeliu de dentro de si todo o mal que a\u00ed se escondia. Vou partilhar os meus bens com os pobres e se a algu\u00e9m lesei vou retribuir em qu\u00e1druplo, assim falou.<\/p>\n<p>A salva\u00e7\u00e3o chegara a sua casa, proclamou o Senhor, como aos gregos anunciou a sua glorifica\u00e7\u00e3o, o reconhecimento pelo Universo do mist\u00e9rio da reden\u00e7\u00e3o.<\/p>\n<p>Ver Jesus. Esses dois acontecimentos nos mostram qu\u00e3o longe andamos em nossa f\u00e9. As exterioridades s\u00e3o mais importantes. Comovemo-nos diante da imagem do Cristo em sua paix\u00e3o. Exteriorizamos nossa alegria nos votos pascais. Mas, neles vivemos?<\/p>\n<p>Como S\u00e3o Tom\u00e9, se n\u00e3o virmos as m\u00e3os e p\u00e9s com o sinal dos cravos e o seu cora\u00e7\u00e3o rasgado n\u00e3o acreditaremos na sua ressurrei\u00e7\u00e3o e no novo mundo que nasceu desta cruz. Desconhecemos o mist\u00e9rio. A cruz n\u00e3o tem sentido. N\u00e3o vamos em frente. Mas, \u201cFelizes aqueles que n\u00e3o viram e creram\u201d (Jo 20, 29). Felizes aqueles que compreenderam o significado da Paix\u00e3o como revela\u00e7\u00e3o do amor supremo de Deus.<\/p>\n<p>Ver a Jesus \u00e9 exclamar com o mesmo Tom\u00e9, depois que Jesus lhes mostrou suas chagas gloriosas no seu corpo ressuscitado, e ele, uma vez convertido: \u201dMeu Senhor e meu Deus\u201d; \u00e9 deixar-se impregnar do mesmo amor que o fez o Filho de Deus dar a vida por n\u00f3s e ressuscitar par que n\u00f3s com Ele f\u00f4ssemos glorificados.<\/p>\n<p>Ver Jesus \u00e9 quando conformamos nossa vida com a dele, portando sua cruz na esperan\u00e7a da ressurrei\u00e7\u00e3o. \u00c9 nos tornarmos mensageiros desta esperan\u00e7a, a vit\u00f3ria sobre o pecado, a restaura\u00e7\u00e3o de todo o Universo.<\/p>\n<p>S\u00e3o Greg\u00f3rio de Nissa, falando sobre comunh\u00e3o eucar\u00edstica, quando, pela miseric\u00f3rdia divina, antecipamos o banquete da parusia neste P\u00e3o que encerra em si o universo impregnado de Cristo, ensina \u201cO p\u00e3o eucar\u00edstico \u00e9 mais forte que nossa carne; eis porque \u00e9 ele que nos assimila  n\u00e3o n\u00f3s quando o tomamos.\u201d<\/p>\n<p>Na realidade, nos afirma S\u00e3o Paulo, tudo nele subsiste\u201d (Col. 1,17); Ele enche todas as coisas (Col. 2,10), de tal sorte que \u201cCristo \u00e9 tudo em todos\u201d (Col.3,2).<\/p>\n<p>Ver Jesus \u00e9 mergulharmos neste oceano de amor que, enchendo com seu esp\u00edrito todas as coisas, nos torna um com Ele, nos santifica para a gl\u00f3ria do Pai.<\/p>\n<div id=\"themify_builder_content-3015\" data-postid=\"3015\" class=\"themify_builder_content themify_builder_content-3015 themify_builder themify_builder_front\">\n\t<\/div>\n<!-- \/themify_builder_content -->","protected":false},"excerpt":{"rendered":"<p>Dom Eurico dos Santos Veloso H\u00e1 um relato no Evangelho de S\u00e3o Lucas (Lc.19,1-10) que nos diz de um certo homem, rico e poderoso, que desejava ver Jesus. Chamava-se Zaqueu e era de pequena estatura, mas, certamente, muito conhecido do povo porque, por sua riqueza, sabia como explorar os necessitados. Sabendo que Jesus iria passar [&hellip;]<\/p>\n","protected":false},"author":5,"featured_media":0,"comment_status":"open","ping_status":"open","sticky":false,"template":"","format":"standard","meta":{"ngg_post_thumbnail":0,"footnotes":""},"categories":[9],"tags":[107,236,54,541,540],"yoast_head":"<!-- This site is optimized with the Yoast SEO plugin v23.5 - https:\/\/yoast.com\/wordpress\/plugins\/seo\/ -->\n<title>Ver Jesus - O Arcanjo no ar<\/title>\n<meta name=\"robots\" content=\"index, follow, max-snippet:-1, max-image-preview:large, max-video-preview:-1\" \/>\n<link rel=\"canonical\" href=\"https:\/\/www.oarcanjo.net\/site\/ver-jesus\/\" \/>\n<meta property=\"og:locale\" content=\"pt_BR\" \/>\n<meta property=\"og:type\" content=\"article\" \/>\n<meta property=\"og:title\" content=\"Ver Jesus - O Arcanjo no ar\" \/>\n<meta property=\"og:description\" content=\"Dom Eurico dos Santos Veloso H\u00e1 um relato no Evangelho de S\u00e3o Lucas (Lc.19,1-10) que nos diz de um certo homem, rico e poderoso, que desejava ver Jesus. Chamava-se Zaqueu e era de pequena estatura, mas, certamente, muito conhecido do povo porque, por sua riqueza, sabia como explorar os necessitados. Sabendo que Jesus iria passar [&hellip;]\" \/>\n<meta property=\"og:url\" content=\"https:\/\/www.oarcanjo.net\/site\/ver-jesus\/\" \/>\n<meta property=\"og:site_name\" content=\"O Arcanjo no ar\" \/>\n<meta property=\"article:publisher\" content=\"https:\/\/www.facebook.com\/OArcanjoNoAr\/\" \/>\n<meta property=\"article:published_time\" content=\"2009-04-24T12:12:21+00:00\" \/>\n<meta property=\"og:image\" content=\"https:\/\/www.oarcanjo.net\/site\/wp-content\/uploads\/logo-o-arcanjo-no-ar-facebook.png\" \/>\n\t<meta property=\"og:image:width\" content=\"300\" \/>\n\t<meta property=\"og:image:height\" content=\"300\" \/>\n\t<meta property=\"og:image:type\" content=\"image\/png\" \/>\n<meta name=\"author\" content=\"editor\" \/>\n<meta name=\"twitter:card\" content=\"summary_large_image\" \/>\n<meta name=\"twitter:label1\" content=\"Escrito por\" \/>\n\t<meta name=\"twitter:data1\" content=\"editor\" \/>\n\t<meta name=\"twitter:label2\" content=\"Est. tempo de leitura\" \/>\n\t<meta name=\"twitter:data2\" content=\"3 minutos\" \/>\n<script type=\"application\/ld+json\" class=\"yoast-schema-graph\">{\"@context\":\"https:\/\/schema.org\",\"@graph\":[{\"@type\":\"Article\",\"@id\":\"https:\/\/www.oarcanjo.net\/site\/ver-jesus\/#article\",\"isPartOf\":{\"@id\":\"https:\/\/www.oarcanjo.net\/site\/ver-jesus\/\"},\"author\":{\"name\":\"editor\",\"@id\":\"https:\/\/www.oarcanjo.net\/site\/#\/schema\/person\/f7024d007863202483a31326673a0838\"},\"headline\":\"Ver Jesus\",\"datePublished\":\"2009-04-24T12:12:21+00:00\",\"dateModified\":\"2009-04-24T12:12:21+00:00\",\"mainEntityOfPage\":{\"@id\":\"https:\/\/www.oarcanjo.net\/site\/ver-jesus\/\"},\"wordCount\":558,\"commentCount\":0,\"publisher\":{\"@id\":\"https:\/\/www.oarcanjo.net\/site\/#organization\"},\"keywords\":[\"amor\",\"Jesus\",\"partilha\",\"Tom\u00e9\",\"Zaqueu\"],\"articleSection\":[\"Reflex\u00f5es\"],\"inLanguage\":\"pt-BR\",\"potentialAction\":[{\"@type\":\"CommentAction\",\"name\":\"Comment\",\"target\":[\"https:\/\/www.oarcanjo.net\/site\/ver-jesus\/#respond\"]}]},{\"@type\":\"WebPage\",\"@id\":\"https:\/\/www.oarcanjo.net\/site\/ver-jesus\/\",\"url\":\"https:\/\/www.oarcanjo.net\/site\/ver-jesus\/\",\"name\":\"Ver Jesus - O Arcanjo no ar\",\"isPartOf\":{\"@id\":\"https:\/\/www.oarcanjo.net\/site\/#website\"},\"datePublished\":\"2009-04-24T12:12:21+00:00\",\"dateModified\":\"2009-04-24T12:12:21+00:00\",\"breadcrumb\":{\"@id\":\"https:\/\/www.oarcanjo.net\/site\/ver-jesus\/#breadcrumb\"},\"inLanguage\":\"pt-BR\",\"potentialAction\":[{\"@type\":\"ReadAction\",\"target\":[\"https:\/\/www.oarcanjo.net\/site\/ver-jesus\/\"]}]},{\"@type\":\"BreadcrumbList\",\"@id\":\"https:\/\/www.oarcanjo.net\/site\/ver-jesus\/#breadcrumb\",\"itemListElement\":[{\"@type\":\"ListItem\",\"position\":1,\"name\":\"In\u00edcio\",\"item\":\"https:\/\/www.oarcanjo.net\/site\/\"},{\"@type\":\"ListItem\",\"position\":2,\"name\":\"Ver Jesus\"}]},{\"@type\":\"WebSite\",\"@id\":\"https:\/\/www.oarcanjo.net\/site\/#website\",\"url\":\"https:\/\/www.oarcanjo.net\/site\/\",\"name\":\"O Arcanjo no ar\",\"description\":\"Site da Par\u00f3quia S\u00e3o Miguel Arcanjo (Arquidiocese de SP)\",\"publisher\":{\"@id\":\"https:\/\/www.oarcanjo.net\/site\/#organization\"},\"potentialAction\":[{\"@type\":\"SearchAction\",\"target\":{\"@type\":\"EntryPoint\",\"urlTemplate\":\"https:\/\/www.oarcanjo.net\/site\/?s={search_term_string}\"},\"query-input\":{\"@type\":\"PropertyValueSpecification\",\"valueRequired\":true,\"valueName\":\"search_term_string\"}}],\"inLanguage\":\"pt-BR\"},{\"@type\":\"Organization\",\"@id\":\"https:\/\/www.oarcanjo.net\/site\/#organization\",\"name\":\"Par\u00f3quia S\u00e3o Miguel Arcanjo\",\"url\":\"https:\/\/www.oarcanjo.net\/site\/\",\"logo\":{\"@type\":\"ImageObject\",\"inLanguage\":\"pt-BR\",\"@id\":\"https:\/\/www.oarcanjo.net\/site\/#\/schema\/logo\/image\/\",\"url\":\"https:\/\/www.oarcanjo.net\/site\/wp-content\/uploads\/LogoOArcanjo.png\",\"contentUrl\":\"https:\/\/www.oarcanjo.net\/site\/wp-content\/uploads\/LogoOArcanjo.png\",\"width\":319,\"height\":99,\"caption\":\"Par\u00f3quia S\u00e3o Miguel Arcanjo\"},\"image\":{\"@id\":\"https:\/\/www.oarcanjo.net\/site\/#\/schema\/logo\/image\/\"},\"sameAs\":[\"https:\/\/www.facebook.com\/OArcanjoNoAr\/\"]},{\"@type\":\"Person\",\"@id\":\"https:\/\/www.oarcanjo.net\/site\/#\/schema\/person\/f7024d007863202483a31326673a0838\",\"name\":\"editor\",\"sameAs\":[\"http:\/\/www.oarcanjo.net\"]}]}<\/script>\n<!-- \/ Yoast SEO plugin. -->","yoast_head_json":{"title":"Ver Jesus - O Arcanjo no ar","robots":{"index":"index","follow":"follow","max-snippet":"max-snippet:-1","max-image-preview":"max-image-preview:large","max-video-preview":"max-video-preview:-1"},"canonical":"https:\/\/www.oarcanjo.net\/site\/ver-jesus\/","og_locale":"pt_BR","og_type":"article","og_title":"Ver Jesus - O Arcanjo no ar","og_description":"Dom Eurico dos Santos Veloso H\u00e1 um relato no Evangelho de S\u00e3o Lucas (Lc.19,1-10) que nos diz de um certo homem, rico e poderoso, que desejava ver Jesus. Chamava-se Zaqueu e era de pequena estatura, mas, certamente, muito conhecido do povo porque, por sua riqueza, sabia como explorar os necessitados. Sabendo que Jesus iria passar [&hellip;]","og_url":"https:\/\/www.oarcanjo.net\/site\/ver-jesus\/","og_site_name":"O Arcanjo no ar","article_publisher":"https:\/\/www.facebook.com\/OArcanjoNoAr\/","article_published_time":"2009-04-24T12:12:21+00:00","og_image":[{"width":300,"height":300,"url":"https:\/\/www.oarcanjo.net\/site\/wp-content\/uploads\/logo-o-arcanjo-no-ar-facebook.png","type":"image\/png"}],"author":"editor","twitter_card":"summary_large_image","twitter_misc":{"Escrito por":"editor","Est. tempo de leitura":"3 minutos"},"schema":{"@context":"https:\/\/schema.org","@graph":[{"@type":"Article","@id":"https:\/\/www.oarcanjo.net\/site\/ver-jesus\/#article","isPartOf":{"@id":"https:\/\/www.oarcanjo.net\/site\/ver-jesus\/"},"author":{"name":"editor","@id":"https:\/\/www.oarcanjo.net\/site\/#\/schema\/person\/f7024d007863202483a31326673a0838"},"headline":"Ver Jesus","datePublished":"2009-04-24T12:12:21+00:00","dateModified":"2009-04-24T12:12:21+00:00","mainEntityOfPage":{"@id":"https:\/\/www.oarcanjo.net\/site\/ver-jesus\/"},"wordCount":558,"commentCount":0,"publisher":{"@id":"https:\/\/www.oarcanjo.net\/site\/#organization"},"keywords":["amor","Jesus","partilha","Tom\u00e9","Zaqueu"],"articleSection":["Reflex\u00f5es"],"inLanguage":"pt-BR","potentialAction":[{"@type":"CommentAction","name":"Comment","target":["https:\/\/www.oarcanjo.net\/site\/ver-jesus\/#respond"]}]},{"@type":"WebPage","@id":"https:\/\/www.oarcanjo.net\/site\/ver-jesus\/","url":"https:\/\/www.oarcanjo.net\/site\/ver-jesus\/","name":"Ver Jesus - O Arcanjo no ar","isPartOf":{"@id":"https:\/\/www.oarcanjo.net\/site\/#website"},"datePublished":"2009-04-24T12:12:21+00:00","dateModified":"2009-04-24T12:12:21+00:00","breadcrumb":{"@id":"https:\/\/www.oarcanjo.net\/site\/ver-jesus\/#breadcrumb"},"inLanguage":"pt-BR","potentialAction":[{"@type":"ReadAction","target":["https:\/\/www.oarcanjo.net\/site\/ver-jesus\/"]}]},{"@type":"BreadcrumbList","@id":"https:\/\/www.oarcanjo.net\/site\/ver-jesus\/#breadcrumb","itemListElement":[{"@type":"ListItem","position":1,"name":"In\u00edcio","item":"https:\/\/www.oarcanjo.net\/site\/"},{"@type":"ListItem","position":2,"name":"Ver Jesus"}]},{"@type":"WebSite","@id":"https:\/\/www.oarcanjo.net\/site\/#website","url":"https:\/\/www.oarcanjo.net\/site\/","name":"O Arcanjo no ar","description":"Site da Par\u00f3quia S\u00e3o Miguel Arcanjo (Arquidiocese de SP)","publisher":{"@id":"https:\/\/www.oarcanjo.net\/site\/#organization"},"potentialAction":[{"@type":"SearchAction","target":{"@type":"EntryPoint","urlTemplate":"https:\/\/www.oarcanjo.net\/site\/?s={search_term_string}"},"query-input":{"@type":"PropertyValueSpecification","valueRequired":true,"valueName":"search_term_string"}}],"inLanguage":"pt-BR"},{"@type":"Organization","@id":"https:\/\/www.oarcanjo.net\/site\/#organization","name":"Par\u00f3quia S\u00e3o Miguel Arcanjo","url":"https:\/\/www.oarcanjo.net\/site\/","logo":{"@type":"ImageObject","inLanguage":"pt-BR","@id":"https:\/\/www.oarcanjo.net\/site\/#\/schema\/logo\/image\/","url":"https:\/\/www.oarcanjo.net\/site\/wp-content\/uploads\/LogoOArcanjo.png","contentUrl":"https:\/\/www.oarcanjo.net\/site\/wp-content\/uploads\/LogoOArcanjo.png","width":319,"height":99,"caption":"Par\u00f3quia S\u00e3o Miguel Arcanjo"},"image":{"@id":"https:\/\/www.oarcanjo.net\/site\/#\/schema\/logo\/image\/"},"sameAs":["https:\/\/www.facebook.com\/OArcanjoNoAr\/"]},{"@type":"Person","@id":"https:\/\/www.oarcanjo.net\/site\/#\/schema\/person\/f7024d007863202483a31326673a0838","name":"editor","sameAs":["http:\/\/www.oarcanjo.net"]}]}},"publishpress_future_action":{"enabled":false,"date":"2026-05-08 13:37:58","action":"category","newStatus":"draft","terms":[],"taxonomy":"category"},"publishpress_future_workflow_manual_trigger":{"enabledWorkflows":[]},"_links":{"self":[{"href":"https:\/\/www.oarcanjo.net\/site\/wp-json\/wp\/v2\/posts\/3015"}],"collection":[{"href":"https:\/\/www.oarcanjo.net\/site\/wp-json\/wp\/v2\/posts"}],"about":[{"href":"https:\/\/www.oarcanjo.net\/site\/wp-json\/wp\/v2\/types\/post"}],"author":[{"embeddable":true,"href":"https:\/\/www.oarcanjo.net\/site\/wp-json\/wp\/v2\/users\/5"}],"replies":[{"embeddable":true,"href":"https:\/\/www.oarcanjo.net\/site\/wp-json\/wp\/v2\/comments?post=3015"}],"version-history":[{"count":0,"href":"https:\/\/www.oarcanjo.net\/site\/wp-json\/wp\/v2\/posts\/3015\/revisions"}],"wp:attachment":[{"href":"https:\/\/www.oarcanjo.net\/site\/wp-json\/wp\/v2\/media?parent=3015"}],"wp:term":[{"taxonomy":"category","embeddable":true,"href":"https:\/\/www.oarcanjo.net\/site\/wp-json\/wp\/v2\/categories?post=3015"},{"taxonomy":"post_tag","embeddable":true,"href":"https:\/\/www.oarcanjo.net\/site\/wp-json\/wp\/v2\/tags?post=3015"}],"curies":[{"name":"wp","href":"https:\/\/api.w.org\/{rel}","templated":true}]}}