
{"id":3023,"date":"2009-04-24T18:48:23","date_gmt":"2009-04-24T21:48:23","guid":{"rendered":"http:\/\/www.oarcanjo.net\/site\/?p=3023"},"modified":"2009-04-24T18:48:23","modified_gmt":"2009-04-24T21:48:23","slug":"d-pedro-stringhini-assustaria-a-ideia-de-colocar-menores-num-sistema-prisional-falido","status":"publish","type":"post","link":"https:\/\/www.oarcanjo.net\/site\/d-pedro-stringhini-assustaria-a-ideia-de-colocar-menores-num-sistema-prisional-falido\/","title":{"rendered":"D. Pedro Stringhini: &#8220;assustaria a ideia de colocar menores num sistema prisional falido&#8221;"},"content":{"rendered":"<p>O bispo respons\u00e1vel na CNBB pelas pastorais sociais considera que \u201cassustaria\u201d a ideia de colocar menores de 18 anos junto com os adultos, por meio da redu\u00e7\u00e3o da maioridade penal, num \u201csistema prisional falido\u201d.<\/p>\n<p>Dom Pedro Stringhini, bispo auxiliar de S\u00e3o Paulo, afirmou hoje em Itaici (Indaiatuba, S\u00e3o Paulo), que a Igreja Cat\u00f3lica e diversas outras entidades que trabalham diretamente com jovens, sejam infratores ou n\u00e3o, s\u00e3o contra a redu\u00e7\u00e3o da maioridade penal de 18 para 16 anos, uma proposta que \u00e9 discutida no Congresso. A CNBB prepara uma nota para esclarecer sua posi\u00e7\u00e3o contr\u00e1ria \u00e0 mudan\u00e7a na lei.<\/p>\n<p>Segundo o bispo, \u201csem fugir da gravidade da quest\u00e3o dos delitos praticados por adolescentes\u201d, \u201cn\u00e3o \u00e9 pela redu\u00e7\u00e3o da maioridade penal que se resolver\u00e1 o problema da viol\u00eancia\u201d. Dom Pedro indicou que se invista em pol\u00edticas p\u00fablicas a favor dos adolescentes e das fam\u00edlias.<\/p>\n<p>\u201cH\u00e1 delitos graves\u201d \u2013reconheceu\u2013, \u201cno entanto, \u00e9 bom lembrar que esses delitos s\u00e3o em n\u00famero muito mais reduzido do que aqueles praticados pelos maiores\u201d.<\/p>\n<p>\u201cPor isso, assustaria a ideia de colocar menores de 18 anos inseridos num sistema prisional muito complexo, com uma popula\u00e7\u00e3o muito grande, falido\u201d, sublinhou.<\/p>\n<p>Segundo o bispo, no Brasil h\u00e1 400 mil detentos, sendo 150 mil no Estado de S\u00e3o Paulo. A Igreja atua diretamente na a\u00e7\u00e3o social junto aos detentos, por meio da pastoral carcer\u00e1ria.<\/p>\n<p>Dom Pedro assinalou que o Estado deveria priorizar o investimento em medidas s\u00f3cio-educativas, corretivas, preventivas, com o objetivo de coibir o crime. \u201cSobretudo a melhoria na educa\u00e7\u00e3o e o apoio \u00e0s fam\u00edlias\u201d.<\/p>\n<p>O bispo citou o problema do tr\u00e1fico de drogas como um ponto fundamental na problem\u00e1tica. \u201c\u00c9 por a\u00ed que grande parte desses menores s\u00e3o aliciados\u201d, disse. Pol\u00edticas contra a entrada e circula\u00e7\u00e3o de armas il\u00edcitas no pa\u00eds e o tr\u00e1fico de drogas \u201cresponderiam muito mais eficazmente no combate \u00e0 criminalidade\u201d.<\/p>\n<p>Dos 24 milh\u00f5es de adolescentes do Brasil, 0,12% envolvem-se na criminalidade, de acordo com Dom Pedro. \u201cClaro que se tratando da viol\u00eancia j\u00e1 \u00e9 bastante\u201d, mas \u00e9 um n\u00famero \u201cmuito menor\u201d do que a porcentagem que envolve os adultos.<\/p>\n<div id=\"themify_builder_content-3023\" data-postid=\"3023\" class=\"themify_builder_content themify_builder_content-3023 themify_builder themify_builder_front\">\n\t<\/div>\n<!-- \/themify_builder_content -->","protected":false},"excerpt":{"rendered":"<p>O bispo respons\u00e1vel na CNBB pelas pastorais sociais considera que \u201cassustaria\u201d a ideia de colocar menores de 18 anos junto com os adultos, por meio da redu\u00e7\u00e3o da maioridade penal, num \u201csistema prisional falido\u201d. Dom Pedro Stringhini, bispo auxiliar de S\u00e3o Paulo, afirmou hoje em Itaici (Indaiatuba, S\u00e3o Paulo), que a Igreja Cat\u00f3lica e diversas [&hellip;]<\/p>\n","protected":false},"author":5,"featured_media":0,"comment_status":"open","ping_status":"open","sticky":false,"template":"","format":"standard","meta":{"ngg_post_thumbnail":0,"footnotes":""},"categories":[8],"tags":[63,548,20],"yoast_head":"<!-- This site is optimized with the Yoast SEO plugin v23.5 - https:\/\/yoast.com\/wordpress\/plugins\/seo\/ -->\n<title>D. Pedro Stringhini: &quot;assustaria a ideia de colocar menores num sistema prisional falido&quot; - O Arcanjo no ar<\/title>\n<meta name=\"robots\" content=\"index, follow, max-snippet:-1, max-image-preview:large, max-video-preview:-1\" \/>\n<link rel=\"canonical\" href=\"https:\/\/www.oarcanjo.net\/site\/d-pedro-stringhini-assustaria-a-ideia-de-colocar-menores-num-sistema-prisional-falido\/\" \/>\n<meta property=\"og:locale\" content=\"pt_BR\" \/>\n<meta property=\"og:type\" content=\"article\" \/>\n<meta property=\"og:title\" content=\"D. Pedro Stringhini: &quot;assustaria a ideia de colocar menores num sistema prisional falido&quot; - O Arcanjo no ar\" \/>\n<meta property=\"og:description\" content=\"O bispo respons\u00e1vel na CNBB pelas pastorais sociais considera que \u201cassustaria\u201d a ideia de colocar menores de 18 anos junto com os adultos, por meio da redu\u00e7\u00e3o da maioridade penal, num \u201csistema prisional falido\u201d. Dom Pedro Stringhini, bispo auxiliar de S\u00e3o Paulo, afirmou hoje em Itaici (Indaiatuba, S\u00e3o Paulo), que a Igreja Cat\u00f3lica e diversas [&hellip;]\" \/>\n<meta property=\"og:url\" content=\"https:\/\/www.oarcanjo.net\/site\/d-pedro-stringhini-assustaria-a-ideia-de-colocar-menores-num-sistema-prisional-falido\/\" \/>\n<meta property=\"og:site_name\" content=\"O Arcanjo no ar\" \/>\n<meta property=\"article:publisher\" content=\"https:\/\/www.facebook.com\/OArcanjoNoAr\/\" \/>\n<meta property=\"article:published_time\" content=\"2009-04-24T21:48:23+00:00\" \/>\n<meta property=\"og:image\" content=\"https:\/\/www.oarcanjo.net\/site\/wp-content\/uploads\/logo-o-arcanjo-no-ar-facebook.png\" \/>\n\t<meta property=\"og:image:width\" content=\"300\" \/>\n\t<meta property=\"og:image:height\" content=\"300\" \/>\n\t<meta property=\"og:image:type\" content=\"image\/png\" \/>\n<meta name=\"author\" content=\"editor\" \/>\n<meta name=\"twitter:card\" content=\"summary_large_image\" \/>\n<meta name=\"twitter:label1\" content=\"Escrito por\" \/>\n\t<meta name=\"twitter:data1\" content=\"editor\" \/>\n\t<meta name=\"twitter:label2\" content=\"Est. tempo de leitura\" \/>\n\t<meta name=\"twitter:data2\" content=\"2 minutos\" \/>\n<script type=\"application\/ld+json\" class=\"yoast-schema-graph\">{\"@context\":\"https:\/\/schema.org\",\"@graph\":[{\"@type\":\"Article\",\"@id\":\"https:\/\/www.oarcanjo.net\/site\/d-pedro-stringhini-assustaria-a-ideia-de-colocar-menores-num-sistema-prisional-falido\/#article\",\"isPartOf\":{\"@id\":\"https:\/\/www.oarcanjo.net\/site\/d-pedro-stringhini-assustaria-a-ideia-de-colocar-menores-num-sistema-prisional-falido\/\"},\"author\":{\"name\":\"editor\",\"@id\":\"https:\/\/www.oarcanjo.net\/site\/#\/schema\/person\/f7024d007863202483a31326673a0838\"},\"headline\":\"D. Pedro Stringhini: &#8220;assustaria a ideia de colocar menores num sistema prisional falido&#8221;\",\"datePublished\":\"2009-04-24T21:48:23+00:00\",\"dateModified\":\"2009-04-24T21:48:23+00:00\",\"mainEntityOfPage\":{\"@id\":\"https:\/\/www.oarcanjo.net\/site\/d-pedro-stringhini-assustaria-a-ideia-de-colocar-menores-num-sistema-prisional-falido\/\"},\"wordCount\":379,\"commentCount\":2,\"publisher\":{\"@id\":\"https:\/\/www.oarcanjo.net\/site\/#organization\"},\"keywords\":[\"CNBB\",\"maioridade penal\",\"viol\u00eancia\"],\"articleSection\":[\"Not\u00edcias\"],\"inLanguage\":\"pt-BR\",\"potentialAction\":[{\"@type\":\"CommentAction\",\"name\":\"Comment\",\"target\":[\"https:\/\/www.oarcanjo.net\/site\/d-pedro-stringhini-assustaria-a-ideia-de-colocar-menores-num-sistema-prisional-falido\/#respond\"]}]},{\"@type\":\"WebPage\",\"@id\":\"https:\/\/www.oarcanjo.net\/site\/d-pedro-stringhini-assustaria-a-ideia-de-colocar-menores-num-sistema-prisional-falido\/\",\"url\":\"https:\/\/www.oarcanjo.net\/site\/d-pedro-stringhini-assustaria-a-ideia-de-colocar-menores-num-sistema-prisional-falido\/\",\"name\":\"D. Pedro Stringhini: \\\"assustaria a ideia de colocar menores num sistema prisional falido\\\" - O Arcanjo no ar\",\"isPartOf\":{\"@id\":\"https:\/\/www.oarcanjo.net\/site\/#website\"},\"datePublished\":\"2009-04-24T21:48:23+00:00\",\"dateModified\":\"2009-04-24T21:48:23+00:00\",\"breadcrumb\":{\"@id\":\"https:\/\/www.oarcanjo.net\/site\/d-pedro-stringhini-assustaria-a-ideia-de-colocar-menores-num-sistema-prisional-falido\/#breadcrumb\"},\"inLanguage\":\"pt-BR\",\"potentialAction\":[{\"@type\":\"ReadAction\",\"target\":[\"https:\/\/www.oarcanjo.net\/site\/d-pedro-stringhini-assustaria-a-ideia-de-colocar-menores-num-sistema-prisional-falido\/\"]}]},{\"@type\":\"BreadcrumbList\",\"@id\":\"https:\/\/www.oarcanjo.net\/site\/d-pedro-stringhini-assustaria-a-ideia-de-colocar-menores-num-sistema-prisional-falido\/#breadcrumb\",\"itemListElement\":[{\"@type\":\"ListItem\",\"position\":1,\"name\":\"In\u00edcio\",\"item\":\"https:\/\/www.oarcanjo.net\/site\/\"},{\"@type\":\"ListItem\",\"position\":2,\"name\":\"D. Pedro Stringhini: &#8220;assustaria a ideia de colocar menores num sistema prisional falido&#8221;\"}]},{\"@type\":\"WebSite\",\"@id\":\"https:\/\/www.oarcanjo.net\/site\/#website\",\"url\":\"https:\/\/www.oarcanjo.net\/site\/\",\"name\":\"O Arcanjo no ar\",\"description\":\"Site da Par\u00f3quia S\u00e3o Miguel Arcanjo (Arquidiocese de SP)\",\"publisher\":{\"@id\":\"https:\/\/www.oarcanjo.net\/site\/#organization\"},\"potentialAction\":[{\"@type\":\"SearchAction\",\"target\":{\"@type\":\"EntryPoint\",\"urlTemplate\":\"https:\/\/www.oarcanjo.net\/site\/?s={search_term_string}\"},\"query-input\":{\"@type\":\"PropertyValueSpecification\",\"valueRequired\":true,\"valueName\":\"search_term_string\"}}],\"inLanguage\":\"pt-BR\"},{\"@type\":\"Organization\",\"@id\":\"https:\/\/www.oarcanjo.net\/site\/#organization\",\"name\":\"Par\u00f3quia S\u00e3o Miguel Arcanjo\",\"url\":\"https:\/\/www.oarcanjo.net\/site\/\",\"logo\":{\"@type\":\"ImageObject\",\"inLanguage\":\"pt-BR\",\"@id\":\"https:\/\/www.oarcanjo.net\/site\/#\/schema\/logo\/image\/\",\"url\":\"https:\/\/www.oarcanjo.net\/site\/wp-content\/uploads\/LogoOArcanjo.png\",\"contentUrl\":\"https:\/\/www.oarcanjo.net\/site\/wp-content\/uploads\/LogoOArcanjo.png\",\"width\":319,\"height\":99,\"caption\":\"Par\u00f3quia S\u00e3o Miguel Arcanjo\"},\"image\":{\"@id\":\"https:\/\/www.oarcanjo.net\/site\/#\/schema\/logo\/image\/\"},\"sameAs\":[\"https:\/\/www.facebook.com\/OArcanjoNoAr\/\"]},{\"@type\":\"Person\",\"@id\":\"https:\/\/www.oarcanjo.net\/site\/#\/schema\/person\/f7024d007863202483a31326673a0838\",\"name\":\"editor\",\"sameAs\":[\"http:\/\/www.oarcanjo.net\"]}]}<\/script>\n<!-- \/ Yoast SEO plugin. -->","yoast_head_json":{"title":"D. Pedro Stringhini: \"assustaria a ideia de colocar menores num sistema prisional falido\" - O Arcanjo no ar","robots":{"index":"index","follow":"follow","max-snippet":"max-snippet:-1","max-image-preview":"max-image-preview:large","max-video-preview":"max-video-preview:-1"},"canonical":"https:\/\/www.oarcanjo.net\/site\/d-pedro-stringhini-assustaria-a-ideia-de-colocar-menores-num-sistema-prisional-falido\/","og_locale":"pt_BR","og_type":"article","og_title":"D. Pedro Stringhini: \"assustaria a ideia de colocar menores num sistema prisional falido\" - O Arcanjo no ar","og_description":"O bispo respons\u00e1vel na CNBB pelas pastorais sociais considera que \u201cassustaria\u201d a ideia de colocar menores de 18 anos junto com os adultos, por meio da redu\u00e7\u00e3o da maioridade penal, num \u201csistema prisional falido\u201d. Dom Pedro Stringhini, bispo auxiliar de S\u00e3o Paulo, afirmou hoje em Itaici (Indaiatuba, S\u00e3o Paulo), que a Igreja Cat\u00f3lica e diversas [&hellip;]","og_url":"https:\/\/www.oarcanjo.net\/site\/d-pedro-stringhini-assustaria-a-ideia-de-colocar-menores-num-sistema-prisional-falido\/","og_site_name":"O Arcanjo no ar","article_publisher":"https:\/\/www.facebook.com\/OArcanjoNoAr\/","article_published_time":"2009-04-24T21:48:23+00:00","og_image":[{"width":300,"height":300,"url":"https:\/\/www.oarcanjo.net\/site\/wp-content\/uploads\/logo-o-arcanjo-no-ar-facebook.png","type":"image\/png"}],"author":"editor","twitter_card":"summary_large_image","twitter_misc":{"Escrito por":"editor","Est. tempo de leitura":"2 minutos"},"schema":{"@context":"https:\/\/schema.org","@graph":[{"@type":"Article","@id":"https:\/\/www.oarcanjo.net\/site\/d-pedro-stringhini-assustaria-a-ideia-de-colocar-menores-num-sistema-prisional-falido\/#article","isPartOf":{"@id":"https:\/\/www.oarcanjo.net\/site\/d-pedro-stringhini-assustaria-a-ideia-de-colocar-menores-num-sistema-prisional-falido\/"},"author":{"name":"editor","@id":"https:\/\/www.oarcanjo.net\/site\/#\/schema\/person\/f7024d007863202483a31326673a0838"},"headline":"D. Pedro Stringhini: &#8220;assustaria a ideia de colocar menores num sistema prisional falido&#8221;","datePublished":"2009-04-24T21:48:23+00:00","dateModified":"2009-04-24T21:48:23+00:00","mainEntityOfPage":{"@id":"https:\/\/www.oarcanjo.net\/site\/d-pedro-stringhini-assustaria-a-ideia-de-colocar-menores-num-sistema-prisional-falido\/"},"wordCount":379,"commentCount":2,"publisher":{"@id":"https:\/\/www.oarcanjo.net\/site\/#organization"},"keywords":["CNBB","maioridade penal","viol\u00eancia"],"articleSection":["Not\u00edcias"],"inLanguage":"pt-BR","potentialAction":[{"@type":"CommentAction","name":"Comment","target":["https:\/\/www.oarcanjo.net\/site\/d-pedro-stringhini-assustaria-a-ideia-de-colocar-menores-num-sistema-prisional-falido\/#respond"]}]},{"@type":"WebPage","@id":"https:\/\/www.oarcanjo.net\/site\/d-pedro-stringhini-assustaria-a-ideia-de-colocar-menores-num-sistema-prisional-falido\/","url":"https:\/\/www.oarcanjo.net\/site\/d-pedro-stringhini-assustaria-a-ideia-de-colocar-menores-num-sistema-prisional-falido\/","name":"D. Pedro Stringhini: \"assustaria a ideia de colocar menores num sistema prisional falido\" - O Arcanjo no ar","isPartOf":{"@id":"https:\/\/www.oarcanjo.net\/site\/#website"},"datePublished":"2009-04-24T21:48:23+00:00","dateModified":"2009-04-24T21:48:23+00:00","breadcrumb":{"@id":"https:\/\/www.oarcanjo.net\/site\/d-pedro-stringhini-assustaria-a-ideia-de-colocar-menores-num-sistema-prisional-falido\/#breadcrumb"},"inLanguage":"pt-BR","potentialAction":[{"@type":"ReadAction","target":["https:\/\/www.oarcanjo.net\/site\/d-pedro-stringhini-assustaria-a-ideia-de-colocar-menores-num-sistema-prisional-falido\/"]}]},{"@type":"BreadcrumbList","@id":"https:\/\/www.oarcanjo.net\/site\/d-pedro-stringhini-assustaria-a-ideia-de-colocar-menores-num-sistema-prisional-falido\/#breadcrumb","itemListElement":[{"@type":"ListItem","position":1,"name":"In\u00edcio","item":"https:\/\/www.oarcanjo.net\/site\/"},{"@type":"ListItem","position":2,"name":"D. Pedro Stringhini: &#8220;assustaria a ideia de colocar menores num sistema prisional falido&#8221;"}]},{"@type":"WebSite","@id":"https:\/\/www.oarcanjo.net\/site\/#website","url":"https:\/\/www.oarcanjo.net\/site\/","name":"O Arcanjo no ar","description":"Site da Par\u00f3quia S\u00e3o Miguel Arcanjo (Arquidiocese de SP)","publisher":{"@id":"https:\/\/www.oarcanjo.net\/site\/#organization"},"potentialAction":[{"@type":"SearchAction","target":{"@type":"EntryPoint","urlTemplate":"https:\/\/www.oarcanjo.net\/site\/?s={search_term_string}"},"query-input":{"@type":"PropertyValueSpecification","valueRequired":true,"valueName":"search_term_string"}}],"inLanguage":"pt-BR"},{"@type":"Organization","@id":"https:\/\/www.oarcanjo.net\/site\/#organization","name":"Par\u00f3quia S\u00e3o Miguel Arcanjo","url":"https:\/\/www.oarcanjo.net\/site\/","logo":{"@type":"ImageObject","inLanguage":"pt-BR","@id":"https:\/\/www.oarcanjo.net\/site\/#\/schema\/logo\/image\/","url":"https:\/\/www.oarcanjo.net\/site\/wp-content\/uploads\/LogoOArcanjo.png","contentUrl":"https:\/\/www.oarcanjo.net\/site\/wp-content\/uploads\/LogoOArcanjo.png","width":319,"height":99,"caption":"Par\u00f3quia S\u00e3o Miguel Arcanjo"},"image":{"@id":"https:\/\/www.oarcanjo.net\/site\/#\/schema\/logo\/image\/"},"sameAs":["https:\/\/www.facebook.com\/OArcanjoNoAr\/"]},{"@type":"Person","@id":"https:\/\/www.oarcanjo.net\/site\/#\/schema\/person\/f7024d007863202483a31326673a0838","name":"editor","sameAs":["http:\/\/www.oarcanjo.net"]}]}},"publishpress_future_action":{"enabled":false,"date":"2026-05-08 22:29:23","action":"category","newStatus":"draft","terms":[],"taxonomy":"category"},"publishpress_future_workflow_manual_trigger":{"enabledWorkflows":[]},"_links":{"self":[{"href":"https:\/\/www.oarcanjo.net\/site\/wp-json\/wp\/v2\/posts\/3023"}],"collection":[{"href":"https:\/\/www.oarcanjo.net\/site\/wp-json\/wp\/v2\/posts"}],"about":[{"href":"https:\/\/www.oarcanjo.net\/site\/wp-json\/wp\/v2\/types\/post"}],"author":[{"embeddable":true,"href":"https:\/\/www.oarcanjo.net\/site\/wp-json\/wp\/v2\/users\/5"}],"replies":[{"embeddable":true,"href":"https:\/\/www.oarcanjo.net\/site\/wp-json\/wp\/v2\/comments?post=3023"}],"version-history":[{"count":0,"href":"https:\/\/www.oarcanjo.net\/site\/wp-json\/wp\/v2\/posts\/3023\/revisions"}],"wp:attachment":[{"href":"https:\/\/www.oarcanjo.net\/site\/wp-json\/wp\/v2\/media?parent=3023"}],"wp:term":[{"taxonomy":"category","embeddable":true,"href":"https:\/\/www.oarcanjo.net\/site\/wp-json\/wp\/v2\/categories?post=3023"},{"taxonomy":"post_tag","embeddable":true,"href":"https:\/\/www.oarcanjo.net\/site\/wp-json\/wp\/v2\/tags?post=3023"}],"curies":[{"name":"wp","href":"https:\/\/api.w.org\/{rel}","templated":true}]}}