
{"id":3028,"date":"2009-04-25T12:26:16","date_gmt":"2009-04-25T15:26:16","guid":{"rendered":"http:\/\/www.oarcanjo.net\/site\/?p=3028"},"modified":"2009-04-25T12:26:16","modified_gmt":"2009-04-25T15:26:16","slug":"inclusao-pastoral-incentiva-a-participacao-de-surdos-na-igreja-e-na-sociedade","status":"publish","type":"post","link":"https:\/\/www.oarcanjo.net\/site\/inclusao-pastoral-incentiva-a-participacao-de-surdos-na-igreja-e-na-sociedade\/","title":{"rendered":"Inclus\u00e3o: Pastoral incentiva a participa\u00e7\u00e3o de surdos na Igreja e na sociedade"},"content":{"rendered":"<p>No Brasil, estima-se que existam cerca de 5,4 milh\u00f5es de pessoas com problemas de surdez. Adotar iniciativas que culminem na inclus\u00e3o social dessas pessoas \u00e9 um caminho, \u00e0s vezes \u00e1rduo, mas que vem apresentando alguns resultados. \u00c9 com esse sentimento que a Igreja, atrav\u00e9s de suas a\u00e7\u00f5es, vem atuando junto a esta popula\u00e7\u00e3o. <\/p>\n<p>A Pastoral dos Surdos que, atualmente est\u00e1 presente em todas as regi\u00f5es do Pa\u00eds, vem trabalhando intensamente para obter tais resultados. Hoje, j\u00e1 existem missas direcionadas a este p\u00fablico e pessoas surdas tamb\u00e9m podem fazer o rito. No Brasil, a Pastoral come\u00e7ou a se formar no in\u00edcio dos anos 1950, com uma parceria entre padre Eug\u00eanio Oates, religioso norte-americano, e Monsenhor Vicente Penido Burnier, primeiro sacerdote surdo do Brasil e segundo do mundo.<\/p>\n<p>De acordo com o secret\u00e1rio nacional da Pastoral, professor C\u00e9sar Bacchim, os dois religiosos realizaram trabalhos pioneiros em algumas comunidades do Pa\u00eds. Entretanto, somente no in\u00edcio da d\u00e9cada de 1990 \u00e9 que a Pastoral fica mais estruturada. &#8220;Hoje o trabalho \u00e9 mais articulado&#8221;, comenta.<\/p>\n<p>Segundo Bacchim, a Pastoral est\u00e1 presente em 200 comunidades espalhadas em quase todos os estados brasileiros. Ele explica que, apesar de existir uma Coordena\u00e7\u00e3o Nacional, a Pastoral \u00e9 divida em Regionais &#8211; divis\u00e3o semelhante \u00e0 da Confer\u00eancia Nacional dos Bispos do Brasil (CNBB). Dessa forma, cada Regional desenvolve trabalhos independentes, de acordo com a realidade de cada local: &#8220;cada Regional \u00e9 uma pouco aut\u00f4noma&#8221;, afirma.<\/p>\n<p>Dentre os trabalhos realizados, destacam-se os encontros de forma\u00e7\u00e3o, as missas, os grupos de surdos e a catequese. Al\u00e9m disso, a Pastoral realiza a\u00e7\u00f5es junto com a Coordena\u00e7\u00e3o dos Int\u00e9rpretes, como cursos e encontros. <\/p>\n<p>Para aprofundar as quest\u00f5es da evangeliza\u00e7\u00e3o dos surdos e dos desafios da Pastoral acontecer\u00e1, no pr\u00f3ximo ano, em Feira de Santana, na Bahia, o XV Encontro Nacional da Pastoral dos Surdos (Enapas) e o V Encontro Nacional dos Int\u00e9rpretes Cat\u00f3licos (Encicat). Segundo Bacchin, os temas ainda est\u00e3o em processo de decis\u00e3o, mas j\u00e1 est\u00e3o sendo esperadas entre 150 e 180 pessoas.<\/p>\n<p>Bacchin comenta que a Pastoral sempre tenta aproximar as discuss\u00f5es da realidade com as quest\u00f5es relacionadas aos surdos. Na Campanha da Fraternidade, por exemplo, os grupos debatem o tema de acordo com a realidade vivida pelos surdos. Al\u00e9m disso, todos os anos, a Coordena\u00e7\u00e3o Nacional sugere uma tem\u00e1tica para ser trabalhada com os participantes. Neste ano, o professor afirma que o tema escolhido foi: &#8220;Os surdos e a evangeliza\u00e7\u00e3o&#8221;.<\/p>\n<p>Para Bacchin, os surdos, aos poucos, j\u00e1 est\u00e3o conseguindo conquistar espa\u00e7o. O secret\u00e1rio considera que o preconceito \u00e9 algo que, aos poucos, est\u00e1 diminuindo. &#8220;Em geral, me parece que a sociedade brasileira cresceu em rela\u00e7\u00e3o a isso&#8221;, opina.<\/p>\n<p>Para ele, o fato de propagandas pol\u00edticas j\u00e1 virem com legendas ou com int\u00e9rpretes \u00e9 um grande avan\u00e7o. Entretanto, Bacchim esclarece que ainda \u00e9 necess\u00e1ria uma inclus\u00e3o nas escolas. Ele comenta que \u00e9 importante que as escolas estejam prontas e adaptadas para receber o surdo e n\u00e3o apenas coloc\u00e1-los em sala de aula sem nenhum amparo. <\/p>\n<p>Em rela\u00e7\u00e3o \u00e0 Igreja, o secret\u00e1rio afirma que a luta se fortaleceu principalmente depois da Campanha da Fraternidade de 2006, cujo tema central era a inclus\u00e3o de pessoas com defici\u00eancia. &#8220;Antes a Igreja n\u00e3o dava muita relev\u00e2ncia (\u00e0s pessoas com defici\u00eancia). Hoje Ela est\u00e1 mais aberta&#8221;, comenta. <\/p>\n<div id=\"themify_builder_content-3028\" data-postid=\"3028\" class=\"themify_builder_content themify_builder_content-3028 themify_builder themify_builder_front\">\n\t<\/div>\n<!-- \/themify_builder_content -->","protected":false},"excerpt":{"rendered":"<p>No Brasil, estima-se que existam cerca de 5,4 milh\u00f5es de pessoas com problemas de surdez. Adotar iniciativas que culminem na inclus\u00e3o social dessas pessoas \u00e9 um caminho, \u00e0s vezes \u00e1rduo, mas que vem apresentando alguns resultados. \u00c9 com esse sentimento que a Igreja, atrav\u00e9s de suas a\u00e7\u00f5es, vem atuando junto a esta popula\u00e7\u00e3o. A Pastoral [&hellip;]<\/p>\n","protected":false},"author":5,"featured_media":0,"comment_status":"open","ping_status":"open","sticky":false,"template":"","format":"standard","meta":{"ngg_post_thumbnail":0,"footnotes":""},"categories":[8],"tags":[551,549,552,550],"yoast_head":"<!-- This site is optimized with the Yoast SEO plugin v23.5 - https:\/\/yoast.com\/wordpress\/plugins\/seo\/ -->\n<title>Inclus\u00e3o: Pastoral incentiva a participa\u00e7\u00e3o de surdos na Igreja e na sociedade - O Arcanjo no ar<\/title>\n<meta name=\"robots\" content=\"index, follow, max-snippet:-1, max-image-preview:large, max-video-preview:-1\" \/>\n<link rel=\"canonical\" href=\"https:\/\/www.oarcanjo.net\/site\/inclusao-pastoral-incentiva-a-participacao-de-surdos-na-igreja-e-na-sociedade\/\" \/>\n<meta property=\"og:locale\" content=\"pt_BR\" \/>\n<meta property=\"og:type\" content=\"article\" \/>\n<meta property=\"og:title\" content=\"Inclus\u00e3o: Pastoral incentiva a participa\u00e7\u00e3o de surdos na Igreja e na sociedade - O Arcanjo no ar\" \/>\n<meta property=\"og:description\" content=\"No Brasil, estima-se que existam cerca de 5,4 milh\u00f5es de pessoas com problemas de surdez. Adotar iniciativas que culminem na inclus\u00e3o social dessas pessoas \u00e9 um caminho, \u00e0s vezes \u00e1rduo, mas que vem apresentando alguns resultados. \u00c9 com esse sentimento que a Igreja, atrav\u00e9s de suas a\u00e7\u00f5es, vem atuando junto a esta popula\u00e7\u00e3o. A Pastoral [&hellip;]\" \/>\n<meta property=\"og:url\" content=\"https:\/\/www.oarcanjo.net\/site\/inclusao-pastoral-incentiva-a-participacao-de-surdos-na-igreja-e-na-sociedade\/\" \/>\n<meta property=\"og:site_name\" content=\"O Arcanjo no ar\" \/>\n<meta property=\"article:publisher\" content=\"https:\/\/www.facebook.com\/OArcanjoNoAr\/\" \/>\n<meta property=\"article:published_time\" content=\"2009-04-25T15:26:16+00:00\" \/>\n<meta property=\"og:image\" content=\"https:\/\/www.oarcanjo.net\/site\/wp-content\/uploads\/logo-o-arcanjo-no-ar-facebook.png\" \/>\n\t<meta property=\"og:image:width\" content=\"300\" \/>\n\t<meta property=\"og:image:height\" content=\"300\" \/>\n\t<meta property=\"og:image:type\" content=\"image\/png\" \/>\n<meta name=\"author\" content=\"editor\" \/>\n<meta name=\"twitter:card\" content=\"summary_large_image\" \/>\n<meta name=\"twitter:label1\" content=\"Escrito por\" \/>\n\t<meta name=\"twitter:data1\" content=\"editor\" \/>\n\t<meta name=\"twitter:label2\" content=\"Est. tempo de leitura\" \/>\n\t<meta name=\"twitter:data2\" content=\"3 minutos\" \/>\n<script type=\"application\/ld+json\" class=\"yoast-schema-graph\">{\"@context\":\"https:\/\/schema.org\",\"@graph\":[{\"@type\":\"Article\",\"@id\":\"https:\/\/www.oarcanjo.net\/site\/inclusao-pastoral-incentiva-a-participacao-de-surdos-na-igreja-e-na-sociedade\/#article\",\"isPartOf\":{\"@id\":\"https:\/\/www.oarcanjo.net\/site\/inclusao-pastoral-incentiva-a-participacao-de-surdos-na-igreja-e-na-sociedade\/\"},\"author\":{\"name\":\"editor\",\"@id\":\"https:\/\/www.oarcanjo.net\/site\/#\/schema\/person\/f7024d007863202483a31326673a0838\"},\"headline\":\"Inclus\u00e3o: Pastoral incentiva a participa\u00e7\u00e3o de surdos na Igreja e na sociedade\",\"datePublished\":\"2009-04-25T15:26:16+00:00\",\"dateModified\":\"2009-04-25T15:26:16+00:00\",\"mainEntityOfPage\":{\"@id\":\"https:\/\/www.oarcanjo.net\/site\/inclusao-pastoral-incentiva-a-participacao-de-surdos-na-igreja-e-na-sociedade\/\"},\"wordCount\":593,\"commentCount\":0,\"publisher\":{\"@id\":\"https:\/\/www.oarcanjo.net\/site\/#organization\"},\"keywords\":[\"defici\u00eancia\",\"inclus\u00e3o social\",\"Pastoral dos Surdos\",\"surdez\"],\"articleSection\":[\"Not\u00edcias\"],\"inLanguage\":\"pt-BR\",\"potentialAction\":[{\"@type\":\"CommentAction\",\"name\":\"Comment\",\"target\":[\"https:\/\/www.oarcanjo.net\/site\/inclusao-pastoral-incentiva-a-participacao-de-surdos-na-igreja-e-na-sociedade\/#respond\"]}]},{\"@type\":\"WebPage\",\"@id\":\"https:\/\/www.oarcanjo.net\/site\/inclusao-pastoral-incentiva-a-participacao-de-surdos-na-igreja-e-na-sociedade\/\",\"url\":\"https:\/\/www.oarcanjo.net\/site\/inclusao-pastoral-incentiva-a-participacao-de-surdos-na-igreja-e-na-sociedade\/\",\"name\":\"Inclus\u00e3o: Pastoral incentiva a participa\u00e7\u00e3o de surdos na Igreja e na sociedade - O Arcanjo no ar\",\"isPartOf\":{\"@id\":\"https:\/\/www.oarcanjo.net\/site\/#website\"},\"datePublished\":\"2009-04-25T15:26:16+00:00\",\"dateModified\":\"2009-04-25T15:26:16+00:00\",\"breadcrumb\":{\"@id\":\"https:\/\/www.oarcanjo.net\/site\/inclusao-pastoral-incentiva-a-participacao-de-surdos-na-igreja-e-na-sociedade\/#breadcrumb\"},\"inLanguage\":\"pt-BR\",\"potentialAction\":[{\"@type\":\"ReadAction\",\"target\":[\"https:\/\/www.oarcanjo.net\/site\/inclusao-pastoral-incentiva-a-participacao-de-surdos-na-igreja-e-na-sociedade\/\"]}]},{\"@type\":\"BreadcrumbList\",\"@id\":\"https:\/\/www.oarcanjo.net\/site\/inclusao-pastoral-incentiva-a-participacao-de-surdos-na-igreja-e-na-sociedade\/#breadcrumb\",\"itemListElement\":[{\"@type\":\"ListItem\",\"position\":1,\"name\":\"In\u00edcio\",\"item\":\"https:\/\/www.oarcanjo.net\/site\/\"},{\"@type\":\"ListItem\",\"position\":2,\"name\":\"Inclus\u00e3o: Pastoral incentiva a participa\u00e7\u00e3o de surdos na Igreja e na sociedade\"}]},{\"@type\":\"WebSite\",\"@id\":\"https:\/\/www.oarcanjo.net\/site\/#website\",\"url\":\"https:\/\/www.oarcanjo.net\/site\/\",\"name\":\"O Arcanjo no ar\",\"description\":\"Site da Par\u00f3quia S\u00e3o Miguel Arcanjo (Arquidiocese de SP)\",\"publisher\":{\"@id\":\"https:\/\/www.oarcanjo.net\/site\/#organization\"},\"potentialAction\":[{\"@type\":\"SearchAction\",\"target\":{\"@type\":\"EntryPoint\",\"urlTemplate\":\"https:\/\/www.oarcanjo.net\/site\/?s={search_term_string}\"},\"query-input\":{\"@type\":\"PropertyValueSpecification\",\"valueRequired\":true,\"valueName\":\"search_term_string\"}}],\"inLanguage\":\"pt-BR\"},{\"@type\":\"Organization\",\"@id\":\"https:\/\/www.oarcanjo.net\/site\/#organization\",\"name\":\"Par\u00f3quia S\u00e3o Miguel Arcanjo\",\"url\":\"https:\/\/www.oarcanjo.net\/site\/\",\"logo\":{\"@type\":\"ImageObject\",\"inLanguage\":\"pt-BR\",\"@id\":\"https:\/\/www.oarcanjo.net\/site\/#\/schema\/logo\/image\/\",\"url\":\"https:\/\/www.oarcanjo.net\/site\/wp-content\/uploads\/LogoOArcanjo.png\",\"contentUrl\":\"https:\/\/www.oarcanjo.net\/site\/wp-content\/uploads\/LogoOArcanjo.png\",\"width\":319,\"height\":99,\"caption\":\"Par\u00f3quia S\u00e3o Miguel Arcanjo\"},\"image\":{\"@id\":\"https:\/\/www.oarcanjo.net\/site\/#\/schema\/logo\/image\/\"},\"sameAs\":[\"https:\/\/www.facebook.com\/OArcanjoNoAr\/\"]},{\"@type\":\"Person\",\"@id\":\"https:\/\/www.oarcanjo.net\/site\/#\/schema\/person\/f7024d007863202483a31326673a0838\",\"name\":\"editor\",\"sameAs\":[\"http:\/\/www.oarcanjo.net\"]}]}<\/script>\n<!-- \/ Yoast SEO plugin. -->","yoast_head_json":{"title":"Inclus\u00e3o: Pastoral incentiva a participa\u00e7\u00e3o de surdos na Igreja e na sociedade - O Arcanjo no ar","robots":{"index":"index","follow":"follow","max-snippet":"max-snippet:-1","max-image-preview":"max-image-preview:large","max-video-preview":"max-video-preview:-1"},"canonical":"https:\/\/www.oarcanjo.net\/site\/inclusao-pastoral-incentiva-a-participacao-de-surdos-na-igreja-e-na-sociedade\/","og_locale":"pt_BR","og_type":"article","og_title":"Inclus\u00e3o: Pastoral incentiva a participa\u00e7\u00e3o de surdos na Igreja e na sociedade - O Arcanjo no ar","og_description":"No Brasil, estima-se que existam cerca de 5,4 milh\u00f5es de pessoas com problemas de surdez. Adotar iniciativas que culminem na inclus\u00e3o social dessas pessoas \u00e9 um caminho, \u00e0s vezes \u00e1rduo, mas que vem apresentando alguns resultados. \u00c9 com esse sentimento que a Igreja, atrav\u00e9s de suas a\u00e7\u00f5es, vem atuando junto a esta popula\u00e7\u00e3o. A Pastoral [&hellip;]","og_url":"https:\/\/www.oarcanjo.net\/site\/inclusao-pastoral-incentiva-a-participacao-de-surdos-na-igreja-e-na-sociedade\/","og_site_name":"O Arcanjo no ar","article_publisher":"https:\/\/www.facebook.com\/OArcanjoNoAr\/","article_published_time":"2009-04-25T15:26:16+00:00","og_image":[{"width":300,"height":300,"url":"https:\/\/www.oarcanjo.net\/site\/wp-content\/uploads\/logo-o-arcanjo-no-ar-facebook.png","type":"image\/png"}],"author":"editor","twitter_card":"summary_large_image","twitter_misc":{"Escrito por":"editor","Est. tempo de leitura":"3 minutos"},"schema":{"@context":"https:\/\/schema.org","@graph":[{"@type":"Article","@id":"https:\/\/www.oarcanjo.net\/site\/inclusao-pastoral-incentiva-a-participacao-de-surdos-na-igreja-e-na-sociedade\/#article","isPartOf":{"@id":"https:\/\/www.oarcanjo.net\/site\/inclusao-pastoral-incentiva-a-participacao-de-surdos-na-igreja-e-na-sociedade\/"},"author":{"name":"editor","@id":"https:\/\/www.oarcanjo.net\/site\/#\/schema\/person\/f7024d007863202483a31326673a0838"},"headline":"Inclus\u00e3o: Pastoral incentiva a participa\u00e7\u00e3o de surdos na Igreja e na sociedade","datePublished":"2009-04-25T15:26:16+00:00","dateModified":"2009-04-25T15:26:16+00:00","mainEntityOfPage":{"@id":"https:\/\/www.oarcanjo.net\/site\/inclusao-pastoral-incentiva-a-participacao-de-surdos-na-igreja-e-na-sociedade\/"},"wordCount":593,"commentCount":0,"publisher":{"@id":"https:\/\/www.oarcanjo.net\/site\/#organization"},"keywords":["defici\u00eancia","inclus\u00e3o social","Pastoral dos Surdos","surdez"],"articleSection":["Not\u00edcias"],"inLanguage":"pt-BR","potentialAction":[{"@type":"CommentAction","name":"Comment","target":["https:\/\/www.oarcanjo.net\/site\/inclusao-pastoral-incentiva-a-participacao-de-surdos-na-igreja-e-na-sociedade\/#respond"]}]},{"@type":"WebPage","@id":"https:\/\/www.oarcanjo.net\/site\/inclusao-pastoral-incentiva-a-participacao-de-surdos-na-igreja-e-na-sociedade\/","url":"https:\/\/www.oarcanjo.net\/site\/inclusao-pastoral-incentiva-a-participacao-de-surdos-na-igreja-e-na-sociedade\/","name":"Inclus\u00e3o: Pastoral incentiva a participa\u00e7\u00e3o de surdos na Igreja e na sociedade - O Arcanjo no ar","isPartOf":{"@id":"https:\/\/www.oarcanjo.net\/site\/#website"},"datePublished":"2009-04-25T15:26:16+00:00","dateModified":"2009-04-25T15:26:16+00:00","breadcrumb":{"@id":"https:\/\/www.oarcanjo.net\/site\/inclusao-pastoral-incentiva-a-participacao-de-surdos-na-igreja-e-na-sociedade\/#breadcrumb"},"inLanguage":"pt-BR","potentialAction":[{"@type":"ReadAction","target":["https:\/\/www.oarcanjo.net\/site\/inclusao-pastoral-incentiva-a-participacao-de-surdos-na-igreja-e-na-sociedade\/"]}]},{"@type":"BreadcrumbList","@id":"https:\/\/www.oarcanjo.net\/site\/inclusao-pastoral-incentiva-a-participacao-de-surdos-na-igreja-e-na-sociedade\/#breadcrumb","itemListElement":[{"@type":"ListItem","position":1,"name":"In\u00edcio","item":"https:\/\/www.oarcanjo.net\/site\/"},{"@type":"ListItem","position":2,"name":"Inclus\u00e3o: Pastoral incentiva a participa\u00e7\u00e3o de surdos na Igreja e na sociedade"}]},{"@type":"WebSite","@id":"https:\/\/www.oarcanjo.net\/site\/#website","url":"https:\/\/www.oarcanjo.net\/site\/","name":"O Arcanjo no ar","description":"Site da Par\u00f3quia S\u00e3o Miguel Arcanjo (Arquidiocese de SP)","publisher":{"@id":"https:\/\/www.oarcanjo.net\/site\/#organization"},"potentialAction":[{"@type":"SearchAction","target":{"@type":"EntryPoint","urlTemplate":"https:\/\/www.oarcanjo.net\/site\/?s={search_term_string}"},"query-input":{"@type":"PropertyValueSpecification","valueRequired":true,"valueName":"search_term_string"}}],"inLanguage":"pt-BR"},{"@type":"Organization","@id":"https:\/\/www.oarcanjo.net\/site\/#organization","name":"Par\u00f3quia S\u00e3o Miguel Arcanjo","url":"https:\/\/www.oarcanjo.net\/site\/","logo":{"@type":"ImageObject","inLanguage":"pt-BR","@id":"https:\/\/www.oarcanjo.net\/site\/#\/schema\/logo\/image\/","url":"https:\/\/www.oarcanjo.net\/site\/wp-content\/uploads\/LogoOArcanjo.png","contentUrl":"https:\/\/www.oarcanjo.net\/site\/wp-content\/uploads\/LogoOArcanjo.png","width":319,"height":99,"caption":"Par\u00f3quia S\u00e3o Miguel Arcanjo"},"image":{"@id":"https:\/\/www.oarcanjo.net\/site\/#\/schema\/logo\/image\/"},"sameAs":["https:\/\/www.facebook.com\/OArcanjoNoAr\/"]},{"@type":"Person","@id":"https:\/\/www.oarcanjo.net\/site\/#\/schema\/person\/f7024d007863202483a31326673a0838","name":"editor","sameAs":["http:\/\/www.oarcanjo.net"]}]}},"publishpress_future_action":{"enabled":false,"date":"2026-05-08 22:28:56","action":"category","newStatus":"draft","terms":[],"taxonomy":"category"},"publishpress_future_workflow_manual_trigger":{"enabledWorkflows":[]},"_links":{"self":[{"href":"https:\/\/www.oarcanjo.net\/site\/wp-json\/wp\/v2\/posts\/3028"}],"collection":[{"href":"https:\/\/www.oarcanjo.net\/site\/wp-json\/wp\/v2\/posts"}],"about":[{"href":"https:\/\/www.oarcanjo.net\/site\/wp-json\/wp\/v2\/types\/post"}],"author":[{"embeddable":true,"href":"https:\/\/www.oarcanjo.net\/site\/wp-json\/wp\/v2\/users\/5"}],"replies":[{"embeddable":true,"href":"https:\/\/www.oarcanjo.net\/site\/wp-json\/wp\/v2\/comments?post=3028"}],"version-history":[{"count":0,"href":"https:\/\/www.oarcanjo.net\/site\/wp-json\/wp\/v2\/posts\/3028\/revisions"}],"wp:attachment":[{"href":"https:\/\/www.oarcanjo.net\/site\/wp-json\/wp\/v2\/media?parent=3028"}],"wp:term":[{"taxonomy":"category","embeddable":true,"href":"https:\/\/www.oarcanjo.net\/site\/wp-json\/wp\/v2\/categories?post=3028"},{"taxonomy":"post_tag","embeddable":true,"href":"https:\/\/www.oarcanjo.net\/site\/wp-json\/wp\/v2\/tags?post=3028"}],"curies":[{"name":"wp","href":"https:\/\/api.w.org\/{rel}","templated":true}]}}