
{"id":3030,"date":"2009-04-25T12:29:29","date_gmt":"2009-04-25T15:29:29","guid":{"rendered":"http:\/\/www.oarcanjo.net\/site\/?p=3030"},"modified":"2009-04-25T12:29:29","modified_gmt":"2009-04-25T15:29:29","slug":"voar-com-o-cardeal-lorscheider","status":"publish","type":"post","link":"https:\/\/www.oarcanjo.net\/site\/voar-com-o-cardeal-lorscheider\/","title":{"rendered":"Voar com o cardeal Lorscheider"},"content":{"rendered":"<p>Pe. Geovane Saraiva<\/p>\n<p>Livro sobre o Cardeal Lorscheider, &#8220;A Ternura de um Pastor&#8221;, com 228 p\u00e1ginas, da Editora Caligr\u00e1fica Ltda, de minha autoria, ser\u00e1 lan\u00e7ado no dia 17.05.2009, as 18h, por ocasi\u00e3o da inaugura\u00e7\u00e3o da est\u00e1tua de Dom Alo\u00edsio, na Pra\u00e7a da Igreja de Santo Afonso.<\/p>\n<p>Dom Alo\u00edsio, um frade menor que se tornou grande, entre todos ele foi o maior, porque colocou a sua vida em favor da vida, da vida por inteiro, marcando decisivamente a nossa hist\u00f3ria. Bondade sem limites, que em Deus encontrou o sentido da vida e o amor nele se fez dom para os irm\u00e3os. Do povo cearense ele afirmou: &#8220;A bondade e a acolhida do povo foi grande, com muita compreens\u00e3o e muito apoio. A alma profundamente religiosa dessa boa gente \u00e9 uma preciosidade. Senti uma especial acolhida da imprensa local. Foi uma presen\u00e7a bem viva nestes 22 anos [&#8230;] Aquilo que se diz do sertanejo, deve dizer-se tamb\u00e9m do povo todo&#8221;.<\/p>\n<p>O nosso querido Prof. Miguel Brand\u00e3o disse algo bonito sobre o nosso amado pastor, com grande sabedoria: &#8220;Palavras que se encarna, vida que se oferece, alimento que se faz comunh\u00e3o e ressuscita \u2013 Agradecendo a Deus a presen\u00e7a santificadora e operante de Dom Alo\u00edsio, nesses 22 anos, em que conosco viveu, lutou, chorou e sorriu: anunciando e denunciando, indo \u00e0 frente, no meio, na retaguarda, e celebrando&#8221;.<\/p>\n<p>&#8220;Doado totalmente, seu dia-a-dia \u00e9 uma sucess\u00e3o ininterrupta de encargos relacionados com a miss\u00e3o, abra\u00e7ados com coragem, coer\u00eancia e na serena alegria de que fala o Eclesi\u00e1stico: A alegria do cora\u00e7\u00e3o \u00e9 a vida do homem, a alegria do homem aumenta os seus dias&#8221; (Eclo 30, 22), foram as palavras s\u00e1bias de Irm\u00e3 Maria Montenegro, falecida ano passado.<\/p>\n<p>O Senador Pedro Simon disse &#8220;Dom Alo\u00edsio foi uma grande reserva moral do pa\u00eds e um grande l\u00edder religioso. Representou o pensamento da Igreja principalmente nas horas mais dif\u00edceis, mais dram\u00e1ticas, quando foi Secret\u00e1rio Geral e Presidente da Confer\u00eancia Nacional dos Bispos do Brasil. Na hora do arb\u00edtrio, ele teve coragem e foi um grande mestre da Igreja Cat\u00f3lica&#8221;. Por a\u00ed iremos mergulhar na vida e na a\u00e7\u00e3o pastoral do grande pastor dos empobrecidos, a exemplo de Dom Helder C\u00e2mara e tantos outros seguidores de Jesus, o Bom Pastor.<\/p>\n<p>O livro &#8220;A Ternura de um Pastor&#8221; \u00e9 de nossa iniciativa. Penso que deste modo estamos contribuindo para a hist\u00f3ria do Cear\u00e1, do Nordeste e do Brasil. Dom Alo\u00edsio foi extraordin\u00e1rio em tudo e seus escritos n\u00e3o podem ficar s\u00f3 arquivados ou nas gavetas e muito menos cair no esquecimento. Vamos fazer um belo v\u00f4o, uma viagem com o Cardeal Alo\u00edsio Lorscheider, atrav\u00e9s dos seus escritos, da sua vida e da sua a\u00e7\u00e3o pastoral.<\/p>\n<div id=\"themify_builder_content-3030\" data-postid=\"3030\" class=\"themify_builder_content themify_builder_content-3030 themify_builder themify_builder_front\">\n\t<\/div>\n<!-- \/themify_builder_content -->","protected":false},"excerpt":{"rendered":"<p>Pe. Geovane Saraiva Livro sobre o Cardeal Lorscheider, &#8220;A Ternura de um Pastor&#8221;, com 228 p\u00e1ginas, da Editora Caligr\u00e1fica Ltda, de minha autoria, ser\u00e1 lan\u00e7ado no dia 17.05.2009, as 18h, por ocasi\u00e3o da inaugura\u00e7\u00e3o da est\u00e1tua de Dom Alo\u00edsio, na Pra\u00e7a da Igreja de Santo Afonso. Dom Alo\u00edsio, um frade menor que se tornou grande, [&hellip;]<\/p>\n","protected":false},"author":5,"featured_media":0,"comment_status":"open","ping_status":"open","sticky":false,"template":"","format":"standard","meta":{"ngg_post_thumbnail":0,"footnotes":""},"categories":[474],"tags":[328,289,356,28,473],"yoast_head":"<!-- This site is optimized with the Yoast SEO plugin v23.5 - https:\/\/yoast.com\/wordpress\/plugins\/seo\/ -->\n<title>Voar com o cardeal Lorscheider - O Arcanjo no ar<\/title>\n<meta name=\"robots\" content=\"index, follow, max-snippet:-1, max-image-preview:large, max-video-preview:-1\" \/>\n<link rel=\"canonical\" href=\"https:\/\/www.oarcanjo.net\/site\/voar-com-o-cardeal-lorscheider\/\" \/>\n<meta property=\"og:locale\" content=\"pt_BR\" \/>\n<meta property=\"og:type\" content=\"article\" \/>\n<meta property=\"og:title\" content=\"Voar com o cardeal Lorscheider - O Arcanjo no ar\" \/>\n<meta property=\"og:description\" content=\"Pe. Geovane Saraiva Livro sobre o Cardeal Lorscheider, &#8220;A Ternura de um Pastor&#8221;, com 228 p\u00e1ginas, da Editora Caligr\u00e1fica Ltda, de minha autoria, ser\u00e1 lan\u00e7ado no dia 17.05.2009, as 18h, por ocasi\u00e3o da inaugura\u00e7\u00e3o da est\u00e1tua de Dom Alo\u00edsio, na Pra\u00e7a da Igreja de Santo Afonso. Dom Alo\u00edsio, um frade menor que se tornou grande, [&hellip;]\" \/>\n<meta property=\"og:url\" content=\"https:\/\/www.oarcanjo.net\/site\/voar-com-o-cardeal-lorscheider\/\" \/>\n<meta property=\"og:site_name\" content=\"O Arcanjo no ar\" \/>\n<meta property=\"article:publisher\" content=\"https:\/\/www.facebook.com\/OArcanjoNoAr\/\" \/>\n<meta property=\"article:published_time\" content=\"2009-04-25T15:29:29+00:00\" \/>\n<meta property=\"og:image\" content=\"https:\/\/www.oarcanjo.net\/site\/wp-content\/uploads\/logo-o-arcanjo-no-ar-facebook.png\" \/>\n\t<meta property=\"og:image:width\" content=\"300\" \/>\n\t<meta property=\"og:image:height\" content=\"300\" \/>\n\t<meta property=\"og:image:type\" content=\"image\/png\" \/>\n<meta name=\"author\" content=\"editor\" \/>\n<meta name=\"twitter:card\" content=\"summary_large_image\" \/>\n<meta name=\"twitter:label1\" content=\"Escrito por\" \/>\n\t<meta name=\"twitter:data1\" content=\"editor\" \/>\n\t<meta name=\"twitter:label2\" content=\"Est. tempo de leitura\" \/>\n\t<meta name=\"twitter:data2\" content=\"2 minutos\" \/>\n<script type=\"application\/ld+json\" class=\"yoast-schema-graph\">{\"@context\":\"https:\/\/schema.org\",\"@graph\":[{\"@type\":\"Article\",\"@id\":\"https:\/\/www.oarcanjo.net\/site\/voar-com-o-cardeal-lorscheider\/#article\",\"isPartOf\":{\"@id\":\"https:\/\/www.oarcanjo.net\/site\/voar-com-o-cardeal-lorscheider\/\"},\"author\":{\"name\":\"editor\",\"@id\":\"https:\/\/www.oarcanjo.net\/site\/#\/schema\/person\/f7024d007863202483a31326673a0838\"},\"headline\":\"Voar com o cardeal Lorscheider\",\"datePublished\":\"2009-04-25T15:29:29+00:00\",\"dateModified\":\"2009-04-25T15:29:29+00:00\",\"mainEntityOfPage\":{\"@id\":\"https:\/\/www.oarcanjo.net\/site\/voar-com-o-cardeal-lorscheider\/\"},\"wordCount\":482,\"commentCount\":3,\"publisher\":{\"@id\":\"https:\/\/www.oarcanjo.net\/site\/#organization\"},\"keywords\":[\"bispo\",\"D. Aloisio Lorscheider\",\"D. Helder Camara\",\"pastoral\",\"testemunho\"],\"articleSection\":[\"D. Aloisio Lorscheider\"],\"inLanguage\":\"pt-BR\",\"potentialAction\":[{\"@type\":\"CommentAction\",\"name\":\"Comment\",\"target\":[\"https:\/\/www.oarcanjo.net\/site\/voar-com-o-cardeal-lorscheider\/#respond\"]}]},{\"@type\":\"WebPage\",\"@id\":\"https:\/\/www.oarcanjo.net\/site\/voar-com-o-cardeal-lorscheider\/\",\"url\":\"https:\/\/www.oarcanjo.net\/site\/voar-com-o-cardeal-lorscheider\/\",\"name\":\"Voar com o cardeal Lorscheider - O Arcanjo no ar\",\"isPartOf\":{\"@id\":\"https:\/\/www.oarcanjo.net\/site\/#website\"},\"datePublished\":\"2009-04-25T15:29:29+00:00\",\"dateModified\":\"2009-04-25T15:29:29+00:00\",\"breadcrumb\":{\"@id\":\"https:\/\/www.oarcanjo.net\/site\/voar-com-o-cardeal-lorscheider\/#breadcrumb\"},\"inLanguage\":\"pt-BR\",\"potentialAction\":[{\"@type\":\"ReadAction\",\"target\":[\"https:\/\/www.oarcanjo.net\/site\/voar-com-o-cardeal-lorscheider\/\"]}]},{\"@type\":\"BreadcrumbList\",\"@id\":\"https:\/\/www.oarcanjo.net\/site\/voar-com-o-cardeal-lorscheider\/#breadcrumb\",\"itemListElement\":[{\"@type\":\"ListItem\",\"position\":1,\"name\":\"In\u00edcio\",\"item\":\"https:\/\/www.oarcanjo.net\/site\/\"},{\"@type\":\"ListItem\",\"position\":2,\"name\":\"Voar com o cardeal Lorscheider\"}]},{\"@type\":\"WebSite\",\"@id\":\"https:\/\/www.oarcanjo.net\/site\/#website\",\"url\":\"https:\/\/www.oarcanjo.net\/site\/\",\"name\":\"O Arcanjo no ar\",\"description\":\"Site da Par\u00f3quia S\u00e3o Miguel Arcanjo (Arquidiocese de SP)\",\"publisher\":{\"@id\":\"https:\/\/www.oarcanjo.net\/site\/#organization\"},\"potentialAction\":[{\"@type\":\"SearchAction\",\"target\":{\"@type\":\"EntryPoint\",\"urlTemplate\":\"https:\/\/www.oarcanjo.net\/site\/?s={search_term_string}\"},\"query-input\":{\"@type\":\"PropertyValueSpecification\",\"valueRequired\":true,\"valueName\":\"search_term_string\"}}],\"inLanguage\":\"pt-BR\"},{\"@type\":\"Organization\",\"@id\":\"https:\/\/www.oarcanjo.net\/site\/#organization\",\"name\":\"Par\u00f3quia S\u00e3o Miguel Arcanjo\",\"url\":\"https:\/\/www.oarcanjo.net\/site\/\",\"logo\":{\"@type\":\"ImageObject\",\"inLanguage\":\"pt-BR\",\"@id\":\"https:\/\/www.oarcanjo.net\/site\/#\/schema\/logo\/image\/\",\"url\":\"https:\/\/www.oarcanjo.net\/site\/wp-content\/uploads\/LogoOArcanjo.png\",\"contentUrl\":\"https:\/\/www.oarcanjo.net\/site\/wp-content\/uploads\/LogoOArcanjo.png\",\"width\":319,\"height\":99,\"caption\":\"Par\u00f3quia S\u00e3o Miguel Arcanjo\"},\"image\":{\"@id\":\"https:\/\/www.oarcanjo.net\/site\/#\/schema\/logo\/image\/\"},\"sameAs\":[\"https:\/\/www.facebook.com\/OArcanjoNoAr\/\"]},{\"@type\":\"Person\",\"@id\":\"https:\/\/www.oarcanjo.net\/site\/#\/schema\/person\/f7024d007863202483a31326673a0838\",\"name\":\"editor\",\"sameAs\":[\"http:\/\/www.oarcanjo.net\"]}]}<\/script>\n<!-- \/ Yoast SEO plugin. -->","yoast_head_json":{"title":"Voar com o cardeal Lorscheider - O Arcanjo no ar","robots":{"index":"index","follow":"follow","max-snippet":"max-snippet:-1","max-image-preview":"max-image-preview:large","max-video-preview":"max-video-preview:-1"},"canonical":"https:\/\/www.oarcanjo.net\/site\/voar-com-o-cardeal-lorscheider\/","og_locale":"pt_BR","og_type":"article","og_title":"Voar com o cardeal Lorscheider - O Arcanjo no ar","og_description":"Pe. Geovane Saraiva Livro sobre o Cardeal Lorscheider, &#8220;A Ternura de um Pastor&#8221;, com 228 p\u00e1ginas, da Editora Caligr\u00e1fica Ltda, de minha autoria, ser\u00e1 lan\u00e7ado no dia 17.05.2009, as 18h, por ocasi\u00e3o da inaugura\u00e7\u00e3o da est\u00e1tua de Dom Alo\u00edsio, na Pra\u00e7a da Igreja de Santo Afonso. Dom Alo\u00edsio, um frade menor que se tornou grande, [&hellip;]","og_url":"https:\/\/www.oarcanjo.net\/site\/voar-com-o-cardeal-lorscheider\/","og_site_name":"O Arcanjo no ar","article_publisher":"https:\/\/www.facebook.com\/OArcanjoNoAr\/","article_published_time":"2009-04-25T15:29:29+00:00","og_image":[{"width":300,"height":300,"url":"https:\/\/www.oarcanjo.net\/site\/wp-content\/uploads\/logo-o-arcanjo-no-ar-facebook.png","type":"image\/png"}],"author":"editor","twitter_card":"summary_large_image","twitter_misc":{"Escrito por":"editor","Est. tempo de leitura":"2 minutos"},"schema":{"@context":"https:\/\/schema.org","@graph":[{"@type":"Article","@id":"https:\/\/www.oarcanjo.net\/site\/voar-com-o-cardeal-lorscheider\/#article","isPartOf":{"@id":"https:\/\/www.oarcanjo.net\/site\/voar-com-o-cardeal-lorscheider\/"},"author":{"name":"editor","@id":"https:\/\/www.oarcanjo.net\/site\/#\/schema\/person\/f7024d007863202483a31326673a0838"},"headline":"Voar com o cardeal Lorscheider","datePublished":"2009-04-25T15:29:29+00:00","dateModified":"2009-04-25T15:29:29+00:00","mainEntityOfPage":{"@id":"https:\/\/www.oarcanjo.net\/site\/voar-com-o-cardeal-lorscheider\/"},"wordCount":482,"commentCount":3,"publisher":{"@id":"https:\/\/www.oarcanjo.net\/site\/#organization"},"keywords":["bispo","D. Aloisio Lorscheider","D. Helder Camara","pastoral","testemunho"],"articleSection":["D. Aloisio Lorscheider"],"inLanguage":"pt-BR","potentialAction":[{"@type":"CommentAction","name":"Comment","target":["https:\/\/www.oarcanjo.net\/site\/voar-com-o-cardeal-lorscheider\/#respond"]}]},{"@type":"WebPage","@id":"https:\/\/www.oarcanjo.net\/site\/voar-com-o-cardeal-lorscheider\/","url":"https:\/\/www.oarcanjo.net\/site\/voar-com-o-cardeal-lorscheider\/","name":"Voar com o cardeal Lorscheider - O Arcanjo no ar","isPartOf":{"@id":"https:\/\/www.oarcanjo.net\/site\/#website"},"datePublished":"2009-04-25T15:29:29+00:00","dateModified":"2009-04-25T15:29:29+00:00","breadcrumb":{"@id":"https:\/\/www.oarcanjo.net\/site\/voar-com-o-cardeal-lorscheider\/#breadcrumb"},"inLanguage":"pt-BR","potentialAction":[{"@type":"ReadAction","target":["https:\/\/www.oarcanjo.net\/site\/voar-com-o-cardeal-lorscheider\/"]}]},{"@type":"BreadcrumbList","@id":"https:\/\/www.oarcanjo.net\/site\/voar-com-o-cardeal-lorscheider\/#breadcrumb","itemListElement":[{"@type":"ListItem","position":1,"name":"In\u00edcio","item":"https:\/\/www.oarcanjo.net\/site\/"},{"@type":"ListItem","position":2,"name":"Voar com o cardeal Lorscheider"}]},{"@type":"WebSite","@id":"https:\/\/www.oarcanjo.net\/site\/#website","url":"https:\/\/www.oarcanjo.net\/site\/","name":"O Arcanjo no ar","description":"Site da Par\u00f3quia S\u00e3o Miguel Arcanjo (Arquidiocese de SP)","publisher":{"@id":"https:\/\/www.oarcanjo.net\/site\/#organization"},"potentialAction":[{"@type":"SearchAction","target":{"@type":"EntryPoint","urlTemplate":"https:\/\/www.oarcanjo.net\/site\/?s={search_term_string}"},"query-input":{"@type":"PropertyValueSpecification","valueRequired":true,"valueName":"search_term_string"}}],"inLanguage":"pt-BR"},{"@type":"Organization","@id":"https:\/\/www.oarcanjo.net\/site\/#organization","name":"Par\u00f3quia S\u00e3o Miguel Arcanjo","url":"https:\/\/www.oarcanjo.net\/site\/","logo":{"@type":"ImageObject","inLanguage":"pt-BR","@id":"https:\/\/www.oarcanjo.net\/site\/#\/schema\/logo\/image\/","url":"https:\/\/www.oarcanjo.net\/site\/wp-content\/uploads\/LogoOArcanjo.png","contentUrl":"https:\/\/www.oarcanjo.net\/site\/wp-content\/uploads\/LogoOArcanjo.png","width":319,"height":99,"caption":"Par\u00f3quia S\u00e3o Miguel Arcanjo"},"image":{"@id":"https:\/\/www.oarcanjo.net\/site\/#\/schema\/logo\/image\/"},"sameAs":["https:\/\/www.facebook.com\/OArcanjoNoAr\/"]},{"@type":"Person","@id":"https:\/\/www.oarcanjo.net\/site\/#\/schema\/person\/f7024d007863202483a31326673a0838","name":"editor","sameAs":["http:\/\/www.oarcanjo.net"]}]}},"publishpress_future_action":{"enabled":false,"date":"2026-05-06 21:57:51","action":"category","newStatus":"draft","terms":[],"taxonomy":"category"},"publishpress_future_workflow_manual_trigger":{"enabledWorkflows":[]},"_links":{"self":[{"href":"https:\/\/www.oarcanjo.net\/site\/wp-json\/wp\/v2\/posts\/3030"}],"collection":[{"href":"https:\/\/www.oarcanjo.net\/site\/wp-json\/wp\/v2\/posts"}],"about":[{"href":"https:\/\/www.oarcanjo.net\/site\/wp-json\/wp\/v2\/types\/post"}],"author":[{"embeddable":true,"href":"https:\/\/www.oarcanjo.net\/site\/wp-json\/wp\/v2\/users\/5"}],"replies":[{"embeddable":true,"href":"https:\/\/www.oarcanjo.net\/site\/wp-json\/wp\/v2\/comments?post=3030"}],"version-history":[{"count":0,"href":"https:\/\/www.oarcanjo.net\/site\/wp-json\/wp\/v2\/posts\/3030\/revisions"}],"wp:attachment":[{"href":"https:\/\/www.oarcanjo.net\/site\/wp-json\/wp\/v2\/media?parent=3030"}],"wp:term":[{"taxonomy":"category","embeddable":true,"href":"https:\/\/www.oarcanjo.net\/site\/wp-json\/wp\/v2\/categories?post=3030"},{"taxonomy":"post_tag","embeddable":true,"href":"https:\/\/www.oarcanjo.net\/site\/wp-json\/wp\/v2\/tags?post=3030"}],"curies":[{"name":"wp","href":"https:\/\/api.w.org\/{rel}","templated":true}]}}