
{"id":3046,"date":"2009-04-27T08:17:25","date_gmt":"2009-04-27T11:17:25","guid":{"rendered":"http:\/\/www.oarcanjo.net\/site\/?p=3046"},"modified":"2009-04-27T08:17:25","modified_gmt":"2009-04-27T11:17:25","slug":"a-comunidade-em-mudanca-de-epoca","status":"publish","type":"post","link":"https:\/\/www.oarcanjo.net\/site\/a-comunidade-em-mudanca-de-epoca\/","title":{"rendered":"A comunidade em mudan\u00e7a de \u00e9poca"},"content":{"rendered":"<p>Dom Sin\u00e9sio Bohn <\/p>\n<p>Conhe\u00e7o um jovem entusiasmado com sua comunidade. Ele conhece os membros da comunidade s\u00f3 pela internet. \u00c9 uma comunidade do Orkut, virtual.<\/p>\n<p>J\u00e1 o padre que trabalha no projeto diocesano de renova\u00e7\u00e3o das comunidades tem como ideal a pequena comunidade, de rosto humano, onde se articula bem f\u00e9 e vida. \u00c9 a comunidade eclesial de base.<\/p>\n<p>A maioria dos p\u00e1rocos tem em vista a comunidade paroquial ou, simplesmente, a par\u00f3quia. Esta, por\u00e9m, \u00e9 constitu\u00edda de v\u00e1rias comunidades menores. Alguns se esfor\u00e7am para transformar a par\u00f3quia em rede de comunidades. Mas conhe\u00e7o um bando de jovens, que se vestem de preto, planejam a\u00e7\u00f5es conjuntas, \u00e0s vezes aventuras legais, mas com freq\u00fc\u00eancia desordens ilegais. Porque em geral n\u00e3o duram muito, s\u00e3o considerados tribos. Tem pouca coes\u00e3o.<\/p>\n<p>A Europa conseguiu unir os pa\u00edses, eliminando praticamente as fronteiras. \u00c9 a comunidade europ\u00e9ia.<\/p>\n<p>Existe ainda a comunidade internacional, a comunidade terap\u00eautica, a comunidade cient\u00edfica e a comunidade acad\u00eamica.<\/p>\n<p>Tamb\u00e9m os movimentos eclesiais formam suas comunidades. E ultimamente surgem novos carismas e novas comunidades de vida.<\/p>\n<p>Sob a assessoria de Padre Joel Portella, os Bispos cat\u00f3licos, reunidos na 47\u00aa Assembleia Geral, meditamos sobre o sentido e a melhor maneira de os crist\u00e3os viverem a f\u00e9 em comunidade, como a Escritura atesta dos primeiros crist\u00e3os. Hoje, com tantas mudan\u00e7as, o territ\u00f3rio ficou menos decisivo para ser comunidade. Como vivemos, as pessoas se unem de muitas maneiras.<\/p>\n<p>Sempre se pede perten\u00e7a comunit\u00e1ria. Ela pode ser territorial, geogr\u00e1fica. Mas pode ser ambiental, afetiva, supraparoquial, interparoquial. Os grupos de fam\u00edlias s\u00e3o n\u00facleos comunit\u00e1rios, sementes de comunidades.<\/p>\n<p>\u201cNum mundo marcado pelo pluralismo e pela mobilidade, n\u00e3o h\u00e1 como se fazer presente se n\u00e3o for pela diversidade de formas\u201d. E pela paci\u00eancia pastoral!<\/p>\n<p>Mas viver a f\u00e9 em comunidade, celebrar a f\u00e9 em comunidade, partilhar o p\u00e3o e manter a comunh\u00e3o s\u00e3o essenciais \u00e0 vida crist\u00e3.<\/p>\n<div id=\"themify_builder_content-3046\" data-postid=\"3046\" class=\"themify_builder_content themify_builder_content-3046 themify_builder themify_builder_front\">\n\t<\/div>\n<!-- \/themify_builder_content -->","protected":false},"excerpt":{"rendered":"<p>Dom Sin\u00e9sio Bohn Conhe\u00e7o um jovem entusiasmado com sua comunidade. Ele conhece os membros da comunidade s\u00f3 pela internet. \u00c9 uma comunidade do Orkut, virtual. J\u00e1 o padre que trabalha no projeto diocesano de renova\u00e7\u00e3o das comunidades tem como ideal a pequena comunidade, de rosto humano, onde se articula bem f\u00e9 e vida. \u00c9 a [&hellip;]<\/p>\n","protected":false},"author":5,"featured_media":0,"comment_status":"open","ping_status":"open","sticky":false,"template":"","format":"standard","meta":{"ngg_post_thumbnail":0,"footnotes":""},"categories":[9],"tags":[24],"yoast_head":"<!-- This site is optimized with the Yoast SEO plugin v23.5 - https:\/\/yoast.com\/wordpress\/plugins\/seo\/ -->\n<title>A comunidade em mudan\u00e7a de \u00e9poca - O Arcanjo no ar<\/title>\n<meta name=\"robots\" content=\"index, follow, max-snippet:-1, max-image-preview:large, max-video-preview:-1\" \/>\n<link rel=\"canonical\" href=\"https:\/\/www.oarcanjo.net\/site\/a-comunidade-em-mudanca-de-epoca\/\" \/>\n<meta property=\"og:locale\" content=\"pt_BR\" \/>\n<meta property=\"og:type\" content=\"article\" \/>\n<meta property=\"og:title\" content=\"A comunidade em mudan\u00e7a de \u00e9poca - O Arcanjo no ar\" \/>\n<meta property=\"og:description\" content=\"Dom Sin\u00e9sio Bohn Conhe\u00e7o um jovem entusiasmado com sua comunidade. Ele conhece os membros da comunidade s\u00f3 pela internet. \u00c9 uma comunidade do Orkut, virtual. J\u00e1 o padre que trabalha no projeto diocesano de renova\u00e7\u00e3o das comunidades tem como ideal a pequena comunidade, de rosto humano, onde se articula bem f\u00e9 e vida. \u00c9 a [&hellip;]\" \/>\n<meta property=\"og:url\" content=\"https:\/\/www.oarcanjo.net\/site\/a-comunidade-em-mudanca-de-epoca\/\" \/>\n<meta property=\"og:site_name\" content=\"O Arcanjo no ar\" \/>\n<meta property=\"article:publisher\" content=\"https:\/\/www.facebook.com\/OArcanjoNoAr\/\" \/>\n<meta property=\"article:published_time\" content=\"2009-04-27T11:17:25+00:00\" \/>\n<meta property=\"og:image\" content=\"https:\/\/www.oarcanjo.net\/site\/wp-content\/uploads\/logo-o-arcanjo-no-ar-facebook.png\" \/>\n\t<meta property=\"og:image:width\" content=\"300\" \/>\n\t<meta property=\"og:image:height\" content=\"300\" \/>\n\t<meta property=\"og:image:type\" content=\"image\/png\" \/>\n<meta name=\"author\" content=\"editor\" \/>\n<meta name=\"twitter:card\" content=\"summary_large_image\" \/>\n<meta name=\"twitter:label1\" content=\"Escrito por\" \/>\n\t<meta name=\"twitter:data1\" content=\"editor\" \/>\n\t<meta name=\"twitter:label2\" content=\"Est. tempo de leitura\" \/>\n\t<meta name=\"twitter:data2\" content=\"2 minutos\" \/>\n<script type=\"application\/ld+json\" class=\"yoast-schema-graph\">{\"@context\":\"https:\/\/schema.org\",\"@graph\":[{\"@type\":\"Article\",\"@id\":\"https:\/\/www.oarcanjo.net\/site\/a-comunidade-em-mudanca-de-epoca\/#article\",\"isPartOf\":{\"@id\":\"https:\/\/www.oarcanjo.net\/site\/a-comunidade-em-mudanca-de-epoca\/\"},\"author\":{\"name\":\"editor\",\"@id\":\"https:\/\/www.oarcanjo.net\/site\/#\/schema\/person\/f7024d007863202483a31326673a0838\"},\"headline\":\"A comunidade em mudan\u00e7a de \u00e9poca\",\"datePublished\":\"2009-04-27T11:17:25+00:00\",\"dateModified\":\"2009-04-27T11:17:25+00:00\",\"mainEntityOfPage\":{\"@id\":\"https:\/\/www.oarcanjo.net\/site\/a-comunidade-em-mudanca-de-epoca\/\"},\"wordCount\":348,\"commentCount\":0,\"publisher\":{\"@id\":\"https:\/\/www.oarcanjo.net\/site\/#organization\"},\"keywords\":[\"comunidade\"],\"articleSection\":[\"Reflex\u00f5es\"],\"inLanguage\":\"pt-BR\",\"potentialAction\":[{\"@type\":\"CommentAction\",\"name\":\"Comment\",\"target\":[\"https:\/\/www.oarcanjo.net\/site\/a-comunidade-em-mudanca-de-epoca\/#respond\"]}]},{\"@type\":\"WebPage\",\"@id\":\"https:\/\/www.oarcanjo.net\/site\/a-comunidade-em-mudanca-de-epoca\/\",\"url\":\"https:\/\/www.oarcanjo.net\/site\/a-comunidade-em-mudanca-de-epoca\/\",\"name\":\"A comunidade em mudan\u00e7a de \u00e9poca - O Arcanjo no ar\",\"isPartOf\":{\"@id\":\"https:\/\/www.oarcanjo.net\/site\/#website\"},\"datePublished\":\"2009-04-27T11:17:25+00:00\",\"dateModified\":\"2009-04-27T11:17:25+00:00\",\"breadcrumb\":{\"@id\":\"https:\/\/www.oarcanjo.net\/site\/a-comunidade-em-mudanca-de-epoca\/#breadcrumb\"},\"inLanguage\":\"pt-BR\",\"potentialAction\":[{\"@type\":\"ReadAction\",\"target\":[\"https:\/\/www.oarcanjo.net\/site\/a-comunidade-em-mudanca-de-epoca\/\"]}]},{\"@type\":\"BreadcrumbList\",\"@id\":\"https:\/\/www.oarcanjo.net\/site\/a-comunidade-em-mudanca-de-epoca\/#breadcrumb\",\"itemListElement\":[{\"@type\":\"ListItem\",\"position\":1,\"name\":\"In\u00edcio\",\"item\":\"https:\/\/www.oarcanjo.net\/site\/\"},{\"@type\":\"ListItem\",\"position\":2,\"name\":\"A comunidade em mudan\u00e7a de \u00e9poca\"}]},{\"@type\":\"WebSite\",\"@id\":\"https:\/\/www.oarcanjo.net\/site\/#website\",\"url\":\"https:\/\/www.oarcanjo.net\/site\/\",\"name\":\"O Arcanjo no ar\",\"description\":\"Site da Par\u00f3quia S\u00e3o Miguel Arcanjo (Arquidiocese de SP)\",\"publisher\":{\"@id\":\"https:\/\/www.oarcanjo.net\/site\/#organization\"},\"potentialAction\":[{\"@type\":\"SearchAction\",\"target\":{\"@type\":\"EntryPoint\",\"urlTemplate\":\"https:\/\/www.oarcanjo.net\/site\/?s={search_term_string}\"},\"query-input\":{\"@type\":\"PropertyValueSpecification\",\"valueRequired\":true,\"valueName\":\"search_term_string\"}}],\"inLanguage\":\"pt-BR\"},{\"@type\":\"Organization\",\"@id\":\"https:\/\/www.oarcanjo.net\/site\/#organization\",\"name\":\"Par\u00f3quia S\u00e3o Miguel Arcanjo\",\"url\":\"https:\/\/www.oarcanjo.net\/site\/\",\"logo\":{\"@type\":\"ImageObject\",\"inLanguage\":\"pt-BR\",\"@id\":\"https:\/\/www.oarcanjo.net\/site\/#\/schema\/logo\/image\/\",\"url\":\"https:\/\/www.oarcanjo.net\/site\/wp-content\/uploads\/LogoOArcanjo.png\",\"contentUrl\":\"https:\/\/www.oarcanjo.net\/site\/wp-content\/uploads\/LogoOArcanjo.png\",\"width\":319,\"height\":99,\"caption\":\"Par\u00f3quia S\u00e3o Miguel Arcanjo\"},\"image\":{\"@id\":\"https:\/\/www.oarcanjo.net\/site\/#\/schema\/logo\/image\/\"},\"sameAs\":[\"https:\/\/www.facebook.com\/OArcanjoNoAr\/\"]},{\"@type\":\"Person\",\"@id\":\"https:\/\/www.oarcanjo.net\/site\/#\/schema\/person\/f7024d007863202483a31326673a0838\",\"name\":\"editor\",\"sameAs\":[\"http:\/\/www.oarcanjo.net\"]}]}<\/script>\n<!-- \/ Yoast SEO plugin. -->","yoast_head_json":{"title":"A comunidade em mudan\u00e7a de \u00e9poca - O Arcanjo no ar","robots":{"index":"index","follow":"follow","max-snippet":"max-snippet:-1","max-image-preview":"max-image-preview:large","max-video-preview":"max-video-preview:-1"},"canonical":"https:\/\/www.oarcanjo.net\/site\/a-comunidade-em-mudanca-de-epoca\/","og_locale":"pt_BR","og_type":"article","og_title":"A comunidade em mudan\u00e7a de \u00e9poca - O Arcanjo no ar","og_description":"Dom Sin\u00e9sio Bohn Conhe\u00e7o um jovem entusiasmado com sua comunidade. Ele conhece os membros da comunidade s\u00f3 pela internet. \u00c9 uma comunidade do Orkut, virtual. J\u00e1 o padre que trabalha no projeto diocesano de renova\u00e7\u00e3o das comunidades tem como ideal a pequena comunidade, de rosto humano, onde se articula bem f\u00e9 e vida. \u00c9 a [&hellip;]","og_url":"https:\/\/www.oarcanjo.net\/site\/a-comunidade-em-mudanca-de-epoca\/","og_site_name":"O Arcanjo no ar","article_publisher":"https:\/\/www.facebook.com\/OArcanjoNoAr\/","article_published_time":"2009-04-27T11:17:25+00:00","og_image":[{"width":300,"height":300,"url":"https:\/\/www.oarcanjo.net\/site\/wp-content\/uploads\/logo-o-arcanjo-no-ar-facebook.png","type":"image\/png"}],"author":"editor","twitter_card":"summary_large_image","twitter_misc":{"Escrito por":"editor","Est. tempo de leitura":"2 minutos"},"schema":{"@context":"https:\/\/schema.org","@graph":[{"@type":"Article","@id":"https:\/\/www.oarcanjo.net\/site\/a-comunidade-em-mudanca-de-epoca\/#article","isPartOf":{"@id":"https:\/\/www.oarcanjo.net\/site\/a-comunidade-em-mudanca-de-epoca\/"},"author":{"name":"editor","@id":"https:\/\/www.oarcanjo.net\/site\/#\/schema\/person\/f7024d007863202483a31326673a0838"},"headline":"A comunidade em mudan\u00e7a de \u00e9poca","datePublished":"2009-04-27T11:17:25+00:00","dateModified":"2009-04-27T11:17:25+00:00","mainEntityOfPage":{"@id":"https:\/\/www.oarcanjo.net\/site\/a-comunidade-em-mudanca-de-epoca\/"},"wordCount":348,"commentCount":0,"publisher":{"@id":"https:\/\/www.oarcanjo.net\/site\/#organization"},"keywords":["comunidade"],"articleSection":["Reflex\u00f5es"],"inLanguage":"pt-BR","potentialAction":[{"@type":"CommentAction","name":"Comment","target":["https:\/\/www.oarcanjo.net\/site\/a-comunidade-em-mudanca-de-epoca\/#respond"]}]},{"@type":"WebPage","@id":"https:\/\/www.oarcanjo.net\/site\/a-comunidade-em-mudanca-de-epoca\/","url":"https:\/\/www.oarcanjo.net\/site\/a-comunidade-em-mudanca-de-epoca\/","name":"A comunidade em mudan\u00e7a de \u00e9poca - O Arcanjo no ar","isPartOf":{"@id":"https:\/\/www.oarcanjo.net\/site\/#website"},"datePublished":"2009-04-27T11:17:25+00:00","dateModified":"2009-04-27T11:17:25+00:00","breadcrumb":{"@id":"https:\/\/www.oarcanjo.net\/site\/a-comunidade-em-mudanca-de-epoca\/#breadcrumb"},"inLanguage":"pt-BR","potentialAction":[{"@type":"ReadAction","target":["https:\/\/www.oarcanjo.net\/site\/a-comunidade-em-mudanca-de-epoca\/"]}]},{"@type":"BreadcrumbList","@id":"https:\/\/www.oarcanjo.net\/site\/a-comunidade-em-mudanca-de-epoca\/#breadcrumb","itemListElement":[{"@type":"ListItem","position":1,"name":"In\u00edcio","item":"https:\/\/www.oarcanjo.net\/site\/"},{"@type":"ListItem","position":2,"name":"A comunidade em mudan\u00e7a de \u00e9poca"}]},{"@type":"WebSite","@id":"https:\/\/www.oarcanjo.net\/site\/#website","url":"https:\/\/www.oarcanjo.net\/site\/","name":"O Arcanjo no ar","description":"Site da Par\u00f3quia S\u00e3o Miguel Arcanjo (Arquidiocese de SP)","publisher":{"@id":"https:\/\/www.oarcanjo.net\/site\/#organization"},"potentialAction":[{"@type":"SearchAction","target":{"@type":"EntryPoint","urlTemplate":"https:\/\/www.oarcanjo.net\/site\/?s={search_term_string}"},"query-input":{"@type":"PropertyValueSpecification","valueRequired":true,"valueName":"search_term_string"}}],"inLanguage":"pt-BR"},{"@type":"Organization","@id":"https:\/\/www.oarcanjo.net\/site\/#organization","name":"Par\u00f3quia S\u00e3o Miguel Arcanjo","url":"https:\/\/www.oarcanjo.net\/site\/","logo":{"@type":"ImageObject","inLanguage":"pt-BR","@id":"https:\/\/www.oarcanjo.net\/site\/#\/schema\/logo\/image\/","url":"https:\/\/www.oarcanjo.net\/site\/wp-content\/uploads\/LogoOArcanjo.png","contentUrl":"https:\/\/www.oarcanjo.net\/site\/wp-content\/uploads\/LogoOArcanjo.png","width":319,"height":99,"caption":"Par\u00f3quia S\u00e3o Miguel Arcanjo"},"image":{"@id":"https:\/\/www.oarcanjo.net\/site\/#\/schema\/logo\/image\/"},"sameAs":["https:\/\/www.facebook.com\/OArcanjoNoAr\/"]},{"@type":"Person","@id":"https:\/\/www.oarcanjo.net\/site\/#\/schema\/person\/f7024d007863202483a31326673a0838","name":"editor","sameAs":["http:\/\/www.oarcanjo.net"]}]}},"publishpress_future_action":{"enabled":false,"date":"2026-05-08 20:32:06","action":"category","newStatus":"draft","terms":[],"taxonomy":"category"},"publishpress_future_workflow_manual_trigger":{"enabledWorkflows":[]},"_links":{"self":[{"href":"https:\/\/www.oarcanjo.net\/site\/wp-json\/wp\/v2\/posts\/3046"}],"collection":[{"href":"https:\/\/www.oarcanjo.net\/site\/wp-json\/wp\/v2\/posts"}],"about":[{"href":"https:\/\/www.oarcanjo.net\/site\/wp-json\/wp\/v2\/types\/post"}],"author":[{"embeddable":true,"href":"https:\/\/www.oarcanjo.net\/site\/wp-json\/wp\/v2\/users\/5"}],"replies":[{"embeddable":true,"href":"https:\/\/www.oarcanjo.net\/site\/wp-json\/wp\/v2\/comments?post=3046"}],"version-history":[{"count":0,"href":"https:\/\/www.oarcanjo.net\/site\/wp-json\/wp\/v2\/posts\/3046\/revisions"}],"wp:attachment":[{"href":"https:\/\/www.oarcanjo.net\/site\/wp-json\/wp\/v2\/media?parent=3046"}],"wp:term":[{"taxonomy":"category","embeddable":true,"href":"https:\/\/www.oarcanjo.net\/site\/wp-json\/wp\/v2\/categories?post=3046"},{"taxonomy":"post_tag","embeddable":true,"href":"https:\/\/www.oarcanjo.net\/site\/wp-json\/wp\/v2\/tags?post=3046"}],"curies":[{"name":"wp","href":"https:\/\/api.w.org\/{rel}","templated":true}]}}