
{"id":3052,"date":"2009-04-28T16:24:13","date_gmt":"2009-04-28T19:24:13","guid":{"rendered":"http:\/\/www.oarcanjo.net\/site\/?p=3052"},"modified":"2009-04-27T20:28:14","modified_gmt":"2009-04-27T23:28:14","slug":"por-uma-educacao-amorosa","status":"publish","type":"post","link":"https:\/\/www.oarcanjo.net\/site\/por-uma-educacao-amorosa\/","title":{"rendered":"Por uma educa\u00e7\u00e3o amorosa"},"content":{"rendered":"<p>Marcelo Barros<\/p>\n<p>Nos \u00faltimos dias, alguns jornais de TV t\u00eam divulgado estudos de pesquisadores da USP (Universidade de S\u00e3o Paulo) sobre a evas\u00e3o de jovens de salas de aula. A pesquisa aponta que a incid\u00eancia de jovens que abandonam a escola ainda \u00e9 muito alta. 43% destes jovens declaram que fazem isso por n\u00e3o ter motiva\u00e7\u00e3o para estudar. Evidentemente, os fatores que levam a isso s\u00e3o diversos, mas uma constata\u00e7\u00e3o inevit\u00e1vel \u00e9 a de que a escola ainda se mant\u00e9m um tanto r\u00edgida e separada do cotidiano da vida, al\u00e9m de presa a conte\u00fados nocionais e m\u00e9todos superados em um mundo no qual a juventude est\u00e1 envolvida em internet, orkut e jogos eletr\u00f4nicos.<\/p>\n<p>A realidade da educa\u00e7\u00e3o tem mudado em toda a Am\u00e9rica Latina. Agora, al\u00e9m de Cuba, mais dois pa\u00edses foram reconhecidos pela UNESCO como territ\u00f3rios livres do analfabetismo: Venezuela e Bol\u00edvia. Outros est\u00e3o no caminho. No nosso pa\u00eds, o programa &#8220;Brasil Alfabetizado&#8221; visa universalizar a alfabetiza\u00e7\u00e3o dos maiores de 15 anos. J\u00e1 conseguiu alfabetizar mais de nove mil adultos. Apesar disso, ainda temos uma taxa de 16% de analfabetos. E o mais doloroso \u00e9 que as pesquisas mostram: a maior parte das pessoas analfabetas no Brasil j\u00e1 passou por alguma escola e sa\u00edram sem aprender a ler, ou como dizia Paulo Freire, a reinterpretar o mundo.<\/p>\n<p>N\u00e3o se pode negar que a atual gest\u00e3o do Minist\u00e9rio da Educa\u00e7\u00e3o esteja fazendo, em todos os n\u00edveis, um trabalho positivo pela transforma\u00e7\u00e3o das estruturas da educa\u00e7\u00e3o. Est\u00e1 havendo um aprimoramento das estruturas da educa\u00e7\u00e3o infantil, integrando creche e escola e formando pedagogicamente as professoras encarregadas da primeira educa\u00e7\u00e3o. Os exames que comprovam o rendimento educacional de cada classe e de cada escola exp\u00f5em a compet\u00eancia e op\u00e7\u00e3o das professoras. Uma escola de periferia recebe uma avalia\u00e7\u00e3o positiva, enquanto outra, no mesmo bairro, com as mesmas condi\u00e7\u00f5es e lidando com crian\u00e7as da mesma classe social, recebe avalia\u00e7\u00e3o negativa. Isso revela que as condi\u00e7\u00f5es sociais n\u00e3o explicam tudo e as professoras precisam sempre rever sua dedica\u00e7\u00e3o e cuidado. De fato, a crian\u00e7a dos primeiros anos aprende, n\u00e3o por alguma op\u00e7\u00e3o intelectual ou ambi\u00e7\u00e3o pessoal, mas para agradar e receber aprova\u00e7\u00e3o e amor da pessoa adulta que a acompanha. Tamb\u00e9m no n\u00edvel da escola m\u00e9dia e universidade, v\u00e1rios programas cuidam de melhorar a universidade. A &#8220;escola aberta&#8221; e &#8220;a conex\u00e3o de saberes&#8221; aprofundam a rela\u00e7\u00e3o da escola e da universidade com movimentos e comunidades populares.<\/p>\n<p>Todos sonhamos com uma escola que parta da realidade da juventude, se construa de amor e ofere\u00e7a a uma juventude muitas vezes sem perspectivas e sem rumos na vida, motivos n\u00e3o s\u00f3 para viver, mas para ser pessoas boas e solid\u00e1rias.<\/p>\n<p>Gandhi dizia: &#8220;A verdadeira educa\u00e7\u00e3o consiste em p\u00f4r a descoberto ou fazer com que desabroche o melhor de uma pessoa&#8221;. Toda educa\u00e7\u00e3o deveria levar a pessoa a assumir a consci\u00eancia de sua dignidade humana e do seu papel de sujeito e n\u00e3o de objeto na constru\u00e7\u00e3o da sociedade. \u00c9 certo que vivemos em um mundo no qual os governos s\u00e3o incapazes de acabar com a fome e a mis\u00e9ria de multid\u00f5es, mas empregam milh\u00f5es do dinheiro p\u00fablico para salvar bancos falidos e grandes empresas, v\u00edtimas de esquemas desonestos. Entretanto, apesar de tudo, as pol\u00edticas p\u00fablicas existem e s\u00e3o fundamentais. Elas t\u00eam sido aprimoradas, mas n\u00e3o bastam. A escola precisa ser assumida por todos os cidad\u00e3os, como algo que pertence a todos e n\u00e3o somente ao governo ou ao\/\u00e0 diretor\/a do estabelecimento. Este processo de apropria\u00e7\u00e3o da escola por parte de toda a comunidade local \u00e9 essencial para a educa\u00e7\u00e3o da juventude, integrando-a na realidade. \u00c9 este processo que possibilita a escola assumir e at\u00e9 promover a educa\u00e7\u00e3o a partir de uma verdadeira diversidade cultural. As tantas escolas que, por todo o Brasil, s\u00e3o bil\u00edng\u00fces (ensinam em portugu\u00eas e na l\u00edngua ind\u00edgena da comunidade), assim como as que se inserem nas culturas afro-descendentes e ensinam a hist\u00f3ria da \u00c1frica e das comunidades negras no Brasil mostram a riqueza a que se pode chegar. Mais dificilmente, a evas\u00e3o escolar se d\u00e1 nestes estabelecimentos.<\/p>\n<p>Para quem tem f\u00e9 e vive uma busca espiritual, o compromisso com a educa\u00e7\u00e3o faz parte da miss\u00e3o de testemunhar o amor de Deus por todos os seus filhos e filhas. Assim como o de colaborar para que todos, jovens e adultos, participem da a\u00e7\u00e3o criadora de Deus, ao transformar este mundo em uma sociedade mais justa e em comunh\u00e3o de respeito e amor com todo o universo.  <\/p>\n<div id=\"themify_builder_content-3052\" data-postid=\"3052\" class=\"themify_builder_content themify_builder_content-3052 themify_builder themify_builder_front\">\n\t<\/div>\n<!-- \/themify_builder_content -->","protected":false},"excerpt":{"rendered":"<p>Marcelo Barros Nos \u00faltimos dias, alguns jornais de TV t\u00eam divulgado estudos de pesquisadores da USP (Universidade de S\u00e3o Paulo) sobre a evas\u00e3o de jovens de salas de aula. A pesquisa aponta que a incid\u00eancia de jovens que abandonam a escola ainda \u00e9 muito alta. 43% destes jovens declaram que fazem isso por n\u00e3o ter [&hellip;]<\/p>\n","protected":false},"author":5,"featured_media":0,"comment_status":"open","ping_status":"open","sticky":false,"template":"","format":"standard","meta":{"ngg_post_thumbnail":0,"footnotes":""},"categories":[9],"tags":[195,562,225],"yoast_head":"<!-- This site is optimized with the Yoast SEO plugin v23.5 - https:\/\/yoast.com\/wordpress\/plugins\/seo\/ -->\n<title>Por uma educa\u00e7\u00e3o amorosa - O Arcanjo no ar<\/title>\n<meta name=\"robots\" content=\"index, follow, max-snippet:-1, max-image-preview:large, max-video-preview:-1\" \/>\n<link rel=\"canonical\" href=\"https:\/\/www.oarcanjo.net\/site\/por-uma-educacao-amorosa\/\" \/>\n<meta property=\"og:locale\" content=\"pt_BR\" \/>\n<meta property=\"og:type\" content=\"article\" \/>\n<meta property=\"og:title\" content=\"Por uma educa\u00e7\u00e3o amorosa - O Arcanjo no ar\" \/>\n<meta property=\"og:description\" content=\"Marcelo Barros Nos \u00faltimos dias, alguns jornais de TV t\u00eam divulgado estudos de pesquisadores da USP (Universidade de S\u00e3o Paulo) sobre a evas\u00e3o de jovens de salas de aula. A pesquisa aponta que a incid\u00eancia de jovens que abandonam a escola ainda \u00e9 muito alta. 43% destes jovens declaram que fazem isso por n\u00e3o ter [&hellip;]\" \/>\n<meta property=\"og:url\" content=\"https:\/\/www.oarcanjo.net\/site\/por-uma-educacao-amorosa\/\" \/>\n<meta property=\"og:site_name\" content=\"O Arcanjo no ar\" \/>\n<meta property=\"article:publisher\" content=\"https:\/\/www.facebook.com\/OArcanjoNoAr\/\" \/>\n<meta property=\"article:published_time\" content=\"2009-04-28T19:24:13+00:00\" \/>\n<meta property=\"article:modified_time\" content=\"2009-04-27T23:28:14+00:00\" \/>\n<meta property=\"og:image\" content=\"https:\/\/www.oarcanjo.net\/site\/wp-content\/uploads\/logo-o-arcanjo-no-ar-facebook.png\" \/>\n\t<meta property=\"og:image:width\" content=\"300\" \/>\n\t<meta property=\"og:image:height\" content=\"300\" \/>\n\t<meta property=\"og:image:type\" content=\"image\/png\" \/>\n<meta name=\"author\" content=\"editor\" \/>\n<meta name=\"twitter:card\" content=\"summary_large_image\" \/>\n<meta name=\"twitter:label1\" content=\"Escrito por\" \/>\n\t<meta name=\"twitter:data1\" content=\"editor\" \/>\n\t<meta name=\"twitter:label2\" content=\"Est. tempo de leitura\" \/>\n\t<meta name=\"twitter:data2\" content=\"4 minutos\" \/>\n<script type=\"application\/ld+json\" class=\"yoast-schema-graph\">{\"@context\":\"https:\/\/schema.org\",\"@graph\":[{\"@type\":\"Article\",\"@id\":\"https:\/\/www.oarcanjo.net\/site\/por-uma-educacao-amorosa\/#article\",\"isPartOf\":{\"@id\":\"https:\/\/www.oarcanjo.net\/site\/por-uma-educacao-amorosa\/\"},\"author\":{\"name\":\"editor\",\"@id\":\"https:\/\/www.oarcanjo.net\/site\/#\/schema\/person\/f7024d007863202483a31326673a0838\"},\"headline\":\"Por uma educa\u00e7\u00e3o amorosa\",\"datePublished\":\"2009-04-28T19:24:13+00:00\",\"dateModified\":\"2009-04-27T23:28:14+00:00\",\"mainEntityOfPage\":{\"@id\":\"https:\/\/www.oarcanjo.net\/site\/por-uma-educacao-amorosa\/\"},\"wordCount\":830,\"commentCount\":0,\"publisher\":{\"@id\":\"https:\/\/www.oarcanjo.net\/site\/#organization\"},\"keywords\":[\"educa\u00e7\u00e3o\",\"escola\",\"juventude\"],\"articleSection\":[\"Reflex\u00f5es\"],\"inLanguage\":\"pt-BR\",\"potentialAction\":[{\"@type\":\"CommentAction\",\"name\":\"Comment\",\"target\":[\"https:\/\/www.oarcanjo.net\/site\/por-uma-educacao-amorosa\/#respond\"]}]},{\"@type\":\"WebPage\",\"@id\":\"https:\/\/www.oarcanjo.net\/site\/por-uma-educacao-amorosa\/\",\"url\":\"https:\/\/www.oarcanjo.net\/site\/por-uma-educacao-amorosa\/\",\"name\":\"Por uma educa\u00e7\u00e3o amorosa - O Arcanjo no ar\",\"isPartOf\":{\"@id\":\"https:\/\/www.oarcanjo.net\/site\/#website\"},\"datePublished\":\"2009-04-28T19:24:13+00:00\",\"dateModified\":\"2009-04-27T23:28:14+00:00\",\"breadcrumb\":{\"@id\":\"https:\/\/www.oarcanjo.net\/site\/por-uma-educacao-amorosa\/#breadcrumb\"},\"inLanguage\":\"pt-BR\",\"potentialAction\":[{\"@type\":\"ReadAction\",\"target\":[\"https:\/\/www.oarcanjo.net\/site\/por-uma-educacao-amorosa\/\"]}]},{\"@type\":\"BreadcrumbList\",\"@id\":\"https:\/\/www.oarcanjo.net\/site\/por-uma-educacao-amorosa\/#breadcrumb\",\"itemListElement\":[{\"@type\":\"ListItem\",\"position\":1,\"name\":\"In\u00edcio\",\"item\":\"https:\/\/www.oarcanjo.net\/site\/\"},{\"@type\":\"ListItem\",\"position\":2,\"name\":\"Por uma educa\u00e7\u00e3o amorosa\"}]},{\"@type\":\"WebSite\",\"@id\":\"https:\/\/www.oarcanjo.net\/site\/#website\",\"url\":\"https:\/\/www.oarcanjo.net\/site\/\",\"name\":\"O Arcanjo no ar\",\"description\":\"Site da Par\u00f3quia S\u00e3o Miguel Arcanjo (Arquidiocese de SP)\",\"publisher\":{\"@id\":\"https:\/\/www.oarcanjo.net\/site\/#organization\"},\"potentialAction\":[{\"@type\":\"SearchAction\",\"target\":{\"@type\":\"EntryPoint\",\"urlTemplate\":\"https:\/\/www.oarcanjo.net\/site\/?s={search_term_string}\"},\"query-input\":{\"@type\":\"PropertyValueSpecification\",\"valueRequired\":true,\"valueName\":\"search_term_string\"}}],\"inLanguage\":\"pt-BR\"},{\"@type\":\"Organization\",\"@id\":\"https:\/\/www.oarcanjo.net\/site\/#organization\",\"name\":\"Par\u00f3quia S\u00e3o Miguel Arcanjo\",\"url\":\"https:\/\/www.oarcanjo.net\/site\/\",\"logo\":{\"@type\":\"ImageObject\",\"inLanguage\":\"pt-BR\",\"@id\":\"https:\/\/www.oarcanjo.net\/site\/#\/schema\/logo\/image\/\",\"url\":\"https:\/\/www.oarcanjo.net\/site\/wp-content\/uploads\/LogoOArcanjo.png\",\"contentUrl\":\"https:\/\/www.oarcanjo.net\/site\/wp-content\/uploads\/LogoOArcanjo.png\",\"width\":319,\"height\":99,\"caption\":\"Par\u00f3quia S\u00e3o Miguel Arcanjo\"},\"image\":{\"@id\":\"https:\/\/www.oarcanjo.net\/site\/#\/schema\/logo\/image\/\"},\"sameAs\":[\"https:\/\/www.facebook.com\/OArcanjoNoAr\/\"]},{\"@type\":\"Person\",\"@id\":\"https:\/\/www.oarcanjo.net\/site\/#\/schema\/person\/f7024d007863202483a31326673a0838\",\"name\":\"editor\",\"sameAs\":[\"http:\/\/www.oarcanjo.net\"]}]}<\/script>\n<!-- \/ Yoast SEO plugin. -->","yoast_head_json":{"title":"Por uma educa\u00e7\u00e3o amorosa - O Arcanjo no ar","robots":{"index":"index","follow":"follow","max-snippet":"max-snippet:-1","max-image-preview":"max-image-preview:large","max-video-preview":"max-video-preview:-1"},"canonical":"https:\/\/www.oarcanjo.net\/site\/por-uma-educacao-amorosa\/","og_locale":"pt_BR","og_type":"article","og_title":"Por uma educa\u00e7\u00e3o amorosa - O Arcanjo no ar","og_description":"Marcelo Barros Nos \u00faltimos dias, alguns jornais de TV t\u00eam divulgado estudos de pesquisadores da USP (Universidade de S\u00e3o Paulo) sobre a evas\u00e3o de jovens de salas de aula. A pesquisa aponta que a incid\u00eancia de jovens que abandonam a escola ainda \u00e9 muito alta. 43% destes jovens declaram que fazem isso por n\u00e3o ter [&hellip;]","og_url":"https:\/\/www.oarcanjo.net\/site\/por-uma-educacao-amorosa\/","og_site_name":"O Arcanjo no ar","article_publisher":"https:\/\/www.facebook.com\/OArcanjoNoAr\/","article_published_time":"2009-04-28T19:24:13+00:00","article_modified_time":"2009-04-27T23:28:14+00:00","og_image":[{"width":300,"height":300,"url":"https:\/\/www.oarcanjo.net\/site\/wp-content\/uploads\/logo-o-arcanjo-no-ar-facebook.png","type":"image\/png"}],"author":"editor","twitter_card":"summary_large_image","twitter_misc":{"Escrito por":"editor","Est. tempo de leitura":"4 minutos"},"schema":{"@context":"https:\/\/schema.org","@graph":[{"@type":"Article","@id":"https:\/\/www.oarcanjo.net\/site\/por-uma-educacao-amorosa\/#article","isPartOf":{"@id":"https:\/\/www.oarcanjo.net\/site\/por-uma-educacao-amorosa\/"},"author":{"name":"editor","@id":"https:\/\/www.oarcanjo.net\/site\/#\/schema\/person\/f7024d007863202483a31326673a0838"},"headline":"Por uma educa\u00e7\u00e3o amorosa","datePublished":"2009-04-28T19:24:13+00:00","dateModified":"2009-04-27T23:28:14+00:00","mainEntityOfPage":{"@id":"https:\/\/www.oarcanjo.net\/site\/por-uma-educacao-amorosa\/"},"wordCount":830,"commentCount":0,"publisher":{"@id":"https:\/\/www.oarcanjo.net\/site\/#organization"},"keywords":["educa\u00e7\u00e3o","escola","juventude"],"articleSection":["Reflex\u00f5es"],"inLanguage":"pt-BR","potentialAction":[{"@type":"CommentAction","name":"Comment","target":["https:\/\/www.oarcanjo.net\/site\/por-uma-educacao-amorosa\/#respond"]}]},{"@type":"WebPage","@id":"https:\/\/www.oarcanjo.net\/site\/por-uma-educacao-amorosa\/","url":"https:\/\/www.oarcanjo.net\/site\/por-uma-educacao-amorosa\/","name":"Por uma educa\u00e7\u00e3o amorosa - O Arcanjo no ar","isPartOf":{"@id":"https:\/\/www.oarcanjo.net\/site\/#website"},"datePublished":"2009-04-28T19:24:13+00:00","dateModified":"2009-04-27T23:28:14+00:00","breadcrumb":{"@id":"https:\/\/www.oarcanjo.net\/site\/por-uma-educacao-amorosa\/#breadcrumb"},"inLanguage":"pt-BR","potentialAction":[{"@type":"ReadAction","target":["https:\/\/www.oarcanjo.net\/site\/por-uma-educacao-amorosa\/"]}]},{"@type":"BreadcrumbList","@id":"https:\/\/www.oarcanjo.net\/site\/por-uma-educacao-amorosa\/#breadcrumb","itemListElement":[{"@type":"ListItem","position":1,"name":"In\u00edcio","item":"https:\/\/www.oarcanjo.net\/site\/"},{"@type":"ListItem","position":2,"name":"Por uma educa\u00e7\u00e3o amorosa"}]},{"@type":"WebSite","@id":"https:\/\/www.oarcanjo.net\/site\/#website","url":"https:\/\/www.oarcanjo.net\/site\/","name":"O Arcanjo no ar","description":"Site da Par\u00f3quia S\u00e3o Miguel Arcanjo (Arquidiocese de SP)","publisher":{"@id":"https:\/\/www.oarcanjo.net\/site\/#organization"},"potentialAction":[{"@type":"SearchAction","target":{"@type":"EntryPoint","urlTemplate":"https:\/\/www.oarcanjo.net\/site\/?s={search_term_string}"},"query-input":{"@type":"PropertyValueSpecification","valueRequired":true,"valueName":"search_term_string"}}],"inLanguage":"pt-BR"},{"@type":"Organization","@id":"https:\/\/www.oarcanjo.net\/site\/#organization","name":"Par\u00f3quia S\u00e3o Miguel Arcanjo","url":"https:\/\/www.oarcanjo.net\/site\/","logo":{"@type":"ImageObject","inLanguage":"pt-BR","@id":"https:\/\/www.oarcanjo.net\/site\/#\/schema\/logo\/image\/","url":"https:\/\/www.oarcanjo.net\/site\/wp-content\/uploads\/LogoOArcanjo.png","contentUrl":"https:\/\/www.oarcanjo.net\/site\/wp-content\/uploads\/LogoOArcanjo.png","width":319,"height":99,"caption":"Par\u00f3quia S\u00e3o Miguel Arcanjo"},"image":{"@id":"https:\/\/www.oarcanjo.net\/site\/#\/schema\/logo\/image\/"},"sameAs":["https:\/\/www.facebook.com\/OArcanjoNoAr\/"]},{"@type":"Person","@id":"https:\/\/www.oarcanjo.net\/site\/#\/schema\/person\/f7024d007863202483a31326673a0838","name":"editor","sameAs":["http:\/\/www.oarcanjo.net"]}]}},"publishpress_future_action":{"enabled":false,"date":"2026-05-09 00:55:34","action":"category","newStatus":"draft","terms":[],"taxonomy":"category"},"publishpress_future_workflow_manual_trigger":{"enabledWorkflows":[]},"_links":{"self":[{"href":"https:\/\/www.oarcanjo.net\/site\/wp-json\/wp\/v2\/posts\/3052"}],"collection":[{"href":"https:\/\/www.oarcanjo.net\/site\/wp-json\/wp\/v2\/posts"}],"about":[{"href":"https:\/\/www.oarcanjo.net\/site\/wp-json\/wp\/v2\/types\/post"}],"author":[{"embeddable":true,"href":"https:\/\/www.oarcanjo.net\/site\/wp-json\/wp\/v2\/users\/5"}],"replies":[{"embeddable":true,"href":"https:\/\/www.oarcanjo.net\/site\/wp-json\/wp\/v2\/comments?post=3052"}],"version-history":[{"count":0,"href":"https:\/\/www.oarcanjo.net\/site\/wp-json\/wp\/v2\/posts\/3052\/revisions"}],"wp:attachment":[{"href":"https:\/\/www.oarcanjo.net\/site\/wp-json\/wp\/v2\/media?parent=3052"}],"wp:term":[{"taxonomy":"category","embeddable":true,"href":"https:\/\/www.oarcanjo.net\/site\/wp-json\/wp\/v2\/categories?post=3052"},{"taxonomy":"post_tag","embeddable":true,"href":"https:\/\/www.oarcanjo.net\/site\/wp-json\/wp\/v2\/tags?post=3052"}],"curies":[{"name":"wp","href":"https:\/\/api.w.org\/{rel}","templated":true}]}}