
{"id":3056,"date":"2009-04-29T09:50:18","date_gmt":"2009-04-29T12:50:18","guid":{"rendered":"http:\/\/www.oarcanjo.net\/site\/?p=3056"},"modified":"2009-05-18T16:18:10","modified_gmt":"2009-05-18T19:18:10","slug":"santa-catarina-de-sena","status":"publish","type":"post","link":"https:\/\/www.oarcanjo.net\/site\/santa-catarina-de-sena\/","title":{"rendered":"Santa Catarina de Sena"},"content":{"rendered":"<p><img loading=\"lazy\" decoding=\"async\" src=\"http:\/\/www.oarcanjo.net\/site\/wp-content\/uploads\/santa-catarina-de-sena-10.jpg\" alt=\"Santa Catarina de Sena\" title=\"Santa Catarina de Sena\" width=\"169\" height=\"300\"  hspace=\"4\" align=\"left\"\/>Dia 29 de abril celebramos a mem\u00f3ria de Santa Catarina de Sena, Virgem , Doutora da Igreja, patrona da It\u00e1lia e Co-patrona da Europa, m\u00edstica e m\u00e3e de muitos filhos e filhas que em todos os tempos a veneram e a seguem.<\/p>\n<p>Nascida em Siena aos 25 de mar\u00e7o de 1347, morrendo em Roma a 29 de abril de 1380, com 33 anos depois de consumida por uma vida de intensas atividades, contempla\u00e7\u00e3o, ora\u00e7\u00e3o e profetismo denunciando os desmandos das institui\u00e7\u00f5es e governantes de seu tempo.<\/p>\n<p>Catarina \u00e9 uma santa fascinante pela sua coragem e inquieto amor pelos pobres, doentes e condenados. Catarina encontrava com JESUS nos pedintes da rua a quem dava as roupas de sua fam\u00edlia. Analfabeta, ditava cartas para autoridades, reis, cardeais, bispos, padres, at\u00e9 ao Papa, a pessoas que sofriam todo tipo de mis\u00e9ria e dor.<\/p>\n<p>Seus ensinamentos seguros e firmes causaram grande impacto e mudan\u00e7as, sua atua\u00e7\u00e3o pol\u00edtica e religiosa ajudou a marcar a hist\u00f3ria de seu tempo. Catarina nunca foi indiferente ou alienada aos conflitos de seu povo, da Igreja e da pol\u00edtica; sempre tomou posi\u00e7\u00e3o que muitas vezes lhe custaram grandes sofrimentos, difama\u00e7\u00f5es, cal\u00fanias e agress\u00f5es. Mas n\u00e3o se calava nunca!<\/p>\n<p><img loading=\"lazy\" decoding=\"async\" src=\"http:\/\/www.oarcanjo.net\/site\/wp-content\/uploads\/santa-catarina-de-sena-08.jpg\" alt=\"Santa Catarina de Sena\" title=\"Santa Catarina de Sena\" width=\"200\" height=\"300\"  hspace=\"4\" align=\"right\"\/>As suas vis\u00f5es m\u00edsticas s\u00e3o de uma beleza incompar\u00e1vel, que motivou muitos artistas a retratarem cenas divinas e humanas em que a santidade exala humanidade com cores de amor!<\/p>\n<p>Os seus seguidores eram chamados de <em>encatarinados<\/em>, encantados por Catarina e por seus ensinamentos, que a todos levava a encontar JESUS.<\/p>\n<p>Santa Catarina de Sena saiu em socorro dos empestiados que morriam \u00e0s dezenas pelas ruas de sua cidade, sua caridade era imensa e audaz.<\/p>\n<p>Catarina trocou seu cora\u00e7\u00e3o com o CORA\u00c7\u00c3O de JESUS e amou como ELE at\u00e9 o fim.<\/p>\n<p><img loading=\"lazy\" decoding=\"async\" src=\"http:\/\/www.oarcanjo.net\/site\/wp-content\/uploads\/santa-catarina-de-sena-01.jpg\" alt=\"\" title=\"Santa Catarina de Sena\" width=\"200\" height=\"300\" hspace=\"4\" align=\"left\"\/>\u00d3 Santa querida Catarina<br \/>\npor ti e para JESUS<br \/>\nquero, tamb\u00e9m, entregar<br \/>\nmeu cora\u00e7\u00e3o!<\/p>\n<p>\u00d3 santa doutora<br \/>\npor Ti me encatarinei,<br \/>\no teu amor por DEUS<br \/>\ncomove, envolve e purifica,<br \/>\nAm\u00e9m.<\/p>\n<p><img loading=\"lazy\" decoding=\"async\" src=\"http:\/\/www.oarcanjo.net\/site\/wp-content\/uploads\/espaco-50.gif\" width=\"20\" height=\"10\" \/><\/p>\n<p>Ou\u00e7a a hist\u00f3ria de Santa Catarina de Sena contada pelo Padre J\u00falio:<\/p>\n[audio: SantaCatarinaSena.mp3]\n<p><img loading=\"lazy\" decoding=\"async\" src=\"http:\/\/www.oarcanjo.net\/site\/wp-content\/uploads\/espaco-50.gif\" width=\"20\" height=\"50\" \/><\/p>ngg_shortcode_0_placeholder<p><img loading=\"lazy\" decoding=\"async\" src=\"http:\/\/www.oarcanjo.net\/site\/wp-content\/uploads\/espaco-50.gif\" width=\"20\" height=\"10\" \/><\/p>ngg_shortcode_1_placeholder<div id=\"themify_builder_content-3056\" data-postid=\"3056\" class=\"themify_builder_content themify_builder_content-3056 themify_builder themify_builder_front\">\n\t<\/div>\n<!-- \/themify_builder_content -->","protected":false},"excerpt":{"rendered":"<p>Dia 29 de abril celebramos a mem\u00f3ria de Santa Catarina de Sena, Virgem , Doutora da Igreja, patrona da It\u00e1lia e Co-patrona da Europa, m\u00edstica e m\u00e3e de muitos filhos e filhas que em todos os tempos a veneram e a seguem. Nascida em Siena aos 25 de mar\u00e7o de 1347, morrendo em Roma a [&hellip;]<\/p>\n","protected":false},"author":4,"featured_media":0,"comment_status":"open","ping_status":"open","sticky":false,"template":"","format":"standard","meta":{"ngg_post_thumbnail":0,"footnotes":""},"categories":[4],"tags":[563,565,564,252,47],"yoast_head":"<!-- This site is optimized with the Yoast SEO plugin v23.5 - https:\/\/yoast.com\/wordpress\/plugins\/seo\/ -->\n<title>Santa Catarina de Sena - O Arcanjo no ar<\/title>\n<meta name=\"robots\" content=\"index, follow, max-snippet:-1, max-image-preview:large, max-video-preview:-1\" \/>\n<link rel=\"canonical\" href=\"https:\/\/www.oarcanjo.net\/site\/santa-catarina-de-sena\/\" \/>\n<meta property=\"og:locale\" content=\"pt_BR\" \/>\n<meta property=\"og:type\" content=\"article\" \/>\n<meta property=\"og:title\" content=\"Santa Catarina de Sena - O Arcanjo no ar\" \/>\n<meta property=\"og:description\" content=\"Dia 29 de abril celebramos a mem\u00f3ria de Santa Catarina de Sena, Virgem , Doutora da Igreja, patrona da It\u00e1lia e Co-patrona da Europa, m\u00edstica e m\u00e3e de muitos filhos e filhas que em todos os tempos a veneram e a seguem. Nascida em Siena aos 25 de mar\u00e7o de 1347, morrendo em Roma a [&hellip;]\" \/>\n<meta property=\"og:url\" content=\"https:\/\/www.oarcanjo.net\/site\/santa-catarina-de-sena\/\" \/>\n<meta property=\"og:site_name\" content=\"O Arcanjo no ar\" \/>\n<meta property=\"article:publisher\" content=\"https:\/\/www.facebook.com\/OArcanjoNoAr\/\" \/>\n<meta property=\"article:published_time\" content=\"2009-04-29T12:50:18+00:00\" \/>\n<meta property=\"article:modified_time\" content=\"2009-05-18T19:18:10+00:00\" \/>\n<meta property=\"og:image\" content=\"http:\/\/www.oarcanjo.net\/site\/wp-content\/uploads\/santa-catarina-de-sena-10.jpg\" \/>\n<meta name=\"author\" content=\"julio\" \/>\n<meta name=\"twitter:card\" content=\"summary_large_image\" \/>\n<meta name=\"twitter:label1\" content=\"Escrito por\" \/>\n\t<meta name=\"twitter:data1\" content=\"julio\" \/>\n\t<meta name=\"twitter:label2\" content=\"Est. tempo de leitura\" \/>\n\t<meta name=\"twitter:data2\" content=\"2 minutos\" \/>\n<script type=\"application\/ld+json\" class=\"yoast-schema-graph\">{\"@context\":\"https:\/\/schema.org\",\"@graph\":[{\"@type\":\"Article\",\"@id\":\"https:\/\/www.oarcanjo.net\/site\/santa-catarina-de-sena\/#article\",\"isPartOf\":{\"@id\":\"https:\/\/www.oarcanjo.net\/site\/santa-catarina-de-sena\/\"},\"author\":{\"name\":\"julio\",\"@id\":\"https:\/\/www.oarcanjo.net\/site\/#\/schema\/person\/d78ea01c648c91e29c364b516767079e\"},\"headline\":\"Santa Catarina de Sena\",\"datePublished\":\"2009-04-29T12:50:18+00:00\",\"dateModified\":\"2009-05-18T19:18:10+00:00\",\"mainEntityOfPage\":{\"@id\":\"https:\/\/www.oarcanjo.net\/site\/santa-catarina-de-sena\/\"},\"wordCount\":362,\"commentCount\":5,\"publisher\":{\"@id\":\"https:\/\/www.oarcanjo.net\/site\/#organization\"},\"image\":{\"@id\":\"https:\/\/www.oarcanjo.net\/site\/santa-catarina-de-sena\/#primaryimage\"},\"thumbnailUrl\":\"http:\/\/www.oarcanjo.net\/site\/wp-content\/uploads\/santa-catarina-de-sena-10.jpg\",\"keywords\":[\"Catarina de Sena\",\"cora\u00e7\u00e3o de Jesus\",\"doutora da igreja\",\"m\u00e1rtir\",\"Santa\"],\"articleSection\":[\"Blog\"],\"inLanguage\":\"pt-BR\",\"potentialAction\":[{\"@type\":\"CommentAction\",\"name\":\"Comment\",\"target\":[\"https:\/\/www.oarcanjo.net\/site\/santa-catarina-de-sena\/#respond\"]}]},{\"@type\":\"WebPage\",\"@id\":\"https:\/\/www.oarcanjo.net\/site\/santa-catarina-de-sena\/\",\"url\":\"https:\/\/www.oarcanjo.net\/site\/santa-catarina-de-sena\/\",\"name\":\"Santa Catarina de Sena - O Arcanjo no ar\",\"isPartOf\":{\"@id\":\"https:\/\/www.oarcanjo.net\/site\/#website\"},\"primaryImageOfPage\":{\"@id\":\"https:\/\/www.oarcanjo.net\/site\/santa-catarina-de-sena\/#primaryimage\"},\"image\":{\"@id\":\"https:\/\/www.oarcanjo.net\/site\/santa-catarina-de-sena\/#primaryimage\"},\"thumbnailUrl\":\"http:\/\/www.oarcanjo.net\/site\/wp-content\/uploads\/santa-catarina-de-sena-10.jpg\",\"datePublished\":\"2009-04-29T12:50:18+00:00\",\"dateModified\":\"2009-05-18T19:18:10+00:00\",\"breadcrumb\":{\"@id\":\"https:\/\/www.oarcanjo.net\/site\/santa-catarina-de-sena\/#breadcrumb\"},\"inLanguage\":\"pt-BR\",\"potentialAction\":[{\"@type\":\"ReadAction\",\"target\":[\"https:\/\/www.oarcanjo.net\/site\/santa-catarina-de-sena\/\"]}]},{\"@type\":\"ImageObject\",\"inLanguage\":\"pt-BR\",\"@id\":\"https:\/\/www.oarcanjo.net\/site\/santa-catarina-de-sena\/#primaryimage\",\"url\":\"http:\/\/www.oarcanjo.net\/site\/wp-content\/uploads\/santa-catarina-de-sena-10.jpg\",\"contentUrl\":\"http:\/\/www.oarcanjo.net\/site\/wp-content\/uploads\/santa-catarina-de-sena-10.jpg\"},{\"@type\":\"BreadcrumbList\",\"@id\":\"https:\/\/www.oarcanjo.net\/site\/santa-catarina-de-sena\/#breadcrumb\",\"itemListElement\":[{\"@type\":\"ListItem\",\"position\":1,\"name\":\"In\u00edcio\",\"item\":\"https:\/\/www.oarcanjo.net\/site\/\"},{\"@type\":\"ListItem\",\"position\":2,\"name\":\"Santa Catarina de Sena\"}]},{\"@type\":\"WebSite\",\"@id\":\"https:\/\/www.oarcanjo.net\/site\/#website\",\"url\":\"https:\/\/www.oarcanjo.net\/site\/\",\"name\":\"O Arcanjo no ar\",\"description\":\"Site da Par\u00f3quia S\u00e3o Miguel Arcanjo (Arquidiocese de SP)\",\"publisher\":{\"@id\":\"https:\/\/www.oarcanjo.net\/site\/#organization\"},\"potentialAction\":[{\"@type\":\"SearchAction\",\"target\":{\"@type\":\"EntryPoint\",\"urlTemplate\":\"https:\/\/www.oarcanjo.net\/site\/?s={search_term_string}\"},\"query-input\":{\"@type\":\"PropertyValueSpecification\",\"valueRequired\":true,\"valueName\":\"search_term_string\"}}],\"inLanguage\":\"pt-BR\"},{\"@type\":\"Organization\",\"@id\":\"https:\/\/www.oarcanjo.net\/site\/#organization\",\"name\":\"Par\u00f3quia S\u00e3o Miguel Arcanjo\",\"url\":\"https:\/\/www.oarcanjo.net\/site\/\",\"logo\":{\"@type\":\"ImageObject\",\"inLanguage\":\"pt-BR\",\"@id\":\"https:\/\/www.oarcanjo.net\/site\/#\/schema\/logo\/image\/\",\"url\":\"https:\/\/www.oarcanjo.net\/site\/wp-content\/uploads\/LogoOArcanjo.png\",\"contentUrl\":\"https:\/\/www.oarcanjo.net\/site\/wp-content\/uploads\/LogoOArcanjo.png\",\"width\":319,\"height\":99,\"caption\":\"Par\u00f3quia S\u00e3o Miguel Arcanjo\"},\"image\":{\"@id\":\"https:\/\/www.oarcanjo.net\/site\/#\/schema\/logo\/image\/\"},\"sameAs\":[\"https:\/\/www.facebook.com\/OArcanjoNoAr\/\"]},{\"@type\":\"Person\",\"@id\":\"https:\/\/www.oarcanjo.net\/site\/#\/schema\/person\/d78ea01c648c91e29c364b516767079e\",\"name\":\"julio\",\"sameAs\":[\"http:\/\/www.oarcanjo.net\"]}]}<\/script>\n<!-- \/ Yoast SEO plugin. -->","yoast_head_json":{"title":"Santa Catarina de Sena - O Arcanjo no ar","robots":{"index":"index","follow":"follow","max-snippet":"max-snippet:-1","max-image-preview":"max-image-preview:large","max-video-preview":"max-video-preview:-1"},"canonical":"https:\/\/www.oarcanjo.net\/site\/santa-catarina-de-sena\/","og_locale":"pt_BR","og_type":"article","og_title":"Santa Catarina de Sena - O Arcanjo no ar","og_description":"Dia 29 de abril celebramos a mem\u00f3ria de Santa Catarina de Sena, Virgem , Doutora da Igreja, patrona da It\u00e1lia e Co-patrona da Europa, m\u00edstica e m\u00e3e de muitos filhos e filhas que em todos os tempos a veneram e a seguem. Nascida em Siena aos 25 de mar\u00e7o de 1347, morrendo em Roma a [&hellip;]","og_url":"https:\/\/www.oarcanjo.net\/site\/santa-catarina-de-sena\/","og_site_name":"O Arcanjo no ar","article_publisher":"https:\/\/www.facebook.com\/OArcanjoNoAr\/","article_published_time":"2009-04-29T12:50:18+00:00","article_modified_time":"2009-05-18T19:18:10+00:00","og_image":[{"url":"http:\/\/www.oarcanjo.net\/site\/wp-content\/uploads\/santa-catarina-de-sena-10.jpg"}],"author":"julio","twitter_card":"summary_large_image","twitter_misc":{"Escrito por":"julio","Est. tempo de leitura":"2 minutos"},"schema":{"@context":"https:\/\/schema.org","@graph":[{"@type":"Article","@id":"https:\/\/www.oarcanjo.net\/site\/santa-catarina-de-sena\/#article","isPartOf":{"@id":"https:\/\/www.oarcanjo.net\/site\/santa-catarina-de-sena\/"},"author":{"name":"julio","@id":"https:\/\/www.oarcanjo.net\/site\/#\/schema\/person\/d78ea01c648c91e29c364b516767079e"},"headline":"Santa Catarina de Sena","datePublished":"2009-04-29T12:50:18+00:00","dateModified":"2009-05-18T19:18:10+00:00","mainEntityOfPage":{"@id":"https:\/\/www.oarcanjo.net\/site\/santa-catarina-de-sena\/"},"wordCount":362,"commentCount":5,"publisher":{"@id":"https:\/\/www.oarcanjo.net\/site\/#organization"},"image":{"@id":"https:\/\/www.oarcanjo.net\/site\/santa-catarina-de-sena\/#primaryimage"},"thumbnailUrl":"http:\/\/www.oarcanjo.net\/site\/wp-content\/uploads\/santa-catarina-de-sena-10.jpg","keywords":["Catarina de Sena","cora\u00e7\u00e3o de Jesus","doutora da igreja","m\u00e1rtir","Santa"],"articleSection":["Blog"],"inLanguage":"pt-BR","potentialAction":[{"@type":"CommentAction","name":"Comment","target":["https:\/\/www.oarcanjo.net\/site\/santa-catarina-de-sena\/#respond"]}]},{"@type":"WebPage","@id":"https:\/\/www.oarcanjo.net\/site\/santa-catarina-de-sena\/","url":"https:\/\/www.oarcanjo.net\/site\/santa-catarina-de-sena\/","name":"Santa Catarina de Sena - O Arcanjo no ar","isPartOf":{"@id":"https:\/\/www.oarcanjo.net\/site\/#website"},"primaryImageOfPage":{"@id":"https:\/\/www.oarcanjo.net\/site\/santa-catarina-de-sena\/#primaryimage"},"image":{"@id":"https:\/\/www.oarcanjo.net\/site\/santa-catarina-de-sena\/#primaryimage"},"thumbnailUrl":"http:\/\/www.oarcanjo.net\/site\/wp-content\/uploads\/santa-catarina-de-sena-10.jpg","datePublished":"2009-04-29T12:50:18+00:00","dateModified":"2009-05-18T19:18:10+00:00","breadcrumb":{"@id":"https:\/\/www.oarcanjo.net\/site\/santa-catarina-de-sena\/#breadcrumb"},"inLanguage":"pt-BR","potentialAction":[{"@type":"ReadAction","target":["https:\/\/www.oarcanjo.net\/site\/santa-catarina-de-sena\/"]}]},{"@type":"ImageObject","inLanguage":"pt-BR","@id":"https:\/\/www.oarcanjo.net\/site\/santa-catarina-de-sena\/#primaryimage","url":"http:\/\/www.oarcanjo.net\/site\/wp-content\/uploads\/santa-catarina-de-sena-10.jpg","contentUrl":"http:\/\/www.oarcanjo.net\/site\/wp-content\/uploads\/santa-catarina-de-sena-10.jpg"},{"@type":"BreadcrumbList","@id":"https:\/\/www.oarcanjo.net\/site\/santa-catarina-de-sena\/#breadcrumb","itemListElement":[{"@type":"ListItem","position":1,"name":"In\u00edcio","item":"https:\/\/www.oarcanjo.net\/site\/"},{"@type":"ListItem","position":2,"name":"Santa Catarina de Sena"}]},{"@type":"WebSite","@id":"https:\/\/www.oarcanjo.net\/site\/#website","url":"https:\/\/www.oarcanjo.net\/site\/","name":"O Arcanjo no ar","description":"Site da Par\u00f3quia S\u00e3o Miguel Arcanjo (Arquidiocese de SP)","publisher":{"@id":"https:\/\/www.oarcanjo.net\/site\/#organization"},"potentialAction":[{"@type":"SearchAction","target":{"@type":"EntryPoint","urlTemplate":"https:\/\/www.oarcanjo.net\/site\/?s={search_term_string}"},"query-input":{"@type":"PropertyValueSpecification","valueRequired":true,"valueName":"search_term_string"}}],"inLanguage":"pt-BR"},{"@type":"Organization","@id":"https:\/\/www.oarcanjo.net\/site\/#organization","name":"Par\u00f3quia S\u00e3o Miguel Arcanjo","url":"https:\/\/www.oarcanjo.net\/site\/","logo":{"@type":"ImageObject","inLanguage":"pt-BR","@id":"https:\/\/www.oarcanjo.net\/site\/#\/schema\/logo\/image\/","url":"https:\/\/www.oarcanjo.net\/site\/wp-content\/uploads\/LogoOArcanjo.png","contentUrl":"https:\/\/www.oarcanjo.net\/site\/wp-content\/uploads\/LogoOArcanjo.png","width":319,"height":99,"caption":"Par\u00f3quia S\u00e3o Miguel Arcanjo"},"image":{"@id":"https:\/\/www.oarcanjo.net\/site\/#\/schema\/logo\/image\/"},"sameAs":["https:\/\/www.facebook.com\/OArcanjoNoAr\/"]},{"@type":"Person","@id":"https:\/\/www.oarcanjo.net\/site\/#\/schema\/person\/d78ea01c648c91e29c364b516767079e","name":"julio","sameAs":["http:\/\/www.oarcanjo.net"]}]}},"publishpress_future_action":{"enabled":false,"date":"2026-05-08 22:53:07","action":"category","newStatus":"draft","terms":[],"taxonomy":"category"},"publishpress_future_workflow_manual_trigger":{"enabledWorkflows":[]},"_links":{"self":[{"href":"https:\/\/www.oarcanjo.net\/site\/wp-json\/wp\/v2\/posts\/3056"}],"collection":[{"href":"https:\/\/www.oarcanjo.net\/site\/wp-json\/wp\/v2\/posts"}],"about":[{"href":"https:\/\/www.oarcanjo.net\/site\/wp-json\/wp\/v2\/types\/post"}],"author":[{"embeddable":true,"href":"https:\/\/www.oarcanjo.net\/site\/wp-json\/wp\/v2\/users\/4"}],"replies":[{"embeddable":true,"href":"https:\/\/www.oarcanjo.net\/site\/wp-json\/wp\/v2\/comments?post=3056"}],"version-history":[{"count":0,"href":"https:\/\/www.oarcanjo.net\/site\/wp-json\/wp\/v2\/posts\/3056\/revisions"}],"wp:attachment":[{"href":"https:\/\/www.oarcanjo.net\/site\/wp-json\/wp\/v2\/media?parent=3056"}],"wp:term":[{"taxonomy":"category","embeddable":true,"href":"https:\/\/www.oarcanjo.net\/site\/wp-json\/wp\/v2\/categories?post=3056"},{"taxonomy":"post_tag","embeddable":true,"href":"https:\/\/www.oarcanjo.net\/site\/wp-json\/wp\/v2\/tags?post=3056"}],"curies":[{"name":"wp","href":"https:\/\/api.w.org\/{rel}","templated":true}]}}