
{"id":30638,"date":"2014-04-27T22:30:23","date_gmt":"2014-04-28T01:30:23","guid":{"rendered":"http:\/\/www.oarcanjo.net\/site\/?p=30638"},"modified":"2014-04-27T22:31:03","modified_gmt":"2014-04-28T01:31:03","slug":"video-homilia-do-pe-marcelo-monge-no-2o-domingo-de-pascoa","status":"publish","type":"post","link":"https:\/\/www.oarcanjo.net\/site\/video-homilia-do-pe-marcelo-monge-no-2o-domingo-de-pascoa\/","title":{"rendered":"V\u00cdDEO: Homilia do Pe. Marcelo Monge no 2\u00ba Domingo de P\u00e1scoa"},"content":{"rendered":"<p>Prega\u00e7\u00e3o do Pe. Marcelo Monge no 2\u00ba Domingo da P\u00e1scoa, o Domingo da Miseric\u00f3rdia, celebrado em 27\/04\/2014. Neste dia, a Igreja consagrou como santos os ex-papas Jo\u00e3o XXIII e Jo\u00e3o Paulo II. No Evangelho de Jo\u00e3o, Jesus aparece para os disc\u00edpulos e deseja paz; Tom\u00e9, que n\u00e3o estava presente, duvida da ressurei\u00e7\u00e3o.<\/p>\n<p><iframe loading=\"lazy\" width=\"560\" height=\"315\" src=\"\/\/www.youtube.com\/embed\/k6lBRsv5UQU?rel=0\" frameborder=\"0\" allowfullscreen><\/iframe><\/p>\n<p>Grava\u00e7\u00e3o realizada na missa das 18h na igreja S\u00e3o Miguel Arcanjo, presidida pelo Pe. Marcelo Monge, p\u00e1roco da Igreja S\u00e3o Jo\u00e3o Batista.<\/p>\n<div id=\"themify_builder_content-30638\" data-postid=\"30638\" class=\"themify_builder_content themify_builder_content-30638 themify_builder themify_builder_front\">\n\t<\/div>\n<!-- \/themify_builder_content -->","protected":false},"excerpt":{"rendered":"<p>Prega\u00e7\u00e3o do Pe. Marcelo Monge no 2\u00ba Domingo da P\u00e1scoa, o Domingo da Miseric\u00f3rdia, celebrado em 27\/04\/2014. Neste dia, a Igreja consagrou como santos os ex-papas Jo\u00e3o XXIII e Jo\u00e3o Paulo II. No Evangelho de Jo\u00e3o, Jesus aparece para os disc\u00edpulos e deseja paz; Tom\u00e9, que n\u00e3o estava presente, duvida da ressurei\u00e7\u00e3o. Grava\u00e7\u00e3o realizada na [&hellip;]<\/p>\n","protected":false},"author":5,"featured_media":0,"comment_status":"open","ping_status":"open","sticky":false,"template":"","format":"standard","meta":{"ngg_post_thumbnail":0,"footnotes":""},"categories":[4,475],"tags":[236,3208,218,242,541],"yoast_head":"<!-- This site is optimized with the Yoast SEO plugin v23.5 - https:\/\/yoast.com\/wordpress\/plugins\/seo\/ -->\n<title>V\u00cdDEO: Homilia do Pe. Marcelo Monge no 2\u00ba Domingo de P\u00e1scoa - O Arcanjo no ar<\/title>\n<meta name=\"robots\" content=\"index, follow, max-snippet:-1, max-image-preview:large, max-video-preview:-1\" \/>\n<link rel=\"canonical\" href=\"https:\/\/www.oarcanjo.net\/site\/video-homilia-do-pe-marcelo-monge-no-2o-domingo-de-pascoa\/\" \/>\n<meta property=\"og:locale\" content=\"pt_BR\" \/>\n<meta property=\"og:type\" content=\"article\" \/>\n<meta property=\"og:title\" content=\"V\u00cdDEO: Homilia do Pe. Marcelo Monge no 2\u00ba Domingo de P\u00e1scoa - O Arcanjo no ar\" \/>\n<meta property=\"og:description\" content=\"Prega\u00e7\u00e3o do Pe. Marcelo Monge no 2\u00ba Domingo da P\u00e1scoa, o Domingo da Miseric\u00f3rdia, celebrado em 27\/04\/2014. Neste dia, a Igreja consagrou como santos os ex-papas Jo\u00e3o XXIII e Jo\u00e3o Paulo II. No Evangelho de Jo\u00e3o, Jesus aparece para os disc\u00edpulos e deseja paz; Tom\u00e9, que n\u00e3o estava presente, duvida da ressurei\u00e7\u00e3o. Grava\u00e7\u00e3o realizada na [&hellip;]\" \/>\n<meta property=\"og:url\" content=\"https:\/\/www.oarcanjo.net\/site\/video-homilia-do-pe-marcelo-monge-no-2o-domingo-de-pascoa\/\" \/>\n<meta property=\"og:site_name\" content=\"O Arcanjo no ar\" \/>\n<meta property=\"article:publisher\" content=\"https:\/\/www.facebook.com\/OArcanjoNoAr\/\" \/>\n<meta property=\"article:published_time\" content=\"2014-04-28T01:30:23+00:00\" \/>\n<meta property=\"article:modified_time\" content=\"2014-04-28T01:31:03+00:00\" \/>\n<meta property=\"og:image\" content=\"https:\/\/www.oarcanjo.net\/site\/wp-content\/uploads\/logo-o-arcanjo-no-ar-facebook.png\" \/>\n\t<meta property=\"og:image:width\" content=\"300\" \/>\n\t<meta property=\"og:image:height\" content=\"300\" \/>\n\t<meta property=\"og:image:type\" content=\"image\/png\" \/>\n<meta name=\"author\" content=\"editor\" \/>\n<meta name=\"twitter:card\" content=\"summary_large_image\" \/>\n<meta name=\"twitter:label1\" content=\"Escrito por\" \/>\n\t<meta name=\"twitter:data1\" content=\"editor\" \/>\n<script type=\"application\/ld+json\" class=\"yoast-schema-graph\">{\"@context\":\"https:\/\/schema.org\",\"@graph\":[{\"@type\":\"Article\",\"@id\":\"https:\/\/www.oarcanjo.net\/site\/video-homilia-do-pe-marcelo-monge-no-2o-domingo-de-pascoa\/#article\",\"isPartOf\":{\"@id\":\"https:\/\/www.oarcanjo.net\/site\/video-homilia-do-pe-marcelo-monge-no-2o-domingo-de-pascoa\/\"},\"author\":{\"name\":\"editor\",\"@id\":\"https:\/\/www.oarcanjo.net\/site\/#\/schema\/person\/f7024d007863202483a31326673a0838\"},\"headline\":\"V\u00cdDEO: Homilia do Pe. Marcelo Monge no 2\u00ba Domingo de P\u00e1scoa\",\"datePublished\":\"2014-04-28T01:30:23+00:00\",\"dateModified\":\"2014-04-28T01:31:03+00:00\",\"mainEntityOfPage\":{\"@id\":\"https:\/\/www.oarcanjo.net\/site\/video-homilia-do-pe-marcelo-monge-no-2o-domingo-de-pascoa\/\"},\"wordCount\":98,\"commentCount\":0,\"publisher\":{\"@id\":\"https:\/\/www.oarcanjo.net\/site\/#organization\"},\"keywords\":[\"Jesus\",\"Jo\u00e3o Paulo II\",\"Jo\u00e3o XXIII\",\"P\u00e1scoa\",\"Tom\u00e9\"],\"articleSection\":[\"Blog\",\"Homilias\"],\"inLanguage\":\"pt-BR\",\"potentialAction\":[{\"@type\":\"CommentAction\",\"name\":\"Comment\",\"target\":[\"https:\/\/www.oarcanjo.net\/site\/video-homilia-do-pe-marcelo-monge-no-2o-domingo-de-pascoa\/#respond\"]}]},{\"@type\":\"WebPage\",\"@id\":\"https:\/\/www.oarcanjo.net\/site\/video-homilia-do-pe-marcelo-monge-no-2o-domingo-de-pascoa\/\",\"url\":\"https:\/\/www.oarcanjo.net\/site\/video-homilia-do-pe-marcelo-monge-no-2o-domingo-de-pascoa\/\",\"name\":\"V\u00cdDEO: Homilia do Pe. Marcelo Monge no 2\u00ba Domingo de P\u00e1scoa - O Arcanjo no ar\",\"isPartOf\":{\"@id\":\"https:\/\/www.oarcanjo.net\/site\/#website\"},\"datePublished\":\"2014-04-28T01:30:23+00:00\",\"dateModified\":\"2014-04-28T01:31:03+00:00\",\"breadcrumb\":{\"@id\":\"https:\/\/www.oarcanjo.net\/site\/video-homilia-do-pe-marcelo-monge-no-2o-domingo-de-pascoa\/#breadcrumb\"},\"inLanguage\":\"pt-BR\",\"potentialAction\":[{\"@type\":\"ReadAction\",\"target\":[\"https:\/\/www.oarcanjo.net\/site\/video-homilia-do-pe-marcelo-monge-no-2o-domingo-de-pascoa\/\"]}]},{\"@type\":\"BreadcrumbList\",\"@id\":\"https:\/\/www.oarcanjo.net\/site\/video-homilia-do-pe-marcelo-monge-no-2o-domingo-de-pascoa\/#breadcrumb\",\"itemListElement\":[{\"@type\":\"ListItem\",\"position\":1,\"name\":\"In\u00edcio\",\"item\":\"https:\/\/www.oarcanjo.net\/site\/\"},{\"@type\":\"ListItem\",\"position\":2,\"name\":\"V\u00cdDEO: Homilia do Pe. Marcelo Monge no 2\u00ba Domingo de P\u00e1scoa\"}]},{\"@type\":\"WebSite\",\"@id\":\"https:\/\/www.oarcanjo.net\/site\/#website\",\"url\":\"https:\/\/www.oarcanjo.net\/site\/\",\"name\":\"O Arcanjo no ar\",\"description\":\"Site da Par\u00f3quia S\u00e3o Miguel Arcanjo (Arquidiocese de SP)\",\"publisher\":{\"@id\":\"https:\/\/www.oarcanjo.net\/site\/#organization\"},\"potentialAction\":[{\"@type\":\"SearchAction\",\"target\":{\"@type\":\"EntryPoint\",\"urlTemplate\":\"https:\/\/www.oarcanjo.net\/site\/?s={search_term_string}\"},\"query-input\":{\"@type\":\"PropertyValueSpecification\",\"valueRequired\":true,\"valueName\":\"search_term_string\"}}],\"inLanguage\":\"pt-BR\"},{\"@type\":\"Organization\",\"@id\":\"https:\/\/www.oarcanjo.net\/site\/#organization\",\"name\":\"Par\u00f3quia S\u00e3o Miguel Arcanjo\",\"url\":\"https:\/\/www.oarcanjo.net\/site\/\",\"logo\":{\"@type\":\"ImageObject\",\"inLanguage\":\"pt-BR\",\"@id\":\"https:\/\/www.oarcanjo.net\/site\/#\/schema\/logo\/image\/\",\"url\":\"https:\/\/www.oarcanjo.net\/site\/wp-content\/uploads\/LogoOArcanjo.png\",\"contentUrl\":\"https:\/\/www.oarcanjo.net\/site\/wp-content\/uploads\/LogoOArcanjo.png\",\"width\":319,\"height\":99,\"caption\":\"Par\u00f3quia S\u00e3o Miguel Arcanjo\"},\"image\":{\"@id\":\"https:\/\/www.oarcanjo.net\/site\/#\/schema\/logo\/image\/\"},\"sameAs\":[\"https:\/\/www.facebook.com\/OArcanjoNoAr\/\"]},{\"@type\":\"Person\",\"@id\":\"https:\/\/www.oarcanjo.net\/site\/#\/schema\/person\/f7024d007863202483a31326673a0838\",\"name\":\"editor\",\"sameAs\":[\"http:\/\/www.oarcanjo.net\"]}]}<\/script>\n<!-- \/ Yoast SEO plugin. -->","yoast_head_json":{"title":"V\u00cdDEO: Homilia do Pe. Marcelo Monge no 2\u00ba Domingo de P\u00e1scoa - O Arcanjo no ar","robots":{"index":"index","follow":"follow","max-snippet":"max-snippet:-1","max-image-preview":"max-image-preview:large","max-video-preview":"max-video-preview:-1"},"canonical":"https:\/\/www.oarcanjo.net\/site\/video-homilia-do-pe-marcelo-monge-no-2o-domingo-de-pascoa\/","og_locale":"pt_BR","og_type":"article","og_title":"V\u00cdDEO: Homilia do Pe. Marcelo Monge no 2\u00ba Domingo de P\u00e1scoa - O Arcanjo no ar","og_description":"Prega\u00e7\u00e3o do Pe. Marcelo Monge no 2\u00ba Domingo da P\u00e1scoa, o Domingo da Miseric\u00f3rdia, celebrado em 27\/04\/2014. Neste dia, a Igreja consagrou como santos os ex-papas Jo\u00e3o XXIII e Jo\u00e3o Paulo II. No Evangelho de Jo\u00e3o, Jesus aparece para os disc\u00edpulos e deseja paz; Tom\u00e9, que n\u00e3o estava presente, duvida da ressurei\u00e7\u00e3o. Grava\u00e7\u00e3o realizada na [&hellip;]","og_url":"https:\/\/www.oarcanjo.net\/site\/video-homilia-do-pe-marcelo-monge-no-2o-domingo-de-pascoa\/","og_site_name":"O Arcanjo no ar","article_publisher":"https:\/\/www.facebook.com\/OArcanjoNoAr\/","article_published_time":"2014-04-28T01:30:23+00:00","article_modified_time":"2014-04-28T01:31:03+00:00","og_image":[{"width":300,"height":300,"url":"https:\/\/www.oarcanjo.net\/site\/wp-content\/uploads\/logo-o-arcanjo-no-ar-facebook.png","type":"image\/png"}],"author":"editor","twitter_card":"summary_large_image","twitter_misc":{"Escrito por":"editor"},"schema":{"@context":"https:\/\/schema.org","@graph":[{"@type":"Article","@id":"https:\/\/www.oarcanjo.net\/site\/video-homilia-do-pe-marcelo-monge-no-2o-domingo-de-pascoa\/#article","isPartOf":{"@id":"https:\/\/www.oarcanjo.net\/site\/video-homilia-do-pe-marcelo-monge-no-2o-domingo-de-pascoa\/"},"author":{"name":"editor","@id":"https:\/\/www.oarcanjo.net\/site\/#\/schema\/person\/f7024d007863202483a31326673a0838"},"headline":"V\u00cdDEO: Homilia do Pe. Marcelo Monge no 2\u00ba Domingo de P\u00e1scoa","datePublished":"2014-04-28T01:30:23+00:00","dateModified":"2014-04-28T01:31:03+00:00","mainEntityOfPage":{"@id":"https:\/\/www.oarcanjo.net\/site\/video-homilia-do-pe-marcelo-monge-no-2o-domingo-de-pascoa\/"},"wordCount":98,"commentCount":0,"publisher":{"@id":"https:\/\/www.oarcanjo.net\/site\/#organization"},"keywords":["Jesus","Jo\u00e3o Paulo II","Jo\u00e3o XXIII","P\u00e1scoa","Tom\u00e9"],"articleSection":["Blog","Homilias"],"inLanguage":"pt-BR","potentialAction":[{"@type":"CommentAction","name":"Comment","target":["https:\/\/www.oarcanjo.net\/site\/video-homilia-do-pe-marcelo-monge-no-2o-domingo-de-pascoa\/#respond"]}]},{"@type":"WebPage","@id":"https:\/\/www.oarcanjo.net\/site\/video-homilia-do-pe-marcelo-monge-no-2o-domingo-de-pascoa\/","url":"https:\/\/www.oarcanjo.net\/site\/video-homilia-do-pe-marcelo-monge-no-2o-domingo-de-pascoa\/","name":"V\u00cdDEO: Homilia do Pe. Marcelo Monge no 2\u00ba Domingo de P\u00e1scoa - O Arcanjo no ar","isPartOf":{"@id":"https:\/\/www.oarcanjo.net\/site\/#website"},"datePublished":"2014-04-28T01:30:23+00:00","dateModified":"2014-04-28T01:31:03+00:00","breadcrumb":{"@id":"https:\/\/www.oarcanjo.net\/site\/video-homilia-do-pe-marcelo-monge-no-2o-domingo-de-pascoa\/#breadcrumb"},"inLanguage":"pt-BR","potentialAction":[{"@type":"ReadAction","target":["https:\/\/www.oarcanjo.net\/site\/video-homilia-do-pe-marcelo-monge-no-2o-domingo-de-pascoa\/"]}]},{"@type":"BreadcrumbList","@id":"https:\/\/www.oarcanjo.net\/site\/video-homilia-do-pe-marcelo-monge-no-2o-domingo-de-pascoa\/#breadcrumb","itemListElement":[{"@type":"ListItem","position":1,"name":"In\u00edcio","item":"https:\/\/www.oarcanjo.net\/site\/"},{"@type":"ListItem","position":2,"name":"V\u00cdDEO: Homilia do Pe. Marcelo Monge no 2\u00ba Domingo de P\u00e1scoa"}]},{"@type":"WebSite","@id":"https:\/\/www.oarcanjo.net\/site\/#website","url":"https:\/\/www.oarcanjo.net\/site\/","name":"O Arcanjo no ar","description":"Site da Par\u00f3quia S\u00e3o Miguel Arcanjo (Arquidiocese de SP)","publisher":{"@id":"https:\/\/www.oarcanjo.net\/site\/#organization"},"potentialAction":[{"@type":"SearchAction","target":{"@type":"EntryPoint","urlTemplate":"https:\/\/www.oarcanjo.net\/site\/?s={search_term_string}"},"query-input":{"@type":"PropertyValueSpecification","valueRequired":true,"valueName":"search_term_string"}}],"inLanguage":"pt-BR"},{"@type":"Organization","@id":"https:\/\/www.oarcanjo.net\/site\/#organization","name":"Par\u00f3quia S\u00e3o Miguel Arcanjo","url":"https:\/\/www.oarcanjo.net\/site\/","logo":{"@type":"ImageObject","inLanguage":"pt-BR","@id":"https:\/\/www.oarcanjo.net\/site\/#\/schema\/logo\/image\/","url":"https:\/\/www.oarcanjo.net\/site\/wp-content\/uploads\/LogoOArcanjo.png","contentUrl":"https:\/\/www.oarcanjo.net\/site\/wp-content\/uploads\/LogoOArcanjo.png","width":319,"height":99,"caption":"Par\u00f3quia S\u00e3o Miguel Arcanjo"},"image":{"@id":"https:\/\/www.oarcanjo.net\/site\/#\/schema\/logo\/image\/"},"sameAs":["https:\/\/www.facebook.com\/OArcanjoNoAr\/"]},{"@type":"Person","@id":"https:\/\/www.oarcanjo.net\/site\/#\/schema\/person\/f7024d007863202483a31326673a0838","name":"editor","sameAs":["http:\/\/www.oarcanjo.net"]}]}},"publishpress_future_action":{"enabled":false,"date":"2026-05-07 10:28:11","action":"category","newStatus":"draft","terms":[],"taxonomy":"category"},"publishpress_future_workflow_manual_trigger":{"enabledWorkflows":[]},"_links":{"self":[{"href":"https:\/\/www.oarcanjo.net\/site\/wp-json\/wp\/v2\/posts\/30638"}],"collection":[{"href":"https:\/\/www.oarcanjo.net\/site\/wp-json\/wp\/v2\/posts"}],"about":[{"href":"https:\/\/www.oarcanjo.net\/site\/wp-json\/wp\/v2\/types\/post"}],"author":[{"embeddable":true,"href":"https:\/\/www.oarcanjo.net\/site\/wp-json\/wp\/v2\/users\/5"}],"replies":[{"embeddable":true,"href":"https:\/\/www.oarcanjo.net\/site\/wp-json\/wp\/v2\/comments?post=30638"}],"version-history":[{"count":0,"href":"https:\/\/www.oarcanjo.net\/site\/wp-json\/wp\/v2\/posts\/30638\/revisions"}],"wp:attachment":[{"href":"https:\/\/www.oarcanjo.net\/site\/wp-json\/wp\/v2\/media?parent=30638"}],"wp:term":[{"taxonomy":"category","embeddable":true,"href":"https:\/\/www.oarcanjo.net\/site\/wp-json\/wp\/v2\/categories?post=30638"},{"taxonomy":"post_tag","embeddable":true,"href":"https:\/\/www.oarcanjo.net\/site\/wp-json\/wp\/v2\/tags?post=30638"}],"curies":[{"name":"wp","href":"https:\/\/api.w.org\/{rel}","templated":true}]}}