
{"id":3064,"date":"2009-04-28T22:32:54","date_gmt":"2009-04-29T01:32:54","guid":{"rendered":"http:\/\/www.oarcanjo.net\/site\/?p=3064"},"modified":"2009-04-28T22:32:54","modified_gmt":"2009-04-29T01:32:54","slug":"dom-helder-camara-brilha-na-47%c2%aa-assembleia-da-cnbb","status":"publish","type":"post","link":"https:\/\/www.oarcanjo.net\/site\/dom-helder-camara-brilha-na-47%c2%aa-assembleia-da-cnbb\/","title":{"rendered":"Dom Helder C\u00e2mara brilha na 47\u00aa Assembleia da CNBB"},"content":{"rendered":"<p>A voz de dom Helder C\u00e2mara foi ouvida novamente em sua hist\u00f3rica ora\u00e7\u00e3o \u201cMariama\u201d, na noite de ontem, 27, no audit\u00f3rio Rainha dos Ap\u00f3stolos, na 47\u00aa Assembleia Geral dos Bispos do Brasil, que acontece at\u00e9 o pr\u00f3ximo dia 1\u00ba de maio, em Itaici, munic\u00edpio de Indaiatuba (SP).<\/p>\n<p>\u201cDom Helder foi um homem de muita atividade e grandes iniciativas que recebeu de muitos o reconhecimento pela sua atua\u00e7\u00e3o em favor da paz e da justi\u00e7a\u201d, disse o presidente da CNBB, dom Geraldo Lyrio Rocha. O presidente tamb\u00e9m citou os pr\u00eamios recebidos por dom Helder, os livros publicados e as entidades das quais o arcebispo de Olinda e Recife participou ao longo de sua vida. \u201cDom Helder foi membro de mais de 40 entidades internacionais. Publicou mais de 20 livros. Cerca de 30 cidades lhe concederam o t\u00edtulo de cidad\u00e3o honor\u00e1rio. Recebeu 25 Pr\u00eamios nacionais e estrangeiros. Foi-lhe conferido o t\u00edtulo de Doutor honoris causa por mais de 30 Universidades de v\u00e1rias partes do mundo\u201d, lembrou dom Geraldo.<\/p>\n<p>A amiga e colega de trabalho do Dom, como dom Helder era conhecido, Marina Bandeira contou sobre o trabalho do arcebispo no Rio de Janeiro. Um dos trabalhos marcantes, segundo a educadora e ex-secret\u00e1ria do Movimento de Educa\u00e7\u00e3o de Base (MEB), a Cruzada de S\u00e3o Sebasti\u00e3o, foi uma idealiza\u00e7\u00e3o de dom Helder que consistiu na constru\u00e7\u00e3o de um conjunto habitacional localizado no bairro do Leblon, na zona sul da cidade do Rio de Janeiro. A obra foi inaugurada em 29 de outubro de 1955.<\/p>\n<p>O arcebispo em\u00e9rito da Para\u00edba, dom Jos\u00e9 Maria Pires, tamb\u00e9m deu seu testemunho sobre o papel de dom Helder na Igreja do Brasil ao longo do s\u00e9culo XX. \u201cDom Helder ficou marcado pelos grandes contextos sociais de seu tempo, principalmente no \u00e2mbito do Regime Militar, pelo qual foi acusado de ser comunista\u201d. De acordo com o arcebispo, dom Helder foi o grande respons\u00e1vel de \u201cprojetar nas quest\u00f5es sociais de seu tempo a luz do Evangelho\u201d.<\/p>\n<p>Um dos cantos entoados pelo coral arquidiocesano de Campinas (SP) que emocionou os participantes da sess\u00e3o foi \u201cO Pastor da Paz\u201d, composi\u00e7\u00e3o do padre Jos\u00e9 Freitas Campos, que lembrou a figura de dom Helder. <\/p>\n<p><strong>Repercuss\u00e3o<\/strong><\/p>\n<p>De acordo com o arcebispo de Bras\u00edlia, dom Jo\u00e3o Braz de Aviz, a figura de dom Helder \u00e9 emblem\u00e1tica e singular no seu modo de ser, um exemplo a ser seguido pelo episcopado brasileiro. \u201cDom Helder para n\u00f3s \u00e9 uma figura em cujo lugar n\u00e3o \u00e9 poss\u00edvel colocar outra igual. Ele tem uma beleza, uma luz, um profetismo, que ocupou um momento hist\u00f3rico como s\u00edmbolo eclesial e importante do nosso povo que n\u00f3s n\u00e3o podemos diminuir, nem esquecer. Precisamos compreender dom Helder de modo profundo porque ele traz de volta um aspecto do Evangelho que n\u00f3s t\u00ednhamos esquecido e deixado de lado. Penso tamb\u00e9m que, em torno da figura de dom Helder e de sua voca\u00e7\u00e3o de bispo e de f\u00e9, n\u00f3s podemos revisar o caminho que n\u00f3s fizemos em torno da Teologia da Liberta\u00e7\u00e3o. Em Cristo n\u00f3s temos que reencontrar essa liga\u00e7\u00e3o com o pobre\u201d, sublinhou.<\/p>\n<p>J\u00e1 o arcebispo de Salvador (BA), cardeal Geraldo Majella Agnelo, definiu a sess\u00e3o como um momento de recorda\u00e7\u00e3o e de gra\u00e7a. \u201cPara n\u00f3s foi um momento de muitas recorda\u00e7\u00f5es e de muita gratid\u00e3o a ele. Dom Helder foi um lutador sem medo, sem ficar na escurid\u00e3o, no esquecimento durante sua vida e sua miss\u00e3o. Ele pregou o Evangelho do amor, do perd\u00e3o, da miseric\u00f3rdia e esteve sempre ao lado das causas mais dif\u00edceis. N\u00f3s, que convivemos com dom Helder pessoalmente, podemos resumir esta noite como um momento de recorda\u00e7\u00e3o e de gra\u00e7a\u201d.<\/p>\n<div id=\"themify_builder_content-3064\" data-postid=\"3064\" class=\"themify_builder_content themify_builder_content-3064 themify_builder themify_builder_front\">\n\t<\/div>\n<!-- \/themify_builder_content -->","protected":false},"excerpt":{"rendered":"<p>A voz de dom Helder C\u00e2mara foi ouvida novamente em sua hist\u00f3rica ora\u00e7\u00e3o \u201cMariama\u201d, na noite de ontem, 27, no audit\u00f3rio Rainha dos Ap\u00f3stolos, na 47\u00aa Assembleia Geral dos Bispos do Brasil, que acontece at\u00e9 o pr\u00f3ximo dia 1\u00ba de maio, em Itaici, munic\u00edpio de Indaiatuba (SP). \u201cDom Helder foi um homem de muita atividade [&hellip;]<\/p>\n","protected":false},"author":5,"featured_media":0,"comment_status":"open","ping_status":"open","sticky":false,"template":"","format":"standard","meta":{"ngg_post_thumbnail":0,"footnotes":""},"categories":[192,8],"tags":[499,63,356,84,500],"yoast_head":"<!-- This site is optimized with the Yoast SEO plugin v23.5 - https:\/\/yoast.com\/wordpress\/plugins\/seo\/ -->\n<title>Dom Helder C\u00e2mara brilha na 47\u00aa Assembleia da CNBB - O Arcanjo no ar<\/title>\n<meta name=\"robots\" content=\"index, follow, max-snippet:-1, max-image-preview:large, max-video-preview:-1\" \/>\n<link rel=\"canonical\" href=\"https:\/\/www.oarcanjo.net\/site\/dom-helder-camara-brilha-na-47\u00aa-assembleia-da-cnbb\/\" \/>\n<meta property=\"og:locale\" content=\"pt_BR\" \/>\n<meta property=\"og:type\" content=\"article\" \/>\n<meta property=\"og:title\" content=\"Dom Helder C\u00e2mara brilha na 47\u00aa Assembleia da CNBB - O Arcanjo no ar\" \/>\n<meta property=\"og:description\" content=\"A voz de dom Helder C\u00e2mara foi ouvida novamente em sua hist\u00f3rica ora\u00e7\u00e3o \u201cMariama\u201d, na noite de ontem, 27, no audit\u00f3rio Rainha dos Ap\u00f3stolos, na 47\u00aa Assembleia Geral dos Bispos do Brasil, que acontece at\u00e9 o pr\u00f3ximo dia 1\u00ba de maio, em Itaici, munic\u00edpio de Indaiatuba (SP). \u201cDom Helder foi um homem de muita atividade [&hellip;]\" \/>\n<meta property=\"og:url\" content=\"https:\/\/www.oarcanjo.net\/site\/dom-helder-camara-brilha-na-47\u00aa-assembleia-da-cnbb\/\" \/>\n<meta property=\"og:site_name\" content=\"O Arcanjo no ar\" \/>\n<meta property=\"article:publisher\" content=\"https:\/\/www.facebook.com\/OArcanjoNoAr\/\" \/>\n<meta property=\"article:published_time\" content=\"2009-04-29T01:32:54+00:00\" \/>\n<meta property=\"og:image\" content=\"https:\/\/www.oarcanjo.net\/site\/wp-content\/uploads\/logo-o-arcanjo-no-ar-facebook.png\" \/>\n\t<meta property=\"og:image:width\" content=\"300\" \/>\n\t<meta property=\"og:image:height\" content=\"300\" \/>\n\t<meta property=\"og:image:type\" content=\"image\/png\" \/>\n<meta name=\"author\" content=\"editor\" \/>\n<meta name=\"twitter:card\" content=\"summary_large_image\" \/>\n<meta name=\"twitter:label1\" content=\"Escrito por\" \/>\n\t<meta name=\"twitter:data1\" content=\"editor\" \/>\n\t<meta name=\"twitter:label2\" content=\"Est. tempo de leitura\" \/>\n\t<meta name=\"twitter:data2\" content=\"3 minutos\" \/>\n<script type=\"application\/ld+json\" class=\"yoast-schema-graph\">{\"@context\":\"https:\/\/schema.org\",\"@graph\":[{\"@type\":\"Article\",\"@id\":\"https:\/\/www.oarcanjo.net\/site\/dom-helder-camara-brilha-na-47%c2%aa-assembleia-da-cnbb\/#article\",\"isPartOf\":{\"@id\":\"https:\/\/www.oarcanjo.net\/site\/dom-helder-camara-brilha-na-47%c2%aa-assembleia-da-cnbb\/\"},\"author\":{\"name\":\"editor\",\"@id\":\"https:\/\/www.oarcanjo.net\/site\/#\/schema\/person\/f7024d007863202483a31326673a0838\"},\"headline\":\"Dom Helder C\u00e2mara brilha na 47\u00aa Assembleia da CNBB\",\"datePublished\":\"2009-04-29T01:32:54+00:00\",\"dateModified\":\"2009-04-29T01:32:54+00:00\",\"mainEntityOfPage\":{\"@id\":\"https:\/\/www.oarcanjo.net\/site\/dom-helder-camara-brilha-na-47%c2%aa-assembleia-da-cnbb\/\"},\"wordCount\":660,\"commentCount\":0,\"publisher\":{\"@id\":\"https:\/\/www.oarcanjo.net\/site\/#organization\"},\"keywords\":[\"assembleia dos bispos\",\"CNBB\",\"D. Helder Camara\",\"homenagem\",\"Itaici\"],\"articleSection\":[\"D. Helder C\u00e2mara\",\"Not\u00edcias\"],\"inLanguage\":\"pt-BR\",\"potentialAction\":[{\"@type\":\"CommentAction\",\"name\":\"Comment\",\"target\":[\"https:\/\/www.oarcanjo.net\/site\/dom-helder-camara-brilha-na-47%c2%aa-assembleia-da-cnbb\/#respond\"]}]},{\"@type\":\"WebPage\",\"@id\":\"https:\/\/www.oarcanjo.net\/site\/dom-helder-camara-brilha-na-47%c2%aa-assembleia-da-cnbb\/\",\"url\":\"https:\/\/www.oarcanjo.net\/site\/dom-helder-camara-brilha-na-47%c2%aa-assembleia-da-cnbb\/\",\"name\":\"Dom Helder C\u00e2mara brilha na 47\u00aa Assembleia da CNBB - O Arcanjo no ar\",\"isPartOf\":{\"@id\":\"https:\/\/www.oarcanjo.net\/site\/#website\"},\"datePublished\":\"2009-04-29T01:32:54+00:00\",\"dateModified\":\"2009-04-29T01:32:54+00:00\",\"breadcrumb\":{\"@id\":\"https:\/\/www.oarcanjo.net\/site\/dom-helder-camara-brilha-na-47%c2%aa-assembleia-da-cnbb\/#breadcrumb\"},\"inLanguage\":\"pt-BR\",\"potentialAction\":[{\"@type\":\"ReadAction\",\"target\":[\"https:\/\/www.oarcanjo.net\/site\/dom-helder-camara-brilha-na-47%c2%aa-assembleia-da-cnbb\/\"]}]},{\"@type\":\"BreadcrumbList\",\"@id\":\"https:\/\/www.oarcanjo.net\/site\/dom-helder-camara-brilha-na-47%c2%aa-assembleia-da-cnbb\/#breadcrumb\",\"itemListElement\":[{\"@type\":\"ListItem\",\"position\":1,\"name\":\"In\u00edcio\",\"item\":\"https:\/\/www.oarcanjo.net\/site\/\"},{\"@type\":\"ListItem\",\"position\":2,\"name\":\"Dom Helder C\u00e2mara brilha na 47\u00aa Assembleia da CNBB\"}]},{\"@type\":\"WebSite\",\"@id\":\"https:\/\/www.oarcanjo.net\/site\/#website\",\"url\":\"https:\/\/www.oarcanjo.net\/site\/\",\"name\":\"O Arcanjo no ar\",\"description\":\"Site da Par\u00f3quia S\u00e3o Miguel Arcanjo (Arquidiocese de SP)\",\"publisher\":{\"@id\":\"https:\/\/www.oarcanjo.net\/site\/#organization\"},\"potentialAction\":[{\"@type\":\"SearchAction\",\"target\":{\"@type\":\"EntryPoint\",\"urlTemplate\":\"https:\/\/www.oarcanjo.net\/site\/?s={search_term_string}\"},\"query-input\":{\"@type\":\"PropertyValueSpecification\",\"valueRequired\":true,\"valueName\":\"search_term_string\"}}],\"inLanguage\":\"pt-BR\"},{\"@type\":\"Organization\",\"@id\":\"https:\/\/www.oarcanjo.net\/site\/#organization\",\"name\":\"Par\u00f3quia S\u00e3o Miguel Arcanjo\",\"url\":\"https:\/\/www.oarcanjo.net\/site\/\",\"logo\":{\"@type\":\"ImageObject\",\"inLanguage\":\"pt-BR\",\"@id\":\"https:\/\/www.oarcanjo.net\/site\/#\/schema\/logo\/image\/\",\"url\":\"https:\/\/www.oarcanjo.net\/site\/wp-content\/uploads\/LogoOArcanjo.png\",\"contentUrl\":\"https:\/\/www.oarcanjo.net\/site\/wp-content\/uploads\/LogoOArcanjo.png\",\"width\":319,\"height\":99,\"caption\":\"Par\u00f3quia S\u00e3o Miguel Arcanjo\"},\"image\":{\"@id\":\"https:\/\/www.oarcanjo.net\/site\/#\/schema\/logo\/image\/\"},\"sameAs\":[\"https:\/\/www.facebook.com\/OArcanjoNoAr\/\"]},{\"@type\":\"Person\",\"@id\":\"https:\/\/www.oarcanjo.net\/site\/#\/schema\/person\/f7024d007863202483a31326673a0838\",\"name\":\"editor\",\"sameAs\":[\"http:\/\/www.oarcanjo.net\"]}]}<\/script>\n<!-- \/ Yoast SEO plugin. -->","yoast_head_json":{"title":"Dom Helder C\u00e2mara brilha na 47\u00aa Assembleia da CNBB - O Arcanjo no ar","robots":{"index":"index","follow":"follow","max-snippet":"max-snippet:-1","max-image-preview":"max-image-preview:large","max-video-preview":"max-video-preview:-1"},"canonical":"https:\/\/www.oarcanjo.net\/site\/dom-helder-camara-brilha-na-47\u00aa-assembleia-da-cnbb\/","og_locale":"pt_BR","og_type":"article","og_title":"Dom Helder C\u00e2mara brilha na 47\u00aa Assembleia da CNBB - O Arcanjo no ar","og_description":"A voz de dom Helder C\u00e2mara foi ouvida novamente em sua hist\u00f3rica ora\u00e7\u00e3o \u201cMariama\u201d, na noite de ontem, 27, no audit\u00f3rio Rainha dos Ap\u00f3stolos, na 47\u00aa Assembleia Geral dos Bispos do Brasil, que acontece at\u00e9 o pr\u00f3ximo dia 1\u00ba de maio, em Itaici, munic\u00edpio de Indaiatuba (SP). \u201cDom Helder foi um homem de muita atividade [&hellip;]","og_url":"https:\/\/www.oarcanjo.net\/site\/dom-helder-camara-brilha-na-47\u00aa-assembleia-da-cnbb\/","og_site_name":"O Arcanjo no ar","article_publisher":"https:\/\/www.facebook.com\/OArcanjoNoAr\/","article_published_time":"2009-04-29T01:32:54+00:00","og_image":[{"width":300,"height":300,"url":"https:\/\/www.oarcanjo.net\/site\/wp-content\/uploads\/logo-o-arcanjo-no-ar-facebook.png","type":"image\/png"}],"author":"editor","twitter_card":"summary_large_image","twitter_misc":{"Escrito por":"editor","Est. tempo de leitura":"3 minutos"},"schema":{"@context":"https:\/\/schema.org","@graph":[{"@type":"Article","@id":"https:\/\/www.oarcanjo.net\/site\/dom-helder-camara-brilha-na-47%c2%aa-assembleia-da-cnbb\/#article","isPartOf":{"@id":"https:\/\/www.oarcanjo.net\/site\/dom-helder-camara-brilha-na-47%c2%aa-assembleia-da-cnbb\/"},"author":{"name":"editor","@id":"https:\/\/www.oarcanjo.net\/site\/#\/schema\/person\/f7024d007863202483a31326673a0838"},"headline":"Dom Helder C\u00e2mara brilha na 47\u00aa Assembleia da CNBB","datePublished":"2009-04-29T01:32:54+00:00","dateModified":"2009-04-29T01:32:54+00:00","mainEntityOfPage":{"@id":"https:\/\/www.oarcanjo.net\/site\/dom-helder-camara-brilha-na-47%c2%aa-assembleia-da-cnbb\/"},"wordCount":660,"commentCount":0,"publisher":{"@id":"https:\/\/www.oarcanjo.net\/site\/#organization"},"keywords":["assembleia dos bispos","CNBB","D. Helder Camara","homenagem","Itaici"],"articleSection":["D. Helder C\u00e2mara","Not\u00edcias"],"inLanguage":"pt-BR","potentialAction":[{"@type":"CommentAction","name":"Comment","target":["https:\/\/www.oarcanjo.net\/site\/dom-helder-camara-brilha-na-47%c2%aa-assembleia-da-cnbb\/#respond"]}]},{"@type":"WebPage","@id":"https:\/\/www.oarcanjo.net\/site\/dom-helder-camara-brilha-na-47%c2%aa-assembleia-da-cnbb\/","url":"https:\/\/www.oarcanjo.net\/site\/dom-helder-camara-brilha-na-47%c2%aa-assembleia-da-cnbb\/","name":"Dom Helder C\u00e2mara brilha na 47\u00aa Assembleia da CNBB - O Arcanjo no ar","isPartOf":{"@id":"https:\/\/www.oarcanjo.net\/site\/#website"},"datePublished":"2009-04-29T01:32:54+00:00","dateModified":"2009-04-29T01:32:54+00:00","breadcrumb":{"@id":"https:\/\/www.oarcanjo.net\/site\/dom-helder-camara-brilha-na-47%c2%aa-assembleia-da-cnbb\/#breadcrumb"},"inLanguage":"pt-BR","potentialAction":[{"@type":"ReadAction","target":["https:\/\/www.oarcanjo.net\/site\/dom-helder-camara-brilha-na-47%c2%aa-assembleia-da-cnbb\/"]}]},{"@type":"BreadcrumbList","@id":"https:\/\/www.oarcanjo.net\/site\/dom-helder-camara-brilha-na-47%c2%aa-assembleia-da-cnbb\/#breadcrumb","itemListElement":[{"@type":"ListItem","position":1,"name":"In\u00edcio","item":"https:\/\/www.oarcanjo.net\/site\/"},{"@type":"ListItem","position":2,"name":"Dom Helder C\u00e2mara brilha na 47\u00aa Assembleia da CNBB"}]},{"@type":"WebSite","@id":"https:\/\/www.oarcanjo.net\/site\/#website","url":"https:\/\/www.oarcanjo.net\/site\/","name":"O Arcanjo no ar","description":"Site da Par\u00f3quia S\u00e3o Miguel Arcanjo (Arquidiocese de SP)","publisher":{"@id":"https:\/\/www.oarcanjo.net\/site\/#organization"},"potentialAction":[{"@type":"SearchAction","target":{"@type":"EntryPoint","urlTemplate":"https:\/\/www.oarcanjo.net\/site\/?s={search_term_string}"},"query-input":{"@type":"PropertyValueSpecification","valueRequired":true,"valueName":"search_term_string"}}],"inLanguage":"pt-BR"},{"@type":"Organization","@id":"https:\/\/www.oarcanjo.net\/site\/#organization","name":"Par\u00f3quia S\u00e3o Miguel Arcanjo","url":"https:\/\/www.oarcanjo.net\/site\/","logo":{"@type":"ImageObject","inLanguage":"pt-BR","@id":"https:\/\/www.oarcanjo.net\/site\/#\/schema\/logo\/image\/","url":"https:\/\/www.oarcanjo.net\/site\/wp-content\/uploads\/LogoOArcanjo.png","contentUrl":"https:\/\/www.oarcanjo.net\/site\/wp-content\/uploads\/LogoOArcanjo.png","width":319,"height":99,"caption":"Par\u00f3quia S\u00e3o Miguel Arcanjo"},"image":{"@id":"https:\/\/www.oarcanjo.net\/site\/#\/schema\/logo\/image\/"},"sameAs":["https:\/\/www.facebook.com\/OArcanjoNoAr\/"]},{"@type":"Person","@id":"https:\/\/www.oarcanjo.net\/site\/#\/schema\/person\/f7024d007863202483a31326673a0838","name":"editor","sameAs":["http:\/\/www.oarcanjo.net"]}]}},"publishpress_future_action":{"enabled":false,"date":"2026-05-07 11:27:39","action":"category","newStatus":"draft","terms":[],"taxonomy":"category"},"publishpress_future_workflow_manual_trigger":{"enabledWorkflows":[]},"_links":{"self":[{"href":"https:\/\/www.oarcanjo.net\/site\/wp-json\/wp\/v2\/posts\/3064"}],"collection":[{"href":"https:\/\/www.oarcanjo.net\/site\/wp-json\/wp\/v2\/posts"}],"about":[{"href":"https:\/\/www.oarcanjo.net\/site\/wp-json\/wp\/v2\/types\/post"}],"author":[{"embeddable":true,"href":"https:\/\/www.oarcanjo.net\/site\/wp-json\/wp\/v2\/users\/5"}],"replies":[{"embeddable":true,"href":"https:\/\/www.oarcanjo.net\/site\/wp-json\/wp\/v2\/comments?post=3064"}],"version-history":[{"count":0,"href":"https:\/\/www.oarcanjo.net\/site\/wp-json\/wp\/v2\/posts\/3064\/revisions"}],"wp:attachment":[{"href":"https:\/\/www.oarcanjo.net\/site\/wp-json\/wp\/v2\/media?parent=3064"}],"wp:term":[{"taxonomy":"category","embeddable":true,"href":"https:\/\/www.oarcanjo.net\/site\/wp-json\/wp\/v2\/categories?post=3064"},{"taxonomy":"post_tag","embeddable":true,"href":"https:\/\/www.oarcanjo.net\/site\/wp-json\/wp\/v2\/tags?post=3064"}],"curies":[{"name":"wp","href":"https:\/\/api.w.org\/{rel}","templated":true}]}}