
{"id":3068,"date":"2009-04-28T22:37:22","date_gmt":"2009-04-29T01:37:22","guid":{"rendered":"http:\/\/www.oarcanjo.net\/site\/?p=3068"},"modified":"2009-04-28T22:37:22","modified_gmt":"2009-04-29T01:37:22","slug":"comissao-pastoral-da-terra-divulga-dados-sobre-os-conflitos-no-campo","status":"publish","type":"post","link":"https:\/\/www.oarcanjo.net\/site\/comissao-pastoral-da-terra-divulga-dados-sobre-os-conflitos-no-campo\/","title":{"rendered":"Comiss\u00e3o Pastoral da Terra divulga dados sobre os conflitos no campo"},"content":{"rendered":"<p><a href=\"http:\/\/www.adital.com.br\" arget=\"_blank\">Ag\u00eancia Adital<\/a> &#8211; Em 2008, o n\u00famero de conflitos no campo diminuiu, por\u00e9m o n\u00famero de pessoas assassinadas foi mantido em rela\u00e7\u00e3o a 2007, alcan\u00e7ando 28. As informa\u00e7\u00f5es foram divulgadas hoje (28) pela Comiss\u00e3o Pastoral da Terra (CPT), durante uma coletiva dentro da 47\u00aa Assembleia Geral da Confer\u00eancia Nacional dos Bispos do Brasil (CNBB), em Indaiatuba, no Estado de S\u00e3o Paulo.<\/p>\n<p>Os dados de conflitos no campo no Brasil revelam um aumento da viol\u00eancia em 2008, pois, em 2007, registrava-se uma morte em cada 54 conflitos, j\u00e1 em 2008, houve uma morte em cada 42 conflitos. A Amaz\u00f4nia \u00e9 a regi\u00e3o com maior n\u00famero de mortes, 72%. Mais da metade dos conflitos atingem diretamente as popula\u00e7\u00f5es tradicionais, o que evidencia o interesse do capital sobre territ\u00f3rios ocupados por essas comunidades. <\/p>\n<p>Segundo a CPT, a aus\u00eancia da reforma agr\u00e1ria tem mantido a conflitividade e a viol\u00eancia no campo. Mesmo com uma redu\u00e7\u00e3o de 23% no n\u00famero total dos conflitos de 2007 para 2008, o n\u00famero total de pessoas envolvidas continua elevado, bem como o n\u00famero de assassinatos. A Comiss\u00e3o destaca que 47% dos conflitos no campo ocorreram na Amaz\u00f4nia Legal. O Par\u00e1 continua a ser o estado com o maior n\u00famero de conflitos (245), seguido pelo vizinho estado do Maranh\u00e3o (101) que ocupa o segundo lugar. <\/p>\n<p>De acordo com as an\u00e1lises do professor da Universidade Federal Fluminense (UFF), Carlos Walter Porto-Gon\u00e7alves, os dados da CPT mostram uma mudan\u00e7a significativa na geografia dos assassinatos, posto que o ano de 2008 retoma o padr\u00e3o hist\u00f3rico da geografia da viol\u00eancia, onde o Par\u00e1 ocupa o primeiro lugar com 46,4% dos casos ocorridos no pa\u00eds, enquanto em 2007 ele contava com apenas cerca de 18% do total de assassinatos. <\/p>\n<p>Essa queda, segundo o professor, deu-se devido \u00e0 repercuss\u00e3o do assassinato da freira Dorothy Stang, o que ensejou que os governos federal e estadual tomassem medidas que, como demonstram os dados de 2008, n\u00e3o tocaram no padr\u00e3o hist\u00f3rico de viol\u00eancia que vem caracterizando a reprodu\u00e7\u00e3o da nossa estrutura de poder. <\/p>\n<p>Em rela\u00e7\u00e3o aos protagonistas da luta pela terra, os Sem-Terra participaram de 36,3% dos conflitos em 2008, evidenciando uma queda em compara\u00e7\u00e3o com 2007, quando protagonizaram 44% dos conflitos. As popula\u00e7\u00f5es tradicionais passaram ent\u00e3o a ocupar o primeiro lugar em 2008 com 53% do total. A an\u00e1lise afirma que a preval\u00eancia dessas duas categorias est\u00e1 relacionada ao fato de que os Sem-Terra de hoje s\u00e3o as popula\u00e7\u00f5es que ocupavam terras e foram expropriadas e, entre essas, as popula\u00e7\u00f5es tradicionais ocupam um lugar cada vez mais protag\u00f4nico, o que indica a atualidade do grave processo expropriat\u00f3rio que est\u00e1 em curso desde os anos 1970.<\/p>\n<p>A CPT destaca tamb\u00e9m uma nova onda de criminaliza\u00e7\u00e3o dos movimentos sociais do campo e de suas lideran\u00e7as propagada em 2008. A Comiss\u00e3o cita casos de defensores de direitos humanos que foram condenados \u00e0 pris\u00e3o ou ao pagamento de multas. Um dos casos ocorreu em Alagoas. Ex-coordenadores do Movimento Terra, Trabalho e Liberdade (MTL), os irm\u00e3os Valdemir Augustinho de Souza e Ivandeje Maria de Souza foram condenados a 24 anos de pris\u00e3o pelos crimes de forma\u00e7\u00e3o de quadrilha, dano ao patrim\u00f4nio, roubo qualificado e extors\u00e3o.<\/p>\n<p>A Pastoral ressalta ainda o aumento de den\u00fancias de trabalho escravo em 2008. No ano passado, registrou-se 5,6% de den\u00fancias a mais que em 2007. O n\u00famero de pessoas libertadas alcan\u00e7ou, em 2008, seu segundo maior n\u00famero hist\u00f3rico desde a cria\u00e7\u00e3o do Grupo M\u00f3vel: 5.266, logo atr\u00e1s do ano anterior 5.974. O maior n\u00famero de trabalhadores libertados foi no setor sucro-alcooleiro, 2553 pessoas, 48% do total.<\/p>\n<div id=\"themify_builder_content-3068\" data-postid=\"3068\" class=\"themify_builder_content themify_builder_content-3068 themify_builder themify_builder_front\">\n\t<\/div>\n<!-- \/themify_builder_content -->","protected":false},"excerpt":{"rendered":"<p>Ag\u00eancia Adital &#8211; Em 2008, o n\u00famero de conflitos no campo diminuiu, por\u00e9m o n\u00famero de pessoas assassinadas foi mantido em rela\u00e7\u00e3o a 2007, alcan\u00e7ando 28. As informa\u00e7\u00f5es foram divulgadas hoje (28) pela Comiss\u00e3o Pastoral da Terra (CPT), durante uma coletiva dentro da 47\u00aa Assembleia Geral da Confer\u00eancia Nacional dos Bispos do Brasil (CNBB), em [&hellip;]<\/p>\n","protected":false},"author":5,"featured_media":0,"comment_status":"open","ping_status":"open","sticky":false,"template":"","format":"standard","meta":{"ngg_post_thumbnail":0,"footnotes":""},"categories":[8],"tags":[264,566,292,341,293,483,413],"yoast_head":"<!-- This site is optimized with the Yoast SEO plugin v23.5 - https:\/\/yoast.com\/wordpress\/plugins\/seo\/ -->\n<title>Comiss\u00e3o Pastoral da Terra divulga dados sobre os conflitos no campo - O Arcanjo no ar<\/title>\n<meta name=\"robots\" content=\"index, follow, max-snippet:-1, max-image-preview:large, max-video-preview:-1\" \/>\n<link rel=\"canonical\" href=\"https:\/\/www.oarcanjo.net\/site\/comissao-pastoral-da-terra-divulga-dados-sobre-os-conflitos-no-campo\/\" \/>\n<meta property=\"og:locale\" content=\"pt_BR\" \/>\n<meta property=\"og:type\" content=\"article\" \/>\n<meta property=\"og:title\" content=\"Comiss\u00e3o Pastoral da Terra divulga dados sobre os conflitos no campo - O Arcanjo no ar\" \/>\n<meta property=\"og:description\" content=\"Ag\u00eancia Adital &#8211; Em 2008, o n\u00famero de conflitos no campo diminuiu, por\u00e9m o n\u00famero de pessoas assassinadas foi mantido em rela\u00e7\u00e3o a 2007, alcan\u00e7ando 28. As informa\u00e7\u00f5es foram divulgadas hoje (28) pela Comiss\u00e3o Pastoral da Terra (CPT), durante uma coletiva dentro da 47\u00aa Assembleia Geral da Confer\u00eancia Nacional dos Bispos do Brasil (CNBB), em [&hellip;]\" \/>\n<meta property=\"og:url\" content=\"https:\/\/www.oarcanjo.net\/site\/comissao-pastoral-da-terra-divulga-dados-sobre-os-conflitos-no-campo\/\" \/>\n<meta property=\"og:site_name\" content=\"O Arcanjo no ar\" \/>\n<meta property=\"article:publisher\" content=\"https:\/\/www.facebook.com\/OArcanjoNoAr\/\" \/>\n<meta property=\"article:published_time\" content=\"2009-04-29T01:37:22+00:00\" \/>\n<meta property=\"og:image\" content=\"https:\/\/www.oarcanjo.net\/site\/wp-content\/uploads\/logo-o-arcanjo-no-ar-facebook.png\" \/>\n\t<meta property=\"og:image:width\" content=\"300\" \/>\n\t<meta property=\"og:image:height\" content=\"300\" \/>\n\t<meta property=\"og:image:type\" content=\"image\/png\" \/>\n<meta name=\"author\" content=\"editor\" \/>\n<meta name=\"twitter:card\" content=\"summary_large_image\" \/>\n<meta name=\"twitter:label1\" content=\"Escrito por\" \/>\n\t<meta name=\"twitter:data1\" content=\"editor\" \/>\n\t<meta name=\"twitter:label2\" content=\"Est. tempo de leitura\" \/>\n\t<meta name=\"twitter:data2\" content=\"3 minutos\" \/>\n<script type=\"application\/ld+json\" class=\"yoast-schema-graph\">{\"@context\":\"https:\/\/schema.org\",\"@graph\":[{\"@type\":\"Article\",\"@id\":\"https:\/\/www.oarcanjo.net\/site\/comissao-pastoral-da-terra-divulga-dados-sobre-os-conflitos-no-campo\/#article\",\"isPartOf\":{\"@id\":\"https:\/\/www.oarcanjo.net\/site\/comissao-pastoral-da-terra-divulga-dados-sobre-os-conflitos-no-campo\/\"},\"author\":{\"name\":\"editor\",\"@id\":\"https:\/\/www.oarcanjo.net\/site\/#\/schema\/person\/f7024d007863202483a31326673a0838\"},\"headline\":\"Comiss\u00e3o Pastoral da Terra divulga dados sobre os conflitos no campo\",\"datePublished\":\"2009-04-29T01:37:22+00:00\",\"dateModified\":\"2009-04-29T01:37:22+00:00\",\"mainEntityOfPage\":{\"@id\":\"https:\/\/www.oarcanjo.net\/site\/comissao-pastoral-da-terra-divulga-dados-sobre-os-conflitos-no-campo\/\"},\"wordCount\":629,\"commentCount\":0,\"publisher\":{\"@id\":\"https:\/\/www.oarcanjo.net\/site\/#organization\"},\"keywords\":[\"CPT\",\"Ir. Dorothyu Stang\",\"MST\",\"Pastoral da Terra\",\"Reforma agr\u00e1ria\",\"sem terra\",\"viol\u00eancia no campo\"],\"articleSection\":[\"Not\u00edcias\"],\"inLanguage\":\"pt-BR\",\"potentialAction\":[{\"@type\":\"CommentAction\",\"name\":\"Comment\",\"target\":[\"https:\/\/www.oarcanjo.net\/site\/comissao-pastoral-da-terra-divulga-dados-sobre-os-conflitos-no-campo\/#respond\"]}]},{\"@type\":\"WebPage\",\"@id\":\"https:\/\/www.oarcanjo.net\/site\/comissao-pastoral-da-terra-divulga-dados-sobre-os-conflitos-no-campo\/\",\"url\":\"https:\/\/www.oarcanjo.net\/site\/comissao-pastoral-da-terra-divulga-dados-sobre-os-conflitos-no-campo\/\",\"name\":\"Comiss\u00e3o Pastoral da Terra divulga dados sobre os conflitos no campo - O Arcanjo no ar\",\"isPartOf\":{\"@id\":\"https:\/\/www.oarcanjo.net\/site\/#website\"},\"datePublished\":\"2009-04-29T01:37:22+00:00\",\"dateModified\":\"2009-04-29T01:37:22+00:00\",\"breadcrumb\":{\"@id\":\"https:\/\/www.oarcanjo.net\/site\/comissao-pastoral-da-terra-divulga-dados-sobre-os-conflitos-no-campo\/#breadcrumb\"},\"inLanguage\":\"pt-BR\",\"potentialAction\":[{\"@type\":\"ReadAction\",\"target\":[\"https:\/\/www.oarcanjo.net\/site\/comissao-pastoral-da-terra-divulga-dados-sobre-os-conflitos-no-campo\/\"]}]},{\"@type\":\"BreadcrumbList\",\"@id\":\"https:\/\/www.oarcanjo.net\/site\/comissao-pastoral-da-terra-divulga-dados-sobre-os-conflitos-no-campo\/#breadcrumb\",\"itemListElement\":[{\"@type\":\"ListItem\",\"position\":1,\"name\":\"In\u00edcio\",\"item\":\"https:\/\/www.oarcanjo.net\/site\/\"},{\"@type\":\"ListItem\",\"position\":2,\"name\":\"Comiss\u00e3o Pastoral da Terra divulga dados sobre os conflitos no campo\"}]},{\"@type\":\"WebSite\",\"@id\":\"https:\/\/www.oarcanjo.net\/site\/#website\",\"url\":\"https:\/\/www.oarcanjo.net\/site\/\",\"name\":\"O Arcanjo no ar\",\"description\":\"Site da Par\u00f3quia S\u00e3o Miguel Arcanjo (Arquidiocese de SP)\",\"publisher\":{\"@id\":\"https:\/\/www.oarcanjo.net\/site\/#organization\"},\"potentialAction\":[{\"@type\":\"SearchAction\",\"target\":{\"@type\":\"EntryPoint\",\"urlTemplate\":\"https:\/\/www.oarcanjo.net\/site\/?s={search_term_string}\"},\"query-input\":{\"@type\":\"PropertyValueSpecification\",\"valueRequired\":true,\"valueName\":\"search_term_string\"}}],\"inLanguage\":\"pt-BR\"},{\"@type\":\"Organization\",\"@id\":\"https:\/\/www.oarcanjo.net\/site\/#organization\",\"name\":\"Par\u00f3quia S\u00e3o Miguel Arcanjo\",\"url\":\"https:\/\/www.oarcanjo.net\/site\/\",\"logo\":{\"@type\":\"ImageObject\",\"inLanguage\":\"pt-BR\",\"@id\":\"https:\/\/www.oarcanjo.net\/site\/#\/schema\/logo\/image\/\",\"url\":\"https:\/\/www.oarcanjo.net\/site\/wp-content\/uploads\/LogoOArcanjo.png\",\"contentUrl\":\"https:\/\/www.oarcanjo.net\/site\/wp-content\/uploads\/LogoOArcanjo.png\",\"width\":319,\"height\":99,\"caption\":\"Par\u00f3quia S\u00e3o Miguel Arcanjo\"},\"image\":{\"@id\":\"https:\/\/www.oarcanjo.net\/site\/#\/schema\/logo\/image\/\"},\"sameAs\":[\"https:\/\/www.facebook.com\/OArcanjoNoAr\/\"]},{\"@type\":\"Person\",\"@id\":\"https:\/\/www.oarcanjo.net\/site\/#\/schema\/person\/f7024d007863202483a31326673a0838\",\"name\":\"editor\",\"sameAs\":[\"http:\/\/www.oarcanjo.net\"]}]}<\/script>\n<!-- \/ Yoast SEO plugin. -->","yoast_head_json":{"title":"Comiss\u00e3o Pastoral da Terra divulga dados sobre os conflitos no campo - O Arcanjo no ar","robots":{"index":"index","follow":"follow","max-snippet":"max-snippet:-1","max-image-preview":"max-image-preview:large","max-video-preview":"max-video-preview:-1"},"canonical":"https:\/\/www.oarcanjo.net\/site\/comissao-pastoral-da-terra-divulga-dados-sobre-os-conflitos-no-campo\/","og_locale":"pt_BR","og_type":"article","og_title":"Comiss\u00e3o Pastoral da Terra divulga dados sobre os conflitos no campo - O Arcanjo no ar","og_description":"Ag\u00eancia Adital &#8211; Em 2008, o n\u00famero de conflitos no campo diminuiu, por\u00e9m o n\u00famero de pessoas assassinadas foi mantido em rela\u00e7\u00e3o a 2007, alcan\u00e7ando 28. As informa\u00e7\u00f5es foram divulgadas hoje (28) pela Comiss\u00e3o Pastoral da Terra (CPT), durante uma coletiva dentro da 47\u00aa Assembleia Geral da Confer\u00eancia Nacional dos Bispos do Brasil (CNBB), em [&hellip;]","og_url":"https:\/\/www.oarcanjo.net\/site\/comissao-pastoral-da-terra-divulga-dados-sobre-os-conflitos-no-campo\/","og_site_name":"O Arcanjo no ar","article_publisher":"https:\/\/www.facebook.com\/OArcanjoNoAr\/","article_published_time":"2009-04-29T01:37:22+00:00","og_image":[{"width":300,"height":300,"url":"https:\/\/www.oarcanjo.net\/site\/wp-content\/uploads\/logo-o-arcanjo-no-ar-facebook.png","type":"image\/png"}],"author":"editor","twitter_card":"summary_large_image","twitter_misc":{"Escrito por":"editor","Est. tempo de leitura":"3 minutos"},"schema":{"@context":"https:\/\/schema.org","@graph":[{"@type":"Article","@id":"https:\/\/www.oarcanjo.net\/site\/comissao-pastoral-da-terra-divulga-dados-sobre-os-conflitos-no-campo\/#article","isPartOf":{"@id":"https:\/\/www.oarcanjo.net\/site\/comissao-pastoral-da-terra-divulga-dados-sobre-os-conflitos-no-campo\/"},"author":{"name":"editor","@id":"https:\/\/www.oarcanjo.net\/site\/#\/schema\/person\/f7024d007863202483a31326673a0838"},"headline":"Comiss\u00e3o Pastoral da Terra divulga dados sobre os conflitos no campo","datePublished":"2009-04-29T01:37:22+00:00","dateModified":"2009-04-29T01:37:22+00:00","mainEntityOfPage":{"@id":"https:\/\/www.oarcanjo.net\/site\/comissao-pastoral-da-terra-divulga-dados-sobre-os-conflitos-no-campo\/"},"wordCount":629,"commentCount":0,"publisher":{"@id":"https:\/\/www.oarcanjo.net\/site\/#organization"},"keywords":["CPT","Ir. Dorothyu Stang","MST","Pastoral da Terra","Reforma agr\u00e1ria","sem terra","viol\u00eancia no campo"],"articleSection":["Not\u00edcias"],"inLanguage":"pt-BR","potentialAction":[{"@type":"CommentAction","name":"Comment","target":["https:\/\/www.oarcanjo.net\/site\/comissao-pastoral-da-terra-divulga-dados-sobre-os-conflitos-no-campo\/#respond"]}]},{"@type":"WebPage","@id":"https:\/\/www.oarcanjo.net\/site\/comissao-pastoral-da-terra-divulga-dados-sobre-os-conflitos-no-campo\/","url":"https:\/\/www.oarcanjo.net\/site\/comissao-pastoral-da-terra-divulga-dados-sobre-os-conflitos-no-campo\/","name":"Comiss\u00e3o Pastoral da Terra divulga dados sobre os conflitos no campo - O Arcanjo no ar","isPartOf":{"@id":"https:\/\/www.oarcanjo.net\/site\/#website"},"datePublished":"2009-04-29T01:37:22+00:00","dateModified":"2009-04-29T01:37:22+00:00","breadcrumb":{"@id":"https:\/\/www.oarcanjo.net\/site\/comissao-pastoral-da-terra-divulga-dados-sobre-os-conflitos-no-campo\/#breadcrumb"},"inLanguage":"pt-BR","potentialAction":[{"@type":"ReadAction","target":["https:\/\/www.oarcanjo.net\/site\/comissao-pastoral-da-terra-divulga-dados-sobre-os-conflitos-no-campo\/"]}]},{"@type":"BreadcrumbList","@id":"https:\/\/www.oarcanjo.net\/site\/comissao-pastoral-da-terra-divulga-dados-sobre-os-conflitos-no-campo\/#breadcrumb","itemListElement":[{"@type":"ListItem","position":1,"name":"In\u00edcio","item":"https:\/\/www.oarcanjo.net\/site\/"},{"@type":"ListItem","position":2,"name":"Comiss\u00e3o Pastoral da Terra divulga dados sobre os conflitos no campo"}]},{"@type":"WebSite","@id":"https:\/\/www.oarcanjo.net\/site\/#website","url":"https:\/\/www.oarcanjo.net\/site\/","name":"O Arcanjo no ar","description":"Site da Par\u00f3quia S\u00e3o Miguel Arcanjo (Arquidiocese de SP)","publisher":{"@id":"https:\/\/www.oarcanjo.net\/site\/#organization"},"potentialAction":[{"@type":"SearchAction","target":{"@type":"EntryPoint","urlTemplate":"https:\/\/www.oarcanjo.net\/site\/?s={search_term_string}"},"query-input":{"@type":"PropertyValueSpecification","valueRequired":true,"valueName":"search_term_string"}}],"inLanguage":"pt-BR"},{"@type":"Organization","@id":"https:\/\/www.oarcanjo.net\/site\/#organization","name":"Par\u00f3quia S\u00e3o Miguel Arcanjo","url":"https:\/\/www.oarcanjo.net\/site\/","logo":{"@type":"ImageObject","inLanguage":"pt-BR","@id":"https:\/\/www.oarcanjo.net\/site\/#\/schema\/logo\/image\/","url":"https:\/\/www.oarcanjo.net\/site\/wp-content\/uploads\/LogoOArcanjo.png","contentUrl":"https:\/\/www.oarcanjo.net\/site\/wp-content\/uploads\/LogoOArcanjo.png","width":319,"height":99,"caption":"Par\u00f3quia S\u00e3o Miguel Arcanjo"},"image":{"@id":"https:\/\/www.oarcanjo.net\/site\/#\/schema\/logo\/image\/"},"sameAs":["https:\/\/www.facebook.com\/OArcanjoNoAr\/"]},{"@type":"Person","@id":"https:\/\/www.oarcanjo.net\/site\/#\/schema\/person\/f7024d007863202483a31326673a0838","name":"editor","sameAs":["http:\/\/www.oarcanjo.net"]}]}},"publishpress_future_action":{"enabled":false,"date":"2026-05-07 09:55:23","action":"category","newStatus":"draft","terms":[],"taxonomy":"category"},"publishpress_future_workflow_manual_trigger":{"enabledWorkflows":[]},"_links":{"self":[{"href":"https:\/\/www.oarcanjo.net\/site\/wp-json\/wp\/v2\/posts\/3068"}],"collection":[{"href":"https:\/\/www.oarcanjo.net\/site\/wp-json\/wp\/v2\/posts"}],"about":[{"href":"https:\/\/www.oarcanjo.net\/site\/wp-json\/wp\/v2\/types\/post"}],"author":[{"embeddable":true,"href":"https:\/\/www.oarcanjo.net\/site\/wp-json\/wp\/v2\/users\/5"}],"replies":[{"embeddable":true,"href":"https:\/\/www.oarcanjo.net\/site\/wp-json\/wp\/v2\/comments?post=3068"}],"version-history":[{"count":0,"href":"https:\/\/www.oarcanjo.net\/site\/wp-json\/wp\/v2\/posts\/3068\/revisions"}],"wp:attachment":[{"href":"https:\/\/www.oarcanjo.net\/site\/wp-json\/wp\/v2\/media?parent=3068"}],"wp:term":[{"taxonomy":"category","embeddable":true,"href":"https:\/\/www.oarcanjo.net\/site\/wp-json\/wp\/v2\/categories?post=3068"},{"taxonomy":"post_tag","embeddable":true,"href":"https:\/\/www.oarcanjo.net\/site\/wp-json\/wp\/v2\/tags?post=3068"}],"curies":[{"name":"wp","href":"https:\/\/api.w.org\/{rel}","templated":true}]}}