
{"id":3070,"date":"2009-04-28T20:30:27","date_gmt":"2009-04-28T23:30:27","guid":{"rendered":"http:\/\/www.oarcanjo.net\/site\/?p=3070"},"modified":"2009-04-28T22:45:36","modified_gmt":"2009-04-29T01:45:36","slug":"sessao-em-reverencia-a-memoria-de-dom-helder-camara-no-senado-federal","status":"publish","type":"post","link":"https:\/\/www.oarcanjo.net\/site\/sessao-em-reverencia-a-memoria-de-dom-helder-camara-no-senado-federal\/","title":{"rendered":"Sess\u00e3o em rever\u00eancia \u00e0 mem\u00f3ria de Dom Helder Camara no Senado Federal"},"content":{"rendered":"<p>Pe Geovane Saraiva foi convidado a participar da Sess\u00e3o em rever\u00eancia \u00e0 mem\u00f3ria de Dom Helder Camara, pelo transcurso do centen\u00e1rio de seu nascimento, a realizar-se no dia 29 de abril de 2009, quarta-feira, \u00e0s 14 horas, no Plen\u00e1rio do Senado Federal.<\/p>\n<p>A sess\u00e3o realiza-se em virtude da aprova\u00e7\u00e3o, pelo Plen\u00e1rio do Senado, de requerimento de iniciativa dos Senadores In\u00e1cio Arruda, Tasso Jereissati, Cristovam Buarque e outros senhores senadores.<\/p>\n<p>A programa\u00e7\u00e3o destinada a reverenciar o centen\u00e1rio de nascimento de Dom Helder incluir\u00e1 tamb\u00e9m as seguintes iniciativas:<\/p>\n<p>Exposi\u00e7\u00e3o: &#8220;Dom Helder Camara: Mem\u00f3ria e Profecia no seu Centen\u00e1rio . 1909\/2009&#8221;<br \/>\nAbertura: dia 29 de abril, quarta-feira, imediatamente ap\u00f3s a Sess\u00e3o Plen\u00e1ria, no Sal\u00e3o Branco do Senado Federal.<\/p>\n<p>Pr\u00e9-estr\u00e9ia do document\u00e1rio: &#8220;Dom Helder Camara: O Santo Rebelde&#8221;, de Erika Bauer. Dia 29 de abril, quarta-feira, \u00e0s 19h, no Audit\u00f3rio Petr\u00f4nio Portella, Senado Federal.<\/p>\n<div id=\"themify_builder_content-3070\" data-postid=\"3070\" class=\"themify_builder_content themify_builder_content-3070 themify_builder themify_builder_front\">\n\t<\/div>\n<!-- \/themify_builder_content -->","protected":false},"excerpt":{"rendered":"<p>Pe Geovane Saraiva foi convidado a participar da Sess\u00e3o em rever\u00eancia \u00e0 mem\u00f3ria de Dom Helder Camara, pelo transcurso do centen\u00e1rio de seu nascimento, a realizar-se no dia 29 de abril de 2009, quarta-feira, \u00e0s 14 horas, no Plen\u00e1rio do Senado Federal. A sess\u00e3o realiza-se em virtude da aprova\u00e7\u00e3o, pelo Plen\u00e1rio do Senado, de requerimento [&hellip;]<\/p>\n","protected":false},"author":5,"featured_media":0,"comment_status":"open","ping_status":"open","sticky":false,"template":"","format":"standard","meta":{"ngg_post_thumbnail":0,"footnotes":""},"categories":[8],"tags":[356,84],"yoast_head":"<!-- This site is optimized with the Yoast SEO plugin v23.5 - https:\/\/yoast.com\/wordpress\/plugins\/seo\/ -->\n<title>Sess\u00e3o em rever\u00eancia \u00e0 mem\u00f3ria de Dom Helder Camara no Senado Federal  - O Arcanjo no ar<\/title>\n<meta name=\"robots\" content=\"index, follow, max-snippet:-1, max-image-preview:large, max-video-preview:-1\" \/>\n<link rel=\"canonical\" href=\"https:\/\/www.oarcanjo.net\/site\/sessao-em-reverencia-a-memoria-de-dom-helder-camara-no-senado-federal\/\" \/>\n<meta property=\"og:locale\" content=\"pt_BR\" \/>\n<meta property=\"og:type\" content=\"article\" \/>\n<meta property=\"og:title\" content=\"Sess\u00e3o em rever\u00eancia \u00e0 mem\u00f3ria de Dom Helder Camara no Senado Federal  - O Arcanjo no ar\" \/>\n<meta property=\"og:description\" content=\"Pe Geovane Saraiva foi convidado a participar da Sess\u00e3o em rever\u00eancia \u00e0 mem\u00f3ria de Dom Helder Camara, pelo transcurso do centen\u00e1rio de seu nascimento, a realizar-se no dia 29 de abril de 2009, quarta-feira, \u00e0s 14 horas, no Plen\u00e1rio do Senado Federal. A sess\u00e3o realiza-se em virtude da aprova\u00e7\u00e3o, pelo Plen\u00e1rio do Senado, de requerimento [&hellip;]\" \/>\n<meta property=\"og:url\" content=\"https:\/\/www.oarcanjo.net\/site\/sessao-em-reverencia-a-memoria-de-dom-helder-camara-no-senado-federal\/\" \/>\n<meta property=\"og:site_name\" content=\"O Arcanjo no ar\" \/>\n<meta property=\"article:publisher\" content=\"https:\/\/www.facebook.com\/OArcanjoNoAr\/\" \/>\n<meta property=\"article:published_time\" content=\"2009-04-28T23:30:27+00:00\" \/>\n<meta property=\"article:modified_time\" content=\"2009-04-29T01:45:36+00:00\" \/>\n<meta property=\"og:image\" content=\"https:\/\/www.oarcanjo.net\/site\/wp-content\/uploads\/logo-o-arcanjo-no-ar-facebook.png\" \/>\n\t<meta property=\"og:image:width\" content=\"300\" \/>\n\t<meta property=\"og:image:height\" content=\"300\" \/>\n\t<meta property=\"og:image:type\" content=\"image\/png\" \/>\n<meta name=\"author\" content=\"editor\" \/>\n<meta name=\"twitter:card\" content=\"summary_large_image\" \/>\n<meta name=\"twitter:label1\" content=\"Escrito por\" \/>\n\t<meta name=\"twitter:data1\" content=\"editor\" \/>\n\t<meta name=\"twitter:label2\" content=\"Est. tempo de leitura\" \/>\n\t<meta name=\"twitter:data2\" content=\"1 minuto\" \/>\n<script type=\"application\/ld+json\" class=\"yoast-schema-graph\">{\"@context\":\"https:\/\/schema.org\",\"@graph\":[{\"@type\":\"Article\",\"@id\":\"https:\/\/www.oarcanjo.net\/site\/sessao-em-reverencia-a-memoria-de-dom-helder-camara-no-senado-federal\/#article\",\"isPartOf\":{\"@id\":\"https:\/\/www.oarcanjo.net\/site\/sessao-em-reverencia-a-memoria-de-dom-helder-camara-no-senado-federal\/\"},\"author\":{\"name\":\"editor\",\"@id\":\"https:\/\/www.oarcanjo.net\/site\/#\/schema\/person\/f7024d007863202483a31326673a0838\"},\"headline\":\"Sess\u00e3o em rever\u00eancia \u00e0 mem\u00f3ria de Dom Helder Camara no Senado Federal\",\"datePublished\":\"2009-04-28T23:30:27+00:00\",\"dateModified\":\"2009-04-29T01:45:36+00:00\",\"mainEntityOfPage\":{\"@id\":\"https:\/\/www.oarcanjo.net\/site\/sessao-em-reverencia-a-memoria-de-dom-helder-camara-no-senado-federal\/\"},\"wordCount\":170,\"commentCount\":0,\"publisher\":{\"@id\":\"https:\/\/www.oarcanjo.net\/site\/#organization\"},\"keywords\":[\"D. Helder Camara\",\"homenagem\"],\"articleSection\":[\"Not\u00edcias\"],\"inLanguage\":\"pt-BR\",\"potentialAction\":[{\"@type\":\"CommentAction\",\"name\":\"Comment\",\"target\":[\"https:\/\/www.oarcanjo.net\/site\/sessao-em-reverencia-a-memoria-de-dom-helder-camara-no-senado-federal\/#respond\"]}]},{\"@type\":\"WebPage\",\"@id\":\"https:\/\/www.oarcanjo.net\/site\/sessao-em-reverencia-a-memoria-de-dom-helder-camara-no-senado-federal\/\",\"url\":\"https:\/\/www.oarcanjo.net\/site\/sessao-em-reverencia-a-memoria-de-dom-helder-camara-no-senado-federal\/\",\"name\":\"Sess\u00e3o em rever\u00eancia \u00e0 mem\u00f3ria de Dom Helder Camara no Senado Federal - O Arcanjo no ar\",\"isPartOf\":{\"@id\":\"https:\/\/www.oarcanjo.net\/site\/#website\"},\"datePublished\":\"2009-04-28T23:30:27+00:00\",\"dateModified\":\"2009-04-29T01:45:36+00:00\",\"breadcrumb\":{\"@id\":\"https:\/\/www.oarcanjo.net\/site\/sessao-em-reverencia-a-memoria-de-dom-helder-camara-no-senado-federal\/#breadcrumb\"},\"inLanguage\":\"pt-BR\",\"potentialAction\":[{\"@type\":\"ReadAction\",\"target\":[\"https:\/\/www.oarcanjo.net\/site\/sessao-em-reverencia-a-memoria-de-dom-helder-camara-no-senado-federal\/\"]}]},{\"@type\":\"BreadcrumbList\",\"@id\":\"https:\/\/www.oarcanjo.net\/site\/sessao-em-reverencia-a-memoria-de-dom-helder-camara-no-senado-federal\/#breadcrumb\",\"itemListElement\":[{\"@type\":\"ListItem\",\"position\":1,\"name\":\"In\u00edcio\",\"item\":\"https:\/\/www.oarcanjo.net\/site\/\"},{\"@type\":\"ListItem\",\"position\":2,\"name\":\"Sess\u00e3o em rever\u00eancia \u00e0 mem\u00f3ria de Dom Helder Camara no Senado Federal\"}]},{\"@type\":\"WebSite\",\"@id\":\"https:\/\/www.oarcanjo.net\/site\/#website\",\"url\":\"https:\/\/www.oarcanjo.net\/site\/\",\"name\":\"O Arcanjo no ar\",\"description\":\"Site da Par\u00f3quia S\u00e3o Miguel Arcanjo (Arquidiocese de SP)\",\"publisher\":{\"@id\":\"https:\/\/www.oarcanjo.net\/site\/#organization\"},\"potentialAction\":[{\"@type\":\"SearchAction\",\"target\":{\"@type\":\"EntryPoint\",\"urlTemplate\":\"https:\/\/www.oarcanjo.net\/site\/?s={search_term_string}\"},\"query-input\":{\"@type\":\"PropertyValueSpecification\",\"valueRequired\":true,\"valueName\":\"search_term_string\"}}],\"inLanguage\":\"pt-BR\"},{\"@type\":\"Organization\",\"@id\":\"https:\/\/www.oarcanjo.net\/site\/#organization\",\"name\":\"Par\u00f3quia S\u00e3o Miguel Arcanjo\",\"url\":\"https:\/\/www.oarcanjo.net\/site\/\",\"logo\":{\"@type\":\"ImageObject\",\"inLanguage\":\"pt-BR\",\"@id\":\"https:\/\/www.oarcanjo.net\/site\/#\/schema\/logo\/image\/\",\"url\":\"https:\/\/www.oarcanjo.net\/site\/wp-content\/uploads\/LogoOArcanjo.png\",\"contentUrl\":\"https:\/\/www.oarcanjo.net\/site\/wp-content\/uploads\/LogoOArcanjo.png\",\"width\":319,\"height\":99,\"caption\":\"Par\u00f3quia S\u00e3o Miguel Arcanjo\"},\"image\":{\"@id\":\"https:\/\/www.oarcanjo.net\/site\/#\/schema\/logo\/image\/\"},\"sameAs\":[\"https:\/\/www.facebook.com\/OArcanjoNoAr\/\"]},{\"@type\":\"Person\",\"@id\":\"https:\/\/www.oarcanjo.net\/site\/#\/schema\/person\/f7024d007863202483a31326673a0838\",\"name\":\"editor\",\"sameAs\":[\"http:\/\/www.oarcanjo.net\"]}]}<\/script>\n<!-- \/ Yoast SEO plugin. -->","yoast_head_json":{"title":"Sess\u00e3o em rever\u00eancia \u00e0 mem\u00f3ria de Dom Helder Camara no Senado Federal  - O Arcanjo no ar","robots":{"index":"index","follow":"follow","max-snippet":"max-snippet:-1","max-image-preview":"max-image-preview:large","max-video-preview":"max-video-preview:-1"},"canonical":"https:\/\/www.oarcanjo.net\/site\/sessao-em-reverencia-a-memoria-de-dom-helder-camara-no-senado-federal\/","og_locale":"pt_BR","og_type":"article","og_title":"Sess\u00e3o em rever\u00eancia \u00e0 mem\u00f3ria de Dom Helder Camara no Senado Federal  - O Arcanjo no ar","og_description":"Pe Geovane Saraiva foi convidado a participar da Sess\u00e3o em rever\u00eancia \u00e0 mem\u00f3ria de Dom Helder Camara, pelo transcurso do centen\u00e1rio de seu nascimento, a realizar-se no dia 29 de abril de 2009, quarta-feira, \u00e0s 14 horas, no Plen\u00e1rio do Senado Federal. A sess\u00e3o realiza-se em virtude da aprova\u00e7\u00e3o, pelo Plen\u00e1rio do Senado, de requerimento [&hellip;]","og_url":"https:\/\/www.oarcanjo.net\/site\/sessao-em-reverencia-a-memoria-de-dom-helder-camara-no-senado-federal\/","og_site_name":"O Arcanjo no ar","article_publisher":"https:\/\/www.facebook.com\/OArcanjoNoAr\/","article_published_time":"2009-04-28T23:30:27+00:00","article_modified_time":"2009-04-29T01:45:36+00:00","og_image":[{"width":300,"height":300,"url":"https:\/\/www.oarcanjo.net\/site\/wp-content\/uploads\/logo-o-arcanjo-no-ar-facebook.png","type":"image\/png"}],"author":"editor","twitter_card":"summary_large_image","twitter_misc":{"Escrito por":"editor","Est. tempo de leitura":"1 minuto"},"schema":{"@context":"https:\/\/schema.org","@graph":[{"@type":"Article","@id":"https:\/\/www.oarcanjo.net\/site\/sessao-em-reverencia-a-memoria-de-dom-helder-camara-no-senado-federal\/#article","isPartOf":{"@id":"https:\/\/www.oarcanjo.net\/site\/sessao-em-reverencia-a-memoria-de-dom-helder-camara-no-senado-federal\/"},"author":{"name":"editor","@id":"https:\/\/www.oarcanjo.net\/site\/#\/schema\/person\/f7024d007863202483a31326673a0838"},"headline":"Sess\u00e3o em rever\u00eancia \u00e0 mem\u00f3ria de Dom Helder Camara no Senado Federal","datePublished":"2009-04-28T23:30:27+00:00","dateModified":"2009-04-29T01:45:36+00:00","mainEntityOfPage":{"@id":"https:\/\/www.oarcanjo.net\/site\/sessao-em-reverencia-a-memoria-de-dom-helder-camara-no-senado-federal\/"},"wordCount":170,"commentCount":0,"publisher":{"@id":"https:\/\/www.oarcanjo.net\/site\/#organization"},"keywords":["D. Helder Camara","homenagem"],"articleSection":["Not\u00edcias"],"inLanguage":"pt-BR","potentialAction":[{"@type":"CommentAction","name":"Comment","target":["https:\/\/www.oarcanjo.net\/site\/sessao-em-reverencia-a-memoria-de-dom-helder-camara-no-senado-federal\/#respond"]}]},{"@type":"WebPage","@id":"https:\/\/www.oarcanjo.net\/site\/sessao-em-reverencia-a-memoria-de-dom-helder-camara-no-senado-federal\/","url":"https:\/\/www.oarcanjo.net\/site\/sessao-em-reverencia-a-memoria-de-dom-helder-camara-no-senado-federal\/","name":"Sess\u00e3o em rever\u00eancia \u00e0 mem\u00f3ria de Dom Helder Camara no Senado Federal - O Arcanjo no ar","isPartOf":{"@id":"https:\/\/www.oarcanjo.net\/site\/#website"},"datePublished":"2009-04-28T23:30:27+00:00","dateModified":"2009-04-29T01:45:36+00:00","breadcrumb":{"@id":"https:\/\/www.oarcanjo.net\/site\/sessao-em-reverencia-a-memoria-de-dom-helder-camara-no-senado-federal\/#breadcrumb"},"inLanguage":"pt-BR","potentialAction":[{"@type":"ReadAction","target":["https:\/\/www.oarcanjo.net\/site\/sessao-em-reverencia-a-memoria-de-dom-helder-camara-no-senado-federal\/"]}]},{"@type":"BreadcrumbList","@id":"https:\/\/www.oarcanjo.net\/site\/sessao-em-reverencia-a-memoria-de-dom-helder-camara-no-senado-federal\/#breadcrumb","itemListElement":[{"@type":"ListItem","position":1,"name":"In\u00edcio","item":"https:\/\/www.oarcanjo.net\/site\/"},{"@type":"ListItem","position":2,"name":"Sess\u00e3o em rever\u00eancia \u00e0 mem\u00f3ria de Dom Helder Camara no Senado Federal"}]},{"@type":"WebSite","@id":"https:\/\/www.oarcanjo.net\/site\/#website","url":"https:\/\/www.oarcanjo.net\/site\/","name":"O Arcanjo no ar","description":"Site da Par\u00f3quia S\u00e3o Miguel Arcanjo (Arquidiocese de SP)","publisher":{"@id":"https:\/\/www.oarcanjo.net\/site\/#organization"},"potentialAction":[{"@type":"SearchAction","target":{"@type":"EntryPoint","urlTemplate":"https:\/\/www.oarcanjo.net\/site\/?s={search_term_string}"},"query-input":{"@type":"PropertyValueSpecification","valueRequired":true,"valueName":"search_term_string"}}],"inLanguage":"pt-BR"},{"@type":"Organization","@id":"https:\/\/www.oarcanjo.net\/site\/#organization","name":"Par\u00f3quia S\u00e3o Miguel Arcanjo","url":"https:\/\/www.oarcanjo.net\/site\/","logo":{"@type":"ImageObject","inLanguage":"pt-BR","@id":"https:\/\/www.oarcanjo.net\/site\/#\/schema\/logo\/image\/","url":"https:\/\/www.oarcanjo.net\/site\/wp-content\/uploads\/LogoOArcanjo.png","contentUrl":"https:\/\/www.oarcanjo.net\/site\/wp-content\/uploads\/LogoOArcanjo.png","width":319,"height":99,"caption":"Par\u00f3quia S\u00e3o Miguel Arcanjo"},"image":{"@id":"https:\/\/www.oarcanjo.net\/site\/#\/schema\/logo\/image\/"},"sameAs":["https:\/\/www.facebook.com\/OArcanjoNoAr\/"]},{"@type":"Person","@id":"https:\/\/www.oarcanjo.net\/site\/#\/schema\/person\/f7024d007863202483a31326673a0838","name":"editor","sameAs":["http:\/\/www.oarcanjo.net"]}]}},"publishpress_future_action":{"enabled":false,"date":"2026-05-07 14:27:29","action":"category","newStatus":"draft","terms":[],"taxonomy":"category"},"publishpress_future_workflow_manual_trigger":{"enabledWorkflows":[]},"_links":{"self":[{"href":"https:\/\/www.oarcanjo.net\/site\/wp-json\/wp\/v2\/posts\/3070"}],"collection":[{"href":"https:\/\/www.oarcanjo.net\/site\/wp-json\/wp\/v2\/posts"}],"about":[{"href":"https:\/\/www.oarcanjo.net\/site\/wp-json\/wp\/v2\/types\/post"}],"author":[{"embeddable":true,"href":"https:\/\/www.oarcanjo.net\/site\/wp-json\/wp\/v2\/users\/5"}],"replies":[{"embeddable":true,"href":"https:\/\/www.oarcanjo.net\/site\/wp-json\/wp\/v2\/comments?post=3070"}],"version-history":[{"count":0,"href":"https:\/\/www.oarcanjo.net\/site\/wp-json\/wp\/v2\/posts\/3070\/revisions"}],"wp:attachment":[{"href":"https:\/\/www.oarcanjo.net\/site\/wp-json\/wp\/v2\/media?parent=3070"}],"wp:term":[{"taxonomy":"category","embeddable":true,"href":"https:\/\/www.oarcanjo.net\/site\/wp-json\/wp\/v2\/categories?post=3070"},{"taxonomy":"post_tag","embeddable":true,"href":"https:\/\/www.oarcanjo.net\/site\/wp-json\/wp\/v2\/tags?post=3070"}],"curies":[{"name":"wp","href":"https:\/\/api.w.org\/{rel}","templated":true}]}}