
{"id":310,"date":"2008-10-04T08:53:37","date_gmt":"2008-10-04T11:53:37","guid":{"rendered":"http:\/\/www.oarcanjo.net\/site\/?p=310"},"modified":"2008-10-04T08:53:37","modified_gmt":"2008-10-04T11:53:37","slug":"o-4-de-outubro","status":"publish","type":"post","link":"https:\/\/www.oarcanjo.net\/site\/o-4-de-outubro\/","title":{"rendered":"O 4 de outubro"},"content":{"rendered":"<p>Neste dia 4 de outubro muitas s\u00e3o as emo\u00e7\u00f5es e sentimentos que habitam minha mente e meu cora\u00e7\u00e3o.<\/p>\n<p>Neste dia, h\u00e1 um m\u00eas, faleceu meu irm\u00e3o mais novo, Jos\u00e9 Luiz.<\/p>\n<p>A saudade \u00e9 forte, de maneira intensa se faz presente sua aus\u00eancia, seu olhar, sua fragilidade dos \u00faltimos meses e a enorme confian\u00e7a na ora\u00e7\u00e3o e na esperan\u00e7a de melhorar.<\/p>\n<p>A lembran\u00e7a de seu nascimento \u00e9 forte, de sua inf\u00e2ncia e juventude. A idade adulta, o estudo com afinco, o casamento, os filhos, a fam\u00edlia.<\/p>\n<p>Uma de suas caracter\u00edsticas marcantes era a facilidade de fazer amigos e relacionar-se, sempre tinha uma piada nova para contar, um coment\u00e1rio espirituoso para fazer.<\/p>\n<p>O \u00faltimo ano foi seu calv\u00e1rio de dor e sofrimento&#8230; Mas ele n\u00e3o estar\u00e1 sozinho, viveremos sempre em comunh\u00e3o.<\/p>\n<p>Neste dia celebramos a mem\u00f3ria de S\u00e3o Francisco de Assis, com uma vida t\u00e3o pobre e simples, complexa para entender e quase imposs\u00edvel de seguir.<\/p>\n<p>Num mundo dividido e em transforma\u00e7\u00e3o, Francisco decidiu ser empobrecido por amor, solid\u00e1rio com marginalizados e exclu\u00eddos.<\/p>\n<p>Francisco que beijou o leproso e cuidou de suas feridas, chamado de louco, em quem atiravam fezes e urina &#8211; e ele s\u00f3 respondia: Paz a ti!<\/p>\n<p>A sua presen\u00e7a gerou contraste e contradi\u00e7\u00e3o na Igreja, vestido de trapos e descal\u00e7o, como um andrajo chamado de irm\u00e3o Asno.<\/p>\n<p>Francisco via o essencial e o verdadeiro, n\u00e3o se imp\u00f4s a ningu\u00e9m, chamou \u00e0 coer\u00eancia e ao afeto.<\/p>\n<p>Francisco chagado, ferido e incompreendido, bendito irm\u00e3o, que cantava e dan\u00e7ava como um trovador, sem medo de Jesus se fez perfeito seguidor.<\/p>\n<p><em>Pe. J\u00falio Lancellotti<\/em><\/p>\n<div id=\"themify_builder_content-310\" data-postid=\"310\" class=\"themify_builder_content themify_builder_content-310 themify_builder themify_builder_front\">\n\t<\/div>\n<!-- \/themify_builder_content -->","protected":false},"excerpt":{"rendered":"<p>Neste dia 4 de outubro muitas s\u00e3o as emo\u00e7\u00f5es e sentimentos que habitam minha mente e meu cora\u00e7\u00e3o. Neste dia, h\u00e1 um m\u00eas, faleceu meu irm\u00e3o mais novo, Jos\u00e9 Luiz. A saudade \u00e9 forte, de maneira intensa se faz presente sua aus\u00eancia, seu olhar, sua fragilidade dos \u00faltimos meses e a enorme confian\u00e7a na ora\u00e7\u00e3o [&hellip;]<\/p>\n","protected":false},"author":4,"featured_media":0,"comment_status":"open","ping_status":"open","sticky":false,"template":"","format":"standard","meta":{"ngg_post_thumbnail":0,"footnotes":""},"categories":[4],"tags":[31],"yoast_head":"<!-- This site is optimized with the Yoast SEO plugin v23.5 - https:\/\/yoast.com\/wordpress\/plugins\/seo\/ -->\n<title>O 4 de outubro - O Arcanjo no ar<\/title>\n<meta name=\"robots\" content=\"index, follow, max-snippet:-1, max-image-preview:large, max-video-preview:-1\" \/>\n<link rel=\"canonical\" href=\"https:\/\/www.oarcanjo.net\/site\/o-4-de-outubro\/\" \/>\n<meta property=\"og:locale\" content=\"pt_BR\" \/>\n<meta property=\"og:type\" content=\"article\" \/>\n<meta property=\"og:title\" content=\"O 4 de outubro - O Arcanjo no ar\" \/>\n<meta property=\"og:description\" content=\"Neste dia 4 de outubro muitas s\u00e3o as emo\u00e7\u00f5es e sentimentos que habitam minha mente e meu cora\u00e7\u00e3o. Neste dia, h\u00e1 um m\u00eas, faleceu meu irm\u00e3o mais novo, Jos\u00e9 Luiz. A saudade \u00e9 forte, de maneira intensa se faz presente sua aus\u00eancia, seu olhar, sua fragilidade dos \u00faltimos meses e a enorme confian\u00e7a na ora\u00e7\u00e3o [&hellip;]\" \/>\n<meta property=\"og:url\" content=\"https:\/\/www.oarcanjo.net\/site\/o-4-de-outubro\/\" \/>\n<meta property=\"og:site_name\" content=\"O Arcanjo no ar\" \/>\n<meta property=\"article:publisher\" content=\"https:\/\/www.facebook.com\/OArcanjoNoAr\/\" \/>\n<meta property=\"article:published_time\" content=\"2008-10-04T11:53:37+00:00\" \/>\n<meta property=\"og:image\" content=\"https:\/\/www.oarcanjo.net\/site\/wp-content\/uploads\/logo-o-arcanjo-no-ar-facebook.png\" \/>\n\t<meta property=\"og:image:width\" content=\"300\" \/>\n\t<meta property=\"og:image:height\" content=\"300\" \/>\n\t<meta property=\"og:image:type\" content=\"image\/png\" \/>\n<meta name=\"author\" content=\"julio\" \/>\n<meta name=\"twitter:card\" content=\"summary_large_image\" \/>\n<meta name=\"twitter:label1\" content=\"Escrito por\" \/>\n\t<meta name=\"twitter:data1\" content=\"julio\" \/>\n\t<meta name=\"twitter:label2\" content=\"Est. tempo de leitura\" \/>\n\t<meta name=\"twitter:data2\" content=\"1 minuto\" \/>\n<script type=\"application\/ld+json\" class=\"yoast-schema-graph\">{\"@context\":\"https:\/\/schema.org\",\"@graph\":[{\"@type\":\"Article\",\"@id\":\"https:\/\/www.oarcanjo.net\/site\/o-4-de-outubro\/#article\",\"isPartOf\":{\"@id\":\"https:\/\/www.oarcanjo.net\/site\/o-4-de-outubro\/\"},\"author\":{\"name\":\"julio\",\"@id\":\"https:\/\/www.oarcanjo.net\/site\/#\/schema\/person\/d78ea01c648c91e29c364b516767079e\"},\"headline\":\"O 4 de outubro\",\"datePublished\":\"2008-10-04T11:53:37+00:00\",\"dateModified\":\"2008-10-04T11:53:37+00:00\",\"mainEntityOfPage\":{\"@id\":\"https:\/\/www.oarcanjo.net\/site\/o-4-de-outubro\/\"},\"wordCount\":296,\"commentCount\":1,\"publisher\":{\"@id\":\"https:\/\/www.oarcanjo.net\/site\/#organization\"},\"keywords\":[\"s\u00e3o francisco\"],\"articleSection\":[\"Blog\"],\"inLanguage\":\"pt-BR\",\"potentialAction\":[{\"@type\":\"CommentAction\",\"name\":\"Comment\",\"target\":[\"https:\/\/www.oarcanjo.net\/site\/o-4-de-outubro\/#respond\"]}]},{\"@type\":\"WebPage\",\"@id\":\"https:\/\/www.oarcanjo.net\/site\/o-4-de-outubro\/\",\"url\":\"https:\/\/www.oarcanjo.net\/site\/o-4-de-outubro\/\",\"name\":\"O 4 de outubro - O Arcanjo no ar\",\"isPartOf\":{\"@id\":\"https:\/\/www.oarcanjo.net\/site\/#website\"},\"datePublished\":\"2008-10-04T11:53:37+00:00\",\"dateModified\":\"2008-10-04T11:53:37+00:00\",\"breadcrumb\":{\"@id\":\"https:\/\/www.oarcanjo.net\/site\/o-4-de-outubro\/#breadcrumb\"},\"inLanguage\":\"pt-BR\",\"potentialAction\":[{\"@type\":\"ReadAction\",\"target\":[\"https:\/\/www.oarcanjo.net\/site\/o-4-de-outubro\/\"]}]},{\"@type\":\"BreadcrumbList\",\"@id\":\"https:\/\/www.oarcanjo.net\/site\/o-4-de-outubro\/#breadcrumb\",\"itemListElement\":[{\"@type\":\"ListItem\",\"position\":1,\"name\":\"In\u00edcio\",\"item\":\"https:\/\/www.oarcanjo.net\/site\/\"},{\"@type\":\"ListItem\",\"position\":2,\"name\":\"O 4 de outubro\"}]},{\"@type\":\"WebSite\",\"@id\":\"https:\/\/www.oarcanjo.net\/site\/#website\",\"url\":\"https:\/\/www.oarcanjo.net\/site\/\",\"name\":\"O Arcanjo no ar\",\"description\":\"Site da Par\u00f3quia S\u00e3o Miguel Arcanjo (Arquidiocese de SP)\",\"publisher\":{\"@id\":\"https:\/\/www.oarcanjo.net\/site\/#organization\"},\"potentialAction\":[{\"@type\":\"SearchAction\",\"target\":{\"@type\":\"EntryPoint\",\"urlTemplate\":\"https:\/\/www.oarcanjo.net\/site\/?s={search_term_string}\"},\"query-input\":{\"@type\":\"PropertyValueSpecification\",\"valueRequired\":true,\"valueName\":\"search_term_string\"}}],\"inLanguage\":\"pt-BR\"},{\"@type\":\"Organization\",\"@id\":\"https:\/\/www.oarcanjo.net\/site\/#organization\",\"name\":\"Par\u00f3quia S\u00e3o Miguel Arcanjo\",\"url\":\"https:\/\/www.oarcanjo.net\/site\/\",\"logo\":{\"@type\":\"ImageObject\",\"inLanguage\":\"pt-BR\",\"@id\":\"https:\/\/www.oarcanjo.net\/site\/#\/schema\/logo\/image\/\",\"url\":\"https:\/\/www.oarcanjo.net\/site\/wp-content\/uploads\/LogoOArcanjo.png\",\"contentUrl\":\"https:\/\/www.oarcanjo.net\/site\/wp-content\/uploads\/LogoOArcanjo.png\",\"width\":319,\"height\":99,\"caption\":\"Par\u00f3quia S\u00e3o Miguel Arcanjo\"},\"image\":{\"@id\":\"https:\/\/www.oarcanjo.net\/site\/#\/schema\/logo\/image\/\"},\"sameAs\":[\"https:\/\/www.facebook.com\/OArcanjoNoAr\/\"]},{\"@type\":\"Person\",\"@id\":\"https:\/\/www.oarcanjo.net\/site\/#\/schema\/person\/d78ea01c648c91e29c364b516767079e\",\"name\":\"julio\",\"sameAs\":[\"http:\/\/www.oarcanjo.net\"]}]}<\/script>\n<!-- \/ Yoast SEO plugin. -->","yoast_head_json":{"title":"O 4 de outubro - O Arcanjo no ar","robots":{"index":"index","follow":"follow","max-snippet":"max-snippet:-1","max-image-preview":"max-image-preview:large","max-video-preview":"max-video-preview:-1"},"canonical":"https:\/\/www.oarcanjo.net\/site\/o-4-de-outubro\/","og_locale":"pt_BR","og_type":"article","og_title":"O 4 de outubro - O Arcanjo no ar","og_description":"Neste dia 4 de outubro muitas s\u00e3o as emo\u00e7\u00f5es e sentimentos que habitam minha mente e meu cora\u00e7\u00e3o. Neste dia, h\u00e1 um m\u00eas, faleceu meu irm\u00e3o mais novo, Jos\u00e9 Luiz. A saudade \u00e9 forte, de maneira intensa se faz presente sua aus\u00eancia, seu olhar, sua fragilidade dos \u00faltimos meses e a enorme confian\u00e7a na ora\u00e7\u00e3o [&hellip;]","og_url":"https:\/\/www.oarcanjo.net\/site\/o-4-de-outubro\/","og_site_name":"O Arcanjo no ar","article_publisher":"https:\/\/www.facebook.com\/OArcanjoNoAr\/","article_published_time":"2008-10-04T11:53:37+00:00","og_image":[{"width":300,"height":300,"url":"https:\/\/www.oarcanjo.net\/site\/wp-content\/uploads\/logo-o-arcanjo-no-ar-facebook.png","type":"image\/png"}],"author":"julio","twitter_card":"summary_large_image","twitter_misc":{"Escrito por":"julio","Est. tempo de leitura":"1 minuto"},"schema":{"@context":"https:\/\/schema.org","@graph":[{"@type":"Article","@id":"https:\/\/www.oarcanjo.net\/site\/o-4-de-outubro\/#article","isPartOf":{"@id":"https:\/\/www.oarcanjo.net\/site\/o-4-de-outubro\/"},"author":{"name":"julio","@id":"https:\/\/www.oarcanjo.net\/site\/#\/schema\/person\/d78ea01c648c91e29c364b516767079e"},"headline":"O 4 de outubro","datePublished":"2008-10-04T11:53:37+00:00","dateModified":"2008-10-04T11:53:37+00:00","mainEntityOfPage":{"@id":"https:\/\/www.oarcanjo.net\/site\/o-4-de-outubro\/"},"wordCount":296,"commentCount":1,"publisher":{"@id":"https:\/\/www.oarcanjo.net\/site\/#organization"},"keywords":["s\u00e3o francisco"],"articleSection":["Blog"],"inLanguage":"pt-BR","potentialAction":[{"@type":"CommentAction","name":"Comment","target":["https:\/\/www.oarcanjo.net\/site\/o-4-de-outubro\/#respond"]}]},{"@type":"WebPage","@id":"https:\/\/www.oarcanjo.net\/site\/o-4-de-outubro\/","url":"https:\/\/www.oarcanjo.net\/site\/o-4-de-outubro\/","name":"O 4 de outubro - O Arcanjo no ar","isPartOf":{"@id":"https:\/\/www.oarcanjo.net\/site\/#website"},"datePublished":"2008-10-04T11:53:37+00:00","dateModified":"2008-10-04T11:53:37+00:00","breadcrumb":{"@id":"https:\/\/www.oarcanjo.net\/site\/o-4-de-outubro\/#breadcrumb"},"inLanguage":"pt-BR","potentialAction":[{"@type":"ReadAction","target":["https:\/\/www.oarcanjo.net\/site\/o-4-de-outubro\/"]}]},{"@type":"BreadcrumbList","@id":"https:\/\/www.oarcanjo.net\/site\/o-4-de-outubro\/#breadcrumb","itemListElement":[{"@type":"ListItem","position":1,"name":"In\u00edcio","item":"https:\/\/www.oarcanjo.net\/site\/"},{"@type":"ListItem","position":2,"name":"O 4 de outubro"}]},{"@type":"WebSite","@id":"https:\/\/www.oarcanjo.net\/site\/#website","url":"https:\/\/www.oarcanjo.net\/site\/","name":"O Arcanjo no ar","description":"Site da Par\u00f3quia S\u00e3o Miguel Arcanjo (Arquidiocese de SP)","publisher":{"@id":"https:\/\/www.oarcanjo.net\/site\/#organization"},"potentialAction":[{"@type":"SearchAction","target":{"@type":"EntryPoint","urlTemplate":"https:\/\/www.oarcanjo.net\/site\/?s={search_term_string}"},"query-input":{"@type":"PropertyValueSpecification","valueRequired":true,"valueName":"search_term_string"}}],"inLanguage":"pt-BR"},{"@type":"Organization","@id":"https:\/\/www.oarcanjo.net\/site\/#organization","name":"Par\u00f3quia S\u00e3o Miguel Arcanjo","url":"https:\/\/www.oarcanjo.net\/site\/","logo":{"@type":"ImageObject","inLanguage":"pt-BR","@id":"https:\/\/www.oarcanjo.net\/site\/#\/schema\/logo\/image\/","url":"https:\/\/www.oarcanjo.net\/site\/wp-content\/uploads\/LogoOArcanjo.png","contentUrl":"https:\/\/www.oarcanjo.net\/site\/wp-content\/uploads\/LogoOArcanjo.png","width":319,"height":99,"caption":"Par\u00f3quia S\u00e3o Miguel Arcanjo"},"image":{"@id":"https:\/\/www.oarcanjo.net\/site\/#\/schema\/logo\/image\/"},"sameAs":["https:\/\/www.facebook.com\/OArcanjoNoAr\/"]},{"@type":"Person","@id":"https:\/\/www.oarcanjo.net\/site\/#\/schema\/person\/d78ea01c648c91e29c364b516767079e","name":"julio","sameAs":["http:\/\/www.oarcanjo.net"]}]}},"publishpress_future_action":{"enabled":false,"date":"2026-05-08 02:47:29","action":"category","newStatus":"draft","terms":[],"taxonomy":"category"},"publishpress_future_workflow_manual_trigger":{"enabledWorkflows":[]},"_links":{"self":[{"href":"https:\/\/www.oarcanjo.net\/site\/wp-json\/wp\/v2\/posts\/310"}],"collection":[{"href":"https:\/\/www.oarcanjo.net\/site\/wp-json\/wp\/v2\/posts"}],"about":[{"href":"https:\/\/www.oarcanjo.net\/site\/wp-json\/wp\/v2\/types\/post"}],"author":[{"embeddable":true,"href":"https:\/\/www.oarcanjo.net\/site\/wp-json\/wp\/v2\/users\/4"}],"replies":[{"embeddable":true,"href":"https:\/\/www.oarcanjo.net\/site\/wp-json\/wp\/v2\/comments?post=310"}],"version-history":[{"count":0,"href":"https:\/\/www.oarcanjo.net\/site\/wp-json\/wp\/v2\/posts\/310\/revisions"}],"wp:attachment":[{"href":"https:\/\/www.oarcanjo.net\/site\/wp-json\/wp\/v2\/media?parent=310"}],"wp:term":[{"taxonomy":"category","embeddable":true,"href":"https:\/\/www.oarcanjo.net\/site\/wp-json\/wp\/v2\/categories?post=310"},{"taxonomy":"post_tag","embeddable":true,"href":"https:\/\/www.oarcanjo.net\/site\/wp-json\/wp\/v2\/tags?post=310"}],"curies":[{"name":"wp","href":"https:\/\/api.w.org\/{rel}","templated":true}]}}