
{"id":3101,"date":"2009-04-29T08:03:54","date_gmt":"2009-04-29T11:03:54","guid":{"rendered":"http:\/\/www.oarcanjo.net\/site\/?p=3101"},"modified":"2009-04-29T09:09:34","modified_gmt":"2009-04-29T12:09:34","slug":"ano-catequetico-nacional","status":"publish","type":"post","link":"https:\/\/www.oarcanjo.net\/site\/ano-catequetico-nacional\/","title":{"rendered":"Ano Catequ\u00e9tico Nacional"},"content":{"rendered":"<p><object width=\"480\" height=\"385\"><param name=\"movie\" value=\"http:\/\/www.youtube.com\/v\/gBMJgv_t_Cw&#038;hl=pt-br&#038;fs=1&#038;rel=0&#038;color1=0xe1600f&#038;color2=0xfebd01\"><\/param><param name=\"allowFullScreen\" value=\"true\"><\/param><param name=\"allowscriptaccess\" value=\"always\"><\/param><embed src=\"http:\/\/www.youtube.com\/v\/gBMJgv_t_Cw&#038;hl=pt-br&#038;fs=1&#038;rel=0&#038;color1=0xe1600f&#038;color2=0xfebd01\" type=\"application\/x-shockwave-flash\" allowscriptaccess=\"always\" allowfullscreen=\"true\" width=\"480\" height=\"385\"><\/embed><\/object><\/p>\n<p>Em 2006, a CNBB, em sua 44\u00aa Assembleia Geral dos Bispos aprovou por unanimidade a realiza\u00e7\u00e3o de um <strong>Ano Catequ\u00e9tico Nacional<\/strong> para 2009, celebrando o cinquenten\u00e1rio do primeiro Ano Catequ\u00e9tico, ocorrido em 1959.<\/p>\n<p>O Ano Catequ\u00e9tico n\u00e3o quer ser um evento isolado. Ele est\u00e1 relacionado, entre outros, com os seguintes documentos e eventos:<\/p>\n<p>* Confer\u00eancia de Aparecida<\/p>\n<p>* Diretrizes Gerais da A\u00e7\u00e3o Evangelizadora da Igreja no Brasil<\/p>\n<p>* Campanha da Fraternidade 2009<\/p>\n<p>* 30 anos da Exorta\u00e7\u00e3o Apost\u00f3lica de Jo\u00e3o Paulo II, Catechesi Tradendae<\/p>\n<p>* 30 anos da Confer\u00eancia de Puebla<\/p>\n<p>* Terceira Semana Brasileira de Catequese<\/p>\n<p>* S\u00ednodo dos Bispos de 2008<\/p>\n<p>* 12\u00ba Intereclesial de CEBs<\/p>\n<p>O Ano Catequ\u00e9tico Nacional quer despertar em todos os crist\u00e3os, catequistas de primeira eucaristia, perseveran\u00e7a, crisma, adultos e portadores de defici\u00eancia e demais agentes de pastoral a consci\u00eancia da import\u00e2ncia do amadurecimento na f\u00e9, vivida no seio de uma comunidade, empenhada em irradiar a vida em Cristo para toda a sociedade. Quer tamb\u00e9m acentuar o primado da Palavra de Deus na vida da Igreja, cultivar a dimens\u00e3o lit\u00fargica da catequese e suscitar em todos os servi\u00e7os de pastoral a integra\u00e7\u00e3o e explicita\u00e7\u00e3o da dimens\u00e3o b\u00edblico-catequ\u00e9tica inerente a toda e qualquer a\u00e7\u00e3o eclesial, na perspectiva da pastoral de conjunto.<\/p>\n<p><strong>Objetivos<\/strong><\/p>\n<p>O objetivo geral do <strong>Ano Catequ\u00e9tico Nacional<\/strong> \u00e9 dar novo impulso \u00e0 catequese como servi\u00e7o eclesial e como caminho para o discipulado.<\/p>\n<p>A catequese, come\u00e7ando pela inicia\u00e7\u00e3o crist\u00e3 e chegando a constituir-se em um processo de forma\u00e7\u00e3o permanente, \u00e9 caminho de encontro pessoal e comunit\u00e1rio com Jesus Cristo, que \u00e9 capaz de mudar nossa vida, levar ao engajamento na comunidade eclesial e ao compromisso mission\u00e1rio. Quem se encontra com Ele, p\u00f5e-se a caminho em dire\u00e7\u00e3o aos irm\u00e3os, \u00e0 comunidade e \u00e0 miss\u00e3o. Faz a experi\u00eancia do discipulado, como seguimento do caminho, pois \u00e9 neste caminho que Cristo faz o cora\u00e7\u00e3o arder e o disc\u00edpulo mergulhar, de modo cada vez mais profundo, nas Escrituras, na liturgia, na teologia, na evangeliza\u00e7\u00e3o e no compromisso pastoral, fruto da experi\u00eancia do partir o p\u00e3o.<\/p>\n<p>O <a href=\"http:\/\/www.oarcanjo.net\/site\/index.php\/destaque\/10-plano-de-pastoral-para-ser-igreja-missionaria\/\">10\u00ba Plano de Pastoral da Arquidiocese de S\u00e3o Paulo<\/a> nos estimula a sermos uma Igreja em estado permanente de miss\u00e3o, na realidade urbana de nossa cidade, onde h\u00e1 grandes desafios e problemas, mas tamb\u00e9m oportunidades extraordin\u00e1rias para a a\u00e7\u00e3o evangelizadora. A catequese se constitui parte indispens\u00e1vel da miss\u00e3o. A preocupa\u00e7\u00e3o, o empenho e zelo para com a catequese nos permitem intensificar sua a\u00e7\u00e3o mission\u00e1ria que se faz cada vez mais necess\u00e1ria.<\/p>\n<p>Precisamos educar nossa sociedade, tendo presente o princ\u00edpio da intera\u00e7\u00e3o f\u00e9 e vida, para que todos percebam que n\u00e3o estamos sozinhos, pois acreditamos que Deus habita esta cidade e ama o seu povo. \u00c9 nossa miss\u00e3o fazer esse an\u00fancio e proporcionar a experi\u00eancia do encontro com Cristo que participa da nossa caminhada. Por meio da catequese seremos sempre mais disc\u00edpulos mission\u00e1rios de Jesus Cristo.<\/p>\n<p><em>Conhe\u00e7a a <a href=\"http:\/\/www.oarcanjo.net\/site\/index.php\/oracoes\/oracao-do-ano-catequetico\/\">Ora\u00e7\u00e3o do Ano Catequ\u00e9tico<\/em><\/a><\/p>\n<hr \/>\n<p><strong>Programa\u00e7\u00e3o<\/strong><\/p>\n<p>A abertura do Ano Catequ\u00e9tico aconteceu dia 19 abril, com celebra\u00e7\u00e3o na Catedral da S\u00e9, quando foi entregue simbolicamente uma chama que percorrer\u00e1 as Regi\u00f5es da Arquidiocese para ser sinal vivo do Cristo Ressuscitado que ilumina a miss\u00e3o da Igreja. A chama estar\u00e1 nas Regi\u00f5es Episcopais nos per\u00edodos abaixo:<\/p>\n<p>* 19\/04 a 17\/05 &#8211; Regi\u00e3o S\u00e9<br \/>\n* 18\/05 a 21\/06 &#8211; Regi\u00e3o Bel\u00e9m<br \/>\n* 22\/06 a 26\/07 &#8211; Regi\u00e3o Santana<br \/>\n* 27\/07 a 30\/08 &#8211; Regi\u00e3o Brasil\u00e2ndia<br \/>\n* 31\/08 a 04\/10 &#8211; Regi\u00e3o Lapa<br \/>\n* 05\/10 a 08\/11 &#8211; Regi\u00e3o Ipiranga<\/p>\n<p>No dia 30 de agosto, haver\u00e1 Romaria ao Santu\u00e1rio de Aparecida, com missa celebrada \u00e0s 10h.<\/p>\n<p>O encerramento do Ano Catequ\u00e9tico ser\u00e1 dia 22 de novembro nas par\u00f3quias.<\/p>\n<div id=\"themify_builder_content-3101\" data-postid=\"3101\" class=\"themify_builder_content themify_builder_content-3101 themify_builder themify_builder_front\">\n\t<\/div>\n<!-- \/themify_builder_content -->","protected":false},"excerpt":{"rendered":"<p>Em 2006, a CNBB, em sua 44\u00aa Assembleia Geral dos Bispos aprovou por unanimidade a realiza\u00e7\u00e3o de um Ano Catequ\u00e9tico Nacional para 2009, celebrando o cinquenten\u00e1rio do primeiro Ano Catequ\u00e9tico, ocorrido em 1959. O Ano Catequ\u00e9tico n\u00e3o quer ser um evento isolado. Ele est\u00e1 relacionado, entre outros, com os seguintes documentos e eventos: * Confer\u00eancia [&hellip;]<\/p>\n","protected":false},"author":5,"featured_media":0,"comment_status":"open","ping_status":"open","sticky":false,"template":"","format":"standard","meta":{"ngg_post_thumbnail":0,"footnotes":""},"categories":[3,8,280],"tags":[570,569,235,239,229,323,314,63,126,3204,498,506],"yoast_head":"<!-- This site is optimized with the Yoast SEO plugin v23.5 - https:\/\/yoast.com\/wordpress\/plugins\/seo\/ -->\n<title>Ano Catequ\u00e9tico Nacional - O Arcanjo no ar<\/title>\n<meta name=\"robots\" content=\"index, follow, max-snippet:-1, max-image-preview:large, max-video-preview:-1\" \/>\n<link rel=\"canonical\" href=\"https:\/\/www.oarcanjo.net\/site\/ano-catequetico-nacional\/\" \/>\n<meta property=\"og:locale\" content=\"pt_BR\" \/>\n<meta property=\"og:type\" content=\"article\" \/>\n<meta property=\"og:title\" content=\"Ano Catequ\u00e9tico Nacional - O Arcanjo no ar\" \/>\n<meta property=\"og:description\" content=\"Em 2006, a CNBB, em sua 44\u00aa Assembleia Geral dos Bispos aprovou por unanimidade a realiza\u00e7\u00e3o de um Ano Catequ\u00e9tico Nacional para 2009, celebrando o cinquenten\u00e1rio do primeiro Ano Catequ\u00e9tico, ocorrido em 1959. O Ano Catequ\u00e9tico n\u00e3o quer ser um evento isolado. Ele est\u00e1 relacionado, entre outros, com os seguintes documentos e eventos: * Confer\u00eancia [&hellip;]\" \/>\n<meta property=\"og:url\" content=\"https:\/\/www.oarcanjo.net\/site\/ano-catequetico-nacional\/\" \/>\n<meta property=\"og:site_name\" content=\"O Arcanjo no ar\" \/>\n<meta property=\"article:publisher\" content=\"https:\/\/www.facebook.com\/OArcanjoNoAr\/\" \/>\n<meta property=\"article:published_time\" content=\"2009-04-29T11:03:54+00:00\" \/>\n<meta property=\"article:modified_time\" content=\"2009-04-29T12:09:34+00:00\" \/>\n<meta property=\"og:image\" content=\"https:\/\/www.oarcanjo.net\/site\/wp-content\/uploads\/logo-o-arcanjo-no-ar-facebook.png\" \/>\n\t<meta property=\"og:image:width\" content=\"300\" \/>\n\t<meta property=\"og:image:height\" content=\"300\" \/>\n\t<meta property=\"og:image:type\" content=\"image\/png\" \/>\n<meta name=\"author\" content=\"editor\" \/>\n<meta name=\"twitter:card\" content=\"summary_large_image\" \/>\n<meta name=\"twitter:label1\" content=\"Escrito por\" \/>\n\t<meta name=\"twitter:data1\" content=\"editor\" \/>\n\t<meta name=\"twitter:label2\" content=\"Est. tempo de leitura\" \/>\n\t<meta name=\"twitter:data2\" content=\"3 minutos\" \/>\n<script type=\"application\/ld+json\" class=\"yoast-schema-graph\">{\"@context\":\"https:\/\/schema.org\",\"@graph\":[{\"@type\":\"Article\",\"@id\":\"https:\/\/www.oarcanjo.net\/site\/ano-catequetico-nacional\/#article\",\"isPartOf\":{\"@id\":\"https:\/\/www.oarcanjo.net\/site\/ano-catequetico-nacional\/\"},\"author\":{\"name\":\"editor\",\"@id\":\"https:\/\/www.oarcanjo.net\/site\/#\/schema\/person\/f7024d007863202483a31326673a0838\"},\"headline\":\"Ano Catequ\u00e9tico Nacional\",\"datePublished\":\"2009-04-29T11:03:54+00:00\",\"dateModified\":\"2009-04-29T12:09:34+00:00\",\"mainEntityOfPage\":{\"@id\":\"https:\/\/www.oarcanjo.net\/site\/ano-catequetico-nacional\/\"},\"wordCount\":642,\"commentCount\":0,\"publisher\":{\"@id\":\"https:\/\/www.oarcanjo.net\/site\/#organization\"},\"keywords\":[\"10 Plano de Pastoral\",\"Ano Catequ\u00e9tico Nacional\",\"Aparecida\",\"Arquidiocese de S\u00e3o Paulo\",\"Campanha da Fraternidade\",\"Catequese\",\"CEBs\",\"CNBB\",\"forma\u00e7\u00e3o\",\"Liturgia\",\"miss\u00e3o\",\"Puebla\"],\"articleSection\":[\"Destaques\",\"Not\u00edcias\",\"V\u00eddeos\"],\"inLanguage\":\"pt-BR\",\"potentialAction\":[{\"@type\":\"CommentAction\",\"name\":\"Comment\",\"target\":[\"https:\/\/www.oarcanjo.net\/site\/ano-catequetico-nacional\/#respond\"]}]},{\"@type\":\"WebPage\",\"@id\":\"https:\/\/www.oarcanjo.net\/site\/ano-catequetico-nacional\/\",\"url\":\"https:\/\/www.oarcanjo.net\/site\/ano-catequetico-nacional\/\",\"name\":\"Ano Catequ\u00e9tico Nacional - O Arcanjo no ar\",\"isPartOf\":{\"@id\":\"https:\/\/www.oarcanjo.net\/site\/#website\"},\"datePublished\":\"2009-04-29T11:03:54+00:00\",\"dateModified\":\"2009-04-29T12:09:34+00:00\",\"breadcrumb\":{\"@id\":\"https:\/\/www.oarcanjo.net\/site\/ano-catequetico-nacional\/#breadcrumb\"},\"inLanguage\":\"pt-BR\",\"potentialAction\":[{\"@type\":\"ReadAction\",\"target\":[\"https:\/\/www.oarcanjo.net\/site\/ano-catequetico-nacional\/\"]}]},{\"@type\":\"BreadcrumbList\",\"@id\":\"https:\/\/www.oarcanjo.net\/site\/ano-catequetico-nacional\/#breadcrumb\",\"itemListElement\":[{\"@type\":\"ListItem\",\"position\":1,\"name\":\"In\u00edcio\",\"item\":\"https:\/\/www.oarcanjo.net\/site\/\"},{\"@type\":\"ListItem\",\"position\":2,\"name\":\"Ano Catequ\u00e9tico Nacional\"}]},{\"@type\":\"WebSite\",\"@id\":\"https:\/\/www.oarcanjo.net\/site\/#website\",\"url\":\"https:\/\/www.oarcanjo.net\/site\/\",\"name\":\"O Arcanjo no ar\",\"description\":\"Site da Par\u00f3quia S\u00e3o Miguel Arcanjo (Arquidiocese de SP)\",\"publisher\":{\"@id\":\"https:\/\/www.oarcanjo.net\/site\/#organization\"},\"potentialAction\":[{\"@type\":\"SearchAction\",\"target\":{\"@type\":\"EntryPoint\",\"urlTemplate\":\"https:\/\/www.oarcanjo.net\/site\/?s={search_term_string}\"},\"query-input\":{\"@type\":\"PropertyValueSpecification\",\"valueRequired\":true,\"valueName\":\"search_term_string\"}}],\"inLanguage\":\"pt-BR\"},{\"@type\":\"Organization\",\"@id\":\"https:\/\/www.oarcanjo.net\/site\/#organization\",\"name\":\"Par\u00f3quia S\u00e3o Miguel Arcanjo\",\"url\":\"https:\/\/www.oarcanjo.net\/site\/\",\"logo\":{\"@type\":\"ImageObject\",\"inLanguage\":\"pt-BR\",\"@id\":\"https:\/\/www.oarcanjo.net\/site\/#\/schema\/logo\/image\/\",\"url\":\"https:\/\/www.oarcanjo.net\/site\/wp-content\/uploads\/LogoOArcanjo.png\",\"contentUrl\":\"https:\/\/www.oarcanjo.net\/site\/wp-content\/uploads\/LogoOArcanjo.png\",\"width\":319,\"height\":99,\"caption\":\"Par\u00f3quia S\u00e3o Miguel Arcanjo\"},\"image\":{\"@id\":\"https:\/\/www.oarcanjo.net\/site\/#\/schema\/logo\/image\/\"},\"sameAs\":[\"https:\/\/www.facebook.com\/OArcanjoNoAr\/\"]},{\"@type\":\"Person\",\"@id\":\"https:\/\/www.oarcanjo.net\/site\/#\/schema\/person\/f7024d007863202483a31326673a0838\",\"name\":\"editor\",\"sameAs\":[\"http:\/\/www.oarcanjo.net\"]}]}<\/script>\n<!-- \/ Yoast SEO plugin. -->","yoast_head_json":{"title":"Ano Catequ\u00e9tico Nacional - O Arcanjo no ar","robots":{"index":"index","follow":"follow","max-snippet":"max-snippet:-1","max-image-preview":"max-image-preview:large","max-video-preview":"max-video-preview:-1"},"canonical":"https:\/\/www.oarcanjo.net\/site\/ano-catequetico-nacional\/","og_locale":"pt_BR","og_type":"article","og_title":"Ano Catequ\u00e9tico Nacional - O Arcanjo no ar","og_description":"Em 2006, a CNBB, em sua 44\u00aa Assembleia Geral dos Bispos aprovou por unanimidade a realiza\u00e7\u00e3o de um Ano Catequ\u00e9tico Nacional para 2009, celebrando o cinquenten\u00e1rio do primeiro Ano Catequ\u00e9tico, ocorrido em 1959. O Ano Catequ\u00e9tico n\u00e3o quer ser um evento isolado. Ele est\u00e1 relacionado, entre outros, com os seguintes documentos e eventos: * Confer\u00eancia [&hellip;]","og_url":"https:\/\/www.oarcanjo.net\/site\/ano-catequetico-nacional\/","og_site_name":"O Arcanjo no ar","article_publisher":"https:\/\/www.facebook.com\/OArcanjoNoAr\/","article_published_time":"2009-04-29T11:03:54+00:00","article_modified_time":"2009-04-29T12:09:34+00:00","og_image":[{"width":300,"height":300,"url":"https:\/\/www.oarcanjo.net\/site\/wp-content\/uploads\/logo-o-arcanjo-no-ar-facebook.png","type":"image\/png"}],"author":"editor","twitter_card":"summary_large_image","twitter_misc":{"Escrito por":"editor","Est. tempo de leitura":"3 minutos"},"schema":{"@context":"https:\/\/schema.org","@graph":[{"@type":"Article","@id":"https:\/\/www.oarcanjo.net\/site\/ano-catequetico-nacional\/#article","isPartOf":{"@id":"https:\/\/www.oarcanjo.net\/site\/ano-catequetico-nacional\/"},"author":{"name":"editor","@id":"https:\/\/www.oarcanjo.net\/site\/#\/schema\/person\/f7024d007863202483a31326673a0838"},"headline":"Ano Catequ\u00e9tico Nacional","datePublished":"2009-04-29T11:03:54+00:00","dateModified":"2009-04-29T12:09:34+00:00","mainEntityOfPage":{"@id":"https:\/\/www.oarcanjo.net\/site\/ano-catequetico-nacional\/"},"wordCount":642,"commentCount":0,"publisher":{"@id":"https:\/\/www.oarcanjo.net\/site\/#organization"},"keywords":["10 Plano de Pastoral","Ano Catequ\u00e9tico Nacional","Aparecida","Arquidiocese de S\u00e3o Paulo","Campanha da Fraternidade","Catequese","CEBs","CNBB","forma\u00e7\u00e3o","Liturgia","miss\u00e3o","Puebla"],"articleSection":["Destaques","Not\u00edcias","V\u00eddeos"],"inLanguage":"pt-BR","potentialAction":[{"@type":"CommentAction","name":"Comment","target":["https:\/\/www.oarcanjo.net\/site\/ano-catequetico-nacional\/#respond"]}]},{"@type":"WebPage","@id":"https:\/\/www.oarcanjo.net\/site\/ano-catequetico-nacional\/","url":"https:\/\/www.oarcanjo.net\/site\/ano-catequetico-nacional\/","name":"Ano Catequ\u00e9tico Nacional - O Arcanjo no ar","isPartOf":{"@id":"https:\/\/www.oarcanjo.net\/site\/#website"},"datePublished":"2009-04-29T11:03:54+00:00","dateModified":"2009-04-29T12:09:34+00:00","breadcrumb":{"@id":"https:\/\/www.oarcanjo.net\/site\/ano-catequetico-nacional\/#breadcrumb"},"inLanguage":"pt-BR","potentialAction":[{"@type":"ReadAction","target":["https:\/\/www.oarcanjo.net\/site\/ano-catequetico-nacional\/"]}]},{"@type":"BreadcrumbList","@id":"https:\/\/www.oarcanjo.net\/site\/ano-catequetico-nacional\/#breadcrumb","itemListElement":[{"@type":"ListItem","position":1,"name":"In\u00edcio","item":"https:\/\/www.oarcanjo.net\/site\/"},{"@type":"ListItem","position":2,"name":"Ano Catequ\u00e9tico Nacional"}]},{"@type":"WebSite","@id":"https:\/\/www.oarcanjo.net\/site\/#website","url":"https:\/\/www.oarcanjo.net\/site\/","name":"O Arcanjo no ar","description":"Site da Par\u00f3quia S\u00e3o Miguel Arcanjo (Arquidiocese de SP)","publisher":{"@id":"https:\/\/www.oarcanjo.net\/site\/#organization"},"potentialAction":[{"@type":"SearchAction","target":{"@type":"EntryPoint","urlTemplate":"https:\/\/www.oarcanjo.net\/site\/?s={search_term_string}"},"query-input":{"@type":"PropertyValueSpecification","valueRequired":true,"valueName":"search_term_string"}}],"inLanguage":"pt-BR"},{"@type":"Organization","@id":"https:\/\/www.oarcanjo.net\/site\/#organization","name":"Par\u00f3quia S\u00e3o Miguel Arcanjo","url":"https:\/\/www.oarcanjo.net\/site\/","logo":{"@type":"ImageObject","inLanguage":"pt-BR","@id":"https:\/\/www.oarcanjo.net\/site\/#\/schema\/logo\/image\/","url":"https:\/\/www.oarcanjo.net\/site\/wp-content\/uploads\/LogoOArcanjo.png","contentUrl":"https:\/\/www.oarcanjo.net\/site\/wp-content\/uploads\/LogoOArcanjo.png","width":319,"height":99,"caption":"Par\u00f3quia S\u00e3o Miguel Arcanjo"},"image":{"@id":"https:\/\/www.oarcanjo.net\/site\/#\/schema\/logo\/image\/"},"sameAs":["https:\/\/www.facebook.com\/OArcanjoNoAr\/"]},{"@type":"Person","@id":"https:\/\/www.oarcanjo.net\/site\/#\/schema\/person\/f7024d007863202483a31326673a0838","name":"editor","sameAs":["http:\/\/www.oarcanjo.net"]}]}},"publishpress_future_action":{"enabled":false,"date":"2026-05-07 07:53:04","action":"category","newStatus":"draft","terms":[],"taxonomy":"category"},"publishpress_future_workflow_manual_trigger":{"enabledWorkflows":[]},"_links":{"self":[{"href":"https:\/\/www.oarcanjo.net\/site\/wp-json\/wp\/v2\/posts\/3101"}],"collection":[{"href":"https:\/\/www.oarcanjo.net\/site\/wp-json\/wp\/v2\/posts"}],"about":[{"href":"https:\/\/www.oarcanjo.net\/site\/wp-json\/wp\/v2\/types\/post"}],"author":[{"embeddable":true,"href":"https:\/\/www.oarcanjo.net\/site\/wp-json\/wp\/v2\/users\/5"}],"replies":[{"embeddable":true,"href":"https:\/\/www.oarcanjo.net\/site\/wp-json\/wp\/v2\/comments?post=3101"}],"version-history":[{"count":0,"href":"https:\/\/www.oarcanjo.net\/site\/wp-json\/wp\/v2\/posts\/3101\/revisions"}],"wp:attachment":[{"href":"https:\/\/www.oarcanjo.net\/site\/wp-json\/wp\/v2\/media?parent=3101"}],"wp:term":[{"taxonomy":"category","embeddable":true,"href":"https:\/\/www.oarcanjo.net\/site\/wp-json\/wp\/v2\/categories?post=3101"},{"taxonomy":"post_tag","embeddable":true,"href":"https:\/\/www.oarcanjo.net\/site\/wp-json\/wp\/v2\/tags?post=3101"}],"curies":[{"name":"wp","href":"https:\/\/api.w.org\/{rel}","templated":true}]}}