
{"id":3131,"date":"2009-04-29T20:13:37","date_gmt":"2009-04-29T23:13:37","guid":{"rendered":"http:\/\/www.oarcanjo.net\/site\/?p=3131"},"modified":"2009-04-29T20:13:37","modified_gmt":"2009-04-29T23:13:37","slug":"mensagem-da-cnbb-para-o-dia-do-trabalhador","status":"publish","type":"post","link":"https:\/\/www.oarcanjo.net\/site\/mensagem-da-cnbb-para-o-dia-do-trabalhador\/","title":{"rendered":"Mensagem da CNBB para o Dia do Trabalhador"},"content":{"rendered":"<p><em>&#8220;O sal\u00e1rio que v\u00f3s deixastes de pagar est\u00e1 gritando e o clamor dos trabalhadores chegou aos ouvidos do Senhor&#8221; (Tg 5,4).<br \/>\n<\/em><\/p>\n<p>Ao celebrar o Dia do Trabalhador, a CNBB confirma seu compromisso em favor dos direitos sociais do povo e, em especial, dos direitos trabalhistas e dos esfor\u00e7os para consolidar as suas organiza\u00e7\u00f5es. Expressa tamb\u00e9m a solidariedade com todos os desempregados, v\u00edtimas da crise ou dos que se aproveitam dela. Os princ\u00edpios da Doutrina Social da Igreja &#8211; a dignidade da pessoa humana, a destina\u00e7\u00e3o universal dos bens da terra e a prioridade do trabalho sobre o capital &#8211; inspiram alternativas para uma nova ordem econ\u00f4mica, em vista de um mundo justo e solid\u00e1rio.<\/p>\n<p>Neste ano, o dia 1\u00ba de maio acontece no contexto da crise que assola o conjunto da economia mundial. A crise mostra a sua face mais cruel ao se deslocar do capital financeiro para o setor produtivo, dizimando milhares de postos de trabalho, na cidade e no campo. Os pa\u00edses e as popula\u00e7\u00f5es pobres sofrem mais diretamente as conseq\u00fc\u00eancias do atual modelo capitalista de desenvolvimento, incapaz de assegurar a dignidade humana, garantir os direitos sociais b\u00e1sicos e preservar a vida em nosso planeta. <\/p>\n<p>Na origem da crise est\u00e3o o sistema neoliberal globalizado e a falta de \u00e9tica na economia e na regulamenta\u00e7\u00e3o do mercado, gerando corrup\u00e7\u00e3o e especula\u00e7\u00e3o. O mercado financeiro, na medida em que comanda as rela\u00e7\u00f5es dos seres humanos entre si e com a natureza, refor\u00e7a o consumismo comprometendo a justi\u00e7a social e o equil\u00edbrio ambiental. A crise financeira e econ\u00f4mica \u00e9 apenas uma parte da crise mais profunda que \u00e9 social, pol\u00edtica, cultural, ambiental, \u00e9tica e espiritual. Todas essas dimens\u00f5es devem ser consideradas com coragem e lucidez, na busca de uma sa\u00edda sustent\u00e1vel.<\/p>\n<p>A crise atinge, sobretudo, os trabalhadores, os pobres, as pequenas e m\u00e9dias empresas. Os bancos recebem verbas milion\u00e1rias dos governos para salvar o sistema financeiro. No entanto continuam as demiss\u00f5es, levando muitas pessoas a buscarem sua sobreviv\u00eancia no trabalho informal. Tal situa\u00e7\u00e3o corre o risco de ser agravada, caso seja aprovada a Proposta de Emenda Constitucional sobre a Reforma Tribut\u00e1ria, do modo como est\u00e1 sendo apresentada. Ela atingiria o cerne do sistema de Seguridade Social e reduziria gravemente a prote\u00e7\u00e3o de mais de 36 milh\u00f5es de trabalhadores aposentados e pensionistas. <\/p>\n<p>Os tempos atuais, mesmo dif\u00edceis, representam oportunidades para as mudan\u00e7as necess\u00e1rias em dire\u00e7\u00e3o a uma nova ordem econ\u00f4mica. Nesse contexto, a Igreja faz ressoar o clamor dos trabalhadores por vida e dignidade. As aspira\u00e7\u00f5es do povo trabalhador, por meio de suas organiza\u00e7\u00f5es, indicam caminhos para a consolida\u00e7\u00e3o dos direitos, tais como: n\u00e3o \u00e0s demiss\u00f5es, valoriza\u00e7\u00e3o das aposentadorias, queda nos juros, redu\u00e7\u00e3o da jornada de trabalho sem redu\u00e7\u00e3o dos sal\u00e1rios, reforma agr\u00e1ria e fortalecimento da agricultura familiar e agro-ecol\u00f3gica, combate ao trabalho escravo e degradante, valoriza\u00e7\u00e3o dos movimentos de trabalhadores desempregados, incentivo \u00e0s iniciativas de economia popular solid\u00e1ria, investimento nas pol\u00edticas p\u00fablicas de sa\u00fade, educa\u00e7\u00e3o e moradia.<\/p>\n<p>A CNBB convida trabalhadoras e trabalhadores a manterem viva a f\u00e9, a esperan\u00e7a e a alegria em Jesus Cristo Ressuscitado. Que Nossa Senhora Aparecida e S\u00e3o Jos\u00e9 Oper\u00e1rio, o Carpinteiro de Nazar\u00e9, intercedam junto a Deus, a fim de que as mais copiosas b\u00ean\u00e7\u00e3os sejam derramadas sobre todos os que, irmanados pelos la\u00e7os do trabalho, constroem o nosso Pa\u00eds.<\/p>\n<p>Indaiatuba- SP, 28 de abril de 2009.<\/p>\n<p>Dom Geraldo Lyrio Rocha<br \/>\nArcebispo de Mariana-MG<br \/>\nPresidente da CNBB <\/p>\n<p>Dom Luiz Soares Vieira<br \/>\nArcebispo de Manaus-AM<br \/>\nVice-Presidente da CNBB <\/p>\n<p>Dom Dimas Lara Barbosa<br \/>\nBispo Auxiliar do Rio de Janeiro-RJ<br \/>\nSecret\u00e1rio Geral da CNBB<\/p>\n<div id=\"themify_builder_content-3131\" data-postid=\"3131\" class=\"themify_builder_content themify_builder_content-3131 themify_builder themify_builder_front\">\n\t<\/div>\n<!-- \/themify_builder_content -->","protected":false},"excerpt":{"rendered":"<p>&#8220;O sal\u00e1rio que v\u00f3s deixastes de pagar est\u00e1 gritando e o clamor dos trabalhadores chegou aos ouvidos do Senhor&#8221; (Tg 5,4). Ao celebrar o Dia do Trabalhador, a CNBB confirma seu compromisso em favor dos direitos sociais do povo e, em especial, dos direitos trabalhistas e dos esfor\u00e7os para consolidar as suas organiza\u00e7\u00f5es. Expressa tamb\u00e9m [&hellip;]<\/p>\n","protected":false},"author":5,"featured_media":0,"comment_status":"open","ping_status":"open","sticky":false,"template":"","format":"standard","meta":{"ngg_post_thumbnail":0,"footnotes":""},"categories":[8],"tags":[499,63,36,576,577,578,189,579],"yoast_head":"<!-- This site is optimized with the Yoast SEO plugin v23.5 - https:\/\/yoast.com\/wordpress\/plugins\/seo\/ -->\n<title>Mensagem da CNBB para o Dia do Trabalhador - O Arcanjo no ar<\/title>\n<meta name=\"robots\" content=\"index, follow, max-snippet:-1, max-image-preview:large, max-video-preview:-1\" \/>\n<link rel=\"canonical\" href=\"https:\/\/www.oarcanjo.net\/site\/mensagem-da-cnbb-para-o-dia-do-trabalhador\/\" \/>\n<meta property=\"og:locale\" content=\"pt_BR\" \/>\n<meta property=\"og:type\" content=\"article\" \/>\n<meta property=\"og:title\" content=\"Mensagem da CNBB para o Dia do Trabalhador - O Arcanjo no ar\" \/>\n<meta property=\"og:description\" content=\"&#8220;O sal\u00e1rio que v\u00f3s deixastes de pagar est\u00e1 gritando e o clamor dos trabalhadores chegou aos ouvidos do Senhor&#8221; (Tg 5,4). Ao celebrar o Dia do Trabalhador, a CNBB confirma seu compromisso em favor dos direitos sociais do povo e, em especial, dos direitos trabalhistas e dos esfor\u00e7os para consolidar as suas organiza\u00e7\u00f5es. Expressa tamb\u00e9m [&hellip;]\" \/>\n<meta property=\"og:url\" content=\"https:\/\/www.oarcanjo.net\/site\/mensagem-da-cnbb-para-o-dia-do-trabalhador\/\" \/>\n<meta property=\"og:site_name\" content=\"O Arcanjo no ar\" \/>\n<meta property=\"article:publisher\" content=\"https:\/\/www.facebook.com\/OArcanjoNoAr\/\" \/>\n<meta property=\"article:published_time\" content=\"2009-04-29T23:13:37+00:00\" \/>\n<meta property=\"og:image\" content=\"https:\/\/www.oarcanjo.net\/site\/wp-content\/uploads\/logo-o-arcanjo-no-ar-facebook.png\" \/>\n\t<meta property=\"og:image:width\" content=\"300\" \/>\n\t<meta property=\"og:image:height\" content=\"300\" \/>\n\t<meta property=\"og:image:type\" content=\"image\/png\" \/>\n<meta name=\"author\" content=\"editor\" \/>\n<meta name=\"twitter:card\" content=\"summary_large_image\" \/>\n<meta name=\"twitter:label1\" content=\"Escrito por\" \/>\n\t<meta name=\"twitter:data1\" content=\"editor\" \/>\n\t<meta name=\"twitter:label2\" content=\"Est. tempo de leitura\" \/>\n\t<meta name=\"twitter:data2\" content=\"3 minutos\" \/>\n<script type=\"application\/ld+json\" class=\"yoast-schema-graph\">{\"@context\":\"https:\/\/schema.org\",\"@graph\":[{\"@type\":\"Article\",\"@id\":\"https:\/\/www.oarcanjo.net\/site\/mensagem-da-cnbb-para-o-dia-do-trabalhador\/#article\",\"isPartOf\":{\"@id\":\"https:\/\/www.oarcanjo.net\/site\/mensagem-da-cnbb-para-o-dia-do-trabalhador\/\"},\"author\":{\"name\":\"editor\",\"@id\":\"https:\/\/www.oarcanjo.net\/site\/#\/schema\/person\/f7024d007863202483a31326673a0838\"},\"headline\":\"Mensagem da CNBB para o Dia do Trabalhador\",\"datePublished\":\"2009-04-29T23:13:37+00:00\",\"dateModified\":\"2009-04-29T23:13:37+00:00\",\"mainEntityOfPage\":{\"@id\":\"https:\/\/www.oarcanjo.net\/site\/mensagem-da-cnbb-para-o-dia-do-trabalhador\/\"},\"wordCount\":652,\"commentCount\":2,\"publisher\":{\"@id\":\"https:\/\/www.oarcanjo.net\/site\/#organization\"},\"keywords\":[\"assembleia dos bispos\",\"CNBB\",\"crise\",\"Dia do Trabalhador\",\"Dia do Trabalho\",\"direitos trabalhistas\",\"pobres\",\"Primeiro de maio\"],\"articleSection\":[\"Not\u00edcias\"],\"inLanguage\":\"pt-BR\",\"potentialAction\":[{\"@type\":\"CommentAction\",\"name\":\"Comment\",\"target\":[\"https:\/\/www.oarcanjo.net\/site\/mensagem-da-cnbb-para-o-dia-do-trabalhador\/#respond\"]}]},{\"@type\":\"WebPage\",\"@id\":\"https:\/\/www.oarcanjo.net\/site\/mensagem-da-cnbb-para-o-dia-do-trabalhador\/\",\"url\":\"https:\/\/www.oarcanjo.net\/site\/mensagem-da-cnbb-para-o-dia-do-trabalhador\/\",\"name\":\"Mensagem da CNBB para o Dia do Trabalhador - O Arcanjo no ar\",\"isPartOf\":{\"@id\":\"https:\/\/www.oarcanjo.net\/site\/#website\"},\"datePublished\":\"2009-04-29T23:13:37+00:00\",\"dateModified\":\"2009-04-29T23:13:37+00:00\",\"breadcrumb\":{\"@id\":\"https:\/\/www.oarcanjo.net\/site\/mensagem-da-cnbb-para-o-dia-do-trabalhador\/#breadcrumb\"},\"inLanguage\":\"pt-BR\",\"potentialAction\":[{\"@type\":\"ReadAction\",\"target\":[\"https:\/\/www.oarcanjo.net\/site\/mensagem-da-cnbb-para-o-dia-do-trabalhador\/\"]}]},{\"@type\":\"BreadcrumbList\",\"@id\":\"https:\/\/www.oarcanjo.net\/site\/mensagem-da-cnbb-para-o-dia-do-trabalhador\/#breadcrumb\",\"itemListElement\":[{\"@type\":\"ListItem\",\"position\":1,\"name\":\"In\u00edcio\",\"item\":\"https:\/\/www.oarcanjo.net\/site\/\"},{\"@type\":\"ListItem\",\"position\":2,\"name\":\"Mensagem da CNBB para o Dia do Trabalhador\"}]},{\"@type\":\"WebSite\",\"@id\":\"https:\/\/www.oarcanjo.net\/site\/#website\",\"url\":\"https:\/\/www.oarcanjo.net\/site\/\",\"name\":\"O Arcanjo no ar\",\"description\":\"Site da Par\u00f3quia S\u00e3o Miguel Arcanjo (Arquidiocese de SP)\",\"publisher\":{\"@id\":\"https:\/\/www.oarcanjo.net\/site\/#organization\"},\"potentialAction\":[{\"@type\":\"SearchAction\",\"target\":{\"@type\":\"EntryPoint\",\"urlTemplate\":\"https:\/\/www.oarcanjo.net\/site\/?s={search_term_string}\"},\"query-input\":{\"@type\":\"PropertyValueSpecification\",\"valueRequired\":true,\"valueName\":\"search_term_string\"}}],\"inLanguage\":\"pt-BR\"},{\"@type\":\"Organization\",\"@id\":\"https:\/\/www.oarcanjo.net\/site\/#organization\",\"name\":\"Par\u00f3quia S\u00e3o Miguel Arcanjo\",\"url\":\"https:\/\/www.oarcanjo.net\/site\/\",\"logo\":{\"@type\":\"ImageObject\",\"inLanguage\":\"pt-BR\",\"@id\":\"https:\/\/www.oarcanjo.net\/site\/#\/schema\/logo\/image\/\",\"url\":\"https:\/\/www.oarcanjo.net\/site\/wp-content\/uploads\/LogoOArcanjo.png\",\"contentUrl\":\"https:\/\/www.oarcanjo.net\/site\/wp-content\/uploads\/LogoOArcanjo.png\",\"width\":319,\"height\":99,\"caption\":\"Par\u00f3quia S\u00e3o Miguel Arcanjo\"},\"image\":{\"@id\":\"https:\/\/www.oarcanjo.net\/site\/#\/schema\/logo\/image\/\"},\"sameAs\":[\"https:\/\/www.facebook.com\/OArcanjoNoAr\/\"]},{\"@type\":\"Person\",\"@id\":\"https:\/\/www.oarcanjo.net\/site\/#\/schema\/person\/f7024d007863202483a31326673a0838\",\"name\":\"editor\",\"sameAs\":[\"http:\/\/www.oarcanjo.net\"]}]}<\/script>\n<!-- \/ Yoast SEO plugin. -->","yoast_head_json":{"title":"Mensagem da CNBB para o Dia do Trabalhador - O Arcanjo no ar","robots":{"index":"index","follow":"follow","max-snippet":"max-snippet:-1","max-image-preview":"max-image-preview:large","max-video-preview":"max-video-preview:-1"},"canonical":"https:\/\/www.oarcanjo.net\/site\/mensagem-da-cnbb-para-o-dia-do-trabalhador\/","og_locale":"pt_BR","og_type":"article","og_title":"Mensagem da CNBB para o Dia do Trabalhador - O Arcanjo no ar","og_description":"&#8220;O sal\u00e1rio que v\u00f3s deixastes de pagar est\u00e1 gritando e o clamor dos trabalhadores chegou aos ouvidos do Senhor&#8221; (Tg 5,4). Ao celebrar o Dia do Trabalhador, a CNBB confirma seu compromisso em favor dos direitos sociais do povo e, em especial, dos direitos trabalhistas e dos esfor\u00e7os para consolidar as suas organiza\u00e7\u00f5es. Expressa tamb\u00e9m [&hellip;]","og_url":"https:\/\/www.oarcanjo.net\/site\/mensagem-da-cnbb-para-o-dia-do-trabalhador\/","og_site_name":"O Arcanjo no ar","article_publisher":"https:\/\/www.facebook.com\/OArcanjoNoAr\/","article_published_time":"2009-04-29T23:13:37+00:00","og_image":[{"width":300,"height":300,"url":"https:\/\/www.oarcanjo.net\/site\/wp-content\/uploads\/logo-o-arcanjo-no-ar-facebook.png","type":"image\/png"}],"author":"editor","twitter_card":"summary_large_image","twitter_misc":{"Escrito por":"editor","Est. tempo de leitura":"3 minutos"},"schema":{"@context":"https:\/\/schema.org","@graph":[{"@type":"Article","@id":"https:\/\/www.oarcanjo.net\/site\/mensagem-da-cnbb-para-o-dia-do-trabalhador\/#article","isPartOf":{"@id":"https:\/\/www.oarcanjo.net\/site\/mensagem-da-cnbb-para-o-dia-do-trabalhador\/"},"author":{"name":"editor","@id":"https:\/\/www.oarcanjo.net\/site\/#\/schema\/person\/f7024d007863202483a31326673a0838"},"headline":"Mensagem da CNBB para o Dia do Trabalhador","datePublished":"2009-04-29T23:13:37+00:00","dateModified":"2009-04-29T23:13:37+00:00","mainEntityOfPage":{"@id":"https:\/\/www.oarcanjo.net\/site\/mensagem-da-cnbb-para-o-dia-do-trabalhador\/"},"wordCount":652,"commentCount":2,"publisher":{"@id":"https:\/\/www.oarcanjo.net\/site\/#organization"},"keywords":["assembleia dos bispos","CNBB","crise","Dia do Trabalhador","Dia do Trabalho","direitos trabalhistas","pobres","Primeiro de maio"],"articleSection":["Not\u00edcias"],"inLanguage":"pt-BR","potentialAction":[{"@type":"CommentAction","name":"Comment","target":["https:\/\/www.oarcanjo.net\/site\/mensagem-da-cnbb-para-o-dia-do-trabalhador\/#respond"]}]},{"@type":"WebPage","@id":"https:\/\/www.oarcanjo.net\/site\/mensagem-da-cnbb-para-o-dia-do-trabalhador\/","url":"https:\/\/www.oarcanjo.net\/site\/mensagem-da-cnbb-para-o-dia-do-trabalhador\/","name":"Mensagem da CNBB para o Dia do Trabalhador - O Arcanjo no ar","isPartOf":{"@id":"https:\/\/www.oarcanjo.net\/site\/#website"},"datePublished":"2009-04-29T23:13:37+00:00","dateModified":"2009-04-29T23:13:37+00:00","breadcrumb":{"@id":"https:\/\/www.oarcanjo.net\/site\/mensagem-da-cnbb-para-o-dia-do-trabalhador\/#breadcrumb"},"inLanguage":"pt-BR","potentialAction":[{"@type":"ReadAction","target":["https:\/\/www.oarcanjo.net\/site\/mensagem-da-cnbb-para-o-dia-do-trabalhador\/"]}]},{"@type":"BreadcrumbList","@id":"https:\/\/www.oarcanjo.net\/site\/mensagem-da-cnbb-para-o-dia-do-trabalhador\/#breadcrumb","itemListElement":[{"@type":"ListItem","position":1,"name":"In\u00edcio","item":"https:\/\/www.oarcanjo.net\/site\/"},{"@type":"ListItem","position":2,"name":"Mensagem da CNBB para o Dia do Trabalhador"}]},{"@type":"WebSite","@id":"https:\/\/www.oarcanjo.net\/site\/#website","url":"https:\/\/www.oarcanjo.net\/site\/","name":"O Arcanjo no ar","description":"Site da Par\u00f3quia S\u00e3o Miguel Arcanjo (Arquidiocese de SP)","publisher":{"@id":"https:\/\/www.oarcanjo.net\/site\/#organization"},"potentialAction":[{"@type":"SearchAction","target":{"@type":"EntryPoint","urlTemplate":"https:\/\/www.oarcanjo.net\/site\/?s={search_term_string}"},"query-input":{"@type":"PropertyValueSpecification","valueRequired":true,"valueName":"search_term_string"}}],"inLanguage":"pt-BR"},{"@type":"Organization","@id":"https:\/\/www.oarcanjo.net\/site\/#organization","name":"Par\u00f3quia S\u00e3o Miguel Arcanjo","url":"https:\/\/www.oarcanjo.net\/site\/","logo":{"@type":"ImageObject","inLanguage":"pt-BR","@id":"https:\/\/www.oarcanjo.net\/site\/#\/schema\/logo\/image\/","url":"https:\/\/www.oarcanjo.net\/site\/wp-content\/uploads\/LogoOArcanjo.png","contentUrl":"https:\/\/www.oarcanjo.net\/site\/wp-content\/uploads\/LogoOArcanjo.png","width":319,"height":99,"caption":"Par\u00f3quia S\u00e3o Miguel Arcanjo"},"image":{"@id":"https:\/\/www.oarcanjo.net\/site\/#\/schema\/logo\/image\/"},"sameAs":["https:\/\/www.facebook.com\/OArcanjoNoAr\/"]},{"@type":"Person","@id":"https:\/\/www.oarcanjo.net\/site\/#\/schema\/person\/f7024d007863202483a31326673a0838","name":"editor","sameAs":["http:\/\/www.oarcanjo.net"]}]}},"publishpress_future_action":{"enabled":false,"date":"2026-05-08 23:56:06","action":"category","newStatus":"draft","terms":[],"taxonomy":"category"},"publishpress_future_workflow_manual_trigger":{"enabledWorkflows":[]},"_links":{"self":[{"href":"https:\/\/www.oarcanjo.net\/site\/wp-json\/wp\/v2\/posts\/3131"}],"collection":[{"href":"https:\/\/www.oarcanjo.net\/site\/wp-json\/wp\/v2\/posts"}],"about":[{"href":"https:\/\/www.oarcanjo.net\/site\/wp-json\/wp\/v2\/types\/post"}],"author":[{"embeddable":true,"href":"https:\/\/www.oarcanjo.net\/site\/wp-json\/wp\/v2\/users\/5"}],"replies":[{"embeddable":true,"href":"https:\/\/www.oarcanjo.net\/site\/wp-json\/wp\/v2\/comments?post=3131"}],"version-history":[{"count":0,"href":"https:\/\/www.oarcanjo.net\/site\/wp-json\/wp\/v2\/posts\/3131\/revisions"}],"wp:attachment":[{"href":"https:\/\/www.oarcanjo.net\/site\/wp-json\/wp\/v2\/media?parent=3131"}],"wp:term":[{"taxonomy":"category","embeddable":true,"href":"https:\/\/www.oarcanjo.net\/site\/wp-json\/wp\/v2\/categories?post=3131"},{"taxonomy":"post_tag","embeddable":true,"href":"https:\/\/www.oarcanjo.net\/site\/wp-json\/wp\/v2\/tags?post=3131"}],"curies":[{"name":"wp","href":"https:\/\/api.w.org\/{rel}","templated":true}]}}