
{"id":3133,"date":"2009-04-29T20:16:32","date_gmt":"2009-04-29T23:16:32","guid":{"rendered":"http:\/\/www.oarcanjo.net\/site\/?p=3133"},"modified":"2009-04-29T20:16:32","modified_gmt":"2009-04-29T23:16:32","slug":"virus-e-panico-os-dois-perigos","status":"publish","type":"post","link":"https:\/\/www.oarcanjo.net\/site\/virus-e-panico-os-dois-perigos\/","title":{"rendered":"V\u00edrus e p\u00e2nico: os dois perigos"},"content":{"rendered":"<p>Nestes dias, com o aparecimento de novos v\u00edrus, como o v\u00edrus mexicano, se apresentam n\u00e3o s\u00f3 um, mas dois perigos. O primeiro \u00e9 a efetiva difus\u00e3o da doen\u00e7a em n\u00edvel mundial. O segundo \u00e9 o p\u00e2nico ao qual as pessoas podem ser arrastadas. Acima de tudo, \u00e9 preciso esclarecer que, mesmo que esse novo v\u00edrus se apresente muito agressivo, pelo n\u00famero dos primeiros cont\u00e1gios, n\u00e3o se observa uma pandemia viral no mundo desde o s\u00e9culo passado, nos tempos da terr\u00edvel gripe espanhola.<\/p>\n<p>Desde ent\u00e3o, os fantasmas como o mal da vaca louca, a Sars e a gripe avi\u00e1ria foram perseguidos com as medidas sanit\u00e1rias e preventivas oportunas. \u00c9 verdade que, paradoxalmente, no campo das doen\u00e7as infecciosas, o mundo moderno parece mais fr\u00e1gil do que o mundo antigo. Aprendemos a nos defender de infec\u00e7\u00f5es quase certamente mortais (pensemos na var\u00edola, na peste, no tifo, no c\u00f3lera), mas na era da globaliza\u00e7\u00e3o e dos voos intercontinentais, os oceanos e as grandes dist\u00e2ncias por terra n\u00e3o servem mais como barreiras.<\/p>\n<p>E tamb\u00e9m o conceito de &#8220;cord\u00e3o sanit\u00e1rio&#8221; se enfraqueceu: o alarme se difunde muito tarde com rela\u00e7\u00e3o \u00e0 velocidade das viagens e do grande n\u00famero de viajantes no mundo. S\u00e3o interrogativas novas, frente \u00e0s quais fechar os olhos n\u00e3o ajuda, mas levantar a guarda sim. Eu estou convencido de que hoje uma pandemia tamb\u00e9m pode ser enfrentada e resolvida, se procedermos com uma organiza\u00e7\u00e3o eficaz e moderna, como est\u00e1 se demonstrando a que foi ativada rapidamente pela Europa e pela It\u00e1lia. Por\u00e9m, esse &#8220;sistema de salvamento&#8221; corre o risco de empacar se a popula\u00e7\u00e3o n\u00e3o seguir racionalmente as recomenda\u00e7\u00f5es de comportamento, perdendo-se nas suas \u00e2nsias.<\/p>\n<p>E aqui chegamos ao segundo perigo. Todos sabemos bem que a imprensa, pela sua natureza, est\u00e1 em busca da not\u00edcia e vive na onda emotiva que aquela desencadeia inevitavelmente. Por\u00e9m, no caso de um alarme de doen\u00e7a, a emotividade pode criar fragilidades nas estruturas sanit\u00e1rias e induzi-las a adotar medidas desproporcionais, com o objetivo de vencer mais o medo do que o v\u00edrus.<\/p>\n<p>Por exemplo, para a gripe avi\u00e1ria, foram investidos milh\u00f5es de euros em f\u00e1rmacos que nunca foram utilizados. Era forte a press\u00e3o da popula\u00e7\u00e3o assustada, e a essa for\u00e7a contribu\u00edram as imagens de milhares de frangos queimados vivos que ricocheteavam de uma TV \u00e0 outra. Vivi em primeira pessoa, quando era ministro da Sa\u00fade, a odiss\u00e9ia da encefalite bovina via bact\u00e9rias (vaca louca) que colocou o minist\u00e9rio e o pa\u00eds inteiro em s\u00e9rias dificuldades. O compromisso maior para n\u00f3s foi o de controlar e curar os rebanhos bovinos, mas o esfor\u00e7o mais duro foi o de tranquilizar os italianos, sabendo que o risco de eles ficarem doentes foi inferior ao de aspirar a fuma\u00e7a de uma tragada de cigarro ou de percorrer 700 metros de carro.<\/p>\n<p>Os v\u00edrus n\u00e3o surgem de mundos e \u00e9pocas obscuras, sem um porqu\u00ea. Os animalistas pensam, nos casos de v\u00edrus de animais, em uma esp\u00e9cie de n\u00eamese da natureza. Doen\u00e7as tem\u00edveis s\u00e3o liberadas no mundo porque o homem, no seu \u00e1vido consumismo, violou as leis da natureza: vacas e bois s\u00e3o atingidos por bact\u00e9rias porque o homem os obriga a comer farinha animal como se fossem canibais; os frangos e os su\u00ednos s\u00e3o obrigados a engolir alimentos e a n\u00e3o se mover nunca se n\u00e3o em espa\u00e7os min\u00fasculos, em que s\u00e3o esmagados quase sem saber que o sol e o ar livre existem.<\/p>\n<p>Eu n\u00e3o como os animais porque os amo de verdade, mas respeito a posi\u00e7\u00e3o de quem consome carne, e n\u00e3o me parece certo acusar os criadores pela difus\u00e3o de algum v\u00edrus. \u00c9 certo, por\u00e9m, que melhores condi\u00e7\u00f5es de cria\u00e7\u00e3o e um maior respeito pelos direitos dos animais contribuiriam com uma melhoria geral da situa\u00e7\u00e3o higi\u00eanico-sanit\u00e1ria internacional.<\/p>\n<p>Se de um lado os riscos para a sa\u00fade em um mundo consumista e globalizado aumentam, de outro, aumentam tamb\u00e9m os instrumentos para entend\u00ea-los e as medidas para enfrent\u00e1-los. Por isso, fa\u00e7o um apelo \u00e0s pessoas para que, justamente nos momentos de maior inseguran\u00e7a como este, tenham ainda mais confian\u00e7a na ci\u00eancia, na medicina e nas capacidades dos seus homens de proteger o seu bem mais precioso: a sa\u00fade.<\/p>\n<div id=\"themify_builder_content-3133\" data-postid=\"3133\" class=\"themify_builder_content themify_builder_content-3133 themify_builder themify_builder_front\">\n\t<\/div>\n<!-- \/themify_builder_content -->","protected":false},"excerpt":{"rendered":"<p>Nestes dias, com o aparecimento de novos v\u00edrus, como o v\u00edrus mexicano, se apresentam n\u00e3o s\u00f3 um, mas dois perigos. O primeiro \u00e9 a efetiva difus\u00e3o da doen\u00e7a em n\u00edvel mundial. O segundo \u00e9 o p\u00e2nico ao qual as pessoas podem ser arrastadas. Acima de tudo, \u00e9 preciso esclarecer que, mesmo que esse novo v\u00edrus [&hellip;]<\/p>\n","protected":false},"author":5,"featured_media":0,"comment_status":"open","ping_status":"open","sticky":false,"template":"","format":"standard","meta":{"ngg_post_thumbnail":0,"footnotes":""},"categories":[9],"tags":[581,583,582,580],"yoast_head":"<!-- This site is optimized with the Yoast SEO plugin v23.5 - https:\/\/yoast.com\/wordpress\/plugins\/seo\/ -->\n<title>V\u00edrus e p\u00e2nico: os dois perigos - O Arcanjo no ar<\/title>\n<meta name=\"robots\" content=\"index, follow, max-snippet:-1, max-image-preview:large, max-video-preview:-1\" \/>\n<link rel=\"canonical\" href=\"https:\/\/www.oarcanjo.net\/site\/virus-e-panico-os-dois-perigos\/\" \/>\n<meta property=\"og:locale\" content=\"pt_BR\" \/>\n<meta property=\"og:type\" content=\"article\" \/>\n<meta property=\"og:title\" content=\"V\u00edrus e p\u00e2nico: os dois perigos - O Arcanjo no ar\" \/>\n<meta property=\"og:description\" content=\"Nestes dias, com o aparecimento de novos v\u00edrus, como o v\u00edrus mexicano, se apresentam n\u00e3o s\u00f3 um, mas dois perigos. O primeiro \u00e9 a efetiva difus\u00e3o da doen\u00e7a em n\u00edvel mundial. O segundo \u00e9 o p\u00e2nico ao qual as pessoas podem ser arrastadas. Acima de tudo, \u00e9 preciso esclarecer que, mesmo que esse novo v\u00edrus [&hellip;]\" \/>\n<meta property=\"og:url\" content=\"https:\/\/www.oarcanjo.net\/site\/virus-e-panico-os-dois-perigos\/\" \/>\n<meta property=\"og:site_name\" content=\"O Arcanjo no ar\" \/>\n<meta property=\"article:publisher\" content=\"https:\/\/www.facebook.com\/OArcanjoNoAr\/\" \/>\n<meta property=\"article:published_time\" content=\"2009-04-29T23:16:32+00:00\" \/>\n<meta property=\"og:image\" content=\"https:\/\/www.oarcanjo.net\/site\/wp-content\/uploads\/logo-o-arcanjo-no-ar-facebook.png\" \/>\n\t<meta property=\"og:image:width\" content=\"300\" \/>\n\t<meta property=\"og:image:height\" content=\"300\" \/>\n\t<meta property=\"og:image:type\" content=\"image\/png\" \/>\n<meta name=\"author\" content=\"editor\" \/>\n<meta name=\"twitter:card\" content=\"summary_large_image\" \/>\n<meta name=\"twitter:label1\" content=\"Escrito por\" \/>\n\t<meta name=\"twitter:data1\" content=\"editor\" \/>\n\t<meta name=\"twitter:label2\" content=\"Est. tempo de leitura\" \/>\n\t<meta name=\"twitter:data2\" content=\"4 minutos\" \/>\n<script type=\"application\/ld+json\" class=\"yoast-schema-graph\">{\"@context\":\"https:\/\/schema.org\",\"@graph\":[{\"@type\":\"Article\",\"@id\":\"https:\/\/www.oarcanjo.net\/site\/virus-e-panico-os-dois-perigos\/#article\",\"isPartOf\":{\"@id\":\"https:\/\/www.oarcanjo.net\/site\/virus-e-panico-os-dois-perigos\/\"},\"author\":{\"name\":\"editor\",\"@id\":\"https:\/\/www.oarcanjo.net\/site\/#\/schema\/person\/f7024d007863202483a31326673a0838\"},\"headline\":\"V\u00edrus e p\u00e2nico: os dois perigos\",\"datePublished\":\"2009-04-29T23:16:32+00:00\",\"dateModified\":\"2009-04-29T23:16:32+00:00\",\"mainEntityOfPage\":{\"@id\":\"https:\/\/www.oarcanjo.net\/site\/virus-e-panico-os-dois-perigos\/\"},\"wordCount\":783,\"commentCount\":0,\"publisher\":{\"@id\":\"https:\/\/www.oarcanjo.net\/site\/#organization\"},\"keywords\":[\"gripe su\u00edna\",\"pandemia\",\"p\u00e2nico\",\"sa\u00fade p\u00fablica\"],\"articleSection\":[\"Reflex\u00f5es\"],\"inLanguage\":\"pt-BR\",\"potentialAction\":[{\"@type\":\"CommentAction\",\"name\":\"Comment\",\"target\":[\"https:\/\/www.oarcanjo.net\/site\/virus-e-panico-os-dois-perigos\/#respond\"]}]},{\"@type\":\"WebPage\",\"@id\":\"https:\/\/www.oarcanjo.net\/site\/virus-e-panico-os-dois-perigos\/\",\"url\":\"https:\/\/www.oarcanjo.net\/site\/virus-e-panico-os-dois-perigos\/\",\"name\":\"V\u00edrus e p\u00e2nico: os dois perigos - O Arcanjo no ar\",\"isPartOf\":{\"@id\":\"https:\/\/www.oarcanjo.net\/site\/#website\"},\"datePublished\":\"2009-04-29T23:16:32+00:00\",\"dateModified\":\"2009-04-29T23:16:32+00:00\",\"breadcrumb\":{\"@id\":\"https:\/\/www.oarcanjo.net\/site\/virus-e-panico-os-dois-perigos\/#breadcrumb\"},\"inLanguage\":\"pt-BR\",\"potentialAction\":[{\"@type\":\"ReadAction\",\"target\":[\"https:\/\/www.oarcanjo.net\/site\/virus-e-panico-os-dois-perigos\/\"]}]},{\"@type\":\"BreadcrumbList\",\"@id\":\"https:\/\/www.oarcanjo.net\/site\/virus-e-panico-os-dois-perigos\/#breadcrumb\",\"itemListElement\":[{\"@type\":\"ListItem\",\"position\":1,\"name\":\"In\u00edcio\",\"item\":\"https:\/\/www.oarcanjo.net\/site\/\"},{\"@type\":\"ListItem\",\"position\":2,\"name\":\"V\u00edrus e p\u00e2nico: os dois perigos\"}]},{\"@type\":\"WebSite\",\"@id\":\"https:\/\/www.oarcanjo.net\/site\/#website\",\"url\":\"https:\/\/www.oarcanjo.net\/site\/\",\"name\":\"O Arcanjo no ar\",\"description\":\"Site da Par\u00f3quia S\u00e3o Miguel Arcanjo (Arquidiocese de SP)\",\"publisher\":{\"@id\":\"https:\/\/www.oarcanjo.net\/site\/#organization\"},\"potentialAction\":[{\"@type\":\"SearchAction\",\"target\":{\"@type\":\"EntryPoint\",\"urlTemplate\":\"https:\/\/www.oarcanjo.net\/site\/?s={search_term_string}\"},\"query-input\":{\"@type\":\"PropertyValueSpecification\",\"valueRequired\":true,\"valueName\":\"search_term_string\"}}],\"inLanguage\":\"pt-BR\"},{\"@type\":\"Organization\",\"@id\":\"https:\/\/www.oarcanjo.net\/site\/#organization\",\"name\":\"Par\u00f3quia S\u00e3o Miguel Arcanjo\",\"url\":\"https:\/\/www.oarcanjo.net\/site\/\",\"logo\":{\"@type\":\"ImageObject\",\"inLanguage\":\"pt-BR\",\"@id\":\"https:\/\/www.oarcanjo.net\/site\/#\/schema\/logo\/image\/\",\"url\":\"https:\/\/www.oarcanjo.net\/site\/wp-content\/uploads\/LogoOArcanjo.png\",\"contentUrl\":\"https:\/\/www.oarcanjo.net\/site\/wp-content\/uploads\/LogoOArcanjo.png\",\"width\":319,\"height\":99,\"caption\":\"Par\u00f3quia S\u00e3o Miguel Arcanjo\"},\"image\":{\"@id\":\"https:\/\/www.oarcanjo.net\/site\/#\/schema\/logo\/image\/\"},\"sameAs\":[\"https:\/\/www.facebook.com\/OArcanjoNoAr\/\"]},{\"@type\":\"Person\",\"@id\":\"https:\/\/www.oarcanjo.net\/site\/#\/schema\/person\/f7024d007863202483a31326673a0838\",\"name\":\"editor\",\"sameAs\":[\"http:\/\/www.oarcanjo.net\"]}]}<\/script>\n<!-- \/ Yoast SEO plugin. -->","yoast_head_json":{"title":"V\u00edrus e p\u00e2nico: os dois perigos - O Arcanjo no ar","robots":{"index":"index","follow":"follow","max-snippet":"max-snippet:-1","max-image-preview":"max-image-preview:large","max-video-preview":"max-video-preview:-1"},"canonical":"https:\/\/www.oarcanjo.net\/site\/virus-e-panico-os-dois-perigos\/","og_locale":"pt_BR","og_type":"article","og_title":"V\u00edrus e p\u00e2nico: os dois perigos - O Arcanjo no ar","og_description":"Nestes dias, com o aparecimento de novos v\u00edrus, como o v\u00edrus mexicano, se apresentam n\u00e3o s\u00f3 um, mas dois perigos. O primeiro \u00e9 a efetiva difus\u00e3o da doen\u00e7a em n\u00edvel mundial. O segundo \u00e9 o p\u00e2nico ao qual as pessoas podem ser arrastadas. Acima de tudo, \u00e9 preciso esclarecer que, mesmo que esse novo v\u00edrus [&hellip;]","og_url":"https:\/\/www.oarcanjo.net\/site\/virus-e-panico-os-dois-perigos\/","og_site_name":"O Arcanjo no ar","article_publisher":"https:\/\/www.facebook.com\/OArcanjoNoAr\/","article_published_time":"2009-04-29T23:16:32+00:00","og_image":[{"width":300,"height":300,"url":"https:\/\/www.oarcanjo.net\/site\/wp-content\/uploads\/logo-o-arcanjo-no-ar-facebook.png","type":"image\/png"}],"author":"editor","twitter_card":"summary_large_image","twitter_misc":{"Escrito por":"editor","Est. tempo de leitura":"4 minutos"},"schema":{"@context":"https:\/\/schema.org","@graph":[{"@type":"Article","@id":"https:\/\/www.oarcanjo.net\/site\/virus-e-panico-os-dois-perigos\/#article","isPartOf":{"@id":"https:\/\/www.oarcanjo.net\/site\/virus-e-panico-os-dois-perigos\/"},"author":{"name":"editor","@id":"https:\/\/www.oarcanjo.net\/site\/#\/schema\/person\/f7024d007863202483a31326673a0838"},"headline":"V\u00edrus e p\u00e2nico: os dois perigos","datePublished":"2009-04-29T23:16:32+00:00","dateModified":"2009-04-29T23:16:32+00:00","mainEntityOfPage":{"@id":"https:\/\/www.oarcanjo.net\/site\/virus-e-panico-os-dois-perigos\/"},"wordCount":783,"commentCount":0,"publisher":{"@id":"https:\/\/www.oarcanjo.net\/site\/#organization"},"keywords":["gripe su\u00edna","pandemia","p\u00e2nico","sa\u00fade p\u00fablica"],"articleSection":["Reflex\u00f5es"],"inLanguage":"pt-BR","potentialAction":[{"@type":"CommentAction","name":"Comment","target":["https:\/\/www.oarcanjo.net\/site\/virus-e-panico-os-dois-perigos\/#respond"]}]},{"@type":"WebPage","@id":"https:\/\/www.oarcanjo.net\/site\/virus-e-panico-os-dois-perigos\/","url":"https:\/\/www.oarcanjo.net\/site\/virus-e-panico-os-dois-perigos\/","name":"V\u00edrus e p\u00e2nico: os dois perigos - O Arcanjo no ar","isPartOf":{"@id":"https:\/\/www.oarcanjo.net\/site\/#website"},"datePublished":"2009-04-29T23:16:32+00:00","dateModified":"2009-04-29T23:16:32+00:00","breadcrumb":{"@id":"https:\/\/www.oarcanjo.net\/site\/virus-e-panico-os-dois-perigos\/#breadcrumb"},"inLanguage":"pt-BR","potentialAction":[{"@type":"ReadAction","target":["https:\/\/www.oarcanjo.net\/site\/virus-e-panico-os-dois-perigos\/"]}]},{"@type":"BreadcrumbList","@id":"https:\/\/www.oarcanjo.net\/site\/virus-e-panico-os-dois-perigos\/#breadcrumb","itemListElement":[{"@type":"ListItem","position":1,"name":"In\u00edcio","item":"https:\/\/www.oarcanjo.net\/site\/"},{"@type":"ListItem","position":2,"name":"V\u00edrus e p\u00e2nico: os dois perigos"}]},{"@type":"WebSite","@id":"https:\/\/www.oarcanjo.net\/site\/#website","url":"https:\/\/www.oarcanjo.net\/site\/","name":"O Arcanjo no ar","description":"Site da Par\u00f3quia S\u00e3o Miguel Arcanjo (Arquidiocese de SP)","publisher":{"@id":"https:\/\/www.oarcanjo.net\/site\/#organization"},"potentialAction":[{"@type":"SearchAction","target":{"@type":"EntryPoint","urlTemplate":"https:\/\/www.oarcanjo.net\/site\/?s={search_term_string}"},"query-input":{"@type":"PropertyValueSpecification","valueRequired":true,"valueName":"search_term_string"}}],"inLanguage":"pt-BR"},{"@type":"Organization","@id":"https:\/\/www.oarcanjo.net\/site\/#organization","name":"Par\u00f3quia S\u00e3o Miguel Arcanjo","url":"https:\/\/www.oarcanjo.net\/site\/","logo":{"@type":"ImageObject","inLanguage":"pt-BR","@id":"https:\/\/www.oarcanjo.net\/site\/#\/schema\/logo\/image\/","url":"https:\/\/www.oarcanjo.net\/site\/wp-content\/uploads\/LogoOArcanjo.png","contentUrl":"https:\/\/www.oarcanjo.net\/site\/wp-content\/uploads\/LogoOArcanjo.png","width":319,"height":99,"caption":"Par\u00f3quia S\u00e3o Miguel Arcanjo"},"image":{"@id":"https:\/\/www.oarcanjo.net\/site\/#\/schema\/logo\/image\/"},"sameAs":["https:\/\/www.facebook.com\/OArcanjoNoAr\/"]},{"@type":"Person","@id":"https:\/\/www.oarcanjo.net\/site\/#\/schema\/person\/f7024d007863202483a31326673a0838","name":"editor","sameAs":["http:\/\/www.oarcanjo.net"]}]}},"publishpress_future_action":{"enabled":false,"date":"2026-05-09 03:59:47","action":"category","newStatus":"draft","terms":[],"taxonomy":"category"},"publishpress_future_workflow_manual_trigger":{"enabledWorkflows":[]},"_links":{"self":[{"href":"https:\/\/www.oarcanjo.net\/site\/wp-json\/wp\/v2\/posts\/3133"}],"collection":[{"href":"https:\/\/www.oarcanjo.net\/site\/wp-json\/wp\/v2\/posts"}],"about":[{"href":"https:\/\/www.oarcanjo.net\/site\/wp-json\/wp\/v2\/types\/post"}],"author":[{"embeddable":true,"href":"https:\/\/www.oarcanjo.net\/site\/wp-json\/wp\/v2\/users\/5"}],"replies":[{"embeddable":true,"href":"https:\/\/www.oarcanjo.net\/site\/wp-json\/wp\/v2\/comments?post=3133"}],"version-history":[{"count":0,"href":"https:\/\/www.oarcanjo.net\/site\/wp-json\/wp\/v2\/posts\/3133\/revisions"}],"wp:attachment":[{"href":"https:\/\/www.oarcanjo.net\/site\/wp-json\/wp\/v2\/media?parent=3133"}],"wp:term":[{"taxonomy":"category","embeddable":true,"href":"https:\/\/www.oarcanjo.net\/site\/wp-json\/wp\/v2\/categories?post=3133"},{"taxonomy":"post_tag","embeddable":true,"href":"https:\/\/www.oarcanjo.net\/site\/wp-json\/wp\/v2\/tags?post=3133"}],"curies":[{"name":"wp","href":"https:\/\/api.w.org\/{rel}","templated":true}]}}