
{"id":3166,"date":"2009-05-01T18:00:10","date_gmt":"2009-05-01T21:00:10","guid":{"rendered":"http:\/\/www.oarcanjo.net\/site\/?p=3166"},"modified":"2009-04-30T09:50:52","modified_gmt":"2009-04-30T12:50:52","slug":"cnbb-manifesto-em-favor-da-familia","status":"publish","type":"post","link":"https:\/\/www.oarcanjo.net\/site\/cnbb-manifesto-em-favor-da-familia\/","title":{"rendered":"CNBB: Manifesto em favor da fam\u00edlia"},"content":{"rendered":"<p>N\u00f3s, Bispos do Brasil, reunidos na 47\u00aa Assembleia Geral da CNBB, em Itaici, Indaiatuba (SP), nos dias 22 de abril a 1\u00ba de maio de 2009, a caminho da \u201cPeregrina\u00e7\u00e3o Nacional em Favor da Fam\u00edlia\u201d ao Santu\u00e1rio Nacional de Aparecida, dia 24 de maio de 2009, nos deparamos com constantes amea\u00e7as \u00e0 vida e \u00e0 fam\u00edlia. \u00c0 luz da Palavra de Deus, do Magist\u00e9rio da Igreja e da experi\u00eancia humana, reafirmamos que:<\/p>\n<p>Deus criou o ser humano \u00e0 sua imagem e semelhan\u00e7a, homem e mulher ele os criou (cf. Gn 1,27), destinando-os \u00e0 plena realiza\u00e7\u00e3o na comunh\u00e3o de vida, de amor e de trabalho. Por essa raz\u00e3o, o matrim\u00f4nio e a fam\u00edlia constituem um bem para os esposos e a sociedade. O amor conjugal aberto \u00e0 gera\u00e7\u00e3o e educa\u00e7\u00e3o dos filhos proporciona a experi\u00eancia de paternidade e maternidade atrav\u00e9s das quais os pais se tornam colaboradores do Criador. \u201cO futuro da humanidade passa pela fam\u00edlia\u201d (Jo\u00e3o Paulo II);<\/p>\n<p>O Estado e outras organiza\u00e7\u00f5es civis est\u00e3o a servi\u00e7o, defesa e promo\u00e7\u00e3o da vida e da fam\u00edlia. Ela \u00e9 sujeito titular de direitos naturais e inviol\u00e1veis. Sua legitima\u00e7\u00e3o se encontra na natureza humana e n\u00e3o no reconhecimento do Estado. A fam\u00edlia tem prioridade em rela\u00e7\u00e3o ao Estado e \u00e0 sociedade, pois ela \u00e9 a primeira e mais decisiva fonte onde se transmitem a vida e o seu significado e se experimentam os valores humanos para alcan\u00e7ar o bem da comunidade. <\/p>\n<p>A fam\u00edlia goza do direito de ser assistida por pol\u00edticas p\u00fablicas governamentais e sociais que possibilitem o seu acesso \u00e0 vida digna, \u00e0 alimenta\u00e7\u00e3o, \u00e0 sa\u00fade, \u00e0 moradia, ao sal\u00e1rio justo, \u00e0 educa\u00e7\u00e3o e escola para os filhos, \u00e0 forma\u00e7\u00e3o profissional, ao descanso, ao lazer e \u00e0 infra-estrutura sanit\u00e1ria;<\/p>\n<p>Cabe ao Estado proteger a fam\u00edlia est\u00e1vel fundada no matrim\u00f4nio, n\u00e3o por raz\u00f5es religiosas, mas porque ela gera rela\u00e7\u00f5es decisivas de amor gratuito, coopera\u00e7\u00e3o, solidariedade, servi\u00e7o rec\u00edproco e \u00e9 fonte de virtudes para uma conviv\u00eancia honesta e justa;<\/p>\n<p>Os meios de comunica\u00e7\u00e3o, os poderes p\u00fablicos, os profissionais de sa\u00fade, as universidades, o sistema educacional, as empresas, as institui\u00e7\u00f5es e os organismos n\u00e3o-governamentais e todas as igrejas s\u00e3o conclamados a promover os valores da fam\u00edlia e agirem como seus amigos;<\/p>\n<p>A Pastoral Familiar, Movimentos, Servi\u00e7os e Institutos sejam uma for\u00e7a intensa e vigorosa para anunciar o \u201cEvangelho da vida e da fam\u00edlia\u201d e acolher aquelas que se encontram em situa\u00e7\u00f5es especiais. Na verdade, a fam\u00edlia contribui para que todos os povos reconhe\u00e7am os la\u00e7os fraternos que os unem, pois o mundo \u00e9 chamado a ser uma grande fam\u00edlia, um mundo de irm\u00e3os.<\/p>\n<p>Pedimos a Nossa Senhora da Concei\u00e7\u00e3o Aparecida, Padroeira do Brasil, que aben\u00e7oe e acompanhe a fam\u00edlia brasileira a fim de que nela habitem a f\u00e9, a esperan\u00e7a e o amor t\u00e3o pr\u00f3prios da Sagrada Fam\u00edlia de Nazar\u00e9. \u201cDobremos os joelhos diante do Pai, de quem toda fam\u00edlia no c\u00e9u e na terra, recebe seu verdadeiro nome\u201d (Ef 3,15).<\/p>\n<p>Itaici, Indaiatuba-SP, 29 de abril de 2009<\/p>\n<p>Dom Geraldo Lyrio Rocha<br \/>\nArcebispo de Mariana-MG<br \/>\nPresidente da CNBB <\/p>\n<p>Dom Luiz Soares Vieira<br \/>\nArcebispo de Manaus-AM<br \/>\nVice-Presidente da CNBB <\/p>\n<p>Dom Dimas Lara Barbosa<br \/>\nBispo Auxiliar do Rio de Janeiro-RJ<br \/>\nSecret\u00e1rio Geral da CNBB<\/p>\n<div id=\"themify_builder_content-3166\" data-postid=\"3166\" class=\"themify_builder_content themify_builder_content-3166 themify_builder themify_builder_front\">\n\t<\/div>\n<!-- \/themify_builder_content -->","protected":false},"excerpt":{"rendered":"<p>N\u00f3s, Bispos do Brasil, reunidos na 47\u00aa Assembleia Geral da CNBB, em Itaici, Indaiatuba (SP), nos dias 22 de abril a 1\u00ba de maio de 2009, a caminho da \u201cPeregrina\u00e7\u00e3o Nacional em Favor da Fam\u00edlia\u201d ao Santu\u00e1rio Nacional de Aparecida, dia 24 de maio de 2009, nos deparamos com constantes amea\u00e7as \u00e0 vida e \u00e0 [&hellip;]<\/p>\n","protected":false},"author":5,"featured_media":0,"comment_status":"open","ping_status":"open","sticky":false,"template":"","format":"standard","meta":{"ngg_post_thumbnail":0,"footnotes":""},"categories":[8],"tags":[499,63,119,592],"yoast_head":"<!-- This site is optimized with the Yoast SEO plugin v23.5 - https:\/\/yoast.com\/wordpress\/plugins\/seo\/ -->\n<title>CNBB: Manifesto em favor da fam\u00edlia - O Arcanjo no ar<\/title>\n<meta name=\"robots\" content=\"index, follow, max-snippet:-1, max-image-preview:large, max-video-preview:-1\" \/>\n<link rel=\"canonical\" href=\"https:\/\/www.oarcanjo.net\/site\/cnbb-manifesto-em-favor-da-familia\/\" \/>\n<meta property=\"og:locale\" content=\"pt_BR\" \/>\n<meta property=\"og:type\" content=\"article\" \/>\n<meta property=\"og:title\" content=\"CNBB: Manifesto em favor da fam\u00edlia - O Arcanjo no ar\" \/>\n<meta property=\"og:description\" content=\"N\u00f3s, Bispos do Brasil, reunidos na 47\u00aa Assembleia Geral da CNBB, em Itaici, Indaiatuba (SP), nos dias 22 de abril a 1\u00ba de maio de 2009, a caminho da \u201cPeregrina\u00e7\u00e3o Nacional em Favor da Fam\u00edlia\u201d ao Santu\u00e1rio Nacional de Aparecida, dia 24 de maio de 2009, nos deparamos com constantes amea\u00e7as \u00e0 vida e \u00e0 [&hellip;]\" \/>\n<meta property=\"og:url\" content=\"https:\/\/www.oarcanjo.net\/site\/cnbb-manifesto-em-favor-da-familia\/\" \/>\n<meta property=\"og:site_name\" content=\"O Arcanjo no ar\" \/>\n<meta property=\"article:publisher\" content=\"https:\/\/www.facebook.com\/OArcanjoNoAr\/\" \/>\n<meta property=\"article:published_time\" content=\"2009-05-01T21:00:10+00:00\" \/>\n<meta property=\"article:modified_time\" content=\"2009-04-30T12:50:52+00:00\" \/>\n<meta property=\"og:image\" content=\"https:\/\/www.oarcanjo.net\/site\/wp-content\/uploads\/logo-o-arcanjo-no-ar-facebook.png\" \/>\n\t<meta property=\"og:image:width\" content=\"300\" \/>\n\t<meta property=\"og:image:height\" content=\"300\" \/>\n\t<meta property=\"og:image:type\" content=\"image\/png\" \/>\n<meta name=\"author\" content=\"editor\" \/>\n<meta name=\"twitter:card\" content=\"summary_large_image\" \/>\n<meta name=\"twitter:label1\" content=\"Escrito por\" \/>\n\t<meta name=\"twitter:data1\" content=\"editor\" \/>\n\t<meta name=\"twitter:label2\" content=\"Est. tempo de leitura\" \/>\n\t<meta name=\"twitter:data2\" content=\"3 minutos\" \/>\n<script type=\"application\/ld+json\" class=\"yoast-schema-graph\">{\"@context\":\"https:\/\/schema.org\",\"@graph\":[{\"@type\":\"Article\",\"@id\":\"https:\/\/www.oarcanjo.net\/site\/cnbb-manifesto-em-favor-da-familia\/#article\",\"isPartOf\":{\"@id\":\"https:\/\/www.oarcanjo.net\/site\/cnbb-manifesto-em-favor-da-familia\/\"},\"author\":{\"name\":\"editor\",\"@id\":\"https:\/\/www.oarcanjo.net\/site\/#\/schema\/person\/f7024d007863202483a31326673a0838\"},\"headline\":\"CNBB: Manifesto em favor da fam\u00edlia\",\"datePublished\":\"2009-05-01T21:00:10+00:00\",\"dateModified\":\"2009-04-30T12:50:52+00:00\",\"mainEntityOfPage\":{\"@id\":\"https:\/\/www.oarcanjo.net\/site\/cnbb-manifesto-em-favor-da-familia\/\"},\"wordCount\":582,\"commentCount\":1,\"publisher\":{\"@id\":\"https:\/\/www.oarcanjo.net\/site\/#organization\"},\"keywords\":[\"assembleia dos bispos\",\"CNBB\",\"fam\u00edlia\",\"Pastoral da Fam\u00edlia\"],\"articleSection\":[\"Not\u00edcias\"],\"inLanguage\":\"pt-BR\",\"potentialAction\":[{\"@type\":\"CommentAction\",\"name\":\"Comment\",\"target\":[\"https:\/\/www.oarcanjo.net\/site\/cnbb-manifesto-em-favor-da-familia\/#respond\"]}]},{\"@type\":\"WebPage\",\"@id\":\"https:\/\/www.oarcanjo.net\/site\/cnbb-manifesto-em-favor-da-familia\/\",\"url\":\"https:\/\/www.oarcanjo.net\/site\/cnbb-manifesto-em-favor-da-familia\/\",\"name\":\"CNBB: Manifesto em favor da fam\u00edlia - O Arcanjo no ar\",\"isPartOf\":{\"@id\":\"https:\/\/www.oarcanjo.net\/site\/#website\"},\"datePublished\":\"2009-05-01T21:00:10+00:00\",\"dateModified\":\"2009-04-30T12:50:52+00:00\",\"breadcrumb\":{\"@id\":\"https:\/\/www.oarcanjo.net\/site\/cnbb-manifesto-em-favor-da-familia\/#breadcrumb\"},\"inLanguage\":\"pt-BR\",\"potentialAction\":[{\"@type\":\"ReadAction\",\"target\":[\"https:\/\/www.oarcanjo.net\/site\/cnbb-manifesto-em-favor-da-familia\/\"]}]},{\"@type\":\"BreadcrumbList\",\"@id\":\"https:\/\/www.oarcanjo.net\/site\/cnbb-manifesto-em-favor-da-familia\/#breadcrumb\",\"itemListElement\":[{\"@type\":\"ListItem\",\"position\":1,\"name\":\"In\u00edcio\",\"item\":\"https:\/\/www.oarcanjo.net\/site\/\"},{\"@type\":\"ListItem\",\"position\":2,\"name\":\"CNBB: Manifesto em favor da fam\u00edlia\"}]},{\"@type\":\"WebSite\",\"@id\":\"https:\/\/www.oarcanjo.net\/site\/#website\",\"url\":\"https:\/\/www.oarcanjo.net\/site\/\",\"name\":\"O Arcanjo no ar\",\"description\":\"Site da Par\u00f3quia S\u00e3o Miguel Arcanjo (Arquidiocese de SP)\",\"publisher\":{\"@id\":\"https:\/\/www.oarcanjo.net\/site\/#organization\"},\"potentialAction\":[{\"@type\":\"SearchAction\",\"target\":{\"@type\":\"EntryPoint\",\"urlTemplate\":\"https:\/\/www.oarcanjo.net\/site\/?s={search_term_string}\"},\"query-input\":{\"@type\":\"PropertyValueSpecification\",\"valueRequired\":true,\"valueName\":\"search_term_string\"}}],\"inLanguage\":\"pt-BR\"},{\"@type\":\"Organization\",\"@id\":\"https:\/\/www.oarcanjo.net\/site\/#organization\",\"name\":\"Par\u00f3quia S\u00e3o Miguel Arcanjo\",\"url\":\"https:\/\/www.oarcanjo.net\/site\/\",\"logo\":{\"@type\":\"ImageObject\",\"inLanguage\":\"pt-BR\",\"@id\":\"https:\/\/www.oarcanjo.net\/site\/#\/schema\/logo\/image\/\",\"url\":\"https:\/\/www.oarcanjo.net\/site\/wp-content\/uploads\/LogoOArcanjo.png\",\"contentUrl\":\"https:\/\/www.oarcanjo.net\/site\/wp-content\/uploads\/LogoOArcanjo.png\",\"width\":319,\"height\":99,\"caption\":\"Par\u00f3quia S\u00e3o Miguel Arcanjo\"},\"image\":{\"@id\":\"https:\/\/www.oarcanjo.net\/site\/#\/schema\/logo\/image\/\"},\"sameAs\":[\"https:\/\/www.facebook.com\/OArcanjoNoAr\/\"]},{\"@type\":\"Person\",\"@id\":\"https:\/\/www.oarcanjo.net\/site\/#\/schema\/person\/f7024d007863202483a31326673a0838\",\"name\":\"editor\",\"sameAs\":[\"http:\/\/www.oarcanjo.net\"]}]}<\/script>\n<!-- \/ Yoast SEO plugin. -->","yoast_head_json":{"title":"CNBB: Manifesto em favor da fam\u00edlia - O Arcanjo no ar","robots":{"index":"index","follow":"follow","max-snippet":"max-snippet:-1","max-image-preview":"max-image-preview:large","max-video-preview":"max-video-preview:-1"},"canonical":"https:\/\/www.oarcanjo.net\/site\/cnbb-manifesto-em-favor-da-familia\/","og_locale":"pt_BR","og_type":"article","og_title":"CNBB: Manifesto em favor da fam\u00edlia - O Arcanjo no ar","og_description":"N\u00f3s, Bispos do Brasil, reunidos na 47\u00aa Assembleia Geral da CNBB, em Itaici, Indaiatuba (SP), nos dias 22 de abril a 1\u00ba de maio de 2009, a caminho da \u201cPeregrina\u00e7\u00e3o Nacional em Favor da Fam\u00edlia\u201d ao Santu\u00e1rio Nacional de Aparecida, dia 24 de maio de 2009, nos deparamos com constantes amea\u00e7as \u00e0 vida e \u00e0 [&hellip;]","og_url":"https:\/\/www.oarcanjo.net\/site\/cnbb-manifesto-em-favor-da-familia\/","og_site_name":"O Arcanjo no ar","article_publisher":"https:\/\/www.facebook.com\/OArcanjoNoAr\/","article_published_time":"2009-05-01T21:00:10+00:00","article_modified_time":"2009-04-30T12:50:52+00:00","og_image":[{"width":300,"height":300,"url":"https:\/\/www.oarcanjo.net\/site\/wp-content\/uploads\/logo-o-arcanjo-no-ar-facebook.png","type":"image\/png"}],"author":"editor","twitter_card":"summary_large_image","twitter_misc":{"Escrito por":"editor","Est. tempo de leitura":"3 minutos"},"schema":{"@context":"https:\/\/schema.org","@graph":[{"@type":"Article","@id":"https:\/\/www.oarcanjo.net\/site\/cnbb-manifesto-em-favor-da-familia\/#article","isPartOf":{"@id":"https:\/\/www.oarcanjo.net\/site\/cnbb-manifesto-em-favor-da-familia\/"},"author":{"name":"editor","@id":"https:\/\/www.oarcanjo.net\/site\/#\/schema\/person\/f7024d007863202483a31326673a0838"},"headline":"CNBB: Manifesto em favor da fam\u00edlia","datePublished":"2009-05-01T21:00:10+00:00","dateModified":"2009-04-30T12:50:52+00:00","mainEntityOfPage":{"@id":"https:\/\/www.oarcanjo.net\/site\/cnbb-manifesto-em-favor-da-familia\/"},"wordCount":582,"commentCount":1,"publisher":{"@id":"https:\/\/www.oarcanjo.net\/site\/#organization"},"keywords":["assembleia dos bispos","CNBB","fam\u00edlia","Pastoral da Fam\u00edlia"],"articleSection":["Not\u00edcias"],"inLanguage":"pt-BR","potentialAction":[{"@type":"CommentAction","name":"Comment","target":["https:\/\/www.oarcanjo.net\/site\/cnbb-manifesto-em-favor-da-familia\/#respond"]}]},{"@type":"WebPage","@id":"https:\/\/www.oarcanjo.net\/site\/cnbb-manifesto-em-favor-da-familia\/","url":"https:\/\/www.oarcanjo.net\/site\/cnbb-manifesto-em-favor-da-familia\/","name":"CNBB: Manifesto em favor da fam\u00edlia - O Arcanjo no ar","isPartOf":{"@id":"https:\/\/www.oarcanjo.net\/site\/#website"},"datePublished":"2009-05-01T21:00:10+00:00","dateModified":"2009-04-30T12:50:52+00:00","breadcrumb":{"@id":"https:\/\/www.oarcanjo.net\/site\/cnbb-manifesto-em-favor-da-familia\/#breadcrumb"},"inLanguage":"pt-BR","potentialAction":[{"@type":"ReadAction","target":["https:\/\/www.oarcanjo.net\/site\/cnbb-manifesto-em-favor-da-familia\/"]}]},{"@type":"BreadcrumbList","@id":"https:\/\/www.oarcanjo.net\/site\/cnbb-manifesto-em-favor-da-familia\/#breadcrumb","itemListElement":[{"@type":"ListItem","position":1,"name":"In\u00edcio","item":"https:\/\/www.oarcanjo.net\/site\/"},{"@type":"ListItem","position":2,"name":"CNBB: Manifesto em favor da fam\u00edlia"}]},{"@type":"WebSite","@id":"https:\/\/www.oarcanjo.net\/site\/#website","url":"https:\/\/www.oarcanjo.net\/site\/","name":"O Arcanjo no ar","description":"Site da Par\u00f3quia S\u00e3o Miguel Arcanjo (Arquidiocese de SP)","publisher":{"@id":"https:\/\/www.oarcanjo.net\/site\/#organization"},"potentialAction":[{"@type":"SearchAction","target":{"@type":"EntryPoint","urlTemplate":"https:\/\/www.oarcanjo.net\/site\/?s={search_term_string}"},"query-input":{"@type":"PropertyValueSpecification","valueRequired":true,"valueName":"search_term_string"}}],"inLanguage":"pt-BR"},{"@type":"Organization","@id":"https:\/\/www.oarcanjo.net\/site\/#organization","name":"Par\u00f3quia S\u00e3o Miguel Arcanjo","url":"https:\/\/www.oarcanjo.net\/site\/","logo":{"@type":"ImageObject","inLanguage":"pt-BR","@id":"https:\/\/www.oarcanjo.net\/site\/#\/schema\/logo\/image\/","url":"https:\/\/www.oarcanjo.net\/site\/wp-content\/uploads\/LogoOArcanjo.png","contentUrl":"https:\/\/www.oarcanjo.net\/site\/wp-content\/uploads\/LogoOArcanjo.png","width":319,"height":99,"caption":"Par\u00f3quia S\u00e3o Miguel Arcanjo"},"image":{"@id":"https:\/\/www.oarcanjo.net\/site\/#\/schema\/logo\/image\/"},"sameAs":["https:\/\/www.facebook.com\/OArcanjoNoAr\/"]},{"@type":"Person","@id":"https:\/\/www.oarcanjo.net\/site\/#\/schema\/person\/f7024d007863202483a31326673a0838","name":"editor","sameAs":["http:\/\/www.oarcanjo.net"]}]}},"publishpress_future_action":{"enabled":false,"date":"2026-05-09 00:05:05","action":"category","newStatus":"draft","terms":[],"taxonomy":"category"},"publishpress_future_workflow_manual_trigger":{"enabledWorkflows":[]},"_links":{"self":[{"href":"https:\/\/www.oarcanjo.net\/site\/wp-json\/wp\/v2\/posts\/3166"}],"collection":[{"href":"https:\/\/www.oarcanjo.net\/site\/wp-json\/wp\/v2\/posts"}],"about":[{"href":"https:\/\/www.oarcanjo.net\/site\/wp-json\/wp\/v2\/types\/post"}],"author":[{"embeddable":true,"href":"https:\/\/www.oarcanjo.net\/site\/wp-json\/wp\/v2\/users\/5"}],"replies":[{"embeddable":true,"href":"https:\/\/www.oarcanjo.net\/site\/wp-json\/wp\/v2\/comments?post=3166"}],"version-history":[{"count":0,"href":"https:\/\/www.oarcanjo.net\/site\/wp-json\/wp\/v2\/posts\/3166\/revisions"}],"wp:attachment":[{"href":"https:\/\/www.oarcanjo.net\/site\/wp-json\/wp\/v2\/media?parent=3166"}],"wp:term":[{"taxonomy":"category","embeddable":true,"href":"https:\/\/www.oarcanjo.net\/site\/wp-json\/wp\/v2\/categories?post=3166"},{"taxonomy":"post_tag","embeddable":true,"href":"https:\/\/www.oarcanjo.net\/site\/wp-json\/wp\/v2\/tags?post=3166"}],"curies":[{"name":"wp","href":"https:\/\/api.w.org\/{rel}","templated":true}]}}