
{"id":318,"date":"2008-10-04T09:40:24","date_gmt":"2008-10-04T12:40:24","guid":{"rendered":"http:\/\/www.oarcanjo.net\/site\/?p=318"},"modified":"2008-10-04T09:40:24","modified_gmt":"2008-10-04T12:40:24","slug":"sinodos-e-concilio","status":"publish","type":"post","link":"https:\/\/www.oarcanjo.net\/site\/sinodos-e-concilio\/","title":{"rendered":"S\u00ednodos e Conc\u00edlio"},"content":{"rendered":"<p>Dom Dem\u00e9trio Valentini *<\/p>\n<p>Neste domingo come\u00e7a em Roma mais um s\u00ednodo. \u00c9 a d\u00e9cima segunda assembl\u00e9ia geral do s\u00ednodo, desde que esta inst\u00e2ncia da Igreja foi institu\u00edda pelo Papa Paulo VI, no final do Conc\u00edlio Ecum\u00eanico Vaticano Segundo, no ano de 1965. <\/p>\n<p>Para compreender sua finalidade e seu alcance, o s\u00ednodo precisa ser colocado em refer\u00eancia ao Conc\u00edlio. Pois na verdade ele foi institu\u00eddo por Paulo VI em vista do t\u00e9rmino do Conc\u00edlio Vaticano II, com a inten\u00e7\u00e3o de continuar o processo conciliar. O conc\u00edlio estava terminando, e Paulo VI queria dotar a Igreja de um instrumento \u00e1gil, que permitisse retomar o clima conciliar sem alterar a normalidade da Igreja. Esta a inten\u00e7\u00e3o de Paulo VI.<\/p>\n<p>Os estatutos que configuraram esta iniciativa permanecem os mesmos, na sua ess\u00eancia, desde o primeiro s\u00ednodo realizado em 1967, pouco tempo depois de conclu\u00eddo o Conc\u00edlio. Fundamentalmente, a assembl\u00e9ia sinodal \u00e9 composta por representantes eleitos pelas Confer\u00eancias Episcopais, podendo o Papa acrescentar outros, atrav\u00e9s de convites pessoais feitos a bispos ou a peritos.<\/p>\n<p>Para se ter uma id\u00e9ia, a CNBB tem uma quota de quatro representantes a serem eleitos, dentro de um universo de quatrocentos bispos brasileiros, pois para o s\u00ednodo podem tamb\u00e9m ser eleitos os bispos em\u00e9ritos. Nestes casos, a representa\u00e7\u00e3o das grandes confer\u00eancias fica prejudicada. A Confer\u00eancia episcopal do Uruguai, por exemplo, com menos de dez dioceses, tem um representante garantido no S\u00ednodo.<\/p>\n<p>Mas o que mais importa num s\u00ednodo nem \u00e9 a representa\u00e7\u00e3o proporcional dos seus membros.  Ele pretende desencadear um processo participativo que envolva toda a Igreja em torno de um assunto relevante. Desta vez, por exemplo, a incid\u00eancia da Sagrada Escritura na vida da Igreja, a partir do documento conciliar sobre o mesmo assunto.<\/p>\n<p>Os s\u00ednodos t\u00eam a ver com a din\u00e2mica conciliar. A Igreja precisa, permanentemente, ir conferindo sua caminhada ao longo da hist\u00f3ria, a partir dos diferentes lugares onde ela procura cumprir a miss\u00e3o recebida de Cristo. E para isto ela necessita partilhar a diversidade de viv\u00eancias, que contribuem para perceber melhor as respostas que o Esp\u00edrito lhe sugere. Se para captar &#8220;o que o Esp\u00edrito quer dizer \u00e0s Igrejas&#8221;, na express\u00e3o do Apocalipse, ela se limita a um lugar s\u00f3, a Igreja acaba empobrecendo suas refer\u00eancias, n\u00e3o dando conta da riqueza do Evangelho, capaz de suscitar respostas adequadas a cada situa\u00e7\u00e3o diferente que a Igreja vai vivendo.<\/p>\n<p>Foi o que motivou Paulo VI a instituir a atual forma de representa\u00e7\u00e3o episcopal, concretizada nos s\u00ednodos que foram se realizando a partir do \u00faltimo conc\u00edlio. Ele queria contar, no governo da Igreja, com a ajuda mais direta e mais diversificada do episcopado mundial. Portanto, s\u00ednodos para ajudar o Papa a governar a Igreja.<\/p>\n<p>A\u00ed mora o limite maior da atual f\u00f3rmula de s\u00ednodos. Eles n\u00e3o deliberam. Eles s\u00f3 apresentam sugest\u00f5es ao Papa, em forma de &#8220;proposi\u00e7\u00f5es&#8221;, entregues ao Papa no final de cada s\u00ednodo, junto com a escolha, por voto secreto, de um &#8220;conselho p\u00f3s-sinodal&#8221;, para ajudar a discernir as proposi\u00e7\u00f5es e transform\u00e1-las num documento com g\u00eanero liter\u00e1rio pr\u00f3prio, identificado como &#8220;exorta\u00e7\u00e3o p\u00f3s-sinodal&#8221;.<\/p>\n<p>Foram muitas as vozes que sugeriram dar mais consist\u00eancia aos s\u00ednodos, conferindo-lhes a incumb\u00eancia de tomar decis\u00f5es estrat\u00e9gicas, junto com o Papa, no momento em que se realiza a assembl\u00e9ia sinodal. Com certeza, os s\u00ednodos passariam a ter uma incid\u00eancia muito maior na Igreja, e desencadeariam um processo participativo muito mais intenso. Eles teriam a miss\u00e3o de captar, de maneira viva e atual, as demandas trazidas pelos representantes eleitos pelas Confer\u00eancias Episcopais, traduzindo estas demandas em compromissos a serem assumidos por todas as Igrejas, como procurou fazer Aparecida.<\/p>\n<p>O processo conciliar faz parte da din\u00e2mica da Igreja. Ele precisa acontecer em cada Igreja local. Quanto mais ele for acionado, mais a Igreja poder\u00e1 dar conta dos apelos que a realidade lhe apresenta.<\/p>\n<p>* Bispo de Jales, S\u00e3o Paulo.<\/p>\n<div id=\"themify_builder_content-318\" data-postid=\"318\" class=\"themify_builder_content themify_builder_content-318 themify_builder themify_builder_front\">\n\t<\/div>\n<!-- \/themify_builder_content -->","protected":false},"excerpt":{"rendered":"<p>Dom Dem\u00e9trio Valentini * Neste domingo come\u00e7a em Roma mais um s\u00ednodo. \u00c9 a d\u00e9cima segunda assembl\u00e9ia geral do s\u00ednodo, desde que esta inst\u00e2ncia da Igreja foi institu\u00edda pelo Papa Paulo VI, no final do Conc\u00edlio Ecum\u00eanico Vaticano Segundo, no ano de 1965. Para compreender sua finalidade e seu alcance, o s\u00ednodo precisa ser colocado [&hellip;]<\/p>\n","protected":false},"author":5,"featured_media":0,"comment_status":"open","ping_status":"open","sticky":false,"template":"","format":"standard","meta":{"ngg_post_thumbnail":0,"footnotes":""},"categories":[9],"tags":[33,35,32,34],"yoast_head":"<!-- This site is optimized with the Yoast SEO plugin v23.5 - https:\/\/yoast.com\/wordpress\/plugins\/seo\/ -->\n<title>S\u00ednodos e Conc\u00edlio - O Arcanjo no ar<\/title>\n<meta name=\"robots\" content=\"index, follow, max-snippet:-1, max-image-preview:large, max-video-preview:-1\" \/>\n<link rel=\"canonical\" href=\"https:\/\/www.oarcanjo.net\/site\/sinodos-e-concilio\/\" \/>\n<meta property=\"og:locale\" content=\"pt_BR\" \/>\n<meta property=\"og:type\" content=\"article\" \/>\n<meta property=\"og:title\" content=\"S\u00ednodos e Conc\u00edlio - O Arcanjo no ar\" \/>\n<meta property=\"og:description\" content=\"Dom Dem\u00e9trio Valentini * Neste domingo come\u00e7a em Roma mais um s\u00ednodo. \u00c9 a d\u00e9cima segunda assembl\u00e9ia geral do s\u00ednodo, desde que esta inst\u00e2ncia da Igreja foi institu\u00edda pelo Papa Paulo VI, no final do Conc\u00edlio Ecum\u00eanico Vaticano Segundo, no ano de 1965. Para compreender sua finalidade e seu alcance, o s\u00ednodo precisa ser colocado [&hellip;]\" \/>\n<meta property=\"og:url\" content=\"https:\/\/www.oarcanjo.net\/site\/sinodos-e-concilio\/\" \/>\n<meta property=\"og:site_name\" content=\"O Arcanjo no ar\" \/>\n<meta property=\"article:publisher\" content=\"https:\/\/www.facebook.com\/OArcanjoNoAr\/\" \/>\n<meta property=\"article:published_time\" content=\"2008-10-04T12:40:24+00:00\" \/>\n<meta property=\"og:image\" content=\"https:\/\/www.oarcanjo.net\/site\/wp-content\/uploads\/logo-o-arcanjo-no-ar-facebook.png\" \/>\n\t<meta property=\"og:image:width\" content=\"300\" \/>\n\t<meta property=\"og:image:height\" content=\"300\" \/>\n\t<meta property=\"og:image:type\" content=\"image\/png\" \/>\n<meta name=\"author\" content=\"editor\" \/>\n<meta name=\"twitter:card\" content=\"summary_large_image\" \/>\n<meta name=\"twitter:label1\" content=\"Escrito por\" \/>\n\t<meta name=\"twitter:data1\" content=\"editor\" \/>\n\t<meta name=\"twitter:label2\" content=\"Est. tempo de leitura\" \/>\n\t<meta name=\"twitter:data2\" content=\"4 minutos\" \/>\n<script type=\"application\/ld+json\" class=\"yoast-schema-graph\">{\"@context\":\"https:\/\/schema.org\",\"@graph\":[{\"@type\":\"Article\",\"@id\":\"https:\/\/www.oarcanjo.net\/site\/sinodos-e-concilio\/#article\",\"isPartOf\":{\"@id\":\"https:\/\/www.oarcanjo.net\/site\/sinodos-e-concilio\/\"},\"author\":{\"name\":\"editor\",\"@id\":\"https:\/\/www.oarcanjo.net\/site\/#\/schema\/person\/f7024d007863202483a31326673a0838\"},\"headline\":\"S\u00ednodos e Conc\u00edlio\",\"datePublished\":\"2008-10-04T12:40:24+00:00\",\"dateModified\":\"2008-10-04T12:40:24+00:00\",\"mainEntityOfPage\":{\"@id\":\"https:\/\/www.oarcanjo.net\/site\/sinodos-e-concilio\/\"},\"wordCount\":711,\"commentCount\":0,\"publisher\":{\"@id\":\"https:\/\/www.oarcanjo.net\/site\/#organization\"},\"keywords\":[\"bispos\",\"conc\u00edlio\",\"s\u00ednodo\",\"vaticano\"],\"articleSection\":[\"Reflex\u00f5es\"],\"inLanguage\":\"pt-BR\",\"potentialAction\":[{\"@type\":\"CommentAction\",\"name\":\"Comment\",\"target\":[\"https:\/\/www.oarcanjo.net\/site\/sinodos-e-concilio\/#respond\"]}]},{\"@type\":\"WebPage\",\"@id\":\"https:\/\/www.oarcanjo.net\/site\/sinodos-e-concilio\/\",\"url\":\"https:\/\/www.oarcanjo.net\/site\/sinodos-e-concilio\/\",\"name\":\"S\u00ednodos e Conc\u00edlio - O Arcanjo no ar\",\"isPartOf\":{\"@id\":\"https:\/\/www.oarcanjo.net\/site\/#website\"},\"datePublished\":\"2008-10-04T12:40:24+00:00\",\"dateModified\":\"2008-10-04T12:40:24+00:00\",\"breadcrumb\":{\"@id\":\"https:\/\/www.oarcanjo.net\/site\/sinodos-e-concilio\/#breadcrumb\"},\"inLanguage\":\"pt-BR\",\"potentialAction\":[{\"@type\":\"ReadAction\",\"target\":[\"https:\/\/www.oarcanjo.net\/site\/sinodos-e-concilio\/\"]}]},{\"@type\":\"BreadcrumbList\",\"@id\":\"https:\/\/www.oarcanjo.net\/site\/sinodos-e-concilio\/#breadcrumb\",\"itemListElement\":[{\"@type\":\"ListItem\",\"position\":1,\"name\":\"In\u00edcio\",\"item\":\"https:\/\/www.oarcanjo.net\/site\/\"},{\"@type\":\"ListItem\",\"position\":2,\"name\":\"S\u00ednodos e Conc\u00edlio\"}]},{\"@type\":\"WebSite\",\"@id\":\"https:\/\/www.oarcanjo.net\/site\/#website\",\"url\":\"https:\/\/www.oarcanjo.net\/site\/\",\"name\":\"O Arcanjo no ar\",\"description\":\"Site da Par\u00f3quia S\u00e3o Miguel Arcanjo (Arquidiocese de SP)\",\"publisher\":{\"@id\":\"https:\/\/www.oarcanjo.net\/site\/#organization\"},\"potentialAction\":[{\"@type\":\"SearchAction\",\"target\":{\"@type\":\"EntryPoint\",\"urlTemplate\":\"https:\/\/www.oarcanjo.net\/site\/?s={search_term_string}\"},\"query-input\":{\"@type\":\"PropertyValueSpecification\",\"valueRequired\":true,\"valueName\":\"search_term_string\"}}],\"inLanguage\":\"pt-BR\"},{\"@type\":\"Organization\",\"@id\":\"https:\/\/www.oarcanjo.net\/site\/#organization\",\"name\":\"Par\u00f3quia S\u00e3o Miguel Arcanjo\",\"url\":\"https:\/\/www.oarcanjo.net\/site\/\",\"logo\":{\"@type\":\"ImageObject\",\"inLanguage\":\"pt-BR\",\"@id\":\"https:\/\/www.oarcanjo.net\/site\/#\/schema\/logo\/image\/\",\"url\":\"https:\/\/www.oarcanjo.net\/site\/wp-content\/uploads\/LogoOArcanjo.png\",\"contentUrl\":\"https:\/\/www.oarcanjo.net\/site\/wp-content\/uploads\/LogoOArcanjo.png\",\"width\":319,\"height\":99,\"caption\":\"Par\u00f3quia S\u00e3o Miguel Arcanjo\"},\"image\":{\"@id\":\"https:\/\/www.oarcanjo.net\/site\/#\/schema\/logo\/image\/\"},\"sameAs\":[\"https:\/\/www.facebook.com\/OArcanjoNoAr\/\"]},{\"@type\":\"Person\",\"@id\":\"https:\/\/www.oarcanjo.net\/site\/#\/schema\/person\/f7024d007863202483a31326673a0838\",\"name\":\"editor\",\"sameAs\":[\"http:\/\/www.oarcanjo.net\"]}]}<\/script>\n<!-- \/ Yoast SEO plugin. -->","yoast_head_json":{"title":"S\u00ednodos e Conc\u00edlio - O Arcanjo no ar","robots":{"index":"index","follow":"follow","max-snippet":"max-snippet:-1","max-image-preview":"max-image-preview:large","max-video-preview":"max-video-preview:-1"},"canonical":"https:\/\/www.oarcanjo.net\/site\/sinodos-e-concilio\/","og_locale":"pt_BR","og_type":"article","og_title":"S\u00ednodos e Conc\u00edlio - O Arcanjo no ar","og_description":"Dom Dem\u00e9trio Valentini * Neste domingo come\u00e7a em Roma mais um s\u00ednodo. \u00c9 a d\u00e9cima segunda assembl\u00e9ia geral do s\u00ednodo, desde que esta inst\u00e2ncia da Igreja foi institu\u00edda pelo Papa Paulo VI, no final do Conc\u00edlio Ecum\u00eanico Vaticano Segundo, no ano de 1965. Para compreender sua finalidade e seu alcance, o s\u00ednodo precisa ser colocado [&hellip;]","og_url":"https:\/\/www.oarcanjo.net\/site\/sinodos-e-concilio\/","og_site_name":"O Arcanjo no ar","article_publisher":"https:\/\/www.facebook.com\/OArcanjoNoAr\/","article_published_time":"2008-10-04T12:40:24+00:00","og_image":[{"width":300,"height":300,"url":"https:\/\/www.oarcanjo.net\/site\/wp-content\/uploads\/logo-o-arcanjo-no-ar-facebook.png","type":"image\/png"}],"author":"editor","twitter_card":"summary_large_image","twitter_misc":{"Escrito por":"editor","Est. tempo de leitura":"4 minutos"},"schema":{"@context":"https:\/\/schema.org","@graph":[{"@type":"Article","@id":"https:\/\/www.oarcanjo.net\/site\/sinodos-e-concilio\/#article","isPartOf":{"@id":"https:\/\/www.oarcanjo.net\/site\/sinodos-e-concilio\/"},"author":{"name":"editor","@id":"https:\/\/www.oarcanjo.net\/site\/#\/schema\/person\/f7024d007863202483a31326673a0838"},"headline":"S\u00ednodos e Conc\u00edlio","datePublished":"2008-10-04T12:40:24+00:00","dateModified":"2008-10-04T12:40:24+00:00","mainEntityOfPage":{"@id":"https:\/\/www.oarcanjo.net\/site\/sinodos-e-concilio\/"},"wordCount":711,"commentCount":0,"publisher":{"@id":"https:\/\/www.oarcanjo.net\/site\/#organization"},"keywords":["bispos","conc\u00edlio","s\u00ednodo","vaticano"],"articleSection":["Reflex\u00f5es"],"inLanguage":"pt-BR","potentialAction":[{"@type":"CommentAction","name":"Comment","target":["https:\/\/www.oarcanjo.net\/site\/sinodos-e-concilio\/#respond"]}]},{"@type":"WebPage","@id":"https:\/\/www.oarcanjo.net\/site\/sinodos-e-concilio\/","url":"https:\/\/www.oarcanjo.net\/site\/sinodos-e-concilio\/","name":"S\u00ednodos e Conc\u00edlio - O Arcanjo no ar","isPartOf":{"@id":"https:\/\/www.oarcanjo.net\/site\/#website"},"datePublished":"2008-10-04T12:40:24+00:00","dateModified":"2008-10-04T12:40:24+00:00","breadcrumb":{"@id":"https:\/\/www.oarcanjo.net\/site\/sinodos-e-concilio\/#breadcrumb"},"inLanguage":"pt-BR","potentialAction":[{"@type":"ReadAction","target":["https:\/\/www.oarcanjo.net\/site\/sinodos-e-concilio\/"]}]},{"@type":"BreadcrumbList","@id":"https:\/\/www.oarcanjo.net\/site\/sinodos-e-concilio\/#breadcrumb","itemListElement":[{"@type":"ListItem","position":1,"name":"In\u00edcio","item":"https:\/\/www.oarcanjo.net\/site\/"},{"@type":"ListItem","position":2,"name":"S\u00ednodos e Conc\u00edlio"}]},{"@type":"WebSite","@id":"https:\/\/www.oarcanjo.net\/site\/#website","url":"https:\/\/www.oarcanjo.net\/site\/","name":"O Arcanjo no ar","description":"Site da Par\u00f3quia S\u00e3o Miguel Arcanjo (Arquidiocese de SP)","publisher":{"@id":"https:\/\/www.oarcanjo.net\/site\/#organization"},"potentialAction":[{"@type":"SearchAction","target":{"@type":"EntryPoint","urlTemplate":"https:\/\/www.oarcanjo.net\/site\/?s={search_term_string}"},"query-input":{"@type":"PropertyValueSpecification","valueRequired":true,"valueName":"search_term_string"}}],"inLanguage":"pt-BR"},{"@type":"Organization","@id":"https:\/\/www.oarcanjo.net\/site\/#organization","name":"Par\u00f3quia S\u00e3o Miguel Arcanjo","url":"https:\/\/www.oarcanjo.net\/site\/","logo":{"@type":"ImageObject","inLanguage":"pt-BR","@id":"https:\/\/www.oarcanjo.net\/site\/#\/schema\/logo\/image\/","url":"https:\/\/www.oarcanjo.net\/site\/wp-content\/uploads\/LogoOArcanjo.png","contentUrl":"https:\/\/www.oarcanjo.net\/site\/wp-content\/uploads\/LogoOArcanjo.png","width":319,"height":99,"caption":"Par\u00f3quia S\u00e3o Miguel Arcanjo"},"image":{"@id":"https:\/\/www.oarcanjo.net\/site\/#\/schema\/logo\/image\/"},"sameAs":["https:\/\/www.facebook.com\/OArcanjoNoAr\/"]},{"@type":"Person","@id":"https:\/\/www.oarcanjo.net\/site\/#\/schema\/person\/f7024d007863202483a31326673a0838","name":"editor","sameAs":["http:\/\/www.oarcanjo.net"]}]}},"publishpress_future_action":{"enabled":false,"date":"2026-05-08 20:14:46","action":"category","newStatus":"draft","terms":[],"taxonomy":"category"},"publishpress_future_workflow_manual_trigger":{"enabledWorkflows":[]},"_links":{"self":[{"href":"https:\/\/www.oarcanjo.net\/site\/wp-json\/wp\/v2\/posts\/318"}],"collection":[{"href":"https:\/\/www.oarcanjo.net\/site\/wp-json\/wp\/v2\/posts"}],"about":[{"href":"https:\/\/www.oarcanjo.net\/site\/wp-json\/wp\/v2\/types\/post"}],"author":[{"embeddable":true,"href":"https:\/\/www.oarcanjo.net\/site\/wp-json\/wp\/v2\/users\/5"}],"replies":[{"embeddable":true,"href":"https:\/\/www.oarcanjo.net\/site\/wp-json\/wp\/v2\/comments?post=318"}],"version-history":[{"count":0,"href":"https:\/\/www.oarcanjo.net\/site\/wp-json\/wp\/v2\/posts\/318\/revisions"}],"wp:attachment":[{"href":"https:\/\/www.oarcanjo.net\/site\/wp-json\/wp\/v2\/media?parent=318"}],"wp:term":[{"taxonomy":"category","embeddable":true,"href":"https:\/\/www.oarcanjo.net\/site\/wp-json\/wp\/v2\/categories?post=318"},{"taxonomy":"post_tag","embeddable":true,"href":"https:\/\/www.oarcanjo.net\/site\/wp-json\/wp\/v2\/tags?post=318"}],"curies":[{"name":"wp","href":"https:\/\/api.w.org\/{rel}","templated":true}]}}