
{"id":3213,"date":"2009-05-02T11:00:09","date_gmt":"2009-05-02T14:00:09","guid":{"rendered":"http:\/\/www.oarcanjo.net\/site\/?p=3213"},"modified":"2009-05-02T11:01:10","modified_gmt":"2009-05-02T14:01:10","slug":"a-proposito-da-critica-de-bento-xvi-a-nietzche","status":"publish","type":"post","link":"https:\/\/www.oarcanjo.net\/site\/a-proposito-da-critica-de-bento-xvi-a-nietzche\/","title":{"rendered":"O cristianismo &#8211; Religi\u00e3o de escravos?"},"content":{"rendered":"<p>A prop\u00f3sito da cr\u00edtica de Bento XVI a Nietzche<\/p>\n<p>Maria Clara Lucchetti Bingemer<\/p>\n<p>N\u00e3o foi a primeira vez que o Papa citou Nietzsche, coisa que at\u00e9 ent\u00e3o os Papas em geral n\u00e3o faziam.  Convenhamos que \u00e9 um progresso.  Dialogar intelectualmente, ainda que criticamente, com um fil\u00f3sofo anticrist\u00e3o e ateu como \u00e9 Nietzsche e que teve tal influencia no Ocidente crist\u00e3o, demonstra liberdade de esp\u00edrito e seguran\u00e7a intelectual.<\/p>\n<p>Em sua primeira enc\u00edclica, \u201cDeus caritas est\u201d, Bento XVI interroga, no n. 3: \u201cSegundo Friedrich Nietzsche, o cristianismo teria dado veneno a beber ao eros, que, embora n\u00e3o tivesse morrido, da\u00ed teria recebido o impulso para degenerar em v\u00edcio. [1] Este fil\u00f3sofo alem\u00e3o exprimia assim uma sensa\u00e7\u00e3o muito generalizada: com os seus mandamentos e proibi\u00e7\u00f5es, a Igreja n\u00e3o nos torna porventura amarga a coisa mais bela da vida? Porventura n\u00e3o assinala ela proibi\u00e7\u00f5es precisamente onde a alegria, preparada para n\u00f3s pelo Criador, nos oferece uma felicidade que nos faz pressentir algo do Divino?\u201d<\/p>\n<p>Interroga\u00e7\u00e3o pertinente. Quantas vezes j\u00e1 n\u00e3o teremos ouvido essa pergunta a n\u00f3s feita por nosso cora\u00e7\u00e3o em suspeita e por outros que questionavam nossa f\u00e9. Seria o cristianismo uma religi\u00e3o dolorista, que n\u00e3o conhece e n\u00e3o legitima a alegria? Seria uma deformante e doentia tentativa de erodir a puls\u00e3o de vida da humanidade para transform\u00e1-la em rebanho d\u00f3cil, massa de manobra, povo de escravos?<\/p>\n<p>Durante a Missa Crismal da \u00faltima Quinta-Feira Santa, durante a qual aben\u00e7oou os santos \u00f3leos e em cuja homilia advertiu contra a vis\u00e3o que o fil\u00f3sofo alem\u00e3o Friedrich Nietzsche tinha da liberdade absoluta do homem &#8211; que, segundo o papa, &#8220;leva \u00e0 soberba destrutiva e \u00e0 viol\u00eancia&#8221;, Bento XVI retomou sua reflex\u00e3o.<\/p>\n<p>O contexto era prop\u00edcio. Tratava-se da celebra\u00e7\u00e3o que abre o Triduo Pascal, com a re-memora\u00e7\u00e3o da Ultima Ceia e da institui\u00e7\u00e3o da Eucaristia, quando se consagram os \u00f3leos lit\u00fargicos que servir\u00e3o durante o ano seguinte para a un\u00e7\u00e3o dos fi\u00e9is e os sacramentos e os sascerdotes presentes renovam suas promessas, entre elas a da vivencia da castidade em estado de celibato. Sabemos que este \u00e9 um ponto muito delicado no debate hodierno sobre a vida eclesial.<\/p>\n<p>Usando Nietzche de contraponto, Bento XVI destacou o que significa ser sacerdote: entregar-se a Deus, representar e interceder pelos outros, em um modo de unifica\u00e7\u00e3o com Cristo, renunciando a impor a vontade pr\u00f3pria. Acrescentou que o sacerd\u00f3cio n\u00e3o significa &#8220;segrega\u00e7\u00e3o&#8221; e que os padres devem saber dizer &#8220;n\u00e3o&#8221; \u00e0s opini\u00f5es nas quais &#8220;predomine a mentira&#8221;.<\/p>\n<p>Referiu-se ent\u00e3o a Nietzsche, que, segundo o pont\u00edfice, &#8220;zombou da humildade e da obedi\u00eancia e as considerou como virtudes servis, que reprimem os homens. Colocou em seu lugar a dignidade e a liberdade absoluta do homem&#8221;. Ora, comentou o Papa, &#8220;existe realmente uma caricatura de uma humildade e de uma submiss\u00e3o equivocada que n\u00e3o queremos imitar, mas existe tamb\u00e9m uma soberba destrutiva e uma jact\u00e2ncia que desagregam qualquer comunidade e acabam na viol\u00eancia&#8221;.<\/p>\n<p>Foi este o ponto que Nietzche n\u00e3o captou. H\u00e1 situa\u00e7\u00f5es onde o ser humano tem que escolher entre matar ou morrer; entre dar a vida ou tom\u00e1-la usando outros como degraus; entre fazer ou sofrer violencia. \u00c9 ent\u00e3o que o amor toma seu pulso e pode dar toda a sua medida.<\/p>\n<p>O Evangelho de Jesus Cristo jamais nos proclamou escravos. Pelo contr\u00e1rio, n\u00e3o faz outra coisa sen\u00e3o dizer que Deus nos libertou e nos liberta em Cristo. Por\u00e9m essa liberdade n\u00e3o \u00e9 para ser gozada impunemente, e sim para amar servindo aos outros de todo cora\u00e7\u00e3o, humildemente e repudiando qualquer violencia. \u00c9 assim que na hist\u00f3ria do cristianismo, os homens e mulheres que mais serviram e transformaram a hist\u00f3ria de seu tempo foram tamb\u00e9m os que mais experimentaram o amor de Deus. Esquecidos de si mesmos, lan\u00e7aram-se no servi\u00e7o aos outros, ansiosos em expressar no servi\u00e7o todo o amor recebido de seu Criador e Senhor.<\/p>\n<p>\u00c9 neste ponto crucial que se d\u00e1 toda a diferen\u00e7a na concep\u00e7\u00e3o que se tem do amor. Simone Weil, judia agn\u00f3stica apaixonada pelos pobres, ap\u00f3s um ano de trabalho nas f\u00e1bricas, vai a Portugal e assiste a uma prociss\u00e3o de pescadores em Povoa do Varzim. Ao escutar os cantos que n\u00e3o entendia mas dos quais sentia a lancinante tristeza, sua vida mudou para sempre. \u201cCompreendi que o cristianismo \u00e9 a religi\u00e3o dos escravos, que os escravos n\u00e3o podem n\u00e3o aderir a ele, e eu entre eles.\u201d<\/p>\n<p>Livremente escolher viver a servi\u00e7o dos outros, \u00e9 isso que Nietzche chama de religi\u00e3o dos escravos. \u00c9 verdade que vai na contram\u00e3o do que o mundo pensa e ensina.  Mas quem disse que \u00e9 f\u00e1cil viver o Evangelho?  Quem disse que a Boa Nova \u00e9 o mesmo que um doce a ser saboreado impunemente?  <\/p>\n<p>\u00c9 a\u00ed que Nietzche chorou \u2013 parodiando o t\u00edtulo de best seller recente \u2013 ao ficar na superf\u00edcie das coisas e n\u00e3o chegar \u00e0 raiz da moral, como pretendia. \u00c9 a\u00ed que aqueles que seguem a Jesus de Nazar\u00e9 devem muitas vezes passar por loucos diante do mundo.  N\u00e3o se trata de escolher entre o Papa ou Nietzche.  Trata-se de compreender que se trata de um debate com um dos mestres intelectuais de nossa \u00e9poca.  E que a raz\u00e3o, a um determinado ponto, deve ajoelhar-se diante do mist\u00e9rio que n\u00e3o compreende.<br \/>\nBoa reflex\u00e3o para o tempo pascal&#8230;resistindo \u00e0 tenta\u00e7\u00e3o da simplifica\u00e7\u00e3o.<\/p>\n<div id=\"themify_builder_content-3213\" data-postid=\"3213\" class=\"themify_builder_content themify_builder_content-3213 themify_builder themify_builder_front\">\n\t<\/div>\n<!-- \/themify_builder_content -->","protected":false},"excerpt":{"rendered":"<p>A prop\u00f3sito da cr\u00edtica de Bento XVI a Nietzche Maria Clara Lucchetti Bingemer N\u00e3o foi a primeira vez que o Papa citou Nietzsche, coisa que at\u00e9 ent\u00e3o os Papas em geral n\u00e3o faziam. Convenhamos que \u00e9 um progresso. Dialogar intelectualmente, ainda que criticamente, com um fil\u00f3sofo anticrist\u00e3o e ateu como \u00e9 Nietzsche e que teve [&hellip;]<\/p>\n","protected":false},"author":5,"featured_media":0,"comment_status":"open","ping_status":"open","sticky":false,"template":"","format":"standard","meta":{"ngg_post_thumbnail":0,"footnotes":""},"categories":[9],"tags":[606,222,560,355,608,607,77],"yoast_head":"<!-- This site is optimized with the Yoast SEO plugin v23.5 - https:\/\/yoast.com\/wordpress\/plugins\/seo\/ -->\n<title>O cristianismo - Religi\u00e3o de escravos? - O Arcanjo no ar<\/title>\n<meta name=\"robots\" content=\"index, follow, max-snippet:-1, max-image-preview:large, max-video-preview:-1\" \/>\n<link rel=\"canonical\" href=\"https:\/\/www.oarcanjo.net\/site\/a-proposito-da-critica-de-bento-xvi-a-nietzche\/\" \/>\n<meta property=\"og:locale\" content=\"pt_BR\" \/>\n<meta property=\"og:type\" content=\"article\" \/>\n<meta property=\"og:title\" content=\"O cristianismo - Religi\u00e3o de escravos? - O Arcanjo no ar\" \/>\n<meta property=\"og:description\" content=\"A prop\u00f3sito da cr\u00edtica de Bento XVI a Nietzche Maria Clara Lucchetti Bingemer N\u00e3o foi a primeira vez que o Papa citou Nietzsche, coisa que at\u00e9 ent\u00e3o os Papas em geral n\u00e3o faziam. Convenhamos que \u00e9 um progresso. Dialogar intelectualmente, ainda que criticamente, com um fil\u00f3sofo anticrist\u00e3o e ateu como \u00e9 Nietzsche e que teve [&hellip;]\" \/>\n<meta property=\"og:url\" content=\"https:\/\/www.oarcanjo.net\/site\/a-proposito-da-critica-de-bento-xvi-a-nietzche\/\" \/>\n<meta property=\"og:site_name\" content=\"O Arcanjo no ar\" \/>\n<meta property=\"article:publisher\" content=\"https:\/\/www.facebook.com\/OArcanjoNoAr\/\" \/>\n<meta property=\"article:published_time\" content=\"2009-05-02T14:00:09+00:00\" \/>\n<meta property=\"article:modified_time\" content=\"2009-05-02T14:01:10+00:00\" \/>\n<meta property=\"og:image\" content=\"https:\/\/www.oarcanjo.net\/site\/wp-content\/uploads\/logo-o-arcanjo-no-ar-facebook.png\" \/>\n\t<meta property=\"og:image:width\" content=\"300\" \/>\n\t<meta property=\"og:image:height\" content=\"300\" \/>\n\t<meta property=\"og:image:type\" content=\"image\/png\" \/>\n<meta name=\"author\" content=\"editor\" \/>\n<meta name=\"twitter:card\" content=\"summary_large_image\" \/>\n<meta name=\"twitter:label1\" content=\"Escrito por\" \/>\n\t<meta name=\"twitter:data1\" content=\"editor\" \/>\n\t<meta name=\"twitter:label2\" content=\"Est. tempo de leitura\" \/>\n\t<meta name=\"twitter:data2\" content=\"5 minutos\" \/>\n<script type=\"application\/ld+json\" class=\"yoast-schema-graph\">{\"@context\":\"https:\/\/schema.org\",\"@graph\":[{\"@type\":\"Article\",\"@id\":\"https:\/\/www.oarcanjo.net\/site\/a-proposito-da-critica-de-bento-xvi-a-nietzche\/#article\",\"isPartOf\":{\"@id\":\"https:\/\/www.oarcanjo.net\/site\/a-proposito-da-critica-de-bento-xvi-a-nietzche\/\"},\"author\":{\"name\":\"editor\",\"@id\":\"https:\/\/www.oarcanjo.net\/site\/#\/schema\/person\/f7024d007863202483a31326673a0838\"},\"headline\":\"O cristianismo &#8211; Religi\u00e3o de escravos?\",\"datePublished\":\"2009-05-02T14:00:09+00:00\",\"dateModified\":\"2009-05-02T14:01:10+00:00\",\"mainEntityOfPage\":{\"@id\":\"https:\/\/www.oarcanjo.net\/site\/a-proposito-da-critica-de-bento-xvi-a-nietzche\/\"},\"wordCount\":962,\"commentCount\":5,\"publisher\":{\"@id\":\"https:\/\/www.oarcanjo.net\/site\/#organization\"},\"keywords\":[\"celibato\",\"cristianismo\",\"escravid\u00e3o\",\"filosofia\",\"libera\u00e7\u00e3o\",\"liberdade\",\"teologia\"],\"articleSection\":[\"Reflex\u00f5es\"],\"inLanguage\":\"pt-BR\",\"potentialAction\":[{\"@type\":\"CommentAction\",\"name\":\"Comment\",\"target\":[\"https:\/\/www.oarcanjo.net\/site\/a-proposito-da-critica-de-bento-xvi-a-nietzche\/#respond\"]}]},{\"@type\":\"WebPage\",\"@id\":\"https:\/\/www.oarcanjo.net\/site\/a-proposito-da-critica-de-bento-xvi-a-nietzche\/\",\"url\":\"https:\/\/www.oarcanjo.net\/site\/a-proposito-da-critica-de-bento-xvi-a-nietzche\/\",\"name\":\"O cristianismo - Religi\u00e3o de escravos? - O Arcanjo no ar\",\"isPartOf\":{\"@id\":\"https:\/\/www.oarcanjo.net\/site\/#website\"},\"datePublished\":\"2009-05-02T14:00:09+00:00\",\"dateModified\":\"2009-05-02T14:01:10+00:00\",\"breadcrumb\":{\"@id\":\"https:\/\/www.oarcanjo.net\/site\/a-proposito-da-critica-de-bento-xvi-a-nietzche\/#breadcrumb\"},\"inLanguage\":\"pt-BR\",\"potentialAction\":[{\"@type\":\"ReadAction\",\"target\":[\"https:\/\/www.oarcanjo.net\/site\/a-proposito-da-critica-de-bento-xvi-a-nietzche\/\"]}]},{\"@type\":\"BreadcrumbList\",\"@id\":\"https:\/\/www.oarcanjo.net\/site\/a-proposito-da-critica-de-bento-xvi-a-nietzche\/#breadcrumb\",\"itemListElement\":[{\"@type\":\"ListItem\",\"position\":1,\"name\":\"In\u00edcio\",\"item\":\"https:\/\/www.oarcanjo.net\/site\/\"},{\"@type\":\"ListItem\",\"position\":2,\"name\":\"O cristianismo &#8211; Religi\u00e3o de escravos?\"}]},{\"@type\":\"WebSite\",\"@id\":\"https:\/\/www.oarcanjo.net\/site\/#website\",\"url\":\"https:\/\/www.oarcanjo.net\/site\/\",\"name\":\"O Arcanjo no ar\",\"description\":\"Site da Par\u00f3quia S\u00e3o Miguel Arcanjo (Arquidiocese de SP)\",\"publisher\":{\"@id\":\"https:\/\/www.oarcanjo.net\/site\/#organization\"},\"potentialAction\":[{\"@type\":\"SearchAction\",\"target\":{\"@type\":\"EntryPoint\",\"urlTemplate\":\"https:\/\/www.oarcanjo.net\/site\/?s={search_term_string}\"},\"query-input\":{\"@type\":\"PropertyValueSpecification\",\"valueRequired\":true,\"valueName\":\"search_term_string\"}}],\"inLanguage\":\"pt-BR\"},{\"@type\":\"Organization\",\"@id\":\"https:\/\/www.oarcanjo.net\/site\/#organization\",\"name\":\"Par\u00f3quia S\u00e3o Miguel Arcanjo\",\"url\":\"https:\/\/www.oarcanjo.net\/site\/\",\"logo\":{\"@type\":\"ImageObject\",\"inLanguage\":\"pt-BR\",\"@id\":\"https:\/\/www.oarcanjo.net\/site\/#\/schema\/logo\/image\/\",\"url\":\"https:\/\/www.oarcanjo.net\/site\/wp-content\/uploads\/LogoOArcanjo.png\",\"contentUrl\":\"https:\/\/www.oarcanjo.net\/site\/wp-content\/uploads\/LogoOArcanjo.png\",\"width\":319,\"height\":99,\"caption\":\"Par\u00f3quia S\u00e3o Miguel Arcanjo\"},\"image\":{\"@id\":\"https:\/\/www.oarcanjo.net\/site\/#\/schema\/logo\/image\/\"},\"sameAs\":[\"https:\/\/www.facebook.com\/OArcanjoNoAr\/\"]},{\"@type\":\"Person\",\"@id\":\"https:\/\/www.oarcanjo.net\/site\/#\/schema\/person\/f7024d007863202483a31326673a0838\",\"name\":\"editor\",\"sameAs\":[\"http:\/\/www.oarcanjo.net\"]}]}<\/script>\n<!-- \/ Yoast SEO plugin. -->","yoast_head_json":{"title":"O cristianismo - Religi\u00e3o de escravos? - O Arcanjo no ar","robots":{"index":"index","follow":"follow","max-snippet":"max-snippet:-1","max-image-preview":"max-image-preview:large","max-video-preview":"max-video-preview:-1"},"canonical":"https:\/\/www.oarcanjo.net\/site\/a-proposito-da-critica-de-bento-xvi-a-nietzche\/","og_locale":"pt_BR","og_type":"article","og_title":"O cristianismo - Religi\u00e3o de escravos? - O Arcanjo no ar","og_description":"A prop\u00f3sito da cr\u00edtica de Bento XVI a Nietzche Maria Clara Lucchetti Bingemer N\u00e3o foi a primeira vez que o Papa citou Nietzsche, coisa que at\u00e9 ent\u00e3o os Papas em geral n\u00e3o faziam. Convenhamos que \u00e9 um progresso. Dialogar intelectualmente, ainda que criticamente, com um fil\u00f3sofo anticrist\u00e3o e ateu como \u00e9 Nietzsche e que teve [&hellip;]","og_url":"https:\/\/www.oarcanjo.net\/site\/a-proposito-da-critica-de-bento-xvi-a-nietzche\/","og_site_name":"O Arcanjo no ar","article_publisher":"https:\/\/www.facebook.com\/OArcanjoNoAr\/","article_published_time":"2009-05-02T14:00:09+00:00","article_modified_time":"2009-05-02T14:01:10+00:00","og_image":[{"width":300,"height":300,"url":"https:\/\/www.oarcanjo.net\/site\/wp-content\/uploads\/logo-o-arcanjo-no-ar-facebook.png","type":"image\/png"}],"author":"editor","twitter_card":"summary_large_image","twitter_misc":{"Escrito por":"editor","Est. tempo de leitura":"5 minutos"},"schema":{"@context":"https:\/\/schema.org","@graph":[{"@type":"Article","@id":"https:\/\/www.oarcanjo.net\/site\/a-proposito-da-critica-de-bento-xvi-a-nietzche\/#article","isPartOf":{"@id":"https:\/\/www.oarcanjo.net\/site\/a-proposito-da-critica-de-bento-xvi-a-nietzche\/"},"author":{"name":"editor","@id":"https:\/\/www.oarcanjo.net\/site\/#\/schema\/person\/f7024d007863202483a31326673a0838"},"headline":"O cristianismo &#8211; Religi\u00e3o de escravos?","datePublished":"2009-05-02T14:00:09+00:00","dateModified":"2009-05-02T14:01:10+00:00","mainEntityOfPage":{"@id":"https:\/\/www.oarcanjo.net\/site\/a-proposito-da-critica-de-bento-xvi-a-nietzche\/"},"wordCount":962,"commentCount":5,"publisher":{"@id":"https:\/\/www.oarcanjo.net\/site\/#organization"},"keywords":["celibato","cristianismo","escravid\u00e3o","filosofia","libera\u00e7\u00e3o","liberdade","teologia"],"articleSection":["Reflex\u00f5es"],"inLanguage":"pt-BR","potentialAction":[{"@type":"CommentAction","name":"Comment","target":["https:\/\/www.oarcanjo.net\/site\/a-proposito-da-critica-de-bento-xvi-a-nietzche\/#respond"]}]},{"@type":"WebPage","@id":"https:\/\/www.oarcanjo.net\/site\/a-proposito-da-critica-de-bento-xvi-a-nietzche\/","url":"https:\/\/www.oarcanjo.net\/site\/a-proposito-da-critica-de-bento-xvi-a-nietzche\/","name":"O cristianismo - Religi\u00e3o de escravos? - O Arcanjo no ar","isPartOf":{"@id":"https:\/\/www.oarcanjo.net\/site\/#website"},"datePublished":"2009-05-02T14:00:09+00:00","dateModified":"2009-05-02T14:01:10+00:00","breadcrumb":{"@id":"https:\/\/www.oarcanjo.net\/site\/a-proposito-da-critica-de-bento-xvi-a-nietzche\/#breadcrumb"},"inLanguage":"pt-BR","potentialAction":[{"@type":"ReadAction","target":["https:\/\/www.oarcanjo.net\/site\/a-proposito-da-critica-de-bento-xvi-a-nietzche\/"]}]},{"@type":"BreadcrumbList","@id":"https:\/\/www.oarcanjo.net\/site\/a-proposito-da-critica-de-bento-xvi-a-nietzche\/#breadcrumb","itemListElement":[{"@type":"ListItem","position":1,"name":"In\u00edcio","item":"https:\/\/www.oarcanjo.net\/site\/"},{"@type":"ListItem","position":2,"name":"O cristianismo &#8211; Religi\u00e3o de escravos?"}]},{"@type":"WebSite","@id":"https:\/\/www.oarcanjo.net\/site\/#website","url":"https:\/\/www.oarcanjo.net\/site\/","name":"O Arcanjo no ar","description":"Site da Par\u00f3quia S\u00e3o Miguel Arcanjo (Arquidiocese de SP)","publisher":{"@id":"https:\/\/www.oarcanjo.net\/site\/#organization"},"potentialAction":[{"@type":"SearchAction","target":{"@type":"EntryPoint","urlTemplate":"https:\/\/www.oarcanjo.net\/site\/?s={search_term_string}"},"query-input":{"@type":"PropertyValueSpecification","valueRequired":true,"valueName":"search_term_string"}}],"inLanguage":"pt-BR"},{"@type":"Organization","@id":"https:\/\/www.oarcanjo.net\/site\/#organization","name":"Par\u00f3quia S\u00e3o Miguel Arcanjo","url":"https:\/\/www.oarcanjo.net\/site\/","logo":{"@type":"ImageObject","inLanguage":"pt-BR","@id":"https:\/\/www.oarcanjo.net\/site\/#\/schema\/logo\/image\/","url":"https:\/\/www.oarcanjo.net\/site\/wp-content\/uploads\/LogoOArcanjo.png","contentUrl":"https:\/\/www.oarcanjo.net\/site\/wp-content\/uploads\/LogoOArcanjo.png","width":319,"height":99,"caption":"Par\u00f3quia S\u00e3o Miguel Arcanjo"},"image":{"@id":"https:\/\/www.oarcanjo.net\/site\/#\/schema\/logo\/image\/"},"sameAs":["https:\/\/www.facebook.com\/OArcanjoNoAr\/"]},{"@type":"Person","@id":"https:\/\/www.oarcanjo.net\/site\/#\/schema\/person\/f7024d007863202483a31326673a0838","name":"editor","sameAs":["http:\/\/www.oarcanjo.net"]}]}},"publishpress_future_action":{"enabled":false,"date":"2026-05-09 04:40:14","action":"category","newStatus":"draft","terms":[],"taxonomy":"category"},"publishpress_future_workflow_manual_trigger":{"enabledWorkflows":[]},"_links":{"self":[{"href":"https:\/\/www.oarcanjo.net\/site\/wp-json\/wp\/v2\/posts\/3213"}],"collection":[{"href":"https:\/\/www.oarcanjo.net\/site\/wp-json\/wp\/v2\/posts"}],"about":[{"href":"https:\/\/www.oarcanjo.net\/site\/wp-json\/wp\/v2\/types\/post"}],"author":[{"embeddable":true,"href":"https:\/\/www.oarcanjo.net\/site\/wp-json\/wp\/v2\/users\/5"}],"replies":[{"embeddable":true,"href":"https:\/\/www.oarcanjo.net\/site\/wp-json\/wp\/v2\/comments?post=3213"}],"version-history":[{"count":0,"href":"https:\/\/www.oarcanjo.net\/site\/wp-json\/wp\/v2\/posts\/3213\/revisions"}],"wp:attachment":[{"href":"https:\/\/www.oarcanjo.net\/site\/wp-json\/wp\/v2\/media?parent=3213"}],"wp:term":[{"taxonomy":"category","embeddable":true,"href":"https:\/\/www.oarcanjo.net\/site\/wp-json\/wp\/v2\/categories?post=3213"},{"taxonomy":"post_tag","embeddable":true,"href":"https:\/\/www.oarcanjo.net\/site\/wp-json\/wp\/v2\/tags?post=3213"}],"curies":[{"name":"wp","href":"https:\/\/api.w.org\/{rel}","templated":true}]}}