
{"id":3216,"date":"2009-05-02T11:41:31","date_gmt":"2009-05-02T14:41:31","guid":{"rendered":"http:\/\/www.oarcanjo.net\/site\/?p=3216"},"modified":"2009-05-03T18:21:08","modified_gmt":"2009-05-03T21:21:08","slug":"jesus-o-bom-pastor","status":"publish","type":"post","link":"https:\/\/www.oarcanjo.net\/site\/jesus-o-bom-pastor\/","title":{"rendered":"JESUS: O BOM PASTOR!"},"content":{"rendered":"<p>O quarto Domingo da P\u00e1scoa \u00e9 o Domingo do Bom Pastor!<\/p>\n<p>O padre Jos\u00e9 Bortolini nos diz:<\/p>\n<p>&#8220;Hoje \u00e9 dia dos pastores e dia da pastoral. Trabalhar na Pastoral de uma comunidade \u00e9 estar a servi\u00e7o da vida e liberdade do povo, continuando na hist\u00f3ria os atos libertadores de JESUS, o BOM PASTOR. Ele nos mostra o sentido da a\u00e7\u00e3o pastoral: dar a vida pelas ovelhas.<\/p>\n<p>A sociedade pode nos criticar e at\u00e9 perseguir por defendermos e promovermos a vida do povo. Mas n\u00f3s, que um dia fomos cativados pelo servi\u00e7o do BOM PASTOR que nos deu a vida, caminhamos rumo \u00e0 manifesta\u00e7\u00e3o final, quando seremos semelhantes a ELE e O veremos como ELE \u00e9.&#8221;<\/p>\n<p>Esta pequena e introdut\u00f3ria reflex\u00e3o \u00e9 de grande densidade e suficiente para avaliarmos e considerarmos a nossa a\u00e7\u00e3o no mundo.<br \/>\nO pastoreio de JESUS tem que estar presente em nossas comunidades como express\u00e3o do amor de DEUS para com o seu povo.<\/p>\n<p>Amor compassivo e misericordioso, que liberta de todas as amarras e de toda aliena\u00e7\u00e3o.<br \/>\nJESUS o BOM PASTOR se contrap\u00f5e aos que exploram o povo e arrancam a sua dignidade como quem arranca a sua pele.<\/p>\n<p>O pastoreio de JESUS \u00e9 feito de atra\u00e7\u00e3o de quem conhece as ovelhas pelo nome, e por elas d\u00e1 a sua vida livremente e por amor!<\/p>\n<p>O Domingo do BOM PASTOR nos interpela, nos questiona, num mundo cada vez mais utilit\u00e1rio e pragm\u00e1tico onde at\u00e9 nossas pastorais s\u00e3o medidas pela efic\u00e1cia de seus resultados, como se nossa a\u00e7\u00e3o fosse empresarial. N\u00e3o podemos esquecer que a efic\u00e1cia do Amor \u00e9 a gratuidade!<\/p>\n<p>O caminho do BOM PASTOR n\u00e3o \u00e9 um caminho de facilidades, mas de entrega amorosa que n\u00e3o desconhece a dor e as exig\u00eancias de amar at\u00e9 o fim, como JESUS amou.<\/p>\n<p>O SENHOR hoje nos diz:<br \/>\nNingu\u00e9m tira a minha vida, eu a entrego livremente.<\/p>\n<p>Sempre penso nas palavras de JESUS que nos ensina:<\/p>\n<p>Ningu\u00e9m tem maior amor sen\u00e3o aquele que d\u00e1 a vida por seus amados,<br \/>\nV\u00f3s sois meus amados!<\/p>\n<p>Senhor, que tua gra\u00e7a me fa\u00e7a viver  a fidelidade ao TEU amor.<\/p>\n<hr \/>\n<p>Assista \u00e0 homilia da missa deste 03\/05 sobre o Bom Pastor:<\/p>\n<p><video style=\"width: 100%; height: auto; aspect-ratio: 480\/334; border: none; overflow: hidden;\" controls>\n                <source src=\"mms:\/\/mms.bizmedia.com.br\/bizmedia\/Homilia20090503-final.wmv\" type=\"video\/x-ms-wmv\">\n                <source src=\"mms:\/\/mms.bizmedia.com.br\/bizmedia\/Homilia20090503-final.wmv\" type=\"video\/wmv\">\n                Your browser does not support the video tag.\n            <\/video><\/p>\n<p><object width=\"480\" height=\"385\"><param name=\"movie\" value=\"http:\/\/www.youtube.com\/v\/fpSPbS6wrd8&#038;hl=pt-br&#038;fs=1&#038;color1=0xe1600f&#038;color2=0xfebd01\"><\/param><param name=\"allowFullScreen\" value=\"true\"><\/param><param name=\"allowscriptaccess\" value=\"always\"><\/param><embed src=\"http:\/\/www.youtube.com\/v\/fpSPbS6wrd8&#038;hl=pt-br&#038;fs=1&#038;color1=0xe1600f&#038;color2=0xfebd01\" type=\"application\/x-shockwave-flash\" allowscriptaccess=\"always\" allowfullscreen=\"true\" width=\"480\" height=\"385\"><\/embed><\/object><\/p>\n<div id=\"themify_builder_content-3216\" data-postid=\"3216\" class=\"themify_builder_content themify_builder_content-3216 themify_builder themify_builder_front\">\n\t<\/div>\n<!-- \/themify_builder_content -->","protected":false},"excerpt":{"rendered":"<p>O quarto Domingo da P\u00e1scoa \u00e9 o Domingo do Bom Pastor! O padre Jos\u00e9 Bortolini nos diz: &#8220;Hoje \u00e9 dia dos pastores e dia da pastoral. Trabalhar na Pastoral de uma comunidade \u00e9 estar a servi\u00e7o da vida e liberdade do povo, continuando na hist\u00f3ria os atos libertadores de JESUS, o BOM PASTOR. Ele nos [&hellip;]<\/p>\n","protected":false},"author":4,"featured_media":0,"comment_status":"open","ping_status":"open","sticky":false,"template":"","format":"standard","meta":{"ngg_post_thumbnail":0,"footnotes":""},"categories":[4,475],"tags":[611,273,236],"yoast_head":"<!-- This site is optimized with the Yoast SEO plugin v23.5 - https:\/\/yoast.com\/wordpress\/plugins\/seo\/ -->\n<title>JESUS: O BOM PASTOR! - O Arcanjo no ar<\/title>\n<meta name=\"robots\" content=\"index, follow, max-snippet:-1, max-image-preview:large, max-video-preview:-1\" \/>\n<link rel=\"canonical\" href=\"https:\/\/www.oarcanjo.net\/site\/jesus-o-bom-pastor\/\" \/>\n<meta property=\"og:locale\" content=\"pt_BR\" \/>\n<meta property=\"og:type\" content=\"article\" \/>\n<meta property=\"og:title\" content=\"JESUS: O BOM PASTOR! - O Arcanjo no ar\" \/>\n<meta property=\"og:description\" content=\"O quarto Domingo da P\u00e1scoa \u00e9 o Domingo do Bom Pastor! O padre Jos\u00e9 Bortolini nos diz: &#8220;Hoje \u00e9 dia dos pastores e dia da pastoral. Trabalhar na Pastoral de uma comunidade \u00e9 estar a servi\u00e7o da vida e liberdade do povo, continuando na hist\u00f3ria os atos libertadores de JESUS, o BOM PASTOR. Ele nos [&hellip;]\" \/>\n<meta property=\"og:url\" content=\"https:\/\/www.oarcanjo.net\/site\/jesus-o-bom-pastor\/\" \/>\n<meta property=\"og:site_name\" content=\"O Arcanjo no ar\" \/>\n<meta property=\"article:publisher\" content=\"https:\/\/www.facebook.com\/OArcanjoNoAr\/\" \/>\n<meta property=\"article:published_time\" content=\"2009-05-02T14:41:31+00:00\" \/>\n<meta property=\"article:modified_time\" content=\"2009-05-03T21:21:08+00:00\" \/>\n<meta property=\"og:image\" content=\"https:\/\/www.oarcanjo.net\/site\/wp-content\/uploads\/logo-o-arcanjo-no-ar-facebook.png\" \/>\n\t<meta property=\"og:image:width\" content=\"300\" \/>\n\t<meta property=\"og:image:height\" content=\"300\" \/>\n\t<meta property=\"og:image:type\" content=\"image\/png\" \/>\n<meta name=\"author\" content=\"julio\" \/>\n<meta name=\"twitter:card\" content=\"summary_large_image\" \/>\n<meta name=\"twitter:label1\" content=\"Escrito por\" \/>\n\t<meta name=\"twitter:data1\" content=\"julio\" \/>\n\t<meta name=\"twitter:label2\" content=\"Est. tempo de leitura\" \/>\n\t<meta name=\"twitter:data2\" content=\"2 minutos\" \/>\n<script type=\"application\/ld+json\" class=\"yoast-schema-graph\">{\"@context\":\"https:\/\/schema.org\",\"@graph\":[{\"@type\":\"Article\",\"@id\":\"https:\/\/www.oarcanjo.net\/site\/jesus-o-bom-pastor\/#article\",\"isPartOf\":{\"@id\":\"https:\/\/www.oarcanjo.net\/site\/jesus-o-bom-pastor\/\"},\"author\":{\"name\":\"julio\",\"@id\":\"https:\/\/www.oarcanjo.net\/site\/#\/schema\/person\/d78ea01c648c91e29c364b516767079e\"},\"headline\":\"JESUS: O BOM PASTOR!\",\"datePublished\":\"2009-05-02T14:41:31+00:00\",\"dateModified\":\"2009-05-03T21:21:08+00:00\",\"mainEntityOfPage\":{\"@id\":\"https:\/\/www.oarcanjo.net\/site\/jesus-o-bom-pastor\/\"},\"wordCount\":392,\"commentCount\":7,\"publisher\":{\"@id\":\"https:\/\/www.oarcanjo.net\/site\/#organization\"},\"keywords\":[\"bom pastor\",\"evangelho\",\"Jesus\"],\"articleSection\":[\"Blog\",\"Homilias\"],\"inLanguage\":\"pt-BR\",\"potentialAction\":[{\"@type\":\"CommentAction\",\"name\":\"Comment\",\"target\":[\"https:\/\/www.oarcanjo.net\/site\/jesus-o-bom-pastor\/#respond\"]}]},{\"@type\":\"WebPage\",\"@id\":\"https:\/\/www.oarcanjo.net\/site\/jesus-o-bom-pastor\/\",\"url\":\"https:\/\/www.oarcanjo.net\/site\/jesus-o-bom-pastor\/\",\"name\":\"JESUS: O BOM PASTOR! - O Arcanjo no ar\",\"isPartOf\":{\"@id\":\"https:\/\/www.oarcanjo.net\/site\/#website\"},\"datePublished\":\"2009-05-02T14:41:31+00:00\",\"dateModified\":\"2009-05-03T21:21:08+00:00\",\"breadcrumb\":{\"@id\":\"https:\/\/www.oarcanjo.net\/site\/jesus-o-bom-pastor\/#breadcrumb\"},\"inLanguage\":\"pt-BR\",\"potentialAction\":[{\"@type\":\"ReadAction\",\"target\":[\"https:\/\/www.oarcanjo.net\/site\/jesus-o-bom-pastor\/\"]}]},{\"@type\":\"BreadcrumbList\",\"@id\":\"https:\/\/www.oarcanjo.net\/site\/jesus-o-bom-pastor\/#breadcrumb\",\"itemListElement\":[{\"@type\":\"ListItem\",\"position\":1,\"name\":\"In\u00edcio\",\"item\":\"https:\/\/www.oarcanjo.net\/site\/\"},{\"@type\":\"ListItem\",\"position\":2,\"name\":\"JESUS: O BOM PASTOR!\"}]},{\"@type\":\"WebSite\",\"@id\":\"https:\/\/www.oarcanjo.net\/site\/#website\",\"url\":\"https:\/\/www.oarcanjo.net\/site\/\",\"name\":\"O Arcanjo no ar\",\"description\":\"Site da Par\u00f3quia S\u00e3o Miguel Arcanjo (Arquidiocese de SP)\",\"publisher\":{\"@id\":\"https:\/\/www.oarcanjo.net\/site\/#organization\"},\"potentialAction\":[{\"@type\":\"SearchAction\",\"target\":{\"@type\":\"EntryPoint\",\"urlTemplate\":\"https:\/\/www.oarcanjo.net\/site\/?s={search_term_string}\"},\"query-input\":{\"@type\":\"PropertyValueSpecification\",\"valueRequired\":true,\"valueName\":\"search_term_string\"}}],\"inLanguage\":\"pt-BR\"},{\"@type\":\"Organization\",\"@id\":\"https:\/\/www.oarcanjo.net\/site\/#organization\",\"name\":\"Par\u00f3quia S\u00e3o Miguel Arcanjo\",\"url\":\"https:\/\/www.oarcanjo.net\/site\/\",\"logo\":{\"@type\":\"ImageObject\",\"inLanguage\":\"pt-BR\",\"@id\":\"https:\/\/www.oarcanjo.net\/site\/#\/schema\/logo\/image\/\",\"url\":\"https:\/\/www.oarcanjo.net\/site\/wp-content\/uploads\/LogoOArcanjo.png\",\"contentUrl\":\"https:\/\/www.oarcanjo.net\/site\/wp-content\/uploads\/LogoOArcanjo.png\",\"width\":319,\"height\":99,\"caption\":\"Par\u00f3quia S\u00e3o Miguel Arcanjo\"},\"image\":{\"@id\":\"https:\/\/www.oarcanjo.net\/site\/#\/schema\/logo\/image\/\"},\"sameAs\":[\"https:\/\/www.facebook.com\/OArcanjoNoAr\/\"]},{\"@type\":\"Person\",\"@id\":\"https:\/\/www.oarcanjo.net\/site\/#\/schema\/person\/d78ea01c648c91e29c364b516767079e\",\"name\":\"julio\",\"sameAs\":[\"http:\/\/www.oarcanjo.net\"]}]}<\/script>\n<!-- \/ Yoast SEO plugin. -->","yoast_head_json":{"title":"JESUS: O BOM PASTOR! - O Arcanjo no ar","robots":{"index":"index","follow":"follow","max-snippet":"max-snippet:-1","max-image-preview":"max-image-preview:large","max-video-preview":"max-video-preview:-1"},"canonical":"https:\/\/www.oarcanjo.net\/site\/jesus-o-bom-pastor\/","og_locale":"pt_BR","og_type":"article","og_title":"JESUS: O BOM PASTOR! - O Arcanjo no ar","og_description":"O quarto Domingo da P\u00e1scoa \u00e9 o Domingo do Bom Pastor! O padre Jos\u00e9 Bortolini nos diz: &#8220;Hoje \u00e9 dia dos pastores e dia da pastoral. Trabalhar na Pastoral de uma comunidade \u00e9 estar a servi\u00e7o da vida e liberdade do povo, continuando na hist\u00f3ria os atos libertadores de JESUS, o BOM PASTOR. Ele nos [&hellip;]","og_url":"https:\/\/www.oarcanjo.net\/site\/jesus-o-bom-pastor\/","og_site_name":"O Arcanjo no ar","article_publisher":"https:\/\/www.facebook.com\/OArcanjoNoAr\/","article_published_time":"2009-05-02T14:41:31+00:00","article_modified_time":"2009-05-03T21:21:08+00:00","og_image":[{"width":300,"height":300,"url":"https:\/\/www.oarcanjo.net\/site\/wp-content\/uploads\/logo-o-arcanjo-no-ar-facebook.png","type":"image\/png"}],"author":"julio","twitter_card":"summary_large_image","twitter_misc":{"Escrito por":"julio","Est. tempo de leitura":"2 minutos"},"schema":{"@context":"https:\/\/schema.org","@graph":[{"@type":"Article","@id":"https:\/\/www.oarcanjo.net\/site\/jesus-o-bom-pastor\/#article","isPartOf":{"@id":"https:\/\/www.oarcanjo.net\/site\/jesus-o-bom-pastor\/"},"author":{"name":"julio","@id":"https:\/\/www.oarcanjo.net\/site\/#\/schema\/person\/d78ea01c648c91e29c364b516767079e"},"headline":"JESUS: O BOM PASTOR!","datePublished":"2009-05-02T14:41:31+00:00","dateModified":"2009-05-03T21:21:08+00:00","mainEntityOfPage":{"@id":"https:\/\/www.oarcanjo.net\/site\/jesus-o-bom-pastor\/"},"wordCount":392,"commentCount":7,"publisher":{"@id":"https:\/\/www.oarcanjo.net\/site\/#organization"},"keywords":["bom pastor","evangelho","Jesus"],"articleSection":["Blog","Homilias"],"inLanguage":"pt-BR","potentialAction":[{"@type":"CommentAction","name":"Comment","target":["https:\/\/www.oarcanjo.net\/site\/jesus-o-bom-pastor\/#respond"]}]},{"@type":"WebPage","@id":"https:\/\/www.oarcanjo.net\/site\/jesus-o-bom-pastor\/","url":"https:\/\/www.oarcanjo.net\/site\/jesus-o-bom-pastor\/","name":"JESUS: O BOM PASTOR! - O Arcanjo no ar","isPartOf":{"@id":"https:\/\/www.oarcanjo.net\/site\/#website"},"datePublished":"2009-05-02T14:41:31+00:00","dateModified":"2009-05-03T21:21:08+00:00","breadcrumb":{"@id":"https:\/\/www.oarcanjo.net\/site\/jesus-o-bom-pastor\/#breadcrumb"},"inLanguage":"pt-BR","potentialAction":[{"@type":"ReadAction","target":["https:\/\/www.oarcanjo.net\/site\/jesus-o-bom-pastor\/"]}]},{"@type":"BreadcrumbList","@id":"https:\/\/www.oarcanjo.net\/site\/jesus-o-bom-pastor\/#breadcrumb","itemListElement":[{"@type":"ListItem","position":1,"name":"In\u00edcio","item":"https:\/\/www.oarcanjo.net\/site\/"},{"@type":"ListItem","position":2,"name":"JESUS: O BOM PASTOR!"}]},{"@type":"WebSite","@id":"https:\/\/www.oarcanjo.net\/site\/#website","url":"https:\/\/www.oarcanjo.net\/site\/","name":"O Arcanjo no ar","description":"Site da Par\u00f3quia S\u00e3o Miguel Arcanjo (Arquidiocese de SP)","publisher":{"@id":"https:\/\/www.oarcanjo.net\/site\/#organization"},"potentialAction":[{"@type":"SearchAction","target":{"@type":"EntryPoint","urlTemplate":"https:\/\/www.oarcanjo.net\/site\/?s={search_term_string}"},"query-input":{"@type":"PropertyValueSpecification","valueRequired":true,"valueName":"search_term_string"}}],"inLanguage":"pt-BR"},{"@type":"Organization","@id":"https:\/\/www.oarcanjo.net\/site\/#organization","name":"Par\u00f3quia S\u00e3o Miguel Arcanjo","url":"https:\/\/www.oarcanjo.net\/site\/","logo":{"@type":"ImageObject","inLanguage":"pt-BR","@id":"https:\/\/www.oarcanjo.net\/site\/#\/schema\/logo\/image\/","url":"https:\/\/www.oarcanjo.net\/site\/wp-content\/uploads\/LogoOArcanjo.png","contentUrl":"https:\/\/www.oarcanjo.net\/site\/wp-content\/uploads\/LogoOArcanjo.png","width":319,"height":99,"caption":"Par\u00f3quia S\u00e3o Miguel Arcanjo"},"image":{"@id":"https:\/\/www.oarcanjo.net\/site\/#\/schema\/logo\/image\/"},"sameAs":["https:\/\/www.facebook.com\/OArcanjoNoAr\/"]},{"@type":"Person","@id":"https:\/\/www.oarcanjo.net\/site\/#\/schema\/person\/d78ea01c648c91e29c364b516767079e","name":"julio","sameAs":["http:\/\/www.oarcanjo.net"]}]}},"publishpress_future_action":{"enabled":false,"date":"2026-05-08 21:26:03","action":"category","newStatus":"draft","terms":[],"taxonomy":"category"},"publishpress_future_workflow_manual_trigger":{"enabledWorkflows":[]},"_links":{"self":[{"href":"https:\/\/www.oarcanjo.net\/site\/wp-json\/wp\/v2\/posts\/3216"}],"collection":[{"href":"https:\/\/www.oarcanjo.net\/site\/wp-json\/wp\/v2\/posts"}],"about":[{"href":"https:\/\/www.oarcanjo.net\/site\/wp-json\/wp\/v2\/types\/post"}],"author":[{"embeddable":true,"href":"https:\/\/www.oarcanjo.net\/site\/wp-json\/wp\/v2\/users\/4"}],"replies":[{"embeddable":true,"href":"https:\/\/www.oarcanjo.net\/site\/wp-json\/wp\/v2\/comments?post=3216"}],"version-history":[{"count":0,"href":"https:\/\/www.oarcanjo.net\/site\/wp-json\/wp\/v2\/posts\/3216\/revisions"}],"wp:attachment":[{"href":"https:\/\/www.oarcanjo.net\/site\/wp-json\/wp\/v2\/media?parent=3216"}],"wp:term":[{"taxonomy":"category","embeddable":true,"href":"https:\/\/www.oarcanjo.net\/site\/wp-json\/wp\/v2\/categories?post=3216"},{"taxonomy":"post_tag","embeddable":true,"href":"https:\/\/www.oarcanjo.net\/site\/wp-json\/wp\/v2\/tags?post=3216"}],"curies":[{"name":"wp","href":"https:\/\/api.w.org\/{rel}","templated":true}]}}