
{"id":322,"date":"2008-10-09T10:24:30","date_gmt":"2008-10-09T13:24:30","guid":{"rendered":"http:\/\/www.oarcanjo.net\/site\/?p=322"},"modified":"2008-10-09T10:24:30","modified_gmt":"2008-10-09T13:24:30","slug":"o-abalo-dos-muros","status":"publish","type":"post","link":"https:\/\/www.oarcanjo.net\/site\/o-abalo-dos-muros\/","title":{"rendered":"O abalo dos muros"},"content":{"rendered":"<p><em>Frei Betto<\/em><\/p>\n<p>Em 2009 faz 20 anos da queda do Muro de Berlim, s\u00edmbolo da bipolaridade do mundo dividido em dois sistemas: capitalista e socialista. Agora assistimos ao decl\u00ednio de Wall Street (Rua do Muro), na qual se concentram as sedes dos maiores bancos e institui\u00e7\u00f5es financeiras.<\/p>\n<p>O muro que d\u00e1 nome \u00e0 rua de Nova York foi erguido pelos holandeses em 1652 e derrubado pelos ingleses em 1699. New Amsterdam deu lugar a New York.<\/p>\n<p>O apocalipse ideol\u00f3gico no Leste europeu, jamais previsto por qualquer analista, fortaleceu a id\u00e9ia de que fora do capitalismo n\u00e3o h\u00e1 salva\u00e7\u00e3o. Agora, a crise do sistema financeiro derruba o dogma da imaculada concep\u00e7\u00e3o do livre mercado como \u00fanica panac\u00e9ia para o bom andamento da economia.<\/p>\n<p>Ainda n\u00e3o \u00e9 o fim do capitalismo, mas talvez seja a agonia do car\u00e1ter neoliberal que hipertrofiou o sistema financeiro. Acumular fortunas tornou-se mais importante que produzir bens e servi\u00e7os. A bolha especulativa inflou e, s\u00fabito, estourou.<\/p>\n<p>Repete-se, contudo, a velha receita: ap\u00f3s privatizar os ganhos, o sistema socializa os preju\u00edzos. Desmorona a cantilena do &#8220;menos Estado e mais iniciativa privada&#8221;. Na hora da crise, apela-se ao Estado como b\u00f3ia de salvamento na forma de US$ 700 bilh\u00f5es (5% do PIB dos EUA ou o custo de todo o petr\u00f3leo consumido em um ano naquele pa\u00eds) a serem injetados para anabolizar o sistema financeiro.<\/p>\n<p>O programa Bolsa Fartura de Bush re\u00fane quantia suficiente para erradicar a fome no mundo. Mas quem se preocupa com os pobres? Devido ao aumento dos pre\u00e7os dos alimentos, nos \u00faltimos dozes meses o n\u00famero de famintos cr\u00f4nicos subiu de 854 milh\u00f5es para 950 milh\u00f5es, segundo Jacques Diouf, diretor-geral da FAO.<\/p>\n<p>Quem pagar\u00e1 a fatura do Proer usamericano? A resposta \u00e9 \u00f3bvia: o contribuinte. Prev\u00ea-se o desemprego imediato de 11 milh\u00f5es de pessoas vinculadas ao mercado de capitais e \u00e0 constru\u00e7\u00e3o civil. Os fundos de pens\u00e3o, descapitalizados, n\u00e3o ter\u00e3o como honrar os direitos de milh\u00f5es de aposentados, sobretudo de quem investiu em previd\u00eancia privada.<\/p>\n<p>A restri\u00e7\u00e3o do cr\u00e9dito tende a inibir a produ\u00e7\u00e3o e o consumo. Os bancos de investimentos p\u00f5em as barbas de molho. Os impostos sofrer\u00e3o aumentos. O mercado ficar\u00e1 sob regime de liberdade vigiada: vale agora o modelo chin\u00eas de controle pol\u00edtico da economia, e n\u00e3o mais o controle da pol\u00edtica pela economia, como ocorre no neoliberalismo.<\/p>\n<p>Em 1967, J.K. Galbraith chamava a aten\u00e7\u00e3o para a crise do car\u00e1ter industrial do capitalismo. Nomes como Ford, Rockefeller, Carnegie ou Guggenheim, exemplos de empreendedores, desapareciam do cen\u00e1rio econ\u00f4mico para dar lugar \u00e0 ampla rede de acionistas an\u00f4nimos. O valor da empresa deslocava-se do parque industrial para a Bolsa de Valores.<\/p>\n<p>Na d\u00e9cada seguinte, Daniel Bell alertaria para a \u00edntima associa\u00e7\u00e3o entre informa\u00e7\u00e3o e especula\u00e7\u00e3o, e apontaria as contradi\u00e7\u00f5es culturais do capitalismo: o ascetismo (= acumula\u00e7\u00e3o) em choque com o est\u00edmulo consumista; os valores da modernidade destronados pelo car\u00e1ter iconoclasta das inova\u00e7\u00f5es cient\u00edficas e tecnol\u00f3gicas; lei e \u00e9tica em antagonismo quanto mais o mercado se arvora em \u00e1rbitro das rela\u00e7\u00f5es econ\u00f4micas e sociais.<\/p>\n<p>Se a queda do Muro de Berlim trouxe ao Leste europeu mais liberdade e menos justi\u00e7a, introduzindo desigualdades gritantes, o abalo de Wall Street obriga o capitalismo a se repensar. O cassino global torna o mundo mais feliz? \u00d3bvio que n\u00e3o. O fracasso do socialismo real significa vit\u00f3ria do capitalismo virtual (real para apenas 1\/3 da humanidade)? Tamb\u00e9m n\u00e3o.<\/p>\n<p>N\u00e3o se mede o fracasso do capitalismo por suas crises financeiras, e sim pela exclus\u00e3o &#8211; de acesso a bens essenciais de consumo e direitos de cidadania, como alimenta\u00e7\u00e3o, sa\u00fade e educa\u00e7\u00e3o -, de 2\/3 da humanidade. S\u00e3o 4 bilh\u00f5es de pessoas que, segundo a ONU, vivem entre a mis\u00e9ria e a pobreza, com renda di\u00e1ria inferior a US$ 3.<\/p>\n<p>H\u00e1, sim, que buscar, com urg\u00eancia, um outro mundo poss\u00edvel, economicamente justo, politicamente democr\u00e1tico e ecologicamente sustent\u00e1vel.<\/p>\n<div id=\"themify_builder_content-322\" data-postid=\"322\" class=\"themify_builder_content themify_builder_content-322 themify_builder themify_builder_front\">\n\t<\/div>\n<!-- \/themify_builder_content -->","protected":false},"excerpt":{"rendered":"<p>Frei Betto Em 2009 faz 20 anos da queda do Muro de Berlim, s\u00edmbolo da bipolaridade do mundo dividido em dois sistemas: capitalista e socialista. Agora assistimos ao decl\u00ednio de Wall Street (Rua do Muro), na qual se concentram as sedes dos maiores bancos e institui\u00e7\u00f5es financeiras. O muro que d\u00e1 nome \u00e0 rua de [&hellip;]<\/p>\n","protected":false},"author":5,"featured_media":0,"comment_status":"open","ping_status":"open","sticky":false,"template":"","format":"standard","meta":{"ngg_post_thumbnail":0,"footnotes":""},"categories":[9],"tags":[36,38,37],"yoast_head":"<!-- This site is optimized with the Yoast SEO plugin v23.5 - https:\/\/yoast.com\/wordpress\/plugins\/seo\/ -->\n<title>O abalo dos muros - O Arcanjo no ar<\/title>\n<meta name=\"robots\" content=\"index, follow, max-snippet:-1, max-image-preview:large, max-video-preview:-1\" \/>\n<link rel=\"canonical\" href=\"https:\/\/www.oarcanjo.net\/site\/o-abalo-dos-muros\/\" \/>\n<meta property=\"og:locale\" content=\"pt_BR\" \/>\n<meta property=\"og:type\" content=\"article\" \/>\n<meta property=\"og:title\" content=\"O abalo dos muros - O Arcanjo no ar\" \/>\n<meta property=\"og:description\" content=\"Frei Betto Em 2009 faz 20 anos da queda do Muro de Berlim, s\u00edmbolo da bipolaridade do mundo dividido em dois sistemas: capitalista e socialista. Agora assistimos ao decl\u00ednio de Wall Street (Rua do Muro), na qual se concentram as sedes dos maiores bancos e institui\u00e7\u00f5es financeiras. O muro que d\u00e1 nome \u00e0 rua de [&hellip;]\" \/>\n<meta property=\"og:url\" content=\"https:\/\/www.oarcanjo.net\/site\/o-abalo-dos-muros\/\" \/>\n<meta property=\"og:site_name\" content=\"O Arcanjo no ar\" \/>\n<meta property=\"article:publisher\" content=\"https:\/\/www.facebook.com\/OArcanjoNoAr\/\" \/>\n<meta property=\"article:published_time\" content=\"2008-10-09T13:24:30+00:00\" \/>\n<meta property=\"og:image\" content=\"https:\/\/www.oarcanjo.net\/site\/wp-content\/uploads\/logo-o-arcanjo-no-ar-facebook.png\" \/>\n\t<meta property=\"og:image:width\" content=\"300\" \/>\n\t<meta property=\"og:image:height\" content=\"300\" \/>\n\t<meta property=\"og:image:type\" content=\"image\/png\" \/>\n<meta name=\"author\" content=\"editor\" \/>\n<meta name=\"twitter:card\" content=\"summary_large_image\" \/>\n<meta name=\"twitter:label1\" content=\"Escrito por\" \/>\n\t<meta name=\"twitter:data1\" content=\"editor\" \/>\n\t<meta name=\"twitter:label2\" content=\"Est. tempo de leitura\" \/>\n\t<meta name=\"twitter:data2\" content=\"3 minutos\" \/>\n<script type=\"application\/ld+json\" class=\"yoast-schema-graph\">{\"@context\":\"https:\/\/schema.org\",\"@graph\":[{\"@type\":\"Article\",\"@id\":\"https:\/\/www.oarcanjo.net\/site\/o-abalo-dos-muros\/#article\",\"isPartOf\":{\"@id\":\"https:\/\/www.oarcanjo.net\/site\/o-abalo-dos-muros\/\"},\"author\":{\"name\":\"editor\",\"@id\":\"https:\/\/www.oarcanjo.net\/site\/#\/schema\/person\/f7024d007863202483a31326673a0838\"},\"headline\":\"O abalo dos muros\",\"datePublished\":\"2008-10-09T13:24:30+00:00\",\"dateModified\":\"2008-10-09T13:24:30+00:00\",\"mainEntityOfPage\":{\"@id\":\"https:\/\/www.oarcanjo.net\/site\/o-abalo-dos-muros\/\"},\"wordCount\":698,\"commentCount\":1,\"publisher\":{\"@id\":\"https:\/\/www.oarcanjo.net\/site\/#organization\"},\"keywords\":[\"crise\",\"fome\",\"pobreza\"],\"articleSection\":[\"Reflex\u00f5es\"],\"inLanguage\":\"pt-BR\",\"potentialAction\":[{\"@type\":\"CommentAction\",\"name\":\"Comment\",\"target\":[\"https:\/\/www.oarcanjo.net\/site\/o-abalo-dos-muros\/#respond\"]}]},{\"@type\":\"WebPage\",\"@id\":\"https:\/\/www.oarcanjo.net\/site\/o-abalo-dos-muros\/\",\"url\":\"https:\/\/www.oarcanjo.net\/site\/o-abalo-dos-muros\/\",\"name\":\"O abalo dos muros - O Arcanjo no ar\",\"isPartOf\":{\"@id\":\"https:\/\/www.oarcanjo.net\/site\/#website\"},\"datePublished\":\"2008-10-09T13:24:30+00:00\",\"dateModified\":\"2008-10-09T13:24:30+00:00\",\"breadcrumb\":{\"@id\":\"https:\/\/www.oarcanjo.net\/site\/o-abalo-dos-muros\/#breadcrumb\"},\"inLanguage\":\"pt-BR\",\"potentialAction\":[{\"@type\":\"ReadAction\",\"target\":[\"https:\/\/www.oarcanjo.net\/site\/o-abalo-dos-muros\/\"]}]},{\"@type\":\"BreadcrumbList\",\"@id\":\"https:\/\/www.oarcanjo.net\/site\/o-abalo-dos-muros\/#breadcrumb\",\"itemListElement\":[{\"@type\":\"ListItem\",\"position\":1,\"name\":\"In\u00edcio\",\"item\":\"https:\/\/www.oarcanjo.net\/site\/\"},{\"@type\":\"ListItem\",\"position\":2,\"name\":\"O abalo dos muros\"}]},{\"@type\":\"WebSite\",\"@id\":\"https:\/\/www.oarcanjo.net\/site\/#website\",\"url\":\"https:\/\/www.oarcanjo.net\/site\/\",\"name\":\"O Arcanjo no ar\",\"description\":\"Site da Par\u00f3quia S\u00e3o Miguel Arcanjo (Arquidiocese de SP)\",\"publisher\":{\"@id\":\"https:\/\/www.oarcanjo.net\/site\/#organization\"},\"potentialAction\":[{\"@type\":\"SearchAction\",\"target\":{\"@type\":\"EntryPoint\",\"urlTemplate\":\"https:\/\/www.oarcanjo.net\/site\/?s={search_term_string}\"},\"query-input\":{\"@type\":\"PropertyValueSpecification\",\"valueRequired\":true,\"valueName\":\"search_term_string\"}}],\"inLanguage\":\"pt-BR\"},{\"@type\":\"Organization\",\"@id\":\"https:\/\/www.oarcanjo.net\/site\/#organization\",\"name\":\"Par\u00f3quia S\u00e3o Miguel Arcanjo\",\"url\":\"https:\/\/www.oarcanjo.net\/site\/\",\"logo\":{\"@type\":\"ImageObject\",\"inLanguage\":\"pt-BR\",\"@id\":\"https:\/\/www.oarcanjo.net\/site\/#\/schema\/logo\/image\/\",\"url\":\"https:\/\/www.oarcanjo.net\/site\/wp-content\/uploads\/LogoOArcanjo.png\",\"contentUrl\":\"https:\/\/www.oarcanjo.net\/site\/wp-content\/uploads\/LogoOArcanjo.png\",\"width\":319,\"height\":99,\"caption\":\"Par\u00f3quia S\u00e3o Miguel Arcanjo\"},\"image\":{\"@id\":\"https:\/\/www.oarcanjo.net\/site\/#\/schema\/logo\/image\/\"},\"sameAs\":[\"https:\/\/www.facebook.com\/OArcanjoNoAr\/\"]},{\"@type\":\"Person\",\"@id\":\"https:\/\/www.oarcanjo.net\/site\/#\/schema\/person\/f7024d007863202483a31326673a0838\",\"name\":\"editor\",\"sameAs\":[\"http:\/\/www.oarcanjo.net\"]}]}<\/script>\n<!-- \/ Yoast SEO plugin. -->","yoast_head_json":{"title":"O abalo dos muros - O Arcanjo no ar","robots":{"index":"index","follow":"follow","max-snippet":"max-snippet:-1","max-image-preview":"max-image-preview:large","max-video-preview":"max-video-preview:-1"},"canonical":"https:\/\/www.oarcanjo.net\/site\/o-abalo-dos-muros\/","og_locale":"pt_BR","og_type":"article","og_title":"O abalo dos muros - O Arcanjo no ar","og_description":"Frei Betto Em 2009 faz 20 anos da queda do Muro de Berlim, s\u00edmbolo da bipolaridade do mundo dividido em dois sistemas: capitalista e socialista. Agora assistimos ao decl\u00ednio de Wall Street (Rua do Muro), na qual se concentram as sedes dos maiores bancos e institui\u00e7\u00f5es financeiras. O muro que d\u00e1 nome \u00e0 rua de [&hellip;]","og_url":"https:\/\/www.oarcanjo.net\/site\/o-abalo-dos-muros\/","og_site_name":"O Arcanjo no ar","article_publisher":"https:\/\/www.facebook.com\/OArcanjoNoAr\/","article_published_time":"2008-10-09T13:24:30+00:00","og_image":[{"width":300,"height":300,"url":"https:\/\/www.oarcanjo.net\/site\/wp-content\/uploads\/logo-o-arcanjo-no-ar-facebook.png","type":"image\/png"}],"author":"editor","twitter_card":"summary_large_image","twitter_misc":{"Escrito por":"editor","Est. tempo de leitura":"3 minutos"},"schema":{"@context":"https:\/\/schema.org","@graph":[{"@type":"Article","@id":"https:\/\/www.oarcanjo.net\/site\/o-abalo-dos-muros\/#article","isPartOf":{"@id":"https:\/\/www.oarcanjo.net\/site\/o-abalo-dos-muros\/"},"author":{"name":"editor","@id":"https:\/\/www.oarcanjo.net\/site\/#\/schema\/person\/f7024d007863202483a31326673a0838"},"headline":"O abalo dos muros","datePublished":"2008-10-09T13:24:30+00:00","dateModified":"2008-10-09T13:24:30+00:00","mainEntityOfPage":{"@id":"https:\/\/www.oarcanjo.net\/site\/o-abalo-dos-muros\/"},"wordCount":698,"commentCount":1,"publisher":{"@id":"https:\/\/www.oarcanjo.net\/site\/#organization"},"keywords":["crise","fome","pobreza"],"articleSection":["Reflex\u00f5es"],"inLanguage":"pt-BR","potentialAction":[{"@type":"CommentAction","name":"Comment","target":["https:\/\/www.oarcanjo.net\/site\/o-abalo-dos-muros\/#respond"]}]},{"@type":"WebPage","@id":"https:\/\/www.oarcanjo.net\/site\/o-abalo-dos-muros\/","url":"https:\/\/www.oarcanjo.net\/site\/o-abalo-dos-muros\/","name":"O abalo dos muros - O Arcanjo no ar","isPartOf":{"@id":"https:\/\/www.oarcanjo.net\/site\/#website"},"datePublished":"2008-10-09T13:24:30+00:00","dateModified":"2008-10-09T13:24:30+00:00","breadcrumb":{"@id":"https:\/\/www.oarcanjo.net\/site\/o-abalo-dos-muros\/#breadcrumb"},"inLanguage":"pt-BR","potentialAction":[{"@type":"ReadAction","target":["https:\/\/www.oarcanjo.net\/site\/o-abalo-dos-muros\/"]}]},{"@type":"BreadcrumbList","@id":"https:\/\/www.oarcanjo.net\/site\/o-abalo-dos-muros\/#breadcrumb","itemListElement":[{"@type":"ListItem","position":1,"name":"In\u00edcio","item":"https:\/\/www.oarcanjo.net\/site\/"},{"@type":"ListItem","position":2,"name":"O abalo dos muros"}]},{"@type":"WebSite","@id":"https:\/\/www.oarcanjo.net\/site\/#website","url":"https:\/\/www.oarcanjo.net\/site\/","name":"O Arcanjo no ar","description":"Site da Par\u00f3quia S\u00e3o Miguel Arcanjo (Arquidiocese de SP)","publisher":{"@id":"https:\/\/www.oarcanjo.net\/site\/#organization"},"potentialAction":[{"@type":"SearchAction","target":{"@type":"EntryPoint","urlTemplate":"https:\/\/www.oarcanjo.net\/site\/?s={search_term_string}"},"query-input":{"@type":"PropertyValueSpecification","valueRequired":true,"valueName":"search_term_string"}}],"inLanguage":"pt-BR"},{"@type":"Organization","@id":"https:\/\/www.oarcanjo.net\/site\/#organization","name":"Par\u00f3quia S\u00e3o Miguel Arcanjo","url":"https:\/\/www.oarcanjo.net\/site\/","logo":{"@type":"ImageObject","inLanguage":"pt-BR","@id":"https:\/\/www.oarcanjo.net\/site\/#\/schema\/logo\/image\/","url":"https:\/\/www.oarcanjo.net\/site\/wp-content\/uploads\/LogoOArcanjo.png","contentUrl":"https:\/\/www.oarcanjo.net\/site\/wp-content\/uploads\/LogoOArcanjo.png","width":319,"height":99,"caption":"Par\u00f3quia S\u00e3o Miguel Arcanjo"},"image":{"@id":"https:\/\/www.oarcanjo.net\/site\/#\/schema\/logo\/image\/"},"sameAs":["https:\/\/www.facebook.com\/OArcanjoNoAr\/"]},{"@type":"Person","@id":"https:\/\/www.oarcanjo.net\/site\/#\/schema\/person\/f7024d007863202483a31326673a0838","name":"editor","sameAs":["http:\/\/www.oarcanjo.net"]}]}},"publishpress_future_action":{"enabled":false,"date":"2026-05-08 21:58:42","action":"category","newStatus":"draft","terms":[],"taxonomy":"category"},"publishpress_future_workflow_manual_trigger":{"enabledWorkflows":[]},"_links":{"self":[{"href":"https:\/\/www.oarcanjo.net\/site\/wp-json\/wp\/v2\/posts\/322"}],"collection":[{"href":"https:\/\/www.oarcanjo.net\/site\/wp-json\/wp\/v2\/posts"}],"about":[{"href":"https:\/\/www.oarcanjo.net\/site\/wp-json\/wp\/v2\/types\/post"}],"author":[{"embeddable":true,"href":"https:\/\/www.oarcanjo.net\/site\/wp-json\/wp\/v2\/users\/5"}],"replies":[{"embeddable":true,"href":"https:\/\/www.oarcanjo.net\/site\/wp-json\/wp\/v2\/comments?post=322"}],"version-history":[{"count":0,"href":"https:\/\/www.oarcanjo.net\/site\/wp-json\/wp\/v2\/posts\/322\/revisions"}],"wp:attachment":[{"href":"https:\/\/www.oarcanjo.net\/site\/wp-json\/wp\/v2\/media?parent=322"}],"wp:term":[{"taxonomy":"category","embeddable":true,"href":"https:\/\/www.oarcanjo.net\/site\/wp-json\/wp\/v2\/categories?post=322"},{"taxonomy":"post_tag","embeddable":true,"href":"https:\/\/www.oarcanjo.net\/site\/wp-json\/wp\/v2\/tags?post=322"}],"curies":[{"name":"wp","href":"https:\/\/api.w.org\/{rel}","templated":true}]}}