
{"id":3226,"date":"2009-05-02T20:06:07","date_gmt":"2009-05-02T23:06:07","guid":{"rendered":"http:\/\/www.oarcanjo.net\/site\/?p=3226"},"modified":"2009-05-02T20:06:07","modified_gmt":"2009-05-02T23:06:07","slug":"mensagem-do-santo-padre-para-o-dia-mundial-de-oracao-pelas-vocacoes-03-de-maio","status":"publish","type":"post","link":"https:\/\/www.oarcanjo.net\/site\/mensagem-do-santo-padre-para-o-dia-mundial-de-oracao-pelas-vocacoes-03-de-maio\/","title":{"rendered":"Mensagem do Santo Padre para o 46\u00ba Dia Mundial de Ora\u00e7\u00e3o pelas Voca\u00e7\u00f5es &#8211; 03 de maio"},"content":{"rendered":"<p>Tema: A confian\u00e7a na iniciativa de Deus e a resposta humana<\/p>\n<p>Venerados irm\u00e3os no episcopado e no sacerd\u00f3cio, queridos irm\u00e3os e irm\u00e3s!<\/p>\n<p>Por ocasi\u00e3o do pr\u00f3ximo Dia Mundial de Ora\u00e7\u00e3o pelas Voca\u00e7\u00f5es ao sacerd\u00f3cio e \u00e0 vida consagrada, que ser\u00e1 celebrado no IV Domingo de P\u00e1scoa, dia 3 de Maio de 2009, desejo convidar todo o Povo de Deus a refletir sobre o tema: A confian\u00e7a na iniciativa de Deus e a resposta humana. N\u00e3o cessa de ressoar na Igreja esta exorta\u00e7\u00e3o de Jesus aos seus disc\u00edpulos: \u00abRogai ao Senhor da messe que envie trabalhadores para a sua messe\u00bb (Mt 9, 38). Pedi! O premente apelo do Senhor p\u00f5e em evid\u00eancia que a ora\u00e7\u00e3o pelas voca\u00e7\u00f5es deve ser cont\u00ednua e confiante. De fato, s\u00f3 animada pela ora\u00e7\u00e3o \u00e9 que a comunidade crist\u00e3 pode realmente \u00abter maior f\u00e9 e esperan\u00e7a na iniciativa divina\u00bb (Exort. ap. p\u00f3s-sinodal Sacramentum caritatis, 26).<\/p>\n<p>A voca\u00e7\u00e3o ao sacerd\u00f3cio e \u00e0 vida consagrada constitui um dom divino especial, que se insere no vasto projeto de amor e salva\u00e7\u00e3o que Deus tem para cada pessoa e para a humanidade inteira. O ap\u00f3stolo Paulo &#8211; que recordamos de modo particular durante este Ano Paulino comemorativo dos dois mil anos do seu nascimento -, ao escrever aos Ef\u00e9sios, afirma: \u00abBendito seja o Deus e Pai de Nosso Senhor Jesus Cristo, que, do alto dos c\u00e9us, nos aben\u00e7oou com toda a esp\u00e9cie de b\u00ean\u00e7\u00e3os espirituais em Cristo. Foi assim que n Ele nos escolheu antes da constitui\u00e7\u00e3o do mundo, para sermos santos e imaculados diante dos seus olhos\u00bb (Ef 1, 3-4). Dentro da voca\u00e7\u00e3o universal \u00e0 santidade, sobressai a peculiar iniciativa de Deus ter escolhido alguns para seguirem mais de perto o seu Filho Jesus Cristo tornando-se seus ministros e testemunhas privilegiadas. O divino Mestre chamou pessoalmente os Ap\u00f3stolos \u00abpara andarem com Ele e para envi\u00e1-los a pregar, com o poder de expulsar dem\u00f4nios\u00bb (Mc 3, 14-15); eles, por sua vez, agregaram a si mesmos outros disc\u00edpulos, fi\u00e9is colaboradores no minist\u00e9rio mission\u00e1rio. E assim no decorrer dos s\u00e9culos, respondendo \u00e0 voca\u00e7\u00e3o do Senhor e d\u00f3ceis \u00e0 a\u00e7\u00e3o do Esp\u00edrito Santo, fileiras inumer\u00e1veis de presb\u00edteros e pessoas consagradas puseram-se ao servi\u00e7o total do Evangelho na Igreja. Demos gra\u00e7as ao Senhor, que continua hoje tamb\u00e9m a convocar trabalhadores para a sua vinha. Se \u00e9 verdade que, em algumas regi\u00f5es, se registra uma preocupante car\u00eancia de presb\u00edteros e que n\u00e3o faltam dificuldades e obst\u00e1culos no caminho da Igreja, sustenta-nos a certeza inabal\u00e1vel de que esta \u00e9 guiada firmemente nas sendas do tempo rumo \u00e0 realiza\u00e7\u00e3o definitiva do Reino por Ele, o Senhor, que livremente escolhe e convida a segui-Lo pessoas de qualquer cultura e idade, segundo os insond\u00e1veis des\u00edgnios do seu amor misericordioso.<\/p>\n<p>Por conseguinte o nosso primeiro dever \u00e9 manter viva, atrav\u00e9s de uma ora\u00e7\u00e3o incessante, esta invoca\u00e7\u00e3o da iniciativa divina nas fam\u00edlias e nas par\u00f3quias, nos movimentos e nas associa\u00e7\u00f5es empenhados no apostolado, nas comunidades religiosas e em todas as articula\u00e7\u00f5es da vida diocesana. Devemos rezar para que todo o povo crist\u00e3o cres\u00e7a na confian\u00e7a em Deus, sabendo que o \u00abSenhor da messe\u00bb n\u00e3o cessa de pedir a alguns que livremente disponibilizem a sua exist\u00eancia para colaborar mais intimamente com Ele na obra da salva\u00e7\u00e3o. Entretanto, por parte daqueles que s\u00e3o chamados, exige-se-lhes escuta atenta e prudente discernimento, generosa e pronta ades\u00e3o ao projeto divino, s\u00e9rio aprofundamento do que \u00e9 pr\u00f3prio da voca\u00e7\u00e3o sacerdotal e religiosa para lhe corresponder de modo respons\u00e1vel e convicto. A prop\u00f3sito, o Catecismo da Igreja Cat\u00f3lica recorda que a livre iniciativa de Deus requer a resposta livre do ser humano. Uma resposta positiva que sempre pressup\u00f5e a aceita\u00e7\u00e3o e partilha do projeto que Deus tem para cada um; uma resposta que acolhe a iniciativa amorosa do Senhor e se torna, para quem \u00e9 chamado, exig\u00eancia moral vinculativa, homenagem de gratid\u00e3o a Deus e coopera\u00e7\u00e3o total no plano que Ele prossegue na hist\u00f3ria (cf. n. 2062).<\/p>\n<p>Ao contemplar o mist\u00e9rio eucar\u00edstico &#8211; onde se exprime sumamente o dom concedido livremente pelo Pai na Pessoa do Filho Unig\u00eanito pela salva\u00e7\u00e3o dos homens, e a disponibilidade plena e d\u00f3cil de Cristo para beber completamente o \u00abc\u00e1lice\u00bb da vontade de Deus (cf. Mt 26, 39) &#8211; compreendemos melhor como \u00aba confian\u00e7a na iniciativa de Deus\u00bb molde e d\u00ea valor \u00e0 \u00abresposta humana\u00bb. Na Eucaristia, dom perfeito que realiza o amoroso projeto da reden\u00e7\u00e3o do mundo, Jesus imola-Se livremente pela salva\u00e7\u00e3o da humanidade. \u00abA Igreja &#8211; escreveu o meu amado predecessor Jo\u00e3o Paulo II &#8211; recebeu a Eucaristia de Cristo seu Senhor, n\u00e3o como um dom, embora precioso, entre muitos outros, mas como o dom por excel\u00eancia, porque dom d Ele mesmo, da sua Pessoa na humanidade sagrada, e tamb\u00e9m da sua obra de salva\u00e7\u00e3o\u00bb (Carta enc. Ecclesia de Eucharistia, 11).<\/p>\n<p>Quem est\u00e1 destinado a perpetuar este mist\u00e9rio salv\u00edfico ao longo dos s\u00e9culos, at\u00e9 ao regresso glorioso do Senhor, s\u00e3o os presb\u00edteros, que podem precisamente contemplar em Cristo eucar\u00edstico o modelo ex\u00edmio de um \u00abdi\u00e1logo vocacional\u00bb entre a livre iniciativa do Pai e a resposta confiante de Cristo. Na celebra\u00e7\u00e3o eucar\u00edstica, \u00e9 o pr\u00f3prio Cristo que age naqueles que Ele escolhe como seus ministros; sustenta-os para que a sua resposta cres\u00e7a numa dimens\u00e3o de confian\u00e7a e de gratid\u00e3o que dissipe todo o medo, mesmo quando se faz mais intensa a experi\u00eancia da pr\u00f3pria fraqueza (cf. Rm 8, 26-30), ou o ambiente se torna mais hirto de incompreens\u00e3o ou at\u00e9 de persegui\u00e7\u00e3o (cf. Rm 8, 35-39).<\/p>\n<p>A consci\u00eancia de sermos salvos pelo amor de Cristo, que cada Eucaristia alimenta nos crentes e de modo especial nos sacerdotes, n\u00e3o pode deixar de suscitar neles um confiante abandono a Cristo que deu a vida por n\u00f3s. Deste modo, acreditar no Senhor e aceitar o seu dom leva a entregar-se a Ele com \u00e2nimo agradecido aderindo ao seu projeto salv\u00edfico. Se tal acontecer, o \u00abvocacionado\u00bb de bom grado abandona tudo e entra na escola do divino Mestre; inicia-se ent\u00e3o um fecundo di\u00e1logo entre Deus e a pessoa, um misterioso encontro entre o amor do Senhor que chama e a liberdade do ser humano que Lhe responde no amor, sentindo ressoar no seu esp\u00edrito as palavras de Jesus: \u00abN\u00e3o fostes v\u00f3s que Me escolhestes, fui Eu que vos escolhi e vos nomeei para irdes e dardes fruto, e o vosso fruto permanecer\u00bb (Jo 15, 16).<\/p>\n<p>Este amoroso enlace entre a iniciativa divina e a resposta humana est\u00e1 presente tamb\u00e9m, de forma admir\u00e1vel, na voca\u00e7\u00e3o \u00e0 vida consagrada. Recorda o Conc\u00edlio Vaticano II: \u00abOs conselhos evang\u00e9licos de castidade consagrada a Deus, de pobreza e de obedi\u00eancia, visto que fundados sobre a palavra e o exemplo de Cristo e recomendados pelos Ap\u00f3stolos, pelos Padres, Doutores e Pastores da Igreja, s\u00e3o um dom divino, que a mesma Igreja recebeu do seu Senhor e com a sua gra\u00e7a sempre conserva\u00bb (Const. dogm. Lumen gentium, 43). Temos de novo aqui Jesus como o modelo exemplar de total e confiante ades\u00e3o \u00e0 vontade do Pai para onde deve olhar a pessoa consagrada. Atra\u00eddos por Ele muitos homens e mulheres, desde os primeiros s\u00e9culos do cristianismo, abandonaram a fam\u00edlia, os haveres, as riquezas materiais e tudo aquilo que humanamente \u00e9 desej\u00e1vel, para seguir generosamente a Cristo e viver sem reservas o seu Evangelho, que se tornou para eles escola de radical santidade. Ainda hoje s\u00e3o muitos os que percorrem este itiner\u00e1rio exigente de perfei\u00e7\u00e3o evang\u00e9lica, e realizam a sua voca\u00e7\u00e3o na profiss\u00e3o dos conselhos evang\u00e9licos. O testemunho destes nossos irm\u00e3os e irm\u00e3s, tanto nos mosteiros de vida contemplativa como nos institutos e nas congrega\u00e7\u00f5es de vida apost\u00f3lica, recorda ao povo de Deus \u00abaquele mist\u00e9rio do Reino de Deus que j\u00e1 atual na hist\u00f3ria, mas aguarda a sua plena realiza\u00e7\u00e3o nos c\u00e9us\u00bb (Exort. ap. p\u00f3s-sinodal Vita consecrata, 1).<\/p>\n<p>Quem pode considerar-se digno de ingressar no minist\u00e9rio sacerdotal? Quem pode abra\u00e7ar a vida consagrada contando apenas com os seus recursos humanos? Mais uma vez conv\u00e9m reafirmar que a resposta da pessoa \u00e0 voca\u00e7\u00e3o divina &#8211; sempre que se esteja consciente de que \u00e9 Deus a tomar a iniciativa e \u00e9 Ele tamb\u00e9m a levar a bom termo o seu projeto salv\u00edfico &#8211; n\u00e3o se reveste jamais do c\u00e1lculo medroso do servo pregui\u00e7oso, que por medo escondeu na terra o talento que lhe fora confiado (cf. Mt 25, 14-30), mas exprime-se numa pronta ades\u00e3o ao convite do Senhor, como fez Pedro quando, apesar de ter trabalhado toda a noite sem nada apanhar, n\u00e3o hesitou em lan\u00e7ar novamente as redes confiando na palavra d Ele (cf. Lc 5, 5). Sem abdicar de forma alguma da responsabilidade pessoal, a resposta livre do homem a Deus torna-se assim \u00abcorresponsabilidade\u00bb, responsabilidade em e com Cristo, em virtude da a\u00e7\u00e3o do seu Santo Esp\u00edrito; faz-se comunh\u00e3o com Aquele que nos torna capazes de dar muito fruto (cf. Jo 15, 5).<\/p>\n<p>Emblem\u00e1tica resposta humana, repleta de confian\u00e7a na iniciativa de Deus, \u00e9 o \u00abAmen\u00bb generoso e total da Virgem de Nazar\u00e9, pronunciado com humilde e decidida ades\u00e3o aos des\u00edgnios do Alt\u00edssimo, que lhe foram comunicados pelo mensageiro celeste (cf. Lc 1, 38). O seu \u00absim\u00bb pronto permitiu-Lhe tornar-Se a M\u00e3e de Deus, a M\u00e3e do nosso Salvador. Maria, depois deste primeiro \u00abfiat\u00bb, teve de o repetir muitas outras vezes at\u00e9 ao momento culminante da crucifix\u00e3o de Jesus, quando \u00abestava junto \u00e0 cruz\u00bb, como refere o evangelista Jo\u00e3o, compartilhando o sofrimento atroz do seu Filho inocente. E foi precisamente da cruz que Jesus agonizante no-la deu como M\u00e3e e a Ela nos entregou como filhos (cf. Jo 19, 26-27) &#8211; M\u00e3e especialmente dos sacerdotes e das pessoas consagradas. A Ela quero confiar todos quantos sentem o chamamento de Deus para caminhar pela senda do sacerd\u00f3cio ministerial ou da vida consagrada.<\/p>\n<p>Queridos amigos, n\u00e3o desanimeis perante as dificuldades e as d\u00favidas; confiai em Deus e segui fielmente Jesus e sereis as testemunhas da alegria que brota da uni\u00e3o \u00edntima com Ele. \u00c0 imita\u00e7\u00e3o da Virgem Maria, que as gera\u00e7\u00f5es proclamam bem-aventurada porque acreditou (cf. Lc 1, 48), empenhai-vos com toda a energia espiritual na realiza\u00e7\u00e3o do projeto salv\u00edfico do Pai celeste, cultivando no vosso cora\u00e7\u00e3o, como Ela, a capacidade de maravilhar-se e adorar Aquele que tem o poder de fazer \u00abgrandes coisas\u00bb, porque Santo \u00e9 o seu nome (cf. Lc 1, 49).<\/p>\n<p>Vaticano, 20 de Janeiro de 2009. BENEDICTUS PP. XVI<\/p>\n<div id=\"themify_builder_content-3226\" data-postid=\"3226\" class=\"themify_builder_content themify_builder_content-3226 themify_builder themify_builder_front\">\n\t<\/div>\n<!-- \/themify_builder_content -->","protected":false},"excerpt":{"rendered":"<p>Tema: A confian\u00e7a na iniciativa de Deus e a resposta humana Venerados irm\u00e3os no episcopado e no sacerd\u00f3cio, queridos irm\u00e3os e irm\u00e3s! Por ocasi\u00e3o do pr\u00f3ximo Dia Mundial de Ora\u00e7\u00e3o pelas Voca\u00e7\u00f5es ao sacerd\u00f3cio e \u00e0 vida consagrada, que ser\u00e1 celebrado no IV Domingo de P\u00e1scoa, dia 3 de Maio de 2009, desejo convidar todo [&hellip;]<\/p>\n","protected":false},"author":5,"featured_media":0,"comment_status":"open","ping_status":"open","sticky":false,"template":"","format":"standard","meta":{"ngg_post_thumbnail":0,"footnotes":""},"categories":[8],"tags":[206,610,157,34,609],"yoast_head":"<!-- This site is optimized with the Yoast SEO plugin v23.5 - https:\/\/yoast.com\/wordpress\/plugins\/seo\/ -->\n<title>Mensagem do Santo Padre para o 46\u00ba Dia Mundial de Ora\u00e7\u00e3o pelas Voca\u00e7\u00f5es - 03 de maio - O Arcanjo no ar<\/title>\n<meta name=\"robots\" content=\"index, follow, max-snippet:-1, max-image-preview:large, max-video-preview:-1\" \/>\n<link rel=\"canonical\" href=\"https:\/\/www.oarcanjo.net\/site\/mensagem-do-santo-padre-para-o-dia-mundial-de-oracao-pelas-vocacoes-03-de-maio\/\" \/>\n<meta property=\"og:locale\" content=\"pt_BR\" \/>\n<meta property=\"og:type\" content=\"article\" \/>\n<meta property=\"og:title\" content=\"Mensagem do Santo Padre para o 46\u00ba Dia Mundial de Ora\u00e7\u00e3o pelas Voca\u00e7\u00f5es - 03 de maio - O Arcanjo no ar\" \/>\n<meta property=\"og:description\" content=\"Tema: A confian\u00e7a na iniciativa de Deus e a resposta humana Venerados irm\u00e3os no episcopado e no sacerd\u00f3cio, queridos irm\u00e3os e irm\u00e3s! Por ocasi\u00e3o do pr\u00f3ximo Dia Mundial de Ora\u00e7\u00e3o pelas Voca\u00e7\u00f5es ao sacerd\u00f3cio e \u00e0 vida consagrada, que ser\u00e1 celebrado no IV Domingo de P\u00e1scoa, dia 3 de Maio de 2009, desejo convidar todo [&hellip;]\" \/>\n<meta property=\"og:url\" content=\"https:\/\/www.oarcanjo.net\/site\/mensagem-do-santo-padre-para-o-dia-mundial-de-oracao-pelas-vocacoes-03-de-maio\/\" \/>\n<meta property=\"og:site_name\" content=\"O Arcanjo no ar\" \/>\n<meta property=\"article:publisher\" content=\"https:\/\/www.facebook.com\/OArcanjoNoAr\/\" \/>\n<meta property=\"article:published_time\" content=\"2009-05-02T23:06:07+00:00\" \/>\n<meta property=\"og:image\" content=\"https:\/\/www.oarcanjo.net\/site\/wp-content\/uploads\/logo-o-arcanjo-no-ar-facebook.png\" \/>\n\t<meta property=\"og:image:width\" content=\"300\" \/>\n\t<meta property=\"og:image:height\" content=\"300\" \/>\n\t<meta property=\"og:image:type\" content=\"image\/png\" \/>\n<meta name=\"author\" content=\"editor\" \/>\n<meta name=\"twitter:card\" content=\"summary_large_image\" \/>\n<meta name=\"twitter:label1\" content=\"Escrito por\" \/>\n\t<meta name=\"twitter:data1\" content=\"editor\" \/>\n\t<meta name=\"twitter:label2\" content=\"Est. tempo de leitura\" \/>\n\t<meta name=\"twitter:data2\" content=\"9 minutos\" \/>\n<script type=\"application\/ld+json\" class=\"yoast-schema-graph\">{\"@context\":\"https:\/\/schema.org\",\"@graph\":[{\"@type\":\"Article\",\"@id\":\"https:\/\/www.oarcanjo.net\/site\/mensagem-do-santo-padre-para-o-dia-mundial-de-oracao-pelas-vocacoes-03-de-maio\/#article\",\"isPartOf\":{\"@id\":\"https:\/\/www.oarcanjo.net\/site\/mensagem-do-santo-padre-para-o-dia-mundial-de-oracao-pelas-vocacoes-03-de-maio\/\"},\"author\":{\"name\":\"editor\",\"@id\":\"https:\/\/www.oarcanjo.net\/site\/#\/schema\/person\/f7024d007863202483a31326673a0838\"},\"headline\":\"Mensagem do Santo Padre para o 46\u00ba Dia Mundial de Ora\u00e7\u00e3o pelas Voca\u00e7\u00f5es &#8211; 03 de maio\",\"datePublished\":\"2009-05-02T23:06:07+00:00\",\"dateModified\":\"2009-05-02T23:06:07+00:00\",\"mainEntityOfPage\":{\"@id\":\"https:\/\/www.oarcanjo.net\/site\/mensagem-do-santo-padre-para-o-dia-mundial-de-oracao-pelas-vocacoes-03-de-maio\/\"},\"wordCount\":1863,\"commentCount\":0,\"publisher\":{\"@id\":\"https:\/\/www.oarcanjo.net\/site\/#organization\"},\"keywords\":[\"Bento XVI\",\"Dia Mundial de Ora\u00e7\u00e3o pelas Voca\u00e7\u00f5es\",\"papa\",\"vaticano\",\"voca\u00e7\u00f5es\"],\"articleSection\":[\"Not\u00edcias\"],\"inLanguage\":\"pt-BR\",\"potentialAction\":[{\"@type\":\"CommentAction\",\"name\":\"Comment\",\"target\":[\"https:\/\/www.oarcanjo.net\/site\/mensagem-do-santo-padre-para-o-dia-mundial-de-oracao-pelas-vocacoes-03-de-maio\/#respond\"]}]},{\"@type\":\"WebPage\",\"@id\":\"https:\/\/www.oarcanjo.net\/site\/mensagem-do-santo-padre-para-o-dia-mundial-de-oracao-pelas-vocacoes-03-de-maio\/\",\"url\":\"https:\/\/www.oarcanjo.net\/site\/mensagem-do-santo-padre-para-o-dia-mundial-de-oracao-pelas-vocacoes-03-de-maio\/\",\"name\":\"Mensagem do Santo Padre para o 46\u00ba Dia Mundial de Ora\u00e7\u00e3o pelas Voca\u00e7\u00f5es - 03 de maio - O Arcanjo no ar\",\"isPartOf\":{\"@id\":\"https:\/\/www.oarcanjo.net\/site\/#website\"},\"datePublished\":\"2009-05-02T23:06:07+00:00\",\"dateModified\":\"2009-05-02T23:06:07+00:00\",\"breadcrumb\":{\"@id\":\"https:\/\/www.oarcanjo.net\/site\/mensagem-do-santo-padre-para-o-dia-mundial-de-oracao-pelas-vocacoes-03-de-maio\/#breadcrumb\"},\"inLanguage\":\"pt-BR\",\"potentialAction\":[{\"@type\":\"ReadAction\",\"target\":[\"https:\/\/www.oarcanjo.net\/site\/mensagem-do-santo-padre-para-o-dia-mundial-de-oracao-pelas-vocacoes-03-de-maio\/\"]}]},{\"@type\":\"BreadcrumbList\",\"@id\":\"https:\/\/www.oarcanjo.net\/site\/mensagem-do-santo-padre-para-o-dia-mundial-de-oracao-pelas-vocacoes-03-de-maio\/#breadcrumb\",\"itemListElement\":[{\"@type\":\"ListItem\",\"position\":1,\"name\":\"In\u00edcio\",\"item\":\"https:\/\/www.oarcanjo.net\/site\/\"},{\"@type\":\"ListItem\",\"position\":2,\"name\":\"Mensagem do Santo Padre para o 46\u00ba Dia Mundial de Ora\u00e7\u00e3o pelas Voca\u00e7\u00f5es &#8211; 03 de maio\"}]},{\"@type\":\"WebSite\",\"@id\":\"https:\/\/www.oarcanjo.net\/site\/#website\",\"url\":\"https:\/\/www.oarcanjo.net\/site\/\",\"name\":\"O Arcanjo no ar\",\"description\":\"Site da Par\u00f3quia S\u00e3o Miguel Arcanjo (Arquidiocese de SP)\",\"publisher\":{\"@id\":\"https:\/\/www.oarcanjo.net\/site\/#organization\"},\"potentialAction\":[{\"@type\":\"SearchAction\",\"target\":{\"@type\":\"EntryPoint\",\"urlTemplate\":\"https:\/\/www.oarcanjo.net\/site\/?s={search_term_string}\"},\"query-input\":{\"@type\":\"PropertyValueSpecification\",\"valueRequired\":true,\"valueName\":\"search_term_string\"}}],\"inLanguage\":\"pt-BR\"},{\"@type\":\"Organization\",\"@id\":\"https:\/\/www.oarcanjo.net\/site\/#organization\",\"name\":\"Par\u00f3quia S\u00e3o Miguel Arcanjo\",\"url\":\"https:\/\/www.oarcanjo.net\/site\/\",\"logo\":{\"@type\":\"ImageObject\",\"inLanguage\":\"pt-BR\",\"@id\":\"https:\/\/www.oarcanjo.net\/site\/#\/schema\/logo\/image\/\",\"url\":\"https:\/\/www.oarcanjo.net\/site\/wp-content\/uploads\/LogoOArcanjo.png\",\"contentUrl\":\"https:\/\/www.oarcanjo.net\/site\/wp-content\/uploads\/LogoOArcanjo.png\",\"width\":319,\"height\":99,\"caption\":\"Par\u00f3quia S\u00e3o Miguel Arcanjo\"},\"image\":{\"@id\":\"https:\/\/www.oarcanjo.net\/site\/#\/schema\/logo\/image\/\"},\"sameAs\":[\"https:\/\/www.facebook.com\/OArcanjoNoAr\/\"]},{\"@type\":\"Person\",\"@id\":\"https:\/\/www.oarcanjo.net\/site\/#\/schema\/person\/f7024d007863202483a31326673a0838\",\"name\":\"editor\",\"sameAs\":[\"http:\/\/www.oarcanjo.net\"]}]}<\/script>\n<!-- \/ Yoast SEO plugin. -->","yoast_head_json":{"title":"Mensagem do Santo Padre para o 46\u00ba Dia Mundial de Ora\u00e7\u00e3o pelas Voca\u00e7\u00f5es - 03 de maio - O Arcanjo no ar","robots":{"index":"index","follow":"follow","max-snippet":"max-snippet:-1","max-image-preview":"max-image-preview:large","max-video-preview":"max-video-preview:-1"},"canonical":"https:\/\/www.oarcanjo.net\/site\/mensagem-do-santo-padre-para-o-dia-mundial-de-oracao-pelas-vocacoes-03-de-maio\/","og_locale":"pt_BR","og_type":"article","og_title":"Mensagem do Santo Padre para o 46\u00ba Dia Mundial de Ora\u00e7\u00e3o pelas Voca\u00e7\u00f5es - 03 de maio - O Arcanjo no ar","og_description":"Tema: A confian\u00e7a na iniciativa de Deus e a resposta humana Venerados irm\u00e3os no episcopado e no sacerd\u00f3cio, queridos irm\u00e3os e irm\u00e3s! Por ocasi\u00e3o do pr\u00f3ximo Dia Mundial de Ora\u00e7\u00e3o pelas Voca\u00e7\u00f5es ao sacerd\u00f3cio e \u00e0 vida consagrada, que ser\u00e1 celebrado no IV Domingo de P\u00e1scoa, dia 3 de Maio de 2009, desejo convidar todo [&hellip;]","og_url":"https:\/\/www.oarcanjo.net\/site\/mensagem-do-santo-padre-para-o-dia-mundial-de-oracao-pelas-vocacoes-03-de-maio\/","og_site_name":"O Arcanjo no ar","article_publisher":"https:\/\/www.facebook.com\/OArcanjoNoAr\/","article_published_time":"2009-05-02T23:06:07+00:00","og_image":[{"width":300,"height":300,"url":"https:\/\/www.oarcanjo.net\/site\/wp-content\/uploads\/logo-o-arcanjo-no-ar-facebook.png","type":"image\/png"}],"author":"editor","twitter_card":"summary_large_image","twitter_misc":{"Escrito por":"editor","Est. tempo de leitura":"9 minutos"},"schema":{"@context":"https:\/\/schema.org","@graph":[{"@type":"Article","@id":"https:\/\/www.oarcanjo.net\/site\/mensagem-do-santo-padre-para-o-dia-mundial-de-oracao-pelas-vocacoes-03-de-maio\/#article","isPartOf":{"@id":"https:\/\/www.oarcanjo.net\/site\/mensagem-do-santo-padre-para-o-dia-mundial-de-oracao-pelas-vocacoes-03-de-maio\/"},"author":{"name":"editor","@id":"https:\/\/www.oarcanjo.net\/site\/#\/schema\/person\/f7024d007863202483a31326673a0838"},"headline":"Mensagem do Santo Padre para o 46\u00ba Dia Mundial de Ora\u00e7\u00e3o pelas Voca\u00e7\u00f5es &#8211; 03 de maio","datePublished":"2009-05-02T23:06:07+00:00","dateModified":"2009-05-02T23:06:07+00:00","mainEntityOfPage":{"@id":"https:\/\/www.oarcanjo.net\/site\/mensagem-do-santo-padre-para-o-dia-mundial-de-oracao-pelas-vocacoes-03-de-maio\/"},"wordCount":1863,"commentCount":0,"publisher":{"@id":"https:\/\/www.oarcanjo.net\/site\/#organization"},"keywords":["Bento XVI","Dia Mundial de Ora\u00e7\u00e3o pelas Voca\u00e7\u00f5es","papa","vaticano","voca\u00e7\u00f5es"],"articleSection":["Not\u00edcias"],"inLanguage":"pt-BR","potentialAction":[{"@type":"CommentAction","name":"Comment","target":["https:\/\/www.oarcanjo.net\/site\/mensagem-do-santo-padre-para-o-dia-mundial-de-oracao-pelas-vocacoes-03-de-maio\/#respond"]}]},{"@type":"WebPage","@id":"https:\/\/www.oarcanjo.net\/site\/mensagem-do-santo-padre-para-o-dia-mundial-de-oracao-pelas-vocacoes-03-de-maio\/","url":"https:\/\/www.oarcanjo.net\/site\/mensagem-do-santo-padre-para-o-dia-mundial-de-oracao-pelas-vocacoes-03-de-maio\/","name":"Mensagem do Santo Padre para o 46\u00ba Dia Mundial de Ora\u00e7\u00e3o pelas Voca\u00e7\u00f5es - 03 de maio - O Arcanjo no ar","isPartOf":{"@id":"https:\/\/www.oarcanjo.net\/site\/#website"},"datePublished":"2009-05-02T23:06:07+00:00","dateModified":"2009-05-02T23:06:07+00:00","breadcrumb":{"@id":"https:\/\/www.oarcanjo.net\/site\/mensagem-do-santo-padre-para-o-dia-mundial-de-oracao-pelas-vocacoes-03-de-maio\/#breadcrumb"},"inLanguage":"pt-BR","potentialAction":[{"@type":"ReadAction","target":["https:\/\/www.oarcanjo.net\/site\/mensagem-do-santo-padre-para-o-dia-mundial-de-oracao-pelas-vocacoes-03-de-maio\/"]}]},{"@type":"BreadcrumbList","@id":"https:\/\/www.oarcanjo.net\/site\/mensagem-do-santo-padre-para-o-dia-mundial-de-oracao-pelas-vocacoes-03-de-maio\/#breadcrumb","itemListElement":[{"@type":"ListItem","position":1,"name":"In\u00edcio","item":"https:\/\/www.oarcanjo.net\/site\/"},{"@type":"ListItem","position":2,"name":"Mensagem do Santo Padre para o 46\u00ba Dia Mundial de Ora\u00e7\u00e3o pelas Voca\u00e7\u00f5es &#8211; 03 de maio"}]},{"@type":"WebSite","@id":"https:\/\/www.oarcanjo.net\/site\/#website","url":"https:\/\/www.oarcanjo.net\/site\/","name":"O Arcanjo no ar","description":"Site da Par\u00f3quia S\u00e3o Miguel Arcanjo (Arquidiocese de SP)","publisher":{"@id":"https:\/\/www.oarcanjo.net\/site\/#organization"},"potentialAction":[{"@type":"SearchAction","target":{"@type":"EntryPoint","urlTemplate":"https:\/\/www.oarcanjo.net\/site\/?s={search_term_string}"},"query-input":{"@type":"PropertyValueSpecification","valueRequired":true,"valueName":"search_term_string"}}],"inLanguage":"pt-BR"},{"@type":"Organization","@id":"https:\/\/www.oarcanjo.net\/site\/#organization","name":"Par\u00f3quia S\u00e3o Miguel Arcanjo","url":"https:\/\/www.oarcanjo.net\/site\/","logo":{"@type":"ImageObject","inLanguage":"pt-BR","@id":"https:\/\/www.oarcanjo.net\/site\/#\/schema\/logo\/image\/","url":"https:\/\/www.oarcanjo.net\/site\/wp-content\/uploads\/LogoOArcanjo.png","contentUrl":"https:\/\/www.oarcanjo.net\/site\/wp-content\/uploads\/LogoOArcanjo.png","width":319,"height":99,"caption":"Par\u00f3quia S\u00e3o Miguel Arcanjo"},"image":{"@id":"https:\/\/www.oarcanjo.net\/site\/#\/schema\/logo\/image\/"},"sameAs":["https:\/\/www.facebook.com\/OArcanjoNoAr\/"]},{"@type":"Person","@id":"https:\/\/www.oarcanjo.net\/site\/#\/schema\/person\/f7024d007863202483a31326673a0838","name":"editor","sameAs":["http:\/\/www.oarcanjo.net"]}]}},"publishpress_future_action":{"enabled":false,"date":"2026-05-08 23:08:44","action":"category","newStatus":"draft","terms":[],"taxonomy":"category"},"publishpress_future_workflow_manual_trigger":{"enabledWorkflows":[]},"_links":{"self":[{"href":"https:\/\/www.oarcanjo.net\/site\/wp-json\/wp\/v2\/posts\/3226"}],"collection":[{"href":"https:\/\/www.oarcanjo.net\/site\/wp-json\/wp\/v2\/posts"}],"about":[{"href":"https:\/\/www.oarcanjo.net\/site\/wp-json\/wp\/v2\/types\/post"}],"author":[{"embeddable":true,"href":"https:\/\/www.oarcanjo.net\/site\/wp-json\/wp\/v2\/users\/5"}],"replies":[{"embeddable":true,"href":"https:\/\/www.oarcanjo.net\/site\/wp-json\/wp\/v2\/comments?post=3226"}],"version-history":[{"count":0,"href":"https:\/\/www.oarcanjo.net\/site\/wp-json\/wp\/v2\/posts\/3226\/revisions"}],"wp:attachment":[{"href":"https:\/\/www.oarcanjo.net\/site\/wp-json\/wp\/v2\/media?parent=3226"}],"wp:term":[{"taxonomy":"category","embeddable":true,"href":"https:\/\/www.oarcanjo.net\/site\/wp-json\/wp\/v2\/categories?post=3226"},{"taxonomy":"post_tag","embeddable":true,"href":"https:\/\/www.oarcanjo.net\/site\/wp-json\/wp\/v2\/tags?post=3226"}],"curies":[{"name":"wp","href":"https:\/\/api.w.org\/{rel}","templated":true}]}}