
{"id":3232,"date":"2009-05-03T09:08:41","date_gmt":"2009-05-03T12:08:41","guid":{"rendered":"http:\/\/www.oarcanjo.net\/site\/?p=3232"},"modified":"2009-05-03T09:08:41","modified_gmt":"2009-05-03T12:08:41","slug":"comentario-do-evangelho-4o-domingo-da-pascoa-b-joao-10-11-18","status":"publish","type":"post","link":"https:\/\/www.oarcanjo.net\/site\/comentario-do-evangelho-4o-domingo-da-pascoa-b-joao-10-11-18\/","title":{"rendered":"Coment\u00e1rio do Evangelho: 4\u00ba domingo da P\u00e1scoa (Jo 10, 11-18)"},"content":{"rendered":"<p>Aproximar-nos e conhecer-nos<\/p>\n<p>Jos\u00e9 Antonio Pagola<\/p>\n<p>Quando entre os primeiros crist\u00e3os come\u00e7aram os conflitos e dissens\u00f5es entre grupos e l\u00edderes diferentes, algu\u00e9m sentiu a necessidade de recordar que, na comunidade de Jesus, s\u00f3 ele \u00e9 o bom Pastor. N\u00e3o um pastor mais, mas o aut\u00eantico, o verdadeiro, o modelo a ser seguido por todos.<\/p>\n<p>Esta bela imagem do Jesus, bom Pastor, \u00e9 uma chamada \u00e0 convers\u00e3o, dirigida a quem pode reivindicar o t\u00edtulo de \u00abpastores\u00bb na comunidade crist\u00e3. O pastor que se parece com  Jesus, s\u00f3 pensa em suas ovelhas, n\u00e3o \u00abfoge\u00bb ante os problemas, n\u00e3o as \u00ababandona\u00bb. Ao contr\u00e1rio, est\u00e1 junto a elas, defende-as, dedica-se totalmente a elas, \u00abexp\u00f5e sua vida\u00bb procurando seu bem.<\/p>\n<p>Ao mesmo tempo, esta imagem \u00e9 uma chamada \u00e0 comunh\u00e3o fraterna entre todos. O Bom Pastor \u00abconhece\u00bb suas ovelhas e as ovelhas \u00abconhecem\u00bb a ele. S\u00f3 desde esta intimidade estreita, desde este conhecimento m\u00fatuo e esta comunh\u00e3o de cora\u00e7\u00e3o, o Bom Pastor compartilha sua vida com as ovelhas. \u00c9 em dire\u00e7\u00e3o a esta comunh\u00e3o e m\u00fatuo conhecimento que temos que caminhar tamb\u00e9m hoje na Igreja. <\/p>\n<p>Nestes momentos n\u00e3o f\u00e1ceis para a f\u00e9, necessitamos como nunca unir for\u00e7as, procurar juntos crit\u00e9rios evang\u00e9licos e linhas mestras de atua\u00e7\u00e3o para saber em que dire\u00e7\u00e3o temos que caminhar de maneira criativa para o futuro.<\/p>\n<p>Entretanto, n\u00e3o \u00e9 isto o que est\u00e1 acontecendo. Fazem-se algumas convoca\u00e7\u00f5es convencionais a viver em comunh\u00e3o, mas n\u00e3o estamos dando passos no sentido de criar um clima de escuta m\u00fatua e di\u00e1logo. Ao contr\u00e1rio, crescem as desqualifica\u00e7\u00f5es e dissens\u00f5es entre bispos e te\u00f3logos; entre te\u00f3logos de diferentes tend\u00eancias; entre movimentos e comunidades de carisma diverso; entre grupos e \u00abblogs\u00bb de todo g\u00eanero\u2026<\/p>\n<p>Mas, talvez, o mais triste \u00e9 ver como segue crescendo o distanciamento entre a hierarquia e o povo crist\u00e3o. Dir-se-ia que vivem em dois mundos diferentes. Em muitos lugares os \u00abpastores\u00bb e as \u00abovelhas\u00bb apenas se conhecem. Para muitos bispos n\u00e3o resulta f\u00e1cil sintonizar com as necessidades reais dos crentes, para lhes oferecer a orienta\u00e7\u00e3o e o alento de  que necessitam. A muitos fi\u00e9is resulta dif\u00edcil sentir afeto e interesse para com pastores que v\u00eaem afastados de seus problemas.<\/p>\n<p>S\u00f3 pessoas de f\u00e9, cheios do Esp\u00edrito do Bom Pastor, podem nos ajudar a criar o clima de aproxima\u00e7\u00e3o, m\u00fatua escuta, respeito rec\u00edproco e di\u00e1logo humilde que tanto necessitamos.<\/p>\n<div id=\"themify_builder_content-3232\" data-postid=\"3232\" class=\"themify_builder_content themify_builder_content-3232 themify_builder themify_builder_front\">\n\t<\/div>\n<!-- \/themify_builder_content -->","protected":false},"excerpt":{"rendered":"<p>Aproximar-nos e conhecer-nos Jos\u00e9 Antonio Pagola Quando entre os primeiros crist\u00e3os come\u00e7aram os conflitos e dissens\u00f5es entre grupos e l\u00edderes diferentes, algu\u00e9m sentiu a necessidade de recordar que, na comunidade de Jesus, s\u00f3 ele \u00e9 o bom Pastor. N\u00e3o um pastor mais, mas o aut\u00eantico, o verdadeiro, o modelo a ser seguido por todos. Esta [&hellip;]<\/p>\n","protected":false},"author":5,"featured_media":0,"comment_status":"open","ping_status":"open","sticky":false,"template":"","format":"standard","meta":{"ngg_post_thumbnail":0,"footnotes":""},"categories":[9],"tags":[611,236],"yoast_head":"<!-- This site is optimized with the Yoast SEO plugin v23.5 - https:\/\/yoast.com\/wordpress\/plugins\/seo\/ -->\n<title>Coment\u00e1rio do Evangelho: 4\u00ba domingo da P\u00e1scoa (Jo 10, 11-18) - O Arcanjo no ar<\/title>\n<meta name=\"robots\" content=\"index, follow, max-snippet:-1, max-image-preview:large, max-video-preview:-1\" \/>\n<link rel=\"canonical\" href=\"https:\/\/www.oarcanjo.net\/site\/comentario-do-evangelho-4o-domingo-da-pascoa-b-joao-10-11-18\/\" \/>\n<meta property=\"og:locale\" content=\"pt_BR\" \/>\n<meta property=\"og:type\" content=\"article\" \/>\n<meta property=\"og:title\" content=\"Coment\u00e1rio do Evangelho: 4\u00ba domingo da P\u00e1scoa (Jo 10, 11-18) - O Arcanjo no ar\" \/>\n<meta property=\"og:description\" content=\"Aproximar-nos e conhecer-nos Jos\u00e9 Antonio Pagola Quando entre os primeiros crist\u00e3os come\u00e7aram os conflitos e dissens\u00f5es entre grupos e l\u00edderes diferentes, algu\u00e9m sentiu a necessidade de recordar que, na comunidade de Jesus, s\u00f3 ele \u00e9 o bom Pastor. N\u00e3o um pastor mais, mas o aut\u00eantico, o verdadeiro, o modelo a ser seguido por todos. Esta [&hellip;]\" \/>\n<meta property=\"og:url\" content=\"https:\/\/www.oarcanjo.net\/site\/comentario-do-evangelho-4o-domingo-da-pascoa-b-joao-10-11-18\/\" \/>\n<meta property=\"og:site_name\" content=\"O Arcanjo no ar\" \/>\n<meta property=\"article:publisher\" content=\"https:\/\/www.facebook.com\/OArcanjoNoAr\/\" \/>\n<meta property=\"article:published_time\" content=\"2009-05-03T12:08:41+00:00\" \/>\n<meta property=\"og:image\" content=\"https:\/\/www.oarcanjo.net\/site\/wp-content\/uploads\/logo-o-arcanjo-no-ar-facebook.png\" \/>\n\t<meta property=\"og:image:width\" content=\"300\" \/>\n\t<meta property=\"og:image:height\" content=\"300\" \/>\n\t<meta property=\"og:image:type\" content=\"image\/png\" \/>\n<meta name=\"author\" content=\"editor\" \/>\n<meta name=\"twitter:card\" content=\"summary_large_image\" \/>\n<meta name=\"twitter:label1\" content=\"Escrito por\" \/>\n\t<meta name=\"twitter:data1\" content=\"editor\" \/>\n\t<meta name=\"twitter:label2\" content=\"Est. tempo de leitura\" \/>\n\t<meta name=\"twitter:data2\" content=\"2 minutos\" \/>\n<script type=\"application\/ld+json\" class=\"yoast-schema-graph\">{\"@context\":\"https:\/\/schema.org\",\"@graph\":[{\"@type\":\"Article\",\"@id\":\"https:\/\/www.oarcanjo.net\/site\/comentario-do-evangelho-4o-domingo-da-pascoa-b-joao-10-11-18\/#article\",\"isPartOf\":{\"@id\":\"https:\/\/www.oarcanjo.net\/site\/comentario-do-evangelho-4o-domingo-da-pascoa-b-joao-10-11-18\/\"},\"author\":{\"name\":\"editor\",\"@id\":\"https:\/\/www.oarcanjo.net\/site\/#\/schema\/person\/f7024d007863202483a31326673a0838\"},\"headline\":\"Coment\u00e1rio do Evangelho: 4\u00ba domingo da P\u00e1scoa (Jo 10, 11-18)\",\"datePublished\":\"2009-05-03T12:08:41+00:00\",\"dateModified\":\"2009-05-03T12:08:41+00:00\",\"mainEntityOfPage\":{\"@id\":\"https:\/\/www.oarcanjo.net\/site\/comentario-do-evangelho-4o-domingo-da-pascoa-b-joao-10-11-18\/\"},\"wordCount\":440,\"commentCount\":0,\"publisher\":{\"@id\":\"https:\/\/www.oarcanjo.net\/site\/#organization\"},\"keywords\":[\"bom pastor\",\"Jesus\"],\"articleSection\":[\"Reflex\u00f5es\"],\"inLanguage\":\"pt-BR\",\"potentialAction\":[{\"@type\":\"CommentAction\",\"name\":\"Comment\",\"target\":[\"https:\/\/www.oarcanjo.net\/site\/comentario-do-evangelho-4o-domingo-da-pascoa-b-joao-10-11-18\/#respond\"]}]},{\"@type\":\"WebPage\",\"@id\":\"https:\/\/www.oarcanjo.net\/site\/comentario-do-evangelho-4o-domingo-da-pascoa-b-joao-10-11-18\/\",\"url\":\"https:\/\/www.oarcanjo.net\/site\/comentario-do-evangelho-4o-domingo-da-pascoa-b-joao-10-11-18\/\",\"name\":\"Coment\u00e1rio do Evangelho: 4\u00ba domingo da P\u00e1scoa (Jo 10, 11-18) - O Arcanjo no ar\",\"isPartOf\":{\"@id\":\"https:\/\/www.oarcanjo.net\/site\/#website\"},\"datePublished\":\"2009-05-03T12:08:41+00:00\",\"dateModified\":\"2009-05-03T12:08:41+00:00\",\"breadcrumb\":{\"@id\":\"https:\/\/www.oarcanjo.net\/site\/comentario-do-evangelho-4o-domingo-da-pascoa-b-joao-10-11-18\/#breadcrumb\"},\"inLanguage\":\"pt-BR\",\"potentialAction\":[{\"@type\":\"ReadAction\",\"target\":[\"https:\/\/www.oarcanjo.net\/site\/comentario-do-evangelho-4o-domingo-da-pascoa-b-joao-10-11-18\/\"]}]},{\"@type\":\"BreadcrumbList\",\"@id\":\"https:\/\/www.oarcanjo.net\/site\/comentario-do-evangelho-4o-domingo-da-pascoa-b-joao-10-11-18\/#breadcrumb\",\"itemListElement\":[{\"@type\":\"ListItem\",\"position\":1,\"name\":\"In\u00edcio\",\"item\":\"https:\/\/www.oarcanjo.net\/site\/\"},{\"@type\":\"ListItem\",\"position\":2,\"name\":\"Coment\u00e1rio do Evangelho: 4\u00ba domingo da P\u00e1scoa (Jo 10, 11-18)\"}]},{\"@type\":\"WebSite\",\"@id\":\"https:\/\/www.oarcanjo.net\/site\/#website\",\"url\":\"https:\/\/www.oarcanjo.net\/site\/\",\"name\":\"O Arcanjo no ar\",\"description\":\"Site da Par\u00f3quia S\u00e3o Miguel Arcanjo (Arquidiocese de SP)\",\"publisher\":{\"@id\":\"https:\/\/www.oarcanjo.net\/site\/#organization\"},\"potentialAction\":[{\"@type\":\"SearchAction\",\"target\":{\"@type\":\"EntryPoint\",\"urlTemplate\":\"https:\/\/www.oarcanjo.net\/site\/?s={search_term_string}\"},\"query-input\":{\"@type\":\"PropertyValueSpecification\",\"valueRequired\":true,\"valueName\":\"search_term_string\"}}],\"inLanguage\":\"pt-BR\"},{\"@type\":\"Organization\",\"@id\":\"https:\/\/www.oarcanjo.net\/site\/#organization\",\"name\":\"Par\u00f3quia S\u00e3o Miguel Arcanjo\",\"url\":\"https:\/\/www.oarcanjo.net\/site\/\",\"logo\":{\"@type\":\"ImageObject\",\"inLanguage\":\"pt-BR\",\"@id\":\"https:\/\/www.oarcanjo.net\/site\/#\/schema\/logo\/image\/\",\"url\":\"https:\/\/www.oarcanjo.net\/site\/wp-content\/uploads\/LogoOArcanjo.png\",\"contentUrl\":\"https:\/\/www.oarcanjo.net\/site\/wp-content\/uploads\/LogoOArcanjo.png\",\"width\":319,\"height\":99,\"caption\":\"Par\u00f3quia S\u00e3o Miguel Arcanjo\"},\"image\":{\"@id\":\"https:\/\/www.oarcanjo.net\/site\/#\/schema\/logo\/image\/\"},\"sameAs\":[\"https:\/\/www.facebook.com\/OArcanjoNoAr\/\"]},{\"@type\":\"Person\",\"@id\":\"https:\/\/www.oarcanjo.net\/site\/#\/schema\/person\/f7024d007863202483a31326673a0838\",\"name\":\"editor\",\"sameAs\":[\"http:\/\/www.oarcanjo.net\"]}]}<\/script>\n<!-- \/ Yoast SEO plugin. -->","yoast_head_json":{"title":"Coment\u00e1rio do Evangelho: 4\u00ba domingo da P\u00e1scoa (Jo 10, 11-18) - O Arcanjo no ar","robots":{"index":"index","follow":"follow","max-snippet":"max-snippet:-1","max-image-preview":"max-image-preview:large","max-video-preview":"max-video-preview:-1"},"canonical":"https:\/\/www.oarcanjo.net\/site\/comentario-do-evangelho-4o-domingo-da-pascoa-b-joao-10-11-18\/","og_locale":"pt_BR","og_type":"article","og_title":"Coment\u00e1rio do Evangelho: 4\u00ba domingo da P\u00e1scoa (Jo 10, 11-18) - O Arcanjo no ar","og_description":"Aproximar-nos e conhecer-nos Jos\u00e9 Antonio Pagola Quando entre os primeiros crist\u00e3os come\u00e7aram os conflitos e dissens\u00f5es entre grupos e l\u00edderes diferentes, algu\u00e9m sentiu a necessidade de recordar que, na comunidade de Jesus, s\u00f3 ele \u00e9 o bom Pastor. N\u00e3o um pastor mais, mas o aut\u00eantico, o verdadeiro, o modelo a ser seguido por todos. Esta [&hellip;]","og_url":"https:\/\/www.oarcanjo.net\/site\/comentario-do-evangelho-4o-domingo-da-pascoa-b-joao-10-11-18\/","og_site_name":"O Arcanjo no ar","article_publisher":"https:\/\/www.facebook.com\/OArcanjoNoAr\/","article_published_time":"2009-05-03T12:08:41+00:00","og_image":[{"width":300,"height":300,"url":"https:\/\/www.oarcanjo.net\/site\/wp-content\/uploads\/logo-o-arcanjo-no-ar-facebook.png","type":"image\/png"}],"author":"editor","twitter_card":"summary_large_image","twitter_misc":{"Escrito por":"editor","Est. tempo de leitura":"2 minutos"},"schema":{"@context":"https:\/\/schema.org","@graph":[{"@type":"Article","@id":"https:\/\/www.oarcanjo.net\/site\/comentario-do-evangelho-4o-domingo-da-pascoa-b-joao-10-11-18\/#article","isPartOf":{"@id":"https:\/\/www.oarcanjo.net\/site\/comentario-do-evangelho-4o-domingo-da-pascoa-b-joao-10-11-18\/"},"author":{"name":"editor","@id":"https:\/\/www.oarcanjo.net\/site\/#\/schema\/person\/f7024d007863202483a31326673a0838"},"headline":"Coment\u00e1rio do Evangelho: 4\u00ba domingo da P\u00e1scoa (Jo 10, 11-18)","datePublished":"2009-05-03T12:08:41+00:00","dateModified":"2009-05-03T12:08:41+00:00","mainEntityOfPage":{"@id":"https:\/\/www.oarcanjo.net\/site\/comentario-do-evangelho-4o-domingo-da-pascoa-b-joao-10-11-18\/"},"wordCount":440,"commentCount":0,"publisher":{"@id":"https:\/\/www.oarcanjo.net\/site\/#organization"},"keywords":["bom pastor","Jesus"],"articleSection":["Reflex\u00f5es"],"inLanguage":"pt-BR","potentialAction":[{"@type":"CommentAction","name":"Comment","target":["https:\/\/www.oarcanjo.net\/site\/comentario-do-evangelho-4o-domingo-da-pascoa-b-joao-10-11-18\/#respond"]}]},{"@type":"WebPage","@id":"https:\/\/www.oarcanjo.net\/site\/comentario-do-evangelho-4o-domingo-da-pascoa-b-joao-10-11-18\/","url":"https:\/\/www.oarcanjo.net\/site\/comentario-do-evangelho-4o-domingo-da-pascoa-b-joao-10-11-18\/","name":"Coment\u00e1rio do Evangelho: 4\u00ba domingo da P\u00e1scoa (Jo 10, 11-18) - O Arcanjo no ar","isPartOf":{"@id":"https:\/\/www.oarcanjo.net\/site\/#website"},"datePublished":"2009-05-03T12:08:41+00:00","dateModified":"2009-05-03T12:08:41+00:00","breadcrumb":{"@id":"https:\/\/www.oarcanjo.net\/site\/comentario-do-evangelho-4o-domingo-da-pascoa-b-joao-10-11-18\/#breadcrumb"},"inLanguage":"pt-BR","potentialAction":[{"@type":"ReadAction","target":["https:\/\/www.oarcanjo.net\/site\/comentario-do-evangelho-4o-domingo-da-pascoa-b-joao-10-11-18\/"]}]},{"@type":"BreadcrumbList","@id":"https:\/\/www.oarcanjo.net\/site\/comentario-do-evangelho-4o-domingo-da-pascoa-b-joao-10-11-18\/#breadcrumb","itemListElement":[{"@type":"ListItem","position":1,"name":"In\u00edcio","item":"https:\/\/www.oarcanjo.net\/site\/"},{"@type":"ListItem","position":2,"name":"Coment\u00e1rio do Evangelho: 4\u00ba domingo da P\u00e1scoa (Jo 10, 11-18)"}]},{"@type":"WebSite","@id":"https:\/\/www.oarcanjo.net\/site\/#website","url":"https:\/\/www.oarcanjo.net\/site\/","name":"O Arcanjo no ar","description":"Site da Par\u00f3quia S\u00e3o Miguel Arcanjo (Arquidiocese de SP)","publisher":{"@id":"https:\/\/www.oarcanjo.net\/site\/#organization"},"potentialAction":[{"@type":"SearchAction","target":{"@type":"EntryPoint","urlTemplate":"https:\/\/www.oarcanjo.net\/site\/?s={search_term_string}"},"query-input":{"@type":"PropertyValueSpecification","valueRequired":true,"valueName":"search_term_string"}}],"inLanguage":"pt-BR"},{"@type":"Organization","@id":"https:\/\/www.oarcanjo.net\/site\/#organization","name":"Par\u00f3quia S\u00e3o Miguel Arcanjo","url":"https:\/\/www.oarcanjo.net\/site\/","logo":{"@type":"ImageObject","inLanguage":"pt-BR","@id":"https:\/\/www.oarcanjo.net\/site\/#\/schema\/logo\/image\/","url":"https:\/\/www.oarcanjo.net\/site\/wp-content\/uploads\/LogoOArcanjo.png","contentUrl":"https:\/\/www.oarcanjo.net\/site\/wp-content\/uploads\/LogoOArcanjo.png","width":319,"height":99,"caption":"Par\u00f3quia S\u00e3o Miguel Arcanjo"},"image":{"@id":"https:\/\/www.oarcanjo.net\/site\/#\/schema\/logo\/image\/"},"sameAs":["https:\/\/www.facebook.com\/OArcanjoNoAr\/"]},{"@type":"Person","@id":"https:\/\/www.oarcanjo.net\/site\/#\/schema\/person\/f7024d007863202483a31326673a0838","name":"editor","sameAs":["http:\/\/www.oarcanjo.net"]}]}},"publishpress_future_action":{"enabled":false,"date":"2026-05-09 04:48:45","action":"category","newStatus":"draft","terms":[],"taxonomy":"category"},"publishpress_future_workflow_manual_trigger":{"enabledWorkflows":[]},"_links":{"self":[{"href":"https:\/\/www.oarcanjo.net\/site\/wp-json\/wp\/v2\/posts\/3232"}],"collection":[{"href":"https:\/\/www.oarcanjo.net\/site\/wp-json\/wp\/v2\/posts"}],"about":[{"href":"https:\/\/www.oarcanjo.net\/site\/wp-json\/wp\/v2\/types\/post"}],"author":[{"embeddable":true,"href":"https:\/\/www.oarcanjo.net\/site\/wp-json\/wp\/v2\/users\/5"}],"replies":[{"embeddable":true,"href":"https:\/\/www.oarcanjo.net\/site\/wp-json\/wp\/v2\/comments?post=3232"}],"version-history":[{"count":0,"href":"https:\/\/www.oarcanjo.net\/site\/wp-json\/wp\/v2\/posts\/3232\/revisions"}],"wp:attachment":[{"href":"https:\/\/www.oarcanjo.net\/site\/wp-json\/wp\/v2\/media?parent=3232"}],"wp:term":[{"taxonomy":"category","embeddable":true,"href":"https:\/\/www.oarcanjo.net\/site\/wp-json\/wp\/v2\/categories?post=3232"},{"taxonomy":"post_tag","embeddable":true,"href":"https:\/\/www.oarcanjo.net\/site\/wp-json\/wp\/v2\/tags?post=3232"}],"curies":[{"name":"wp","href":"https:\/\/api.w.org\/{rel}","templated":true}]}}