
{"id":326,"date":"2008-10-08T10:24:31","date_gmt":"2008-10-08T13:24:31","guid":{"rendered":"http:\/\/www.oarcanjo.net\/site\/?p=326"},"modified":"2008-10-09T10:28:22","modified_gmt":"2008-10-09T13:28:22","slug":"crise-do-evangelho-neoliberal","status":"publish","type":"post","link":"https:\/\/www.oarcanjo.net\/site\/crise-do-evangelho-neoliberal\/","title":{"rendered":"Crise do evangelho neoliberal"},"content":{"rendered":"<p>Claudemiro Godoy do Nascimento *<\/p>\n<p>O mundo assiste atordoado o sobe e desce das bolsas de valores em todos os pa\u00edses, em especial, nos Estados Unidos e no velho continente. S\u00e3o n\u00fameros, alta do d\u00f3lar, queda nas transa\u00e7\u00f5es. Enfim, a bola da vez se chama &#8220;crise&#8221;. Mas o que seria essa crise? O soci\u00f3logo portugu\u00eas Boaventura de Souza Santos chama-nos aten\u00e7\u00e3o para olharmos essa crise numa perspectiva da amplia\u00e7\u00e3o do Estado e, talvez, a minimiza\u00e7\u00e3o do mercado total.<\/p>\n<p>At\u00e9 pouco tempo atr\u00e1s, o deus &#8220;mercado&#8221; evangelizava o mundo e as consci\u00eancias afirmando as teses de Hayek e Friedman: &#8220;menos Estado, mais mercado&#8221;. As teses do Estado M\u00ednimo que para alguns n\u00e3o passa de lenda conseguiu inserir-se no cotidiano das pessoas e ainda temos representantes desse movimento em todos os setores da sociedade globalizada, seja nas universidades, nos governos, nos partidos e, at\u00e9 mesmo, em movimentos sociais de direita. O chamado pensamento \u00fanico tomou corpo e permitiu uma onda gigantesca de despolitiza\u00e7\u00e3o e de individualismo jamais vistos na hist\u00f3ria da humanidade. As conseq\u00fc\u00eancias desse modelo de sociedade pode ser percebida na dicotomiza\u00e7\u00e3o da juventude que n\u00e3o consegue, raras exce\u00e7\u00f5es, politizar-se e participar dos debates na esfera p\u00fablica. Tudo se resume ao consumo que se torna uma esp\u00e9cie de &#8220;prece&#8221; e ato religioso realizado pelo fiel ao deus mercado que tudo cria e recria. Quem participa do mercado j\u00e1 se encontra no para\u00edso, &#8220;onde corre leite e mel&#8221; das compras em shoppings ou em novas \u00e1goras fast-food (Macdonald\u2019s) onde somente os que podem pagar, podem comer o banquete sagrado e antinutritivo. Diante disso, n\u00e3o h\u00e1 necessidade de pol\u00edtica, de participa\u00e7\u00e3o, de Estado e, muito menos, se pensar no futuro da Casa Comum. Tudo deve ser minimizado para que o Mercado seja maximizado e glorificado nas alturas. Essa l\u00f3gica nos faz lembrar: &#8220;Gloria in excelsis Mercatu&#8221;.<\/p>\n<p>A crise n\u00e3o se encontra no Estado, pelo contr\u00e1rio, est\u00e1 no mercado. O mercado entra em crise devido \u00e0s d\u00edvidas dos norte-americanos com o setor imobili\u00e1rio e com os financiamentos para se pagar as d\u00edvidas o problema tornou-se maior ainda atingindo pa\u00edses da Europa, da \u00c1sia e da Am\u00e9rica Latina. O efeito cascata a cada dia toma propor\u00e7\u00f5es que n\u00e3o sabemos onde ir\u00e1 parar. Contudo, uma quest\u00e3o podemos evidenciar neste mar de sujeiras: agora o mesmo Estado \u00e9 chamado para socorrer os bancos em fal\u00eancia, chamado para socorrer os aflitos e moribundos do mercado total que at\u00e9 pouco tempo atr\u00e1s &#8220;arrotavam&#8221; barb\u00e1ries contra o Estado.<\/p>\n<p>N\u00e3o era o Estado um centro de corrup\u00e7\u00e3o e que n\u00e3o possu\u00eda a no\u00e7\u00e3o de gerenciamento necess\u00e1rio para administrar a coisa p\u00fablica. N\u00e3o era o Estado o culpado por gastar demais com pol\u00edticas sociais emancipat\u00f3rias. N\u00e3o era o Estado o detentor da insufici\u00eancia da qualidade administrativa. Pois \u00e9, agora \u00e9 o Estado que socorre os pregadores do evangelho neoliberal.<\/p>\n<p>Ainda n\u00e3o consigo compreender os motivos que levam o Estado a socorrer o deus &#8220;mercado&#8221; em tempos de crise generalizada. N\u00e3o seria o momento de buscar solu\u00e7\u00f5es comunit\u00e1rias, coletivas, populares e estatais para que minimizar a l\u00f3gica neoliberal do mercado total? H\u00e1 algum tempo, alguns governos j\u00e1 anunciam que a l\u00f3gica do mercado \u00e9 insuficiente e mesquinha, pois impede que haja uma real redistribui\u00e7\u00e3o de renda entre os mais pobres da sociedade.<\/p>\n<p>N\u00e3o se trata de defender a tese da &#8220;estadolatria&#8221;, pelo contr\u00e1rio, precisamos de um Estado Popular onde os princ\u00edpios democr\u00e1ticos estejam realmente a servi\u00e7o de todos e todas. O Estado no passado cometeu erros de ambos os lados, seja no nazi-fascimo, seja no comunismo socialista das antigas Rep\u00fablicas Sovi\u00e9ticas. E ainda comete erros quando se curva em adora\u00e7\u00e3o ao Mercado. N\u00e3o seria o momento de romper definitivamente com a doutrina\u00e7\u00e3o do mercado alavancada de forma mais feroz desde &#8220;Consenso de Washington&#8221;?<\/p>\n<p>Como dissemos, alguns governos da Am\u00e9rica Latina ousam em popularizar e politizar novamente o Estado. Os defensores do evangelho neoliberal dir\u00e3o: \u00e9 totalitarismo, \u00e9 comunismo, \u00e9 populismo, \u00e9 estadolatria, \u00e9 desrespeito com o mercado etc. Acredito que sejam alternativas de Estado que surgem e que ampliam a no\u00e7\u00e3o do p\u00fablico. Assim, governos como os de Hugo Ch\u00e1vez, Evo Morales e Rafael Correa se colocam na contram\u00e3o da hist\u00f3ria marcada pela hegemonia do mercado e da evangeliza\u00e7\u00e3o neoliberal. Ao mesmo tempo, se tornam referenciais para os povos do Sul em promover amplas discuss\u00f5es que destaquem a soberania nacional de cada pa\u00eds resolver sua forma de governar. N\u00e3o temos d\u00favidas de que os governos da Venezuela, da Bol\u00edvia e do Equador sejam populares. A participa\u00e7\u00e3o nos debates e na constru\u00e7\u00e3o de plataformas pol\u00edticas \u00e9 realizada por todos os setores.<\/p>\n<p>No Paraguai, a recente elei\u00e7\u00e3o do bispo cat\u00f3lico Fernando Lugo como Presidente \u00e9 um sinal claro de que a &#8220;paci\u00eancia hist\u00f3rica&#8221; ir\u00e1 ceder a uma ampla frente de politiza\u00e7\u00e3o na Am\u00e9rica Latina. Espera-se de Fernando Lugo a constru\u00e7\u00e3o de um governo popular e que venha defender os interesses guaranis. O rompimento com os modelos pol\u00edticos arcaicos onde o Estado se torna ref\u00e9m do capital \u00e9 uma antinomia do passado que deve ser urgentemente superada.<\/p>\n<p>Mesmo assim, continuar\u00e3o afirmando: estes governos n\u00e3o s\u00e3o democr\u00e1ticos. Com isso, perguntaria aos sacerdotes neoliberais: seria democr\u00e1tico um Estado ou um governo se curvar ao deus mercado sem consultar o povo? Seria democr\u00e1tico minimizar o Estado com privatiza\u00e7\u00f5es de bens p\u00fablicos sem consultar a sociedade? Seria democr\u00e1tico se vender ao mercado para ampliar interesses privados e especulativos do capital? Se isso for democracia, prefiro mesmo a polit\u00e9ia, como j\u00e1 defendia o fil\u00f3sofo grego Arist\u00f3teles. Para Arist\u00f3teles, a oligarquia, tirania ou a democracia n\u00e3o se ocupam com o interesse p\u00fablico.<\/p>\n<p>Dessa forma, percebemos tamb\u00e9m que o mercado n\u00e3o possui nenhum interesse p\u00fablico, muito pelo contr\u00e1rio, seus interesses s\u00e3o estritamente privados e destinados a alguns poucos especuladores que se tornam cada vez mais aptos \u00e0 l\u00f3gica da acumula\u00e7\u00e3o do capital em detrimento de milh\u00f5es de pessoas pelo mundo todo que est\u00e3o condenadas ao esquecimento e aos por\u00f5es da sobreviv\u00eancia.<\/p>\n<p>A crise do mercado que j\u00e1 permitiu a fal\u00eancia de alguns bancos pelo mundo afora pede clem\u00eancia ao Estado. Os homens de neg\u00f3cio que possuem influ\u00eancias nos governos pedem e conseguem o financiamento do Estado para manter-se vivos no cen\u00e1rio. At\u00e9 quando? N\u00e3o sabemos. At\u00e9 o momento os pa\u00edses que fizeram generosas doa\u00e7\u00f5es ao mercado s\u00e3o defensores do evangelho neoliberal. Mas, como j\u00e1 dissemos, os pa\u00edses do sul est\u00e3o se articulando em novas formas de pensar o p\u00fablico, a governan\u00e7a e a soberania. Assim, esperamos que novas alternativas surjam como j\u00e1 se preconiza neste novo cen\u00e1rio que n\u00e3o mais ser\u00e1 global, mas, &#8220;glocal&#8221; (global no local e local no global). Por outro lado, novamente, teimamos e n\u00e3o nos cansamos em perguntar: Ser\u00e1 o fim da evangeliza\u00e7\u00e3o neoliberal e do deus mercado?<\/p>\n<p><em>* Fil\u00f3sofo e Te\u00f3logo. Mestre em Educa\u00e7\u00e3o. Doutorando em Educa\u00e7\u00e3o. Professor Assistente I da Universidade Federal do Tocantins &#8211; UFT<\/em><\/p>\n<div id=\"themify_builder_content-326\" data-postid=\"326\" class=\"themify_builder_content themify_builder_content-326 themify_builder themify_builder_front\">\n\t<\/div>\n<!-- \/themify_builder_content -->","protected":false},"excerpt":{"rendered":"<p>Claudemiro Godoy do Nascimento * O mundo assiste atordoado o sobe e desce das bolsas de valores em todos os pa\u00edses, em especial, nos Estados Unidos e no velho continente. S\u00e3o n\u00fameros, alta do d\u00f3lar, queda nas transa\u00e7\u00f5es. Enfim, a bola da vez se chama &#8220;crise&#8221;. Mas o que seria essa crise? O soci\u00f3logo portugu\u00eas [&hellip;]<\/p>\n","protected":false},"author":5,"featured_media":0,"comment_status":"open","ping_status":"open","sticky":false,"template":"","format":"standard","meta":{"ngg_post_thumbnail":0,"footnotes":""},"categories":[9],"tags":[36,39],"yoast_head":"<!-- This site is optimized with the Yoast SEO plugin v23.5 - https:\/\/yoast.com\/wordpress\/plugins\/seo\/ -->\n<title>Crise do evangelho neoliberal - O Arcanjo no ar<\/title>\n<meta name=\"robots\" content=\"index, follow, max-snippet:-1, max-image-preview:large, max-video-preview:-1\" \/>\n<link rel=\"canonical\" href=\"https:\/\/www.oarcanjo.net\/site\/crise-do-evangelho-neoliberal\/\" \/>\n<meta property=\"og:locale\" content=\"pt_BR\" \/>\n<meta property=\"og:type\" content=\"article\" \/>\n<meta property=\"og:title\" content=\"Crise do evangelho neoliberal - O Arcanjo no ar\" \/>\n<meta property=\"og:description\" content=\"Claudemiro Godoy do Nascimento * O mundo assiste atordoado o sobe e desce das bolsas de valores em todos os pa\u00edses, em especial, nos Estados Unidos e no velho continente. S\u00e3o n\u00fameros, alta do d\u00f3lar, queda nas transa\u00e7\u00f5es. Enfim, a bola da vez se chama &#8220;crise&#8221;. Mas o que seria essa crise? O soci\u00f3logo portugu\u00eas [&hellip;]\" \/>\n<meta property=\"og:url\" content=\"https:\/\/www.oarcanjo.net\/site\/crise-do-evangelho-neoliberal\/\" \/>\n<meta property=\"og:site_name\" content=\"O Arcanjo no ar\" \/>\n<meta property=\"article:publisher\" content=\"https:\/\/www.facebook.com\/OArcanjoNoAr\/\" \/>\n<meta property=\"article:published_time\" content=\"2008-10-08T13:24:31+00:00\" \/>\n<meta property=\"article:modified_time\" content=\"2008-10-09T13:28:22+00:00\" \/>\n<meta property=\"og:image\" content=\"https:\/\/www.oarcanjo.net\/site\/wp-content\/uploads\/logo-o-arcanjo-no-ar-facebook.png\" \/>\n\t<meta property=\"og:image:width\" content=\"300\" \/>\n\t<meta property=\"og:image:height\" content=\"300\" \/>\n\t<meta property=\"og:image:type\" content=\"image\/png\" \/>\n<meta name=\"author\" content=\"editor\" \/>\n<meta name=\"twitter:card\" content=\"summary_large_image\" \/>\n<meta name=\"twitter:label1\" content=\"Escrito por\" \/>\n\t<meta name=\"twitter:data1\" content=\"editor\" \/>\n\t<meta name=\"twitter:label2\" content=\"Est. tempo de leitura\" \/>\n\t<meta name=\"twitter:data2\" content=\"6 minutos\" \/>\n<script type=\"application\/ld+json\" class=\"yoast-schema-graph\">{\"@context\":\"https:\/\/schema.org\",\"@graph\":[{\"@type\":\"Article\",\"@id\":\"https:\/\/www.oarcanjo.net\/site\/crise-do-evangelho-neoliberal\/#article\",\"isPartOf\":{\"@id\":\"https:\/\/www.oarcanjo.net\/site\/crise-do-evangelho-neoliberal\/\"},\"author\":{\"name\":\"editor\",\"@id\":\"https:\/\/www.oarcanjo.net\/site\/#\/schema\/person\/f7024d007863202483a31326673a0838\"},\"headline\":\"Crise do evangelho neoliberal\",\"datePublished\":\"2008-10-08T13:24:31+00:00\",\"dateModified\":\"2008-10-09T13:28:22+00:00\",\"mainEntityOfPage\":{\"@id\":\"https:\/\/www.oarcanjo.net\/site\/crise-do-evangelho-neoliberal\/\"},\"wordCount\":1260,\"commentCount\":0,\"publisher\":{\"@id\":\"https:\/\/www.oarcanjo.net\/site\/#organization\"},\"keywords\":[\"crise\",\"neoliberalismo\"],\"articleSection\":[\"Reflex\u00f5es\"],\"inLanguage\":\"pt-BR\",\"potentialAction\":[{\"@type\":\"CommentAction\",\"name\":\"Comment\",\"target\":[\"https:\/\/www.oarcanjo.net\/site\/crise-do-evangelho-neoliberal\/#respond\"]}]},{\"@type\":\"WebPage\",\"@id\":\"https:\/\/www.oarcanjo.net\/site\/crise-do-evangelho-neoliberal\/\",\"url\":\"https:\/\/www.oarcanjo.net\/site\/crise-do-evangelho-neoliberal\/\",\"name\":\"Crise do evangelho neoliberal - O Arcanjo no ar\",\"isPartOf\":{\"@id\":\"https:\/\/www.oarcanjo.net\/site\/#website\"},\"datePublished\":\"2008-10-08T13:24:31+00:00\",\"dateModified\":\"2008-10-09T13:28:22+00:00\",\"breadcrumb\":{\"@id\":\"https:\/\/www.oarcanjo.net\/site\/crise-do-evangelho-neoliberal\/#breadcrumb\"},\"inLanguage\":\"pt-BR\",\"potentialAction\":[{\"@type\":\"ReadAction\",\"target\":[\"https:\/\/www.oarcanjo.net\/site\/crise-do-evangelho-neoliberal\/\"]}]},{\"@type\":\"BreadcrumbList\",\"@id\":\"https:\/\/www.oarcanjo.net\/site\/crise-do-evangelho-neoliberal\/#breadcrumb\",\"itemListElement\":[{\"@type\":\"ListItem\",\"position\":1,\"name\":\"In\u00edcio\",\"item\":\"https:\/\/www.oarcanjo.net\/site\/\"},{\"@type\":\"ListItem\",\"position\":2,\"name\":\"Crise do evangelho neoliberal\"}]},{\"@type\":\"WebSite\",\"@id\":\"https:\/\/www.oarcanjo.net\/site\/#website\",\"url\":\"https:\/\/www.oarcanjo.net\/site\/\",\"name\":\"O Arcanjo no ar\",\"description\":\"Site da Par\u00f3quia S\u00e3o Miguel Arcanjo (Arquidiocese de SP)\",\"publisher\":{\"@id\":\"https:\/\/www.oarcanjo.net\/site\/#organization\"},\"potentialAction\":[{\"@type\":\"SearchAction\",\"target\":{\"@type\":\"EntryPoint\",\"urlTemplate\":\"https:\/\/www.oarcanjo.net\/site\/?s={search_term_string}\"},\"query-input\":{\"@type\":\"PropertyValueSpecification\",\"valueRequired\":true,\"valueName\":\"search_term_string\"}}],\"inLanguage\":\"pt-BR\"},{\"@type\":\"Organization\",\"@id\":\"https:\/\/www.oarcanjo.net\/site\/#organization\",\"name\":\"Par\u00f3quia S\u00e3o Miguel Arcanjo\",\"url\":\"https:\/\/www.oarcanjo.net\/site\/\",\"logo\":{\"@type\":\"ImageObject\",\"inLanguage\":\"pt-BR\",\"@id\":\"https:\/\/www.oarcanjo.net\/site\/#\/schema\/logo\/image\/\",\"url\":\"https:\/\/www.oarcanjo.net\/site\/wp-content\/uploads\/LogoOArcanjo.png\",\"contentUrl\":\"https:\/\/www.oarcanjo.net\/site\/wp-content\/uploads\/LogoOArcanjo.png\",\"width\":319,\"height\":99,\"caption\":\"Par\u00f3quia S\u00e3o Miguel Arcanjo\"},\"image\":{\"@id\":\"https:\/\/www.oarcanjo.net\/site\/#\/schema\/logo\/image\/\"},\"sameAs\":[\"https:\/\/www.facebook.com\/OArcanjoNoAr\/\"]},{\"@type\":\"Person\",\"@id\":\"https:\/\/www.oarcanjo.net\/site\/#\/schema\/person\/f7024d007863202483a31326673a0838\",\"name\":\"editor\",\"sameAs\":[\"http:\/\/www.oarcanjo.net\"]}]}<\/script>\n<!-- \/ Yoast SEO plugin. -->","yoast_head_json":{"title":"Crise do evangelho neoliberal - O Arcanjo no ar","robots":{"index":"index","follow":"follow","max-snippet":"max-snippet:-1","max-image-preview":"max-image-preview:large","max-video-preview":"max-video-preview:-1"},"canonical":"https:\/\/www.oarcanjo.net\/site\/crise-do-evangelho-neoliberal\/","og_locale":"pt_BR","og_type":"article","og_title":"Crise do evangelho neoliberal - O Arcanjo no ar","og_description":"Claudemiro Godoy do Nascimento * O mundo assiste atordoado o sobe e desce das bolsas de valores em todos os pa\u00edses, em especial, nos Estados Unidos e no velho continente. S\u00e3o n\u00fameros, alta do d\u00f3lar, queda nas transa\u00e7\u00f5es. Enfim, a bola da vez se chama &#8220;crise&#8221;. Mas o que seria essa crise? O soci\u00f3logo portugu\u00eas [&hellip;]","og_url":"https:\/\/www.oarcanjo.net\/site\/crise-do-evangelho-neoliberal\/","og_site_name":"O Arcanjo no ar","article_publisher":"https:\/\/www.facebook.com\/OArcanjoNoAr\/","article_published_time":"2008-10-08T13:24:31+00:00","article_modified_time":"2008-10-09T13:28:22+00:00","og_image":[{"width":300,"height":300,"url":"https:\/\/www.oarcanjo.net\/site\/wp-content\/uploads\/logo-o-arcanjo-no-ar-facebook.png","type":"image\/png"}],"author":"editor","twitter_card":"summary_large_image","twitter_misc":{"Escrito por":"editor","Est. tempo de leitura":"6 minutos"},"schema":{"@context":"https:\/\/schema.org","@graph":[{"@type":"Article","@id":"https:\/\/www.oarcanjo.net\/site\/crise-do-evangelho-neoliberal\/#article","isPartOf":{"@id":"https:\/\/www.oarcanjo.net\/site\/crise-do-evangelho-neoliberal\/"},"author":{"name":"editor","@id":"https:\/\/www.oarcanjo.net\/site\/#\/schema\/person\/f7024d007863202483a31326673a0838"},"headline":"Crise do evangelho neoliberal","datePublished":"2008-10-08T13:24:31+00:00","dateModified":"2008-10-09T13:28:22+00:00","mainEntityOfPage":{"@id":"https:\/\/www.oarcanjo.net\/site\/crise-do-evangelho-neoliberal\/"},"wordCount":1260,"commentCount":0,"publisher":{"@id":"https:\/\/www.oarcanjo.net\/site\/#organization"},"keywords":["crise","neoliberalismo"],"articleSection":["Reflex\u00f5es"],"inLanguage":"pt-BR","potentialAction":[{"@type":"CommentAction","name":"Comment","target":["https:\/\/www.oarcanjo.net\/site\/crise-do-evangelho-neoliberal\/#respond"]}]},{"@type":"WebPage","@id":"https:\/\/www.oarcanjo.net\/site\/crise-do-evangelho-neoliberal\/","url":"https:\/\/www.oarcanjo.net\/site\/crise-do-evangelho-neoliberal\/","name":"Crise do evangelho neoliberal - O Arcanjo no ar","isPartOf":{"@id":"https:\/\/www.oarcanjo.net\/site\/#website"},"datePublished":"2008-10-08T13:24:31+00:00","dateModified":"2008-10-09T13:28:22+00:00","breadcrumb":{"@id":"https:\/\/www.oarcanjo.net\/site\/crise-do-evangelho-neoliberal\/#breadcrumb"},"inLanguage":"pt-BR","potentialAction":[{"@type":"ReadAction","target":["https:\/\/www.oarcanjo.net\/site\/crise-do-evangelho-neoliberal\/"]}]},{"@type":"BreadcrumbList","@id":"https:\/\/www.oarcanjo.net\/site\/crise-do-evangelho-neoliberal\/#breadcrumb","itemListElement":[{"@type":"ListItem","position":1,"name":"In\u00edcio","item":"https:\/\/www.oarcanjo.net\/site\/"},{"@type":"ListItem","position":2,"name":"Crise do evangelho neoliberal"}]},{"@type":"WebSite","@id":"https:\/\/www.oarcanjo.net\/site\/#website","url":"https:\/\/www.oarcanjo.net\/site\/","name":"O Arcanjo no ar","description":"Site da Par\u00f3quia S\u00e3o Miguel Arcanjo (Arquidiocese de SP)","publisher":{"@id":"https:\/\/www.oarcanjo.net\/site\/#organization"},"potentialAction":[{"@type":"SearchAction","target":{"@type":"EntryPoint","urlTemplate":"https:\/\/www.oarcanjo.net\/site\/?s={search_term_string}"},"query-input":{"@type":"PropertyValueSpecification","valueRequired":true,"valueName":"search_term_string"}}],"inLanguage":"pt-BR"},{"@type":"Organization","@id":"https:\/\/www.oarcanjo.net\/site\/#organization","name":"Par\u00f3quia S\u00e3o Miguel Arcanjo","url":"https:\/\/www.oarcanjo.net\/site\/","logo":{"@type":"ImageObject","inLanguage":"pt-BR","@id":"https:\/\/www.oarcanjo.net\/site\/#\/schema\/logo\/image\/","url":"https:\/\/www.oarcanjo.net\/site\/wp-content\/uploads\/LogoOArcanjo.png","contentUrl":"https:\/\/www.oarcanjo.net\/site\/wp-content\/uploads\/LogoOArcanjo.png","width":319,"height":99,"caption":"Par\u00f3quia S\u00e3o Miguel Arcanjo"},"image":{"@id":"https:\/\/www.oarcanjo.net\/site\/#\/schema\/logo\/image\/"},"sameAs":["https:\/\/www.facebook.com\/OArcanjoNoAr\/"]},{"@type":"Person","@id":"https:\/\/www.oarcanjo.net\/site\/#\/schema\/person\/f7024d007863202483a31326673a0838","name":"editor","sameAs":["http:\/\/www.oarcanjo.net"]}]}},"publishpress_future_action":{"enabled":false,"date":"2026-05-08 20:32:39","action":"category","newStatus":"draft","terms":[],"taxonomy":"category"},"publishpress_future_workflow_manual_trigger":{"enabledWorkflows":[]},"_links":{"self":[{"href":"https:\/\/www.oarcanjo.net\/site\/wp-json\/wp\/v2\/posts\/326"}],"collection":[{"href":"https:\/\/www.oarcanjo.net\/site\/wp-json\/wp\/v2\/posts"}],"about":[{"href":"https:\/\/www.oarcanjo.net\/site\/wp-json\/wp\/v2\/types\/post"}],"author":[{"embeddable":true,"href":"https:\/\/www.oarcanjo.net\/site\/wp-json\/wp\/v2\/users\/5"}],"replies":[{"embeddable":true,"href":"https:\/\/www.oarcanjo.net\/site\/wp-json\/wp\/v2\/comments?post=326"}],"version-history":[{"count":0,"href":"https:\/\/www.oarcanjo.net\/site\/wp-json\/wp\/v2\/posts\/326\/revisions"}],"wp:attachment":[{"href":"https:\/\/www.oarcanjo.net\/site\/wp-json\/wp\/v2\/media?parent=326"}],"wp:term":[{"taxonomy":"category","embeddable":true,"href":"https:\/\/www.oarcanjo.net\/site\/wp-json\/wp\/v2\/categories?post=326"},{"taxonomy":"post_tag","embeddable":true,"href":"https:\/\/www.oarcanjo.net\/site\/wp-json\/wp\/v2\/tags?post=326"}],"curies":[{"name":"wp","href":"https:\/\/api.w.org\/{rel}","templated":true}]}}