
{"id":3260,"date":"2009-05-05T23:42:06","date_gmt":"2009-05-06T02:42:06","guid":{"rendered":"http:\/\/www.oarcanjo.net\/site\/?p=3260"},"modified":"2009-05-05T23:42:06","modified_gmt":"2009-05-06T02:42:06","slug":"a-quantas-anda-a-violencia-contra-a-mulher","status":"publish","type":"post","link":"https:\/\/www.oarcanjo.net\/site\/a-quantas-anda-a-violencia-contra-a-mulher\/","title":{"rendered":"A quantas anda a viol\u00eancia contra a mulher?"},"content":{"rendered":"<p>Maria Clara Lucchetti Bingemer<\/p>\n<p>O m\u00eas de maio, de Maria, das noivas e das m\u00e3es, \u00e9 sem d\u00favida e sempre identificado com a mulher.  M\u00eas das flores, do tempo belo e fresco, dos dias azuis e de sol acariciante, como n\u00e3o lig\u00e1-lo com essa que \u00e9 a mais delicada obra do Criador, diante da qual Ad\u00e3o rec\u00e9m criado exclamou apaixonado: \u201cEssa sim \u00e9 osso de meus ossos e carne da minha carne\u201d.  <\/p>\n<p>Infelizmente n\u00e3o andam muito favor\u00e1veis as estat\u00edsticas sobre a mulher. Cada dia abrimos o jornal e encontramos not\u00edcias trist\u00edssimas: mulheres agredidas, verbal, f\u00edsica e psicologicamente, muitas vezes at\u00e9 a morte. M\u00e3es, esposas, namoradas, noivas, filhas, netas&#8230; n\u00e3o h\u00e1 limites para a viol\u00eancia que parece desencadear-se cada vez com mais f\u00faria sobre a mulher. <\/p>\n<p>Atualmente, o problema da viol\u00eancia contra a mulher \u00e9 t\u00e3o s\u00e9rio que \u00e9 compar\u00e1vel com o problema da AIDS. Vai a dois, a quatro milh\u00f5es de mulheres anualmente que s\u00e3o agredidas por seu companheiro, marido, noivo, ou amante. Entre 15 e 25 % dessas mulheres est\u00e3o gr\u00e1vidas; o qual faz mais s\u00e9rio ainda o problema. As mulheres maltratadas constituem 20 % das mulheres que v\u00e3o aos servi\u00e7os de emerg\u00eancia com feridas. <\/p>\n<p>Trata-se, por\u00e9m de um tipo de viol\u00eancia n\u00e3o sempre f\u00e1cil de definir ou reconhecer. Em termos gerais poder\u00edamos design\u00e1-la como o uso deliberado da for\u00e7a para controlar ou manipular outro ser humano, mais fr\u00e1gil e indefeso.  Trata-se do abuso psicol\u00f3gico, sexual ou f\u00edsico habitual. Acontece entre pessoas muitas vezes relacionadas afetivamente, como s\u00e3o marido e mulher ou adultos contra os menores que vivem em uma mesma casa.  <\/p>\n<p>A viol\u00eancia n\u00e3o \u00e9 somente o abuso f\u00edsico, os golpes, ou as feridas. S\u00e3o ainda mais terr\u00edveis a viol\u00eancia psicol\u00f3gica e a sexual pelo trauma que causam, mais que a viol\u00eancia f\u00edsica, que deixa sinais que todo mundo pode ver. H\u00e1 viol\u00eancia quando se ataca a integridade emocional ou espiritual de uma pessoa. Mas sempre a viol\u00eancia f\u00edsica, a mais evidente, \u00e9 precedida por abuso psicol\u00f3gico, que \u00e9 usado sistematicamente para degradar \u00e0 v\u00edtima, para erodir e esmagar a auto-estima da mulher. <\/p>\n<p>A viol\u00eancia psicol\u00f3gica se detecta com maior dificuldade. Quem sofreu viol\u00eancia f\u00edsica tem rastros vis\u00edveis e pode obter ajuda mais facilmente. Entretanto, \u00e0 v\u00edtima que leva cicatrizes no psiquismo ou na alma tem muito mais dificuldade em obter compaix\u00e3o e ajuda. \u00c0 viol\u00eancia f\u00edsica precede, \u00e0s vezes, anos de viol\u00eancia psicol\u00f3gica. A viol\u00eancia psicol\u00f3gica \u00e9 desprezar a mulher, insultar de tal maneira, que chega um momento em que essa mulher maltratada psicologicamente, j\u00e1 acredita que merece esses golpes. <\/p>\n<p>H\u00e1 mulheres que se envergonham pelo que lhes acontece e que at\u00e9 se acreditam merecedoras dos abusos. Por isso preferem mant\u00ea-los em segredo e assim essa situa\u00e7\u00e3o pode prolongar-se durante anos. A intimida\u00e7\u00e3o \u00e9 tamb\u00e9m um abuso. &#8220;Se disser algo lhe mato.&#8221; Muitas mulheres n\u00e3o se atrevem a falar, pelas amea\u00e7as que seus maridos ou seus companheiros lan\u00e7am contra elas.As amea\u00e7as atrav\u00e9s dos filhos, as amea\u00e7as de que lhe v\u00e3o tirar ao filho, todos estes s\u00e3o abusos psicol\u00f3gicos que precedem o abuso f\u00edsico. Todos estes abusos impedem que a mulher deixe o lar, esse lar violento. \u00c9 que essa surra psicol\u00f3gica a que est\u00e3o submetidas muitas mulheres, \u00e9 mais horrorosa que o abuso f\u00edsico. Os golpes doem e machucam, mas os abusos psicol\u00f3gicos, os insultos, os desprezos ficam cravados no cora\u00e7\u00e3o. <\/p>\n<p>Pudesse o m\u00eas de maio servir de tempo de reflex\u00e3o e exame de consci\u00eancia. De que adianta celebrar a beleza da mulher, cantar as curvas da garota de Ipanema se no segredo do lar, da alcova, ela padece insultos, abusos, viol\u00eancia de todo tipo?  Mulher \u00e9 gente. \u00c9 diferente do homem. E h\u00e1 que amar essa diferen\u00e7a. \u00c9 assim que se construir\u00e1 verdadeiramente a humanidade.<\/p>\n<div id=\"themify_builder_content-3260\" data-postid=\"3260\" class=\"themify_builder_content themify_builder_content-3260 themify_builder themify_builder_front\">\n\t<\/div>\n<!-- \/themify_builder_content -->","protected":false},"excerpt":{"rendered":"<p>Maria Clara Lucchetti Bingemer O m\u00eas de maio, de Maria, das noivas e das m\u00e3es, \u00e9 sem d\u00favida e sempre identificado com a mulher. M\u00eas das flores, do tempo belo e fresco, dos dias azuis e de sol acariciante, como n\u00e3o lig\u00e1-lo com essa que \u00e9 a mais delicada obra do Criador, diante da qual [&hellip;]<\/p>\n","protected":false},"author":5,"featured_media":0,"comment_status":"open","ping_status":"open","sticky":false,"template":"","format":"standard","meta":{"ngg_post_thumbnail":0,"footnotes":""},"categories":[9],"tags":[307,20],"yoast_head":"<!-- This site is optimized with the Yoast SEO plugin v23.5 - https:\/\/yoast.com\/wordpress\/plugins\/seo\/ -->\n<title>A quantas anda a viol\u00eancia contra a mulher? - O Arcanjo no ar<\/title>\n<meta name=\"robots\" content=\"index, follow, max-snippet:-1, max-image-preview:large, max-video-preview:-1\" \/>\n<link rel=\"canonical\" href=\"https:\/\/www.oarcanjo.net\/site\/a-quantas-anda-a-violencia-contra-a-mulher\/\" \/>\n<meta property=\"og:locale\" content=\"pt_BR\" \/>\n<meta property=\"og:type\" content=\"article\" \/>\n<meta property=\"og:title\" content=\"A quantas anda a viol\u00eancia contra a mulher? - O Arcanjo no ar\" \/>\n<meta property=\"og:description\" content=\"Maria Clara Lucchetti Bingemer O m\u00eas de maio, de Maria, das noivas e das m\u00e3es, \u00e9 sem d\u00favida e sempre identificado com a mulher. M\u00eas das flores, do tempo belo e fresco, dos dias azuis e de sol acariciante, como n\u00e3o lig\u00e1-lo com essa que \u00e9 a mais delicada obra do Criador, diante da qual [&hellip;]\" \/>\n<meta property=\"og:url\" content=\"https:\/\/www.oarcanjo.net\/site\/a-quantas-anda-a-violencia-contra-a-mulher\/\" \/>\n<meta property=\"og:site_name\" content=\"O Arcanjo no ar\" \/>\n<meta property=\"article:publisher\" content=\"https:\/\/www.facebook.com\/OArcanjoNoAr\/\" \/>\n<meta property=\"article:published_time\" content=\"2009-05-06T02:42:06+00:00\" \/>\n<meta property=\"og:image\" content=\"https:\/\/www.oarcanjo.net\/site\/wp-content\/uploads\/logo-o-arcanjo-no-ar-facebook.png\" \/>\n\t<meta property=\"og:image:width\" content=\"300\" \/>\n\t<meta property=\"og:image:height\" content=\"300\" \/>\n\t<meta property=\"og:image:type\" content=\"image\/png\" \/>\n<meta name=\"author\" content=\"editor\" \/>\n<meta name=\"twitter:card\" content=\"summary_large_image\" \/>\n<meta name=\"twitter:label1\" content=\"Escrito por\" \/>\n\t<meta name=\"twitter:data1\" content=\"editor\" \/>\n\t<meta name=\"twitter:label2\" content=\"Est. tempo de leitura\" \/>\n\t<meta name=\"twitter:data2\" content=\"3 minutos\" \/>\n<script type=\"application\/ld+json\" class=\"yoast-schema-graph\">{\"@context\":\"https:\/\/schema.org\",\"@graph\":[{\"@type\":\"Article\",\"@id\":\"https:\/\/www.oarcanjo.net\/site\/a-quantas-anda-a-violencia-contra-a-mulher\/#article\",\"isPartOf\":{\"@id\":\"https:\/\/www.oarcanjo.net\/site\/a-quantas-anda-a-violencia-contra-a-mulher\/\"},\"author\":{\"name\":\"editor\",\"@id\":\"https:\/\/www.oarcanjo.net\/site\/#\/schema\/person\/f7024d007863202483a31326673a0838\"},\"headline\":\"A quantas anda a viol\u00eancia contra a mulher?\",\"datePublished\":\"2009-05-06T02:42:06+00:00\",\"dateModified\":\"2009-05-06T02:42:06+00:00\",\"mainEntityOfPage\":{\"@id\":\"https:\/\/www.oarcanjo.net\/site\/a-quantas-anda-a-violencia-contra-a-mulher\/\"},\"wordCount\":698,\"commentCount\":0,\"publisher\":{\"@id\":\"https:\/\/www.oarcanjo.net\/site\/#organization\"},\"keywords\":[\"mulher\",\"viol\u00eancia\"],\"articleSection\":[\"Reflex\u00f5es\"],\"inLanguage\":\"pt-BR\",\"potentialAction\":[{\"@type\":\"CommentAction\",\"name\":\"Comment\",\"target\":[\"https:\/\/www.oarcanjo.net\/site\/a-quantas-anda-a-violencia-contra-a-mulher\/#respond\"]}]},{\"@type\":\"WebPage\",\"@id\":\"https:\/\/www.oarcanjo.net\/site\/a-quantas-anda-a-violencia-contra-a-mulher\/\",\"url\":\"https:\/\/www.oarcanjo.net\/site\/a-quantas-anda-a-violencia-contra-a-mulher\/\",\"name\":\"A quantas anda a viol\u00eancia contra a mulher? - O Arcanjo no ar\",\"isPartOf\":{\"@id\":\"https:\/\/www.oarcanjo.net\/site\/#website\"},\"datePublished\":\"2009-05-06T02:42:06+00:00\",\"dateModified\":\"2009-05-06T02:42:06+00:00\",\"breadcrumb\":{\"@id\":\"https:\/\/www.oarcanjo.net\/site\/a-quantas-anda-a-violencia-contra-a-mulher\/#breadcrumb\"},\"inLanguage\":\"pt-BR\",\"potentialAction\":[{\"@type\":\"ReadAction\",\"target\":[\"https:\/\/www.oarcanjo.net\/site\/a-quantas-anda-a-violencia-contra-a-mulher\/\"]}]},{\"@type\":\"BreadcrumbList\",\"@id\":\"https:\/\/www.oarcanjo.net\/site\/a-quantas-anda-a-violencia-contra-a-mulher\/#breadcrumb\",\"itemListElement\":[{\"@type\":\"ListItem\",\"position\":1,\"name\":\"In\u00edcio\",\"item\":\"https:\/\/www.oarcanjo.net\/site\/\"},{\"@type\":\"ListItem\",\"position\":2,\"name\":\"A quantas anda a viol\u00eancia contra a mulher?\"}]},{\"@type\":\"WebSite\",\"@id\":\"https:\/\/www.oarcanjo.net\/site\/#website\",\"url\":\"https:\/\/www.oarcanjo.net\/site\/\",\"name\":\"O Arcanjo no ar\",\"description\":\"Site da Par\u00f3quia S\u00e3o Miguel Arcanjo (Arquidiocese de SP)\",\"publisher\":{\"@id\":\"https:\/\/www.oarcanjo.net\/site\/#organization\"},\"potentialAction\":[{\"@type\":\"SearchAction\",\"target\":{\"@type\":\"EntryPoint\",\"urlTemplate\":\"https:\/\/www.oarcanjo.net\/site\/?s={search_term_string}\"},\"query-input\":{\"@type\":\"PropertyValueSpecification\",\"valueRequired\":true,\"valueName\":\"search_term_string\"}}],\"inLanguage\":\"pt-BR\"},{\"@type\":\"Organization\",\"@id\":\"https:\/\/www.oarcanjo.net\/site\/#organization\",\"name\":\"Par\u00f3quia S\u00e3o Miguel Arcanjo\",\"url\":\"https:\/\/www.oarcanjo.net\/site\/\",\"logo\":{\"@type\":\"ImageObject\",\"inLanguage\":\"pt-BR\",\"@id\":\"https:\/\/www.oarcanjo.net\/site\/#\/schema\/logo\/image\/\",\"url\":\"https:\/\/www.oarcanjo.net\/site\/wp-content\/uploads\/LogoOArcanjo.png\",\"contentUrl\":\"https:\/\/www.oarcanjo.net\/site\/wp-content\/uploads\/LogoOArcanjo.png\",\"width\":319,\"height\":99,\"caption\":\"Par\u00f3quia S\u00e3o Miguel Arcanjo\"},\"image\":{\"@id\":\"https:\/\/www.oarcanjo.net\/site\/#\/schema\/logo\/image\/\"},\"sameAs\":[\"https:\/\/www.facebook.com\/OArcanjoNoAr\/\"]},{\"@type\":\"Person\",\"@id\":\"https:\/\/www.oarcanjo.net\/site\/#\/schema\/person\/f7024d007863202483a31326673a0838\",\"name\":\"editor\",\"sameAs\":[\"http:\/\/www.oarcanjo.net\"]}]}<\/script>\n<!-- \/ Yoast SEO plugin. -->","yoast_head_json":{"title":"A quantas anda a viol\u00eancia contra a mulher? - O Arcanjo no ar","robots":{"index":"index","follow":"follow","max-snippet":"max-snippet:-1","max-image-preview":"max-image-preview:large","max-video-preview":"max-video-preview:-1"},"canonical":"https:\/\/www.oarcanjo.net\/site\/a-quantas-anda-a-violencia-contra-a-mulher\/","og_locale":"pt_BR","og_type":"article","og_title":"A quantas anda a viol\u00eancia contra a mulher? - O Arcanjo no ar","og_description":"Maria Clara Lucchetti Bingemer O m\u00eas de maio, de Maria, das noivas e das m\u00e3es, \u00e9 sem d\u00favida e sempre identificado com a mulher. M\u00eas das flores, do tempo belo e fresco, dos dias azuis e de sol acariciante, como n\u00e3o lig\u00e1-lo com essa que \u00e9 a mais delicada obra do Criador, diante da qual [&hellip;]","og_url":"https:\/\/www.oarcanjo.net\/site\/a-quantas-anda-a-violencia-contra-a-mulher\/","og_site_name":"O Arcanjo no ar","article_publisher":"https:\/\/www.facebook.com\/OArcanjoNoAr\/","article_published_time":"2009-05-06T02:42:06+00:00","og_image":[{"width":300,"height":300,"url":"https:\/\/www.oarcanjo.net\/site\/wp-content\/uploads\/logo-o-arcanjo-no-ar-facebook.png","type":"image\/png"}],"author":"editor","twitter_card":"summary_large_image","twitter_misc":{"Escrito por":"editor","Est. tempo de leitura":"3 minutos"},"schema":{"@context":"https:\/\/schema.org","@graph":[{"@type":"Article","@id":"https:\/\/www.oarcanjo.net\/site\/a-quantas-anda-a-violencia-contra-a-mulher\/#article","isPartOf":{"@id":"https:\/\/www.oarcanjo.net\/site\/a-quantas-anda-a-violencia-contra-a-mulher\/"},"author":{"name":"editor","@id":"https:\/\/www.oarcanjo.net\/site\/#\/schema\/person\/f7024d007863202483a31326673a0838"},"headline":"A quantas anda a viol\u00eancia contra a mulher?","datePublished":"2009-05-06T02:42:06+00:00","dateModified":"2009-05-06T02:42:06+00:00","mainEntityOfPage":{"@id":"https:\/\/www.oarcanjo.net\/site\/a-quantas-anda-a-violencia-contra-a-mulher\/"},"wordCount":698,"commentCount":0,"publisher":{"@id":"https:\/\/www.oarcanjo.net\/site\/#organization"},"keywords":["mulher","viol\u00eancia"],"articleSection":["Reflex\u00f5es"],"inLanguage":"pt-BR","potentialAction":[{"@type":"CommentAction","name":"Comment","target":["https:\/\/www.oarcanjo.net\/site\/a-quantas-anda-a-violencia-contra-a-mulher\/#respond"]}]},{"@type":"WebPage","@id":"https:\/\/www.oarcanjo.net\/site\/a-quantas-anda-a-violencia-contra-a-mulher\/","url":"https:\/\/www.oarcanjo.net\/site\/a-quantas-anda-a-violencia-contra-a-mulher\/","name":"A quantas anda a viol\u00eancia contra a mulher? - O Arcanjo no ar","isPartOf":{"@id":"https:\/\/www.oarcanjo.net\/site\/#website"},"datePublished":"2009-05-06T02:42:06+00:00","dateModified":"2009-05-06T02:42:06+00:00","breadcrumb":{"@id":"https:\/\/www.oarcanjo.net\/site\/a-quantas-anda-a-violencia-contra-a-mulher\/#breadcrumb"},"inLanguage":"pt-BR","potentialAction":[{"@type":"ReadAction","target":["https:\/\/www.oarcanjo.net\/site\/a-quantas-anda-a-violencia-contra-a-mulher\/"]}]},{"@type":"BreadcrumbList","@id":"https:\/\/www.oarcanjo.net\/site\/a-quantas-anda-a-violencia-contra-a-mulher\/#breadcrumb","itemListElement":[{"@type":"ListItem","position":1,"name":"In\u00edcio","item":"https:\/\/www.oarcanjo.net\/site\/"},{"@type":"ListItem","position":2,"name":"A quantas anda a viol\u00eancia contra a mulher?"}]},{"@type":"WebSite","@id":"https:\/\/www.oarcanjo.net\/site\/#website","url":"https:\/\/www.oarcanjo.net\/site\/","name":"O Arcanjo no ar","description":"Site da Par\u00f3quia S\u00e3o Miguel Arcanjo (Arquidiocese de SP)","publisher":{"@id":"https:\/\/www.oarcanjo.net\/site\/#organization"},"potentialAction":[{"@type":"SearchAction","target":{"@type":"EntryPoint","urlTemplate":"https:\/\/www.oarcanjo.net\/site\/?s={search_term_string}"},"query-input":{"@type":"PropertyValueSpecification","valueRequired":true,"valueName":"search_term_string"}}],"inLanguage":"pt-BR"},{"@type":"Organization","@id":"https:\/\/www.oarcanjo.net\/site\/#organization","name":"Par\u00f3quia S\u00e3o Miguel Arcanjo","url":"https:\/\/www.oarcanjo.net\/site\/","logo":{"@type":"ImageObject","inLanguage":"pt-BR","@id":"https:\/\/www.oarcanjo.net\/site\/#\/schema\/logo\/image\/","url":"https:\/\/www.oarcanjo.net\/site\/wp-content\/uploads\/LogoOArcanjo.png","contentUrl":"https:\/\/www.oarcanjo.net\/site\/wp-content\/uploads\/LogoOArcanjo.png","width":319,"height":99,"caption":"Par\u00f3quia S\u00e3o Miguel Arcanjo"},"image":{"@id":"https:\/\/www.oarcanjo.net\/site\/#\/schema\/logo\/image\/"},"sameAs":["https:\/\/www.facebook.com\/OArcanjoNoAr\/"]},{"@type":"Person","@id":"https:\/\/www.oarcanjo.net\/site\/#\/schema\/person\/f7024d007863202483a31326673a0838","name":"editor","sameAs":["http:\/\/www.oarcanjo.net"]}]}},"publishpress_future_action":{"enabled":false,"date":"2026-05-09 04:31:53","action":"category","newStatus":"draft","terms":[],"taxonomy":"category"},"publishpress_future_workflow_manual_trigger":{"enabledWorkflows":[]},"_links":{"self":[{"href":"https:\/\/www.oarcanjo.net\/site\/wp-json\/wp\/v2\/posts\/3260"}],"collection":[{"href":"https:\/\/www.oarcanjo.net\/site\/wp-json\/wp\/v2\/posts"}],"about":[{"href":"https:\/\/www.oarcanjo.net\/site\/wp-json\/wp\/v2\/types\/post"}],"author":[{"embeddable":true,"href":"https:\/\/www.oarcanjo.net\/site\/wp-json\/wp\/v2\/users\/5"}],"replies":[{"embeddable":true,"href":"https:\/\/www.oarcanjo.net\/site\/wp-json\/wp\/v2\/comments?post=3260"}],"version-history":[{"count":0,"href":"https:\/\/www.oarcanjo.net\/site\/wp-json\/wp\/v2\/posts\/3260\/revisions"}],"wp:attachment":[{"href":"https:\/\/www.oarcanjo.net\/site\/wp-json\/wp\/v2\/media?parent=3260"}],"wp:term":[{"taxonomy":"category","embeddable":true,"href":"https:\/\/www.oarcanjo.net\/site\/wp-json\/wp\/v2\/categories?post=3260"},{"taxonomy":"post_tag","embeddable":true,"href":"https:\/\/www.oarcanjo.net\/site\/wp-json\/wp\/v2\/tags?post=3260"}],"curies":[{"name":"wp","href":"https:\/\/api.w.org\/{rel}","templated":true}]}}