
{"id":3262,"date":"2009-05-04T23:00:07","date_gmt":"2009-05-05T02:00:07","guid":{"rendered":"http:\/\/www.oarcanjo.net\/site\/?p=3262"},"modified":"2009-05-06T00:10:40","modified_gmt":"2009-05-06T03:10:40","slug":"o-seculo-dos-direitos-da-mae-terra","status":"publish","type":"post","link":"https:\/\/www.oarcanjo.net\/site\/o-seculo-dos-direitos-da-mae-terra\/","title":{"rendered":"O s\u00e9culo dos direitos da M\u00e3e Terra"},"content":{"rendered":"<p>Leonardo Boff<\/p>\n<p>A afirma\u00e7\u00e3o mais impactante do discurso do presidente da Bol\u00edvia Evo Morales Ayma no dia 22 de Abril de 2009 na Assembleia Geral da ONU ao se proclamar este dia como o Dia Internacional da M\u00e3e Terra talvez tenha sido a seguinte: &#8220;Se o s\u00e9culo XX \u00e9 reconhecido como o s\u00e9culo dos direitos humanos, individuais, sociais, econ\u00f4micos, pol\u00edticos e culturais, o s\u00e9culo XXI ser\u00e1 reconhecido como o s\u00e9culo dos direitos da M\u00e3e Terra, dos animais, das plantas, de todas as criaturas vivas e de todos os seres, cujos direitos tamb\u00e9m devem ser respeitados e protegidos&#8221;.<\/p>\n<p>Aqui j\u00e1 nos defrontamos com o novo paradigma, centrado na Terra e na vida. N\u00e3o estamos mais dentro do antropocentrismo que desconhecia o valor intr\u00ednseco de cada ser independentemente do uso que fizermos dele. Cresce mais e mais a clara consci\u00eancia de que tudo o que existe merece existir e tudo o que vive merece viver.<\/p>\n<p>Consequentemente, devemos enriquecer nosso conceito de democracia no sentido de uma biocracia ou democracia s\u00f3cio-c\u00f3smica porque todos os elementos da natureza, em seus pr\u00f3prios n\u00edveis, entram a compor a sociabilidade humana. Nossas cidades seriam ainda humanas sem as plantas, os animais, os p\u00e1ssaros, os rios e o ar puro?<\/p>\n<p>Hoje sabemos pela nova cosmologia que todos os seres possuem n\u00e3o apenas massa e energia. S\u00e3o portadores tamb\u00e9m de informa\u00e7\u00e3o, possuem hist\u00f3ria, se complexificam e criam ordens que comportam certo n\u00edvel de subjetividade. \u00c9 a base cient\u00edfica que justifica a amplia\u00e7\u00e3o da personalidade jur\u00eddica a todos os seres, especialmente aos vivos.<\/p>\n<p>Michel Serres, fil\u00f3sofo franc\u00eas das ci\u00eancias, afirmou com propriedade: &#8220;A Declara\u00e7\u00e3o dos Direitos do Homem teve o m\u00e9rito de dizer \u2018todos os homens t\u00eam direitos\u2019 mas o defeito de pensar \u2018s\u00f3 os homens t\u00eam direitos\u2019&#8221;. Custou muita luta o reconhecimento pleno dos direitos dos ind\u00edgenas, dos afrodescendentes e das mulheres, como agora est\u00e1 exigindo muito esfor\u00e7o o reconhecimento dos direitos da natureza, dos ecossistemas e da M\u00e3e Terra.<\/p>\n<p>Como inventamos a cidadania, o governo do Acre de Jorge Viana cunhou a express\u00e3o florestania, quer dizer, a forma de conviv\u00eancia na qual os direitos da floresta e de todos os que vivem dela e nela s\u00e3o afirmados e garantidos.<\/p>\n<p>O Presidente Evo Morales solicitou \u00e0 ONU a elabora\u00e7\u00e3o de uma Carta dos direitos da M\u00e3e Terra cujos t\u00f3picos principais seriam: o direito \u00e0 vida de todos os seres vivos; o direito \u00e0 regenera\u00e7\u00e3o da biocapacidade do Planeta; o direito a uma vida pura, pois a M\u00e3e Terra tem o direito de viver livre da contamina\u00e7\u00e3o e da polui\u00e7\u00e3o; o direito \u00e0 harmonia e ao equil\u00edbrio com e entre todas as coisas. E n\u00f3s acrescentar\u00edamos, o direito de conex\u00e3o com o Todo do qual somos parte.<\/p>\n<p>Esta vis\u00e3o nos mostra qu\u00e3o longe estamos da concep\u00e7\u00e3o capitalista, da qual ficamos ref\u00e9ns durante s\u00e9culos, segundo a qual a Terra \u00e9 vista como um mero instrumento de produ\u00e7\u00e3o, sem prop\u00f3sito, um reservat\u00f3rio de recursos que podemos explorar ao nosso bel prazer. Faltou-nos a percep\u00e7\u00e3o de que a Terra \u00e9 verdadeiramente nossa M\u00e3e. E M\u00e3e deve ser respeitada, venerada e amada.<\/p>\n<p>Foi o que asseverou o Presidente da Assembl\u00e9ia Miguel d\u2019Escoto Brockmann ao encerrar a sess\u00e3o: &#8220;\u00c9 just\u00edssimo que n\u00f3s, irm\u00e3os e irm\u00e3s, cuidemos da M\u00e3e Terra pois \u00e9 ela que, ao fim e cabo, nos alimenta e sustenta&#8221;. Por isso, apelava a todos que escut\u00e1ssemos atentamente os povos origin\u00e1rios, pois, a despeito de todas as press\u00f5es contr\u00e1rias, mant\u00e9m viva a conex\u00e3o com a natureza e com a M\u00e3e Terra e produzem em conson\u00e2ncia com seus ritmos e com o suporte poss\u00edvel de cada ecossistema, contrapondo-se \u00e0 rapinagem das agroind\u00fastrias que atuam por sobre toda a Terra.<\/p>\n<p>A decis\u00e3o de acolher a celebra\u00e7\u00e3o do Dia Internacional da M\u00e3e Terra da Terra \u00e9 mais que um s\u00edmbolo. \u00c9 uma viragem no nosso relacionamento para com a Terra, escapando do padr\u00e3o dominante que nos poder\u00e1 levar, se n\u00e3o fizermos transforma\u00e7\u00f5es profundas, \u00e0 nossa autodestrui\u00e7\u00e3o.<\/p>\n<div id=\"themify_builder_content-3262\" data-postid=\"3262\" class=\"themify_builder_content themify_builder_content-3262 themify_builder themify_builder_front\">\n\t<\/div>\n<!-- \/themify_builder_content -->","protected":false},"excerpt":{"rendered":"<p>Leonardo Boff A afirma\u00e7\u00e3o mais impactante do discurso do presidente da Bol\u00edvia Evo Morales Ayma no dia 22 de Abril de 2009 na Assembleia Geral da ONU ao se proclamar este dia como o Dia Internacional da M\u00e3e Terra talvez tenha sido a seguinte: &#8220;Se o s\u00e9culo XX \u00e9 reconhecido como o s\u00e9culo dos direitos [&hellip;]<\/p>\n","protected":false},"author":5,"featured_media":0,"comment_status":"open","ping_status":"open","sticky":false,"template":"","format":"standard","meta":{"ngg_post_thumbnail":0,"footnotes":""},"categories":[9],"tags":[172],"yoast_head":"<!-- This site is optimized with the Yoast SEO plugin v23.5 - https:\/\/yoast.com\/wordpress\/plugins\/seo\/ -->\n<title>O s\u00e9culo dos direitos da M\u00e3e Terra - O Arcanjo no ar<\/title>\n<meta name=\"robots\" content=\"index, follow, max-snippet:-1, max-image-preview:large, max-video-preview:-1\" \/>\n<link rel=\"canonical\" href=\"https:\/\/www.oarcanjo.net\/site\/o-seculo-dos-direitos-da-mae-terra\/\" \/>\n<meta property=\"og:locale\" content=\"pt_BR\" \/>\n<meta property=\"og:type\" content=\"article\" \/>\n<meta property=\"og:title\" content=\"O s\u00e9culo dos direitos da M\u00e3e Terra - O Arcanjo no ar\" \/>\n<meta property=\"og:description\" content=\"Leonardo Boff A afirma\u00e7\u00e3o mais impactante do discurso do presidente da Bol\u00edvia Evo Morales Ayma no dia 22 de Abril de 2009 na Assembleia Geral da ONU ao se proclamar este dia como o Dia Internacional da M\u00e3e Terra talvez tenha sido a seguinte: &#8220;Se o s\u00e9culo XX \u00e9 reconhecido como o s\u00e9culo dos direitos [&hellip;]\" \/>\n<meta property=\"og:url\" content=\"https:\/\/www.oarcanjo.net\/site\/o-seculo-dos-direitos-da-mae-terra\/\" \/>\n<meta property=\"og:site_name\" content=\"O Arcanjo no ar\" \/>\n<meta property=\"article:publisher\" content=\"https:\/\/www.facebook.com\/OArcanjoNoAr\/\" \/>\n<meta property=\"article:published_time\" content=\"2009-05-05T02:00:07+00:00\" \/>\n<meta property=\"article:modified_time\" content=\"2009-05-06T03:10:40+00:00\" \/>\n<meta property=\"og:image\" content=\"https:\/\/www.oarcanjo.net\/site\/wp-content\/uploads\/logo-o-arcanjo-no-ar-facebook.png\" \/>\n\t<meta property=\"og:image:width\" content=\"300\" \/>\n\t<meta property=\"og:image:height\" content=\"300\" \/>\n\t<meta property=\"og:image:type\" content=\"image\/png\" \/>\n<meta name=\"author\" content=\"editor\" \/>\n<meta name=\"twitter:card\" content=\"summary_large_image\" \/>\n<meta name=\"twitter:label1\" content=\"Escrito por\" \/>\n\t<meta name=\"twitter:data1\" content=\"editor\" \/>\n\t<meta name=\"twitter:label2\" content=\"Est. tempo de leitura\" \/>\n\t<meta name=\"twitter:data2\" content=\"4 minutos\" \/>\n<script type=\"application\/ld+json\" class=\"yoast-schema-graph\">{\"@context\":\"https:\/\/schema.org\",\"@graph\":[{\"@type\":\"Article\",\"@id\":\"https:\/\/www.oarcanjo.net\/site\/o-seculo-dos-direitos-da-mae-terra\/#article\",\"isPartOf\":{\"@id\":\"https:\/\/www.oarcanjo.net\/site\/o-seculo-dos-direitos-da-mae-terra\/\"},\"author\":{\"name\":\"editor\",\"@id\":\"https:\/\/www.oarcanjo.net\/site\/#\/schema\/person\/f7024d007863202483a31326673a0838\"},\"headline\":\"O s\u00e9culo dos direitos da M\u00e3e Terra\",\"datePublished\":\"2009-05-05T02:00:07+00:00\",\"dateModified\":\"2009-05-06T03:10:40+00:00\",\"mainEntityOfPage\":{\"@id\":\"https:\/\/www.oarcanjo.net\/site\/o-seculo-dos-direitos-da-mae-terra\/\"},\"wordCount\":731,\"commentCount\":0,\"publisher\":{\"@id\":\"https:\/\/www.oarcanjo.net\/site\/#organization\"},\"keywords\":[\"Terra\"],\"articleSection\":[\"Reflex\u00f5es\"],\"inLanguage\":\"pt-BR\",\"potentialAction\":[{\"@type\":\"CommentAction\",\"name\":\"Comment\",\"target\":[\"https:\/\/www.oarcanjo.net\/site\/o-seculo-dos-direitos-da-mae-terra\/#respond\"]}]},{\"@type\":\"WebPage\",\"@id\":\"https:\/\/www.oarcanjo.net\/site\/o-seculo-dos-direitos-da-mae-terra\/\",\"url\":\"https:\/\/www.oarcanjo.net\/site\/o-seculo-dos-direitos-da-mae-terra\/\",\"name\":\"O s\u00e9culo dos direitos da M\u00e3e Terra - O Arcanjo no ar\",\"isPartOf\":{\"@id\":\"https:\/\/www.oarcanjo.net\/site\/#website\"},\"datePublished\":\"2009-05-05T02:00:07+00:00\",\"dateModified\":\"2009-05-06T03:10:40+00:00\",\"breadcrumb\":{\"@id\":\"https:\/\/www.oarcanjo.net\/site\/o-seculo-dos-direitos-da-mae-terra\/#breadcrumb\"},\"inLanguage\":\"pt-BR\",\"potentialAction\":[{\"@type\":\"ReadAction\",\"target\":[\"https:\/\/www.oarcanjo.net\/site\/o-seculo-dos-direitos-da-mae-terra\/\"]}]},{\"@type\":\"BreadcrumbList\",\"@id\":\"https:\/\/www.oarcanjo.net\/site\/o-seculo-dos-direitos-da-mae-terra\/#breadcrumb\",\"itemListElement\":[{\"@type\":\"ListItem\",\"position\":1,\"name\":\"In\u00edcio\",\"item\":\"https:\/\/www.oarcanjo.net\/site\/\"},{\"@type\":\"ListItem\",\"position\":2,\"name\":\"O s\u00e9culo dos direitos da M\u00e3e Terra\"}]},{\"@type\":\"WebSite\",\"@id\":\"https:\/\/www.oarcanjo.net\/site\/#website\",\"url\":\"https:\/\/www.oarcanjo.net\/site\/\",\"name\":\"O Arcanjo no ar\",\"description\":\"Site da Par\u00f3quia S\u00e3o Miguel Arcanjo (Arquidiocese de SP)\",\"publisher\":{\"@id\":\"https:\/\/www.oarcanjo.net\/site\/#organization\"},\"potentialAction\":[{\"@type\":\"SearchAction\",\"target\":{\"@type\":\"EntryPoint\",\"urlTemplate\":\"https:\/\/www.oarcanjo.net\/site\/?s={search_term_string}\"},\"query-input\":{\"@type\":\"PropertyValueSpecification\",\"valueRequired\":true,\"valueName\":\"search_term_string\"}}],\"inLanguage\":\"pt-BR\"},{\"@type\":\"Organization\",\"@id\":\"https:\/\/www.oarcanjo.net\/site\/#organization\",\"name\":\"Par\u00f3quia S\u00e3o Miguel Arcanjo\",\"url\":\"https:\/\/www.oarcanjo.net\/site\/\",\"logo\":{\"@type\":\"ImageObject\",\"inLanguage\":\"pt-BR\",\"@id\":\"https:\/\/www.oarcanjo.net\/site\/#\/schema\/logo\/image\/\",\"url\":\"https:\/\/www.oarcanjo.net\/site\/wp-content\/uploads\/LogoOArcanjo.png\",\"contentUrl\":\"https:\/\/www.oarcanjo.net\/site\/wp-content\/uploads\/LogoOArcanjo.png\",\"width\":319,\"height\":99,\"caption\":\"Par\u00f3quia S\u00e3o Miguel Arcanjo\"},\"image\":{\"@id\":\"https:\/\/www.oarcanjo.net\/site\/#\/schema\/logo\/image\/\"},\"sameAs\":[\"https:\/\/www.facebook.com\/OArcanjoNoAr\/\"]},{\"@type\":\"Person\",\"@id\":\"https:\/\/www.oarcanjo.net\/site\/#\/schema\/person\/f7024d007863202483a31326673a0838\",\"name\":\"editor\",\"sameAs\":[\"http:\/\/www.oarcanjo.net\"]}]}<\/script>\n<!-- \/ Yoast SEO plugin. -->","yoast_head_json":{"title":"O s\u00e9culo dos direitos da M\u00e3e Terra - O Arcanjo no ar","robots":{"index":"index","follow":"follow","max-snippet":"max-snippet:-1","max-image-preview":"max-image-preview:large","max-video-preview":"max-video-preview:-1"},"canonical":"https:\/\/www.oarcanjo.net\/site\/o-seculo-dos-direitos-da-mae-terra\/","og_locale":"pt_BR","og_type":"article","og_title":"O s\u00e9culo dos direitos da M\u00e3e Terra - O Arcanjo no ar","og_description":"Leonardo Boff A afirma\u00e7\u00e3o mais impactante do discurso do presidente da Bol\u00edvia Evo Morales Ayma no dia 22 de Abril de 2009 na Assembleia Geral da ONU ao se proclamar este dia como o Dia Internacional da M\u00e3e Terra talvez tenha sido a seguinte: &#8220;Se o s\u00e9culo XX \u00e9 reconhecido como o s\u00e9culo dos direitos [&hellip;]","og_url":"https:\/\/www.oarcanjo.net\/site\/o-seculo-dos-direitos-da-mae-terra\/","og_site_name":"O Arcanjo no ar","article_publisher":"https:\/\/www.facebook.com\/OArcanjoNoAr\/","article_published_time":"2009-05-05T02:00:07+00:00","article_modified_time":"2009-05-06T03:10:40+00:00","og_image":[{"width":300,"height":300,"url":"https:\/\/www.oarcanjo.net\/site\/wp-content\/uploads\/logo-o-arcanjo-no-ar-facebook.png","type":"image\/png"}],"author":"editor","twitter_card":"summary_large_image","twitter_misc":{"Escrito por":"editor","Est. tempo de leitura":"4 minutos"},"schema":{"@context":"https:\/\/schema.org","@graph":[{"@type":"Article","@id":"https:\/\/www.oarcanjo.net\/site\/o-seculo-dos-direitos-da-mae-terra\/#article","isPartOf":{"@id":"https:\/\/www.oarcanjo.net\/site\/o-seculo-dos-direitos-da-mae-terra\/"},"author":{"name":"editor","@id":"https:\/\/www.oarcanjo.net\/site\/#\/schema\/person\/f7024d007863202483a31326673a0838"},"headline":"O s\u00e9culo dos direitos da M\u00e3e Terra","datePublished":"2009-05-05T02:00:07+00:00","dateModified":"2009-05-06T03:10:40+00:00","mainEntityOfPage":{"@id":"https:\/\/www.oarcanjo.net\/site\/o-seculo-dos-direitos-da-mae-terra\/"},"wordCount":731,"commentCount":0,"publisher":{"@id":"https:\/\/www.oarcanjo.net\/site\/#organization"},"keywords":["Terra"],"articleSection":["Reflex\u00f5es"],"inLanguage":"pt-BR","potentialAction":[{"@type":"CommentAction","name":"Comment","target":["https:\/\/www.oarcanjo.net\/site\/o-seculo-dos-direitos-da-mae-terra\/#respond"]}]},{"@type":"WebPage","@id":"https:\/\/www.oarcanjo.net\/site\/o-seculo-dos-direitos-da-mae-terra\/","url":"https:\/\/www.oarcanjo.net\/site\/o-seculo-dos-direitos-da-mae-terra\/","name":"O s\u00e9culo dos direitos da M\u00e3e Terra - O Arcanjo no ar","isPartOf":{"@id":"https:\/\/www.oarcanjo.net\/site\/#website"},"datePublished":"2009-05-05T02:00:07+00:00","dateModified":"2009-05-06T03:10:40+00:00","breadcrumb":{"@id":"https:\/\/www.oarcanjo.net\/site\/o-seculo-dos-direitos-da-mae-terra\/#breadcrumb"},"inLanguage":"pt-BR","potentialAction":[{"@type":"ReadAction","target":["https:\/\/www.oarcanjo.net\/site\/o-seculo-dos-direitos-da-mae-terra\/"]}]},{"@type":"BreadcrumbList","@id":"https:\/\/www.oarcanjo.net\/site\/o-seculo-dos-direitos-da-mae-terra\/#breadcrumb","itemListElement":[{"@type":"ListItem","position":1,"name":"In\u00edcio","item":"https:\/\/www.oarcanjo.net\/site\/"},{"@type":"ListItem","position":2,"name":"O s\u00e9culo dos direitos da M\u00e3e Terra"}]},{"@type":"WebSite","@id":"https:\/\/www.oarcanjo.net\/site\/#website","url":"https:\/\/www.oarcanjo.net\/site\/","name":"O Arcanjo no ar","description":"Site da Par\u00f3quia S\u00e3o Miguel Arcanjo (Arquidiocese de SP)","publisher":{"@id":"https:\/\/www.oarcanjo.net\/site\/#organization"},"potentialAction":[{"@type":"SearchAction","target":{"@type":"EntryPoint","urlTemplate":"https:\/\/www.oarcanjo.net\/site\/?s={search_term_string}"},"query-input":{"@type":"PropertyValueSpecification","valueRequired":true,"valueName":"search_term_string"}}],"inLanguage":"pt-BR"},{"@type":"Organization","@id":"https:\/\/www.oarcanjo.net\/site\/#organization","name":"Par\u00f3quia S\u00e3o Miguel Arcanjo","url":"https:\/\/www.oarcanjo.net\/site\/","logo":{"@type":"ImageObject","inLanguage":"pt-BR","@id":"https:\/\/www.oarcanjo.net\/site\/#\/schema\/logo\/image\/","url":"https:\/\/www.oarcanjo.net\/site\/wp-content\/uploads\/LogoOArcanjo.png","contentUrl":"https:\/\/www.oarcanjo.net\/site\/wp-content\/uploads\/LogoOArcanjo.png","width":319,"height":99,"caption":"Par\u00f3quia S\u00e3o Miguel Arcanjo"},"image":{"@id":"https:\/\/www.oarcanjo.net\/site\/#\/schema\/logo\/image\/"},"sameAs":["https:\/\/www.facebook.com\/OArcanjoNoAr\/"]},{"@type":"Person","@id":"https:\/\/www.oarcanjo.net\/site\/#\/schema\/person\/f7024d007863202483a31326673a0838","name":"editor","sameAs":["http:\/\/www.oarcanjo.net"]}]}},"publishpress_future_action":{"enabled":false,"date":"2026-05-09 04:31:51","action":"category","newStatus":"draft","terms":[],"taxonomy":"category"},"publishpress_future_workflow_manual_trigger":{"enabledWorkflows":[]},"_links":{"self":[{"href":"https:\/\/www.oarcanjo.net\/site\/wp-json\/wp\/v2\/posts\/3262"}],"collection":[{"href":"https:\/\/www.oarcanjo.net\/site\/wp-json\/wp\/v2\/posts"}],"about":[{"href":"https:\/\/www.oarcanjo.net\/site\/wp-json\/wp\/v2\/types\/post"}],"author":[{"embeddable":true,"href":"https:\/\/www.oarcanjo.net\/site\/wp-json\/wp\/v2\/users\/5"}],"replies":[{"embeddable":true,"href":"https:\/\/www.oarcanjo.net\/site\/wp-json\/wp\/v2\/comments?post=3262"}],"version-history":[{"count":0,"href":"https:\/\/www.oarcanjo.net\/site\/wp-json\/wp\/v2\/posts\/3262\/revisions"}],"wp:attachment":[{"href":"https:\/\/www.oarcanjo.net\/site\/wp-json\/wp\/v2\/media?parent=3262"}],"wp:term":[{"taxonomy":"category","embeddable":true,"href":"https:\/\/www.oarcanjo.net\/site\/wp-json\/wp\/v2\/categories?post=3262"},{"taxonomy":"post_tag","embeddable":true,"href":"https:\/\/www.oarcanjo.net\/site\/wp-json\/wp\/v2\/tags?post=3262"}],"curies":[{"name":"wp","href":"https:\/\/api.w.org\/{rel}","templated":true}]}}