
{"id":3265,"date":"2009-05-13T01:00:29","date_gmt":"2009-05-13T04:00:29","guid":{"rendered":"http:\/\/www.oarcanjo.net\/site\/?p=3265"},"modified":"2009-06-28T23:08:32","modified_gmt":"2009-06-29T02:08:32","slug":"mes-de-maio-mes-de-maria","status":"publish","type":"post","link":"https:\/\/www.oarcanjo.net\/site\/mes-de-maio-mes-de-maria\/","title":{"rendered":"M\u00eas de MAIO, M\u00eas de MARIA!"},"content":{"rendered":"<p>Maio nos faz invocar com mais for\u00e7a o nome de MARIA, M\u00e3e de DEUS e nossa M\u00e3e!<\/p>\n<p>Quantas lembran\u00e7as da inf\u00e2ncia e juventude, em maio procur\u00e1vamos manifestar de maneira mais intensa nossa devo\u00e7\u00e3o \u00e0 VIRGEM MARIA.<\/p>\n<p>Ora\u00e7\u00f5es, cantos, flores e sobretudo muita ora\u00e7\u00e3o e contempla\u00e7\u00e3o, bons prop\u00f3sitos, enfim tudo que  ajudasse a ser melhor, mais humano e verdadeiro.<\/p>\n<p>A imagem de Nossa SENHORA visitando as casas, as fam\u00edlias rezando juntas, convidando os vizinhos, parentes e amigos, tudo era uma bela festa ao redor da M\u00e3e MARIA.<\/p>\n<p>Tudo um meio para que as pessoas reunidas refletissem a pr\u00f3pria vida e se tornassem mais solid\u00e1rias.<\/p>\n<p>Os movimentos Marianos continuam firmes na vida da Igreja e na religiosidade popular.<\/p>\n<p>Renovado esfor\u00e7o na devo\u00e7\u00e3o da Ora\u00e7\u00e3o do Ter\u00e7o!<\/p>\n<p>Na nossa comunidade a ora\u00e7\u00e3o do ter\u00e7o \u00e9 di\u00e1ria \u00e0s 6h30 da manh\u00e3. Um grupo sempre fiel e muitas pessoas que indo para o trabalho fazem uma pausa e se unem na Mariana Ora\u00e7\u00e3o.<\/p>\n<p>O Ter\u00e7o dos Homens nas primeiras sextas-feiras do m\u00eas \u00e0s 20h30 com grande empenho e devo\u00e7\u00e3o.<\/p>\n<p>Neste Maio vamos renovar nosso empenho na ORA\u00c7\u00c3O do ROS\u00c1RIO, o ter\u00e7o \u00e9 a ora\u00e7\u00e3o do povo, dos pobres, dos que confiam no Amor de DEUS e esperam com simplicidade viver na sua GRA\u00c7A.<\/p>\n<p>No dia 13 de maio vamos fazer uma grande festa para NOSSA SENHORA de FATIMA.<\/p>\n<p>Todos os dias vamos rezar o ter\u00e7o!<\/p>\n<p>Nos domingos levemos flores para MARIA e pe\u00e7amos que nos ajude a seguir e amar seu FILHO JESUS!<\/p>\n<p>Veja abaixo as imagens da emocionante festa de Nossa Senhora de F\u00e1tima:<\/p>ngg_shortcode_0_placeholder<p><em>Fotos por Carlos Beatriz<\/em><\/p>\n<div id=\"themify_builder_content-3265\" data-postid=\"3265\" class=\"themify_builder_content themify_builder_content-3265 themify_builder themify_builder_front\">\n\t<\/div>\n<!-- \/themify_builder_content -->","protected":false},"excerpt":{"rendered":"<p>Maio nos faz invocar com mais for\u00e7a o nome de MARIA, M\u00e3e de DEUS e nossa M\u00e3e! Quantas lembran\u00e7as da inf\u00e2ncia e juventude, em maio procur\u00e1vamos manifestar de maneira mais intensa nossa devo\u00e7\u00e3o \u00e0 VIRGEM MARIA. Ora\u00e7\u00f5es, cantos, flores e sobretudo muita ora\u00e7\u00e3o e contempla\u00e7\u00e3o, bons prop\u00f3sitos, enfim tudo que ajudasse a ser melhor, mais [&hellip;]<\/p>\n","protected":false},"author":4,"featured_media":0,"comment_status":"open","ping_status":"open","sticky":false,"template":"","format":"standard","meta":{"ngg_post_thumbnail":0,"footnotes":""},"categories":[4],"tags":[349,627,630,45],"yoast_head":"<!-- This site is optimized with the Yoast SEO plugin v23.5 - https:\/\/yoast.com\/wordpress\/plugins\/seo\/ -->\n<title>M\u00eas de MAIO, M\u00eas de MARIA! - O Arcanjo no ar<\/title>\n<meta name=\"robots\" content=\"index, follow, max-snippet:-1, max-image-preview:large, max-video-preview:-1\" \/>\n<link rel=\"canonical\" href=\"https:\/\/www.oarcanjo.net\/site\/mes-de-maio-mes-de-maria\/\" \/>\n<meta property=\"og:locale\" content=\"pt_BR\" \/>\n<meta property=\"og:type\" content=\"article\" \/>\n<meta property=\"og:title\" content=\"M\u00eas de MAIO, M\u00eas de MARIA! - O Arcanjo no ar\" \/>\n<meta property=\"og:description\" content=\"Maio nos faz invocar com mais for\u00e7a o nome de MARIA, M\u00e3e de DEUS e nossa M\u00e3e! Quantas lembran\u00e7as da inf\u00e2ncia e juventude, em maio procur\u00e1vamos manifestar de maneira mais intensa nossa devo\u00e7\u00e3o \u00e0 VIRGEM MARIA. Ora\u00e7\u00f5es, cantos, flores e sobretudo muita ora\u00e7\u00e3o e contempla\u00e7\u00e3o, bons prop\u00f3sitos, enfim tudo que ajudasse a ser melhor, mais [&hellip;]\" \/>\n<meta property=\"og:url\" content=\"https:\/\/www.oarcanjo.net\/site\/mes-de-maio-mes-de-maria\/\" \/>\n<meta property=\"og:site_name\" content=\"O Arcanjo no ar\" \/>\n<meta property=\"article:publisher\" content=\"https:\/\/www.facebook.com\/OArcanjoNoAr\/\" \/>\n<meta property=\"article:published_time\" content=\"2009-05-13T04:00:29+00:00\" \/>\n<meta property=\"article:modified_time\" content=\"2009-06-29T02:08:32+00:00\" \/>\n<meta property=\"og:image\" content=\"https:\/\/www.oarcanjo.net\/site\/wp-content\/uploads\/logo-o-arcanjo-no-ar-facebook.png\" \/>\n\t<meta property=\"og:image:width\" content=\"300\" \/>\n\t<meta property=\"og:image:height\" content=\"300\" \/>\n\t<meta property=\"og:image:type\" content=\"image\/png\" \/>\n<meta name=\"author\" content=\"julio\" \/>\n<meta name=\"twitter:card\" content=\"summary_large_image\" \/>\n<meta name=\"twitter:label1\" content=\"Escrito por\" \/>\n\t<meta name=\"twitter:data1\" content=\"julio\" \/>\n\t<meta name=\"twitter:label2\" content=\"Est. tempo de leitura\" \/>\n\t<meta name=\"twitter:data2\" content=\"1 minuto\" \/>\n<script type=\"application\/ld+json\" class=\"yoast-schema-graph\">{\"@context\":\"https:\/\/schema.org\",\"@graph\":[{\"@type\":\"Article\",\"@id\":\"https:\/\/www.oarcanjo.net\/site\/mes-de-maio-mes-de-maria\/#article\",\"isPartOf\":{\"@id\":\"https:\/\/www.oarcanjo.net\/site\/mes-de-maio-mes-de-maria\/\"},\"author\":{\"name\":\"julio\",\"@id\":\"https:\/\/www.oarcanjo.net\/site\/#\/schema\/person\/d78ea01c648c91e29c364b516767079e\"},\"headline\":\"M\u00eas de MAIO, M\u00eas de MARIA!\",\"datePublished\":\"2009-05-13T04:00:29+00:00\",\"dateModified\":\"2009-06-29T02:08:32+00:00\",\"mainEntityOfPage\":{\"@id\":\"https:\/\/www.oarcanjo.net\/site\/mes-de-maio-mes-de-maria\/\"},\"wordCount\":303,\"commentCount\":7,\"publisher\":{\"@id\":\"https:\/\/www.oarcanjo.net\/site\/#organization\"},\"keywords\":[\"Maria\",\"Nossa Senhora de Fatima\",\"ros\u00e1rio\",\"ter\u00e7o\"],\"articleSection\":[\"Blog\"],\"inLanguage\":\"pt-BR\",\"potentialAction\":[{\"@type\":\"CommentAction\",\"name\":\"Comment\",\"target\":[\"https:\/\/www.oarcanjo.net\/site\/mes-de-maio-mes-de-maria\/#respond\"]}]},{\"@type\":\"WebPage\",\"@id\":\"https:\/\/www.oarcanjo.net\/site\/mes-de-maio-mes-de-maria\/\",\"url\":\"https:\/\/www.oarcanjo.net\/site\/mes-de-maio-mes-de-maria\/\",\"name\":\"M\u00eas de MAIO, M\u00eas de MARIA! - O Arcanjo no ar\",\"isPartOf\":{\"@id\":\"https:\/\/www.oarcanjo.net\/site\/#website\"},\"datePublished\":\"2009-05-13T04:00:29+00:00\",\"dateModified\":\"2009-06-29T02:08:32+00:00\",\"breadcrumb\":{\"@id\":\"https:\/\/www.oarcanjo.net\/site\/mes-de-maio-mes-de-maria\/#breadcrumb\"},\"inLanguage\":\"pt-BR\",\"potentialAction\":[{\"@type\":\"ReadAction\",\"target\":[\"https:\/\/www.oarcanjo.net\/site\/mes-de-maio-mes-de-maria\/\"]}]},{\"@type\":\"BreadcrumbList\",\"@id\":\"https:\/\/www.oarcanjo.net\/site\/mes-de-maio-mes-de-maria\/#breadcrumb\",\"itemListElement\":[{\"@type\":\"ListItem\",\"position\":1,\"name\":\"In\u00edcio\",\"item\":\"https:\/\/www.oarcanjo.net\/site\/\"},{\"@type\":\"ListItem\",\"position\":2,\"name\":\"M\u00eas de MAIO, M\u00eas de MARIA!\"}]},{\"@type\":\"WebSite\",\"@id\":\"https:\/\/www.oarcanjo.net\/site\/#website\",\"url\":\"https:\/\/www.oarcanjo.net\/site\/\",\"name\":\"O Arcanjo no ar\",\"description\":\"Site da Par\u00f3quia S\u00e3o Miguel Arcanjo (Arquidiocese de SP)\",\"publisher\":{\"@id\":\"https:\/\/www.oarcanjo.net\/site\/#organization\"},\"potentialAction\":[{\"@type\":\"SearchAction\",\"target\":{\"@type\":\"EntryPoint\",\"urlTemplate\":\"https:\/\/www.oarcanjo.net\/site\/?s={search_term_string}\"},\"query-input\":{\"@type\":\"PropertyValueSpecification\",\"valueRequired\":true,\"valueName\":\"search_term_string\"}}],\"inLanguage\":\"pt-BR\"},{\"@type\":\"Organization\",\"@id\":\"https:\/\/www.oarcanjo.net\/site\/#organization\",\"name\":\"Par\u00f3quia S\u00e3o Miguel Arcanjo\",\"url\":\"https:\/\/www.oarcanjo.net\/site\/\",\"logo\":{\"@type\":\"ImageObject\",\"inLanguage\":\"pt-BR\",\"@id\":\"https:\/\/www.oarcanjo.net\/site\/#\/schema\/logo\/image\/\",\"url\":\"https:\/\/www.oarcanjo.net\/site\/wp-content\/uploads\/LogoOArcanjo.png\",\"contentUrl\":\"https:\/\/www.oarcanjo.net\/site\/wp-content\/uploads\/LogoOArcanjo.png\",\"width\":319,\"height\":99,\"caption\":\"Par\u00f3quia S\u00e3o Miguel Arcanjo\"},\"image\":{\"@id\":\"https:\/\/www.oarcanjo.net\/site\/#\/schema\/logo\/image\/\"},\"sameAs\":[\"https:\/\/www.facebook.com\/OArcanjoNoAr\/\"]},{\"@type\":\"Person\",\"@id\":\"https:\/\/www.oarcanjo.net\/site\/#\/schema\/person\/d78ea01c648c91e29c364b516767079e\",\"name\":\"julio\",\"sameAs\":[\"http:\/\/www.oarcanjo.net\"]}]}<\/script>\n<!-- \/ Yoast SEO plugin. -->","yoast_head_json":{"title":"M\u00eas de MAIO, M\u00eas de MARIA! - O Arcanjo no ar","robots":{"index":"index","follow":"follow","max-snippet":"max-snippet:-1","max-image-preview":"max-image-preview:large","max-video-preview":"max-video-preview:-1"},"canonical":"https:\/\/www.oarcanjo.net\/site\/mes-de-maio-mes-de-maria\/","og_locale":"pt_BR","og_type":"article","og_title":"M\u00eas de MAIO, M\u00eas de MARIA! - O Arcanjo no ar","og_description":"Maio nos faz invocar com mais for\u00e7a o nome de MARIA, M\u00e3e de DEUS e nossa M\u00e3e! Quantas lembran\u00e7as da inf\u00e2ncia e juventude, em maio procur\u00e1vamos manifestar de maneira mais intensa nossa devo\u00e7\u00e3o \u00e0 VIRGEM MARIA. Ora\u00e7\u00f5es, cantos, flores e sobretudo muita ora\u00e7\u00e3o e contempla\u00e7\u00e3o, bons prop\u00f3sitos, enfim tudo que ajudasse a ser melhor, mais [&hellip;]","og_url":"https:\/\/www.oarcanjo.net\/site\/mes-de-maio-mes-de-maria\/","og_site_name":"O Arcanjo no ar","article_publisher":"https:\/\/www.facebook.com\/OArcanjoNoAr\/","article_published_time":"2009-05-13T04:00:29+00:00","article_modified_time":"2009-06-29T02:08:32+00:00","og_image":[{"width":300,"height":300,"url":"https:\/\/www.oarcanjo.net\/site\/wp-content\/uploads\/logo-o-arcanjo-no-ar-facebook.png","type":"image\/png"}],"author":"julio","twitter_card":"summary_large_image","twitter_misc":{"Escrito por":"julio","Est. tempo de leitura":"1 minuto"},"schema":{"@context":"https:\/\/schema.org","@graph":[{"@type":"Article","@id":"https:\/\/www.oarcanjo.net\/site\/mes-de-maio-mes-de-maria\/#article","isPartOf":{"@id":"https:\/\/www.oarcanjo.net\/site\/mes-de-maio-mes-de-maria\/"},"author":{"name":"julio","@id":"https:\/\/www.oarcanjo.net\/site\/#\/schema\/person\/d78ea01c648c91e29c364b516767079e"},"headline":"M\u00eas de MAIO, M\u00eas de MARIA!","datePublished":"2009-05-13T04:00:29+00:00","dateModified":"2009-06-29T02:08:32+00:00","mainEntityOfPage":{"@id":"https:\/\/www.oarcanjo.net\/site\/mes-de-maio-mes-de-maria\/"},"wordCount":303,"commentCount":7,"publisher":{"@id":"https:\/\/www.oarcanjo.net\/site\/#organization"},"keywords":["Maria","Nossa Senhora de Fatima","ros\u00e1rio","ter\u00e7o"],"articleSection":["Blog"],"inLanguage":"pt-BR","potentialAction":[{"@type":"CommentAction","name":"Comment","target":["https:\/\/www.oarcanjo.net\/site\/mes-de-maio-mes-de-maria\/#respond"]}]},{"@type":"WebPage","@id":"https:\/\/www.oarcanjo.net\/site\/mes-de-maio-mes-de-maria\/","url":"https:\/\/www.oarcanjo.net\/site\/mes-de-maio-mes-de-maria\/","name":"M\u00eas de MAIO, M\u00eas de MARIA! - O Arcanjo no ar","isPartOf":{"@id":"https:\/\/www.oarcanjo.net\/site\/#website"},"datePublished":"2009-05-13T04:00:29+00:00","dateModified":"2009-06-29T02:08:32+00:00","breadcrumb":{"@id":"https:\/\/www.oarcanjo.net\/site\/mes-de-maio-mes-de-maria\/#breadcrumb"},"inLanguage":"pt-BR","potentialAction":[{"@type":"ReadAction","target":["https:\/\/www.oarcanjo.net\/site\/mes-de-maio-mes-de-maria\/"]}]},{"@type":"BreadcrumbList","@id":"https:\/\/www.oarcanjo.net\/site\/mes-de-maio-mes-de-maria\/#breadcrumb","itemListElement":[{"@type":"ListItem","position":1,"name":"In\u00edcio","item":"https:\/\/www.oarcanjo.net\/site\/"},{"@type":"ListItem","position":2,"name":"M\u00eas de MAIO, M\u00eas de MARIA!"}]},{"@type":"WebSite","@id":"https:\/\/www.oarcanjo.net\/site\/#website","url":"https:\/\/www.oarcanjo.net\/site\/","name":"O Arcanjo no ar","description":"Site da Par\u00f3quia S\u00e3o Miguel Arcanjo (Arquidiocese de SP)","publisher":{"@id":"https:\/\/www.oarcanjo.net\/site\/#organization"},"potentialAction":[{"@type":"SearchAction","target":{"@type":"EntryPoint","urlTemplate":"https:\/\/www.oarcanjo.net\/site\/?s={search_term_string}"},"query-input":{"@type":"PropertyValueSpecification","valueRequired":true,"valueName":"search_term_string"}}],"inLanguage":"pt-BR"},{"@type":"Organization","@id":"https:\/\/www.oarcanjo.net\/site\/#organization","name":"Par\u00f3quia S\u00e3o Miguel Arcanjo","url":"https:\/\/www.oarcanjo.net\/site\/","logo":{"@type":"ImageObject","inLanguage":"pt-BR","@id":"https:\/\/www.oarcanjo.net\/site\/#\/schema\/logo\/image\/","url":"https:\/\/www.oarcanjo.net\/site\/wp-content\/uploads\/LogoOArcanjo.png","contentUrl":"https:\/\/www.oarcanjo.net\/site\/wp-content\/uploads\/LogoOArcanjo.png","width":319,"height":99,"caption":"Par\u00f3quia S\u00e3o Miguel Arcanjo"},"image":{"@id":"https:\/\/www.oarcanjo.net\/site\/#\/schema\/logo\/image\/"},"sameAs":["https:\/\/www.facebook.com\/OArcanjoNoAr\/"]},{"@type":"Person","@id":"https:\/\/www.oarcanjo.net\/site\/#\/schema\/person\/d78ea01c648c91e29c364b516767079e","name":"julio","sameAs":["http:\/\/www.oarcanjo.net"]}]}},"publishpress_future_action":{"enabled":false,"date":"2026-05-08 22:52:35","action":"category","newStatus":"draft","terms":[],"taxonomy":"category"},"publishpress_future_workflow_manual_trigger":{"enabledWorkflows":[]},"_links":{"self":[{"href":"https:\/\/www.oarcanjo.net\/site\/wp-json\/wp\/v2\/posts\/3265"}],"collection":[{"href":"https:\/\/www.oarcanjo.net\/site\/wp-json\/wp\/v2\/posts"}],"about":[{"href":"https:\/\/www.oarcanjo.net\/site\/wp-json\/wp\/v2\/types\/post"}],"author":[{"embeddable":true,"href":"https:\/\/www.oarcanjo.net\/site\/wp-json\/wp\/v2\/users\/4"}],"replies":[{"embeddable":true,"href":"https:\/\/www.oarcanjo.net\/site\/wp-json\/wp\/v2\/comments?post=3265"}],"version-history":[{"count":0,"href":"https:\/\/www.oarcanjo.net\/site\/wp-json\/wp\/v2\/posts\/3265\/revisions"}],"wp:attachment":[{"href":"https:\/\/www.oarcanjo.net\/site\/wp-json\/wp\/v2\/media?parent=3265"}],"wp:term":[{"taxonomy":"category","embeddable":true,"href":"https:\/\/www.oarcanjo.net\/site\/wp-json\/wp\/v2\/categories?post=3265"},{"taxonomy":"post_tag","embeddable":true,"href":"https:\/\/www.oarcanjo.net\/site\/wp-json\/wp\/v2\/tags?post=3265"}],"curies":[{"name":"wp","href":"https:\/\/api.w.org\/{rel}","templated":true}]}}