
{"id":3277,"date":"2009-05-06T20:57:04","date_gmt":"2009-05-06T23:57:04","guid":{"rendered":"http:\/\/www.oarcanjo.net\/site\/?p=3277"},"modified":"2009-05-06T22:44:05","modified_gmt":"2009-05-07T01:44:05","slug":"sem-raiz-sem-identidade","status":"publish","type":"post","link":"https:\/\/www.oarcanjo.net\/site\/sem-raiz-sem-identidade\/","title":{"rendered":"Sem raiz, sem identidade"},"content":{"rendered":"<p><em>\u201cAs ra\u00edzes s\u00e3o galhos que penetram fundo na terra. Os galhos s\u00e3o ra\u00edzes que se estendem para o alto no ar.\u201d<\/em> \u2013 Tagore<\/p>\n<p>Havia, num certo lugar, um bando de p\u00e1ssaros, que todo ano migrava para outros campos em busca de comida e do calor que lhes aqueceria o corpo e o canto.<\/p>\n<p>Naquele ano, o ritual se repetiu, a exemplo de sempre. Em comunidade, o l\u00edder \u00e0 frente, eles voavam para aquela terra onde encontrariam a felicidade e o gosto pela vida de p\u00e1ssaro, livres por natureza do trabalho de semear, ceifar e acumular \u2013 eram \u201cas aves do c\u00e9u\u201d. De repente, um deles foi ficando propositalmente para tr\u00e1s. Seus olhos haviam sido encantados por luzes de diferentes coloridos e intensidades, naquela noite relativa. Reduziu a velocidade de suas asas que j\u00e1 n\u00e3o se abasteciam do mesmo combust\u00edvel de antes: o sentido de comunidade. Reduziu a velocidade e colocou o imenso tapete de asfalto em sua mira, transformando-o no seu foco absoluto.<\/p>\n<p>Para est\u00edmulo na caminhada, j\u00e1 n\u00e3o contava com o barulho do bater de asas dos companheiros, certeza de que dispunha da for\u00e7a de seu grupo, nem com o canto que os guiava na dire\u00e7\u00e3o para a qual haviam sido chamados desde a origem.<\/p>\n<p>O p\u00e1ssaro solit\u00e1rio foi sugado por pr\u00e9dios duros, frios e impessoais. Viu-se perdido entre luzes amea\u00e7adoras de carros e \u00f4nibus, na sua fren\u00e9tica disputa por mais um metro de ch\u00e3o e de vantagem sobre os demais. Como ra\u00e7\u00e3o, apenas encontrou restos de alimentos jogados, em estado de decomposi\u00e7\u00e3o e mal-cheirosos, pelos senhores daquele lugar t\u00e3o estranho quanto sufocante. Seu canto solit\u00e1rio e fr\u00e1gil foi impiedosamente abafado por milhares de buzinas e pelo atrito de pneus contra o solo.<\/p>\n<p>Ele perdeu o contato com sua raiz, galho sem tronco, sem \u00e1rvore, sem a seiva da vida. Tentou al\u00e7ar novo v\u00f4o, mas j\u00e1 lhe faltavam for\u00e7as e dire\u00e7\u00e3o. Foi atropelado e, aleijado, perambula por ruas e avenidas tentando novamente voar \u2013 acredita cegamente que \u00e9 um avi\u00e3o. A aus\u00eancia do grupo roubou-lhe completamente a no\u00e7\u00e3o de identidade, al\u00e9m de negar-lhe qualquer perspectiva de um futuro feliz.<\/p>\n<p>Rubens Marchioni<\/p>\n<div id=\"themify_builder_content-3277\" data-postid=\"3277\" class=\"themify_builder_content themify_builder_content-3277 themify_builder themify_builder_front\">\n\t<\/div>\n<!-- \/themify_builder_content -->","protected":false},"excerpt":{"rendered":"<p>\u201cAs ra\u00edzes s\u00e3o galhos que penetram fundo na terra. Os galhos s\u00e3o ra\u00edzes que se estendem para o alto no ar.\u201d \u2013 Tagore Havia, num certo lugar, um bando de p\u00e1ssaros, que todo ano migrava para outros campos em busca de comida e do calor que lhes aqueceria o corpo e o canto. Naquele ano, [&hellip;]<\/p>\n","protected":false},"author":5,"featured_media":0,"comment_status":"open","ping_status":"open","sticky":false,"template":"","format":"standard","meta":{"ngg_post_thumbnail":0,"footnotes":""},"categories":[9],"tags":[621],"yoast_head":"<!-- This site is optimized with the Yoast SEO plugin v23.5 - https:\/\/yoast.com\/wordpress\/plugins\/seo\/ -->\n<title>Sem raiz, sem identidade - O Arcanjo no ar<\/title>\n<meta name=\"robots\" content=\"index, follow, max-snippet:-1, max-image-preview:large, max-video-preview:-1\" \/>\n<link rel=\"canonical\" href=\"https:\/\/www.oarcanjo.net\/site\/sem-raiz-sem-identidade\/\" \/>\n<meta property=\"og:locale\" content=\"pt_BR\" \/>\n<meta property=\"og:type\" content=\"article\" \/>\n<meta property=\"og:title\" content=\"Sem raiz, sem identidade - O Arcanjo no ar\" \/>\n<meta property=\"og:description\" content=\"\u201cAs ra\u00edzes s\u00e3o galhos que penetram fundo na terra. Os galhos s\u00e3o ra\u00edzes que se estendem para o alto no ar.\u201d \u2013 Tagore Havia, num certo lugar, um bando de p\u00e1ssaros, que todo ano migrava para outros campos em busca de comida e do calor que lhes aqueceria o corpo e o canto. Naquele ano, [&hellip;]\" \/>\n<meta property=\"og:url\" content=\"https:\/\/www.oarcanjo.net\/site\/sem-raiz-sem-identidade\/\" \/>\n<meta property=\"og:site_name\" content=\"O Arcanjo no ar\" \/>\n<meta property=\"article:publisher\" content=\"https:\/\/www.facebook.com\/OArcanjoNoAr\/\" \/>\n<meta property=\"article:published_time\" content=\"2009-05-06T23:57:04+00:00\" \/>\n<meta property=\"article:modified_time\" content=\"2009-05-07T01:44:05+00:00\" \/>\n<meta property=\"og:image\" content=\"https:\/\/www.oarcanjo.net\/site\/wp-content\/uploads\/logo-o-arcanjo-no-ar-facebook.png\" \/>\n\t<meta property=\"og:image:width\" content=\"300\" \/>\n\t<meta property=\"og:image:height\" content=\"300\" \/>\n\t<meta property=\"og:image:type\" content=\"image\/png\" \/>\n<meta name=\"author\" content=\"editor\" \/>\n<meta name=\"twitter:card\" content=\"summary_large_image\" \/>\n<meta name=\"twitter:label1\" content=\"Escrito por\" \/>\n\t<meta name=\"twitter:data1\" content=\"editor\" \/>\n\t<meta name=\"twitter:label2\" content=\"Est. tempo de leitura\" \/>\n\t<meta name=\"twitter:data2\" content=\"2 minutos\" \/>\n<script type=\"application\/ld+json\" class=\"yoast-schema-graph\">{\"@context\":\"https:\/\/schema.org\",\"@graph\":[{\"@type\":\"Article\",\"@id\":\"https:\/\/www.oarcanjo.net\/site\/sem-raiz-sem-identidade\/#article\",\"isPartOf\":{\"@id\":\"https:\/\/www.oarcanjo.net\/site\/sem-raiz-sem-identidade\/\"},\"author\":{\"name\":\"editor\",\"@id\":\"https:\/\/www.oarcanjo.net\/site\/#\/schema\/person\/f7024d007863202483a31326673a0838\"},\"headline\":\"Sem raiz, sem identidade\",\"datePublished\":\"2009-05-06T23:57:04+00:00\",\"dateModified\":\"2009-05-07T01:44:05+00:00\",\"mainEntityOfPage\":{\"@id\":\"https:\/\/www.oarcanjo.net\/site\/sem-raiz-sem-identidade\/\"},\"wordCount\":385,\"commentCount\":0,\"publisher\":{\"@id\":\"https:\/\/www.oarcanjo.net\/site\/#organization\"},\"keywords\":[\"identidade\"],\"articleSection\":[\"Reflex\u00f5es\"],\"inLanguage\":\"pt-BR\",\"potentialAction\":[{\"@type\":\"CommentAction\",\"name\":\"Comment\",\"target\":[\"https:\/\/www.oarcanjo.net\/site\/sem-raiz-sem-identidade\/#respond\"]}]},{\"@type\":\"WebPage\",\"@id\":\"https:\/\/www.oarcanjo.net\/site\/sem-raiz-sem-identidade\/\",\"url\":\"https:\/\/www.oarcanjo.net\/site\/sem-raiz-sem-identidade\/\",\"name\":\"Sem raiz, sem identidade - O Arcanjo no ar\",\"isPartOf\":{\"@id\":\"https:\/\/www.oarcanjo.net\/site\/#website\"},\"datePublished\":\"2009-05-06T23:57:04+00:00\",\"dateModified\":\"2009-05-07T01:44:05+00:00\",\"breadcrumb\":{\"@id\":\"https:\/\/www.oarcanjo.net\/site\/sem-raiz-sem-identidade\/#breadcrumb\"},\"inLanguage\":\"pt-BR\",\"potentialAction\":[{\"@type\":\"ReadAction\",\"target\":[\"https:\/\/www.oarcanjo.net\/site\/sem-raiz-sem-identidade\/\"]}]},{\"@type\":\"BreadcrumbList\",\"@id\":\"https:\/\/www.oarcanjo.net\/site\/sem-raiz-sem-identidade\/#breadcrumb\",\"itemListElement\":[{\"@type\":\"ListItem\",\"position\":1,\"name\":\"In\u00edcio\",\"item\":\"https:\/\/www.oarcanjo.net\/site\/\"},{\"@type\":\"ListItem\",\"position\":2,\"name\":\"Sem raiz, sem identidade\"}]},{\"@type\":\"WebSite\",\"@id\":\"https:\/\/www.oarcanjo.net\/site\/#website\",\"url\":\"https:\/\/www.oarcanjo.net\/site\/\",\"name\":\"O Arcanjo no ar\",\"description\":\"Site da Par\u00f3quia S\u00e3o Miguel Arcanjo (Arquidiocese de SP)\",\"publisher\":{\"@id\":\"https:\/\/www.oarcanjo.net\/site\/#organization\"},\"potentialAction\":[{\"@type\":\"SearchAction\",\"target\":{\"@type\":\"EntryPoint\",\"urlTemplate\":\"https:\/\/www.oarcanjo.net\/site\/?s={search_term_string}\"},\"query-input\":{\"@type\":\"PropertyValueSpecification\",\"valueRequired\":true,\"valueName\":\"search_term_string\"}}],\"inLanguage\":\"pt-BR\"},{\"@type\":\"Organization\",\"@id\":\"https:\/\/www.oarcanjo.net\/site\/#organization\",\"name\":\"Par\u00f3quia S\u00e3o Miguel Arcanjo\",\"url\":\"https:\/\/www.oarcanjo.net\/site\/\",\"logo\":{\"@type\":\"ImageObject\",\"inLanguage\":\"pt-BR\",\"@id\":\"https:\/\/www.oarcanjo.net\/site\/#\/schema\/logo\/image\/\",\"url\":\"https:\/\/www.oarcanjo.net\/site\/wp-content\/uploads\/LogoOArcanjo.png\",\"contentUrl\":\"https:\/\/www.oarcanjo.net\/site\/wp-content\/uploads\/LogoOArcanjo.png\",\"width\":319,\"height\":99,\"caption\":\"Par\u00f3quia S\u00e3o Miguel Arcanjo\"},\"image\":{\"@id\":\"https:\/\/www.oarcanjo.net\/site\/#\/schema\/logo\/image\/\"},\"sameAs\":[\"https:\/\/www.facebook.com\/OArcanjoNoAr\/\"]},{\"@type\":\"Person\",\"@id\":\"https:\/\/www.oarcanjo.net\/site\/#\/schema\/person\/f7024d007863202483a31326673a0838\",\"name\":\"editor\",\"sameAs\":[\"http:\/\/www.oarcanjo.net\"]}]}<\/script>\n<!-- \/ Yoast SEO plugin. -->","yoast_head_json":{"title":"Sem raiz, sem identidade - O Arcanjo no ar","robots":{"index":"index","follow":"follow","max-snippet":"max-snippet:-1","max-image-preview":"max-image-preview:large","max-video-preview":"max-video-preview:-1"},"canonical":"https:\/\/www.oarcanjo.net\/site\/sem-raiz-sem-identidade\/","og_locale":"pt_BR","og_type":"article","og_title":"Sem raiz, sem identidade - O Arcanjo no ar","og_description":"\u201cAs ra\u00edzes s\u00e3o galhos que penetram fundo na terra. Os galhos s\u00e3o ra\u00edzes que se estendem para o alto no ar.\u201d \u2013 Tagore Havia, num certo lugar, um bando de p\u00e1ssaros, que todo ano migrava para outros campos em busca de comida e do calor que lhes aqueceria o corpo e o canto. Naquele ano, [&hellip;]","og_url":"https:\/\/www.oarcanjo.net\/site\/sem-raiz-sem-identidade\/","og_site_name":"O Arcanjo no ar","article_publisher":"https:\/\/www.facebook.com\/OArcanjoNoAr\/","article_published_time":"2009-05-06T23:57:04+00:00","article_modified_time":"2009-05-07T01:44:05+00:00","og_image":[{"width":300,"height":300,"url":"https:\/\/www.oarcanjo.net\/site\/wp-content\/uploads\/logo-o-arcanjo-no-ar-facebook.png","type":"image\/png"}],"author":"editor","twitter_card":"summary_large_image","twitter_misc":{"Escrito por":"editor","Est. tempo de leitura":"2 minutos"},"schema":{"@context":"https:\/\/schema.org","@graph":[{"@type":"Article","@id":"https:\/\/www.oarcanjo.net\/site\/sem-raiz-sem-identidade\/#article","isPartOf":{"@id":"https:\/\/www.oarcanjo.net\/site\/sem-raiz-sem-identidade\/"},"author":{"name":"editor","@id":"https:\/\/www.oarcanjo.net\/site\/#\/schema\/person\/f7024d007863202483a31326673a0838"},"headline":"Sem raiz, sem identidade","datePublished":"2009-05-06T23:57:04+00:00","dateModified":"2009-05-07T01:44:05+00:00","mainEntityOfPage":{"@id":"https:\/\/www.oarcanjo.net\/site\/sem-raiz-sem-identidade\/"},"wordCount":385,"commentCount":0,"publisher":{"@id":"https:\/\/www.oarcanjo.net\/site\/#organization"},"keywords":["identidade"],"articleSection":["Reflex\u00f5es"],"inLanguage":"pt-BR","potentialAction":[{"@type":"CommentAction","name":"Comment","target":["https:\/\/www.oarcanjo.net\/site\/sem-raiz-sem-identidade\/#respond"]}]},{"@type":"WebPage","@id":"https:\/\/www.oarcanjo.net\/site\/sem-raiz-sem-identidade\/","url":"https:\/\/www.oarcanjo.net\/site\/sem-raiz-sem-identidade\/","name":"Sem raiz, sem identidade - O Arcanjo no ar","isPartOf":{"@id":"https:\/\/www.oarcanjo.net\/site\/#website"},"datePublished":"2009-05-06T23:57:04+00:00","dateModified":"2009-05-07T01:44:05+00:00","breadcrumb":{"@id":"https:\/\/www.oarcanjo.net\/site\/sem-raiz-sem-identidade\/#breadcrumb"},"inLanguage":"pt-BR","potentialAction":[{"@type":"ReadAction","target":["https:\/\/www.oarcanjo.net\/site\/sem-raiz-sem-identidade\/"]}]},{"@type":"BreadcrumbList","@id":"https:\/\/www.oarcanjo.net\/site\/sem-raiz-sem-identidade\/#breadcrumb","itemListElement":[{"@type":"ListItem","position":1,"name":"In\u00edcio","item":"https:\/\/www.oarcanjo.net\/site\/"},{"@type":"ListItem","position":2,"name":"Sem raiz, sem identidade"}]},{"@type":"WebSite","@id":"https:\/\/www.oarcanjo.net\/site\/#website","url":"https:\/\/www.oarcanjo.net\/site\/","name":"O Arcanjo no ar","description":"Site da Par\u00f3quia S\u00e3o Miguel Arcanjo (Arquidiocese de SP)","publisher":{"@id":"https:\/\/www.oarcanjo.net\/site\/#organization"},"potentialAction":[{"@type":"SearchAction","target":{"@type":"EntryPoint","urlTemplate":"https:\/\/www.oarcanjo.net\/site\/?s={search_term_string}"},"query-input":{"@type":"PropertyValueSpecification","valueRequired":true,"valueName":"search_term_string"}}],"inLanguage":"pt-BR"},{"@type":"Organization","@id":"https:\/\/www.oarcanjo.net\/site\/#organization","name":"Par\u00f3quia S\u00e3o Miguel Arcanjo","url":"https:\/\/www.oarcanjo.net\/site\/","logo":{"@type":"ImageObject","inLanguage":"pt-BR","@id":"https:\/\/www.oarcanjo.net\/site\/#\/schema\/logo\/image\/","url":"https:\/\/www.oarcanjo.net\/site\/wp-content\/uploads\/LogoOArcanjo.png","contentUrl":"https:\/\/www.oarcanjo.net\/site\/wp-content\/uploads\/LogoOArcanjo.png","width":319,"height":99,"caption":"Par\u00f3quia S\u00e3o Miguel Arcanjo"},"image":{"@id":"https:\/\/www.oarcanjo.net\/site\/#\/schema\/logo\/image\/"},"sameAs":["https:\/\/www.facebook.com\/OArcanjoNoAr\/"]},{"@type":"Person","@id":"https:\/\/www.oarcanjo.net\/site\/#\/schema\/person\/f7024d007863202483a31326673a0838","name":"editor","sameAs":["http:\/\/www.oarcanjo.net"]}]}},"publishpress_future_action":{"enabled":false,"date":"2026-05-09 04:22:40","action":"category","newStatus":"draft","terms":[],"taxonomy":"category"},"publishpress_future_workflow_manual_trigger":{"enabledWorkflows":[]},"_links":{"self":[{"href":"https:\/\/www.oarcanjo.net\/site\/wp-json\/wp\/v2\/posts\/3277"}],"collection":[{"href":"https:\/\/www.oarcanjo.net\/site\/wp-json\/wp\/v2\/posts"}],"about":[{"href":"https:\/\/www.oarcanjo.net\/site\/wp-json\/wp\/v2\/types\/post"}],"author":[{"embeddable":true,"href":"https:\/\/www.oarcanjo.net\/site\/wp-json\/wp\/v2\/users\/5"}],"replies":[{"embeddable":true,"href":"https:\/\/www.oarcanjo.net\/site\/wp-json\/wp\/v2\/comments?post=3277"}],"version-history":[{"count":0,"href":"https:\/\/www.oarcanjo.net\/site\/wp-json\/wp\/v2\/posts\/3277\/revisions"}],"wp:attachment":[{"href":"https:\/\/www.oarcanjo.net\/site\/wp-json\/wp\/v2\/media?parent=3277"}],"wp:term":[{"taxonomy":"category","embeddable":true,"href":"https:\/\/www.oarcanjo.net\/site\/wp-json\/wp\/v2\/categories?post=3277"},{"taxonomy":"post_tag","embeddable":true,"href":"https:\/\/www.oarcanjo.net\/site\/wp-json\/wp\/v2\/tags?post=3277"}],"curies":[{"name":"wp","href":"https:\/\/api.w.org\/{rel}","templated":true}]}}