
{"id":3280,"date":"2009-05-05T22:18:19","date_gmt":"2009-05-06T01:18:19","guid":{"rendered":"http:\/\/www.oarcanjo.net\/site\/?p=3280"},"modified":"2009-05-06T22:19:57","modified_gmt":"2009-05-07T01:19:57","slug":"o-milagre-da-comunicacao","status":"publish","type":"post","link":"https:\/\/www.oarcanjo.net\/site\/o-milagre-da-comunicacao\/","title":{"rendered":"O milagre da comunica\u00e7\u00e3o"},"content":{"rendered":"<p>Marcelo Barros<\/p>\n<p>Mergulhados em um mundo de comunica\u00e7\u00e3o r\u00e1pida, no qual o telefone celular e a internet nos ligam, em tempo real, ao mundo inteiro, facilmente nos esquecemos de que, em termos de comunica\u00e7\u00e3o, em poucos 30 anos, o mundo viveu uma transforma\u00e7\u00e3o que, em mil\u00eanios, n\u00e3o conhecia. Estes novos meios de comunica\u00e7\u00e3o plasmaram uma nova cultura social e deram mais agilidade e efici\u00eancia aos meios de comunica\u00e7\u00e3o social cl\u00e1ssicos como a imprensa e mesmo o r\u00e1dio e a televis\u00e3o.<\/p>\n<p>Em todos os f\u00f3runs e debates da sociedade democr\u00e1tica, a fun\u00e7\u00e3o dos meios de comunica\u00e7\u00e3o social tem sido tema de reflex\u00e3o e debates. A ONU considera o dia 3 de maio como &#8220;dia internacional da liberdade dos meios de comunica\u00e7\u00e3o&#8221;. Houve \u00e9pocas nas quais a censura vinha de governos ditatoriais e de regimes pol\u00edticos repressivos. Hoje, a censura mais freq\u00fcente vem dos interesses econ\u00f4micos e sociais dos propriet\u00e1rios das empresas de comunica\u00e7\u00e3o, assim como das ag\u00eancias internacionais de not\u00edcias, n\u00e3o poucas vezes, propriedade dos mesmos conglomerados do petr\u00f3leo e das ind\u00fastrias de armamentos.<\/p>\n<p>No Brasil, o dia 5 de maio foi institu\u00eddo como Dia Nacional das Comunica\u00e7\u00f5es. Poucas pessoas sabem que nesta data, em 1865, nascia em Mimoso, perto de Cuiab\u00e1 (MT), uma grande figura das telecomunica\u00e7\u00f5es brasileiras: o Marechal Rondon. O nome deste grande brasileiro, descendente de \u00edndios Terena, Bororo e Guan\u00e1, \u00e9 lembrado quando se trata de defesa dos povos ind\u00edgenas e da integra\u00e7\u00e3o do territ\u00f3rio nacional, mas poucas pessoas o ligam \u00e0s telecomunica\u00e7\u00f5es. Em 1955, quando C\u00e2ndido Mariano da Silva Rondon completava 90 anos, passou a ser homenageado como Patrono das Comunica\u00e7\u00f5es do Brasil. Talvez sua origem o impelisse a uma comunica\u00e7\u00e3o mais humana com os ind\u00edgenas. &#8220;Morrer, se preciso for. Matar, nunca&#8221; &#8211; era o seu lema. Com ele, Rondon ganhou proje\u00e7\u00e3o e reconhecimento internacionais. Este princ\u00edpio deveria servir para nortear a pauta dos meios de comunica\u00e7\u00e3o em uma sociedade que convive mais com a guerra do que com a paz e acaba achando mais natural a competi\u00e7\u00e3o do que a colabora\u00e7\u00e3o entre pessoas e povos.<\/p>\n<p>Quem acompanha os notici\u00e1rios no Brasil sabe como a maioria destes privilegia a viol\u00eancia. \u00c9 como se informar significasse explorar incansavelmente e de modo insens\u00edvel os crimes e doen\u00e7as que atacam a sociedade. Uma crian\u00e7a que foi jogada de um edif\u00edcio ou um filho que mata os pais proporcionam mat\u00e9rias para a repeti\u00e7\u00e3o cotidiana de reportagens sensacionalistas, cenas chocantes e coment\u00e1rios infelizes, pelo menos por quinze dias. At\u00e9 surgir um novo crime ou esc\u00e2ndalo. Ao mesmo tempo, quase sempre continua forte uma campanha de criminaliza\u00e7\u00e3o de movimentos populares e uma publicidade extremamente negativa de qualquer governo que, na Am\u00e9rica Latina, pretenda transformar a sociedade. Quem se deixa informar e formar por estes meios de comunica\u00e7\u00e3o tende a pensar que, no Brasil, s\u00f3 existem corrup\u00e7\u00e3o pol\u00edtica e viol\u00eancia nas ruas e que a sociedade est\u00e1 perdida. De fato, ficam ignorados e desconhecidos tantos exemplos de \u00e9tica no trato da coisa p\u00fablica e na vida pessoal, assim como muitas pessoas admir\u00e1veis na dedica\u00e7\u00e3o aos outros. As conquistas sociais e morais da sociedade civil s\u00e3o negadas.<\/p>\n<p>No mundo religioso, as Igrejas e grupos espirituais independentes t\u00eam se servido dos meios de comunica\u00e7\u00e3o. Est\u00fadios substituem templos e misturam-se reality-show, fic\u00e7\u00e3o e liturgia. A f\u00e9 se torna objeto de espet\u00e1culos religiosos televisivos, sejam cultos neo-pentecostais ou missas-show de padres pop. Entretanto, a f\u00e9 nunca pode ser objeto de publicidade. As Igrejas n\u00e3o se edificam espiritualmente baseadas em cultos de massa que exploram sentimentos, mas n\u00e3o pedem compromisso comunit\u00e1rio. Como evangelho \u00e9 a boa noticia de que, apesar de tudo, o projeto divino de paz e justi\u00e7a come\u00e7a a se realizar neste mundo, muitas vezes, \u00e9 fora do universo religioso que jornalistas cumprem a fun\u00e7\u00e3o de verdadeiros evangelizadores e fazem com que os meios de comunica\u00e7\u00e3o cumpram sua fun\u00e7\u00e3o de fazer deste mundo uma fraternidade humana em comunh\u00e3o com o universo.<\/p>\n<div id=\"themify_builder_content-3280\" data-postid=\"3280\" class=\"themify_builder_content themify_builder_content-3280 themify_builder themify_builder_front\">\n\t<\/div>\n<!-- \/themify_builder_content -->","protected":false},"excerpt":{"rendered":"<p>Marcelo Barros Mergulhados em um mundo de comunica\u00e7\u00e3o r\u00e1pida, no qual o telefone celular e a internet nos ligam, em tempo real, ao mundo inteiro, facilmente nos esquecemos de que, em termos de comunica\u00e7\u00e3o, em poucos 30 anos, o mundo viveu uma transforma\u00e7\u00e3o que, em mil\u00eanios, n\u00e3o conhecia. Estes novos meios de comunica\u00e7\u00e3o plasmaram uma [&hellip;]<\/p>\n","protected":false},"author":5,"featured_media":0,"comment_status":"open","ping_status":"open","sticky":false,"template":"","format":"standard","meta":{"ngg_post_thumbnail":0,"footnotes":""},"categories":[9],"tags":[27,21,182,623,622,624,625],"yoast_head":"<!-- This site is optimized with the Yoast SEO plugin v23.5 - https:\/\/yoast.com\/wordpress\/plugins\/seo\/ -->\n<title>O milagre da comunica\u00e7\u00e3o - O Arcanjo no ar<\/title>\n<meta name=\"robots\" content=\"index, follow, max-snippet:-1, max-image-preview:large, max-video-preview:-1\" \/>\n<link rel=\"canonical\" href=\"https:\/\/www.oarcanjo.net\/site\/o-milagre-da-comunicacao\/\" \/>\n<meta property=\"og:locale\" content=\"pt_BR\" \/>\n<meta property=\"og:type\" content=\"article\" \/>\n<meta property=\"og:title\" content=\"O milagre da comunica\u00e7\u00e3o - O Arcanjo no ar\" \/>\n<meta property=\"og:description\" content=\"Marcelo Barros Mergulhados em um mundo de comunica\u00e7\u00e3o r\u00e1pida, no qual o telefone celular e a internet nos ligam, em tempo real, ao mundo inteiro, facilmente nos esquecemos de que, em termos de comunica\u00e7\u00e3o, em poucos 30 anos, o mundo viveu uma transforma\u00e7\u00e3o que, em mil\u00eanios, n\u00e3o conhecia. Estes novos meios de comunica\u00e7\u00e3o plasmaram uma [&hellip;]\" \/>\n<meta property=\"og:url\" content=\"https:\/\/www.oarcanjo.net\/site\/o-milagre-da-comunicacao\/\" \/>\n<meta property=\"og:site_name\" content=\"O Arcanjo no ar\" \/>\n<meta property=\"article:publisher\" content=\"https:\/\/www.facebook.com\/OArcanjoNoAr\/\" \/>\n<meta property=\"article:published_time\" content=\"2009-05-06T01:18:19+00:00\" \/>\n<meta property=\"article:modified_time\" content=\"2009-05-07T01:19:57+00:00\" \/>\n<meta property=\"og:image\" content=\"https:\/\/www.oarcanjo.net\/site\/wp-content\/uploads\/logo-o-arcanjo-no-ar-facebook.png\" \/>\n\t<meta property=\"og:image:width\" content=\"300\" \/>\n\t<meta property=\"og:image:height\" content=\"300\" \/>\n\t<meta property=\"og:image:type\" content=\"image\/png\" \/>\n<meta name=\"author\" content=\"editor\" \/>\n<meta name=\"twitter:card\" content=\"summary_large_image\" \/>\n<meta name=\"twitter:label1\" content=\"Escrito por\" \/>\n\t<meta name=\"twitter:data1\" content=\"editor\" \/>\n\t<meta name=\"twitter:label2\" content=\"Est. tempo de leitura\" \/>\n\t<meta name=\"twitter:data2\" content=\"4 minutos\" \/>\n<script type=\"application\/ld+json\" class=\"yoast-schema-graph\">{\"@context\":\"https:\/\/schema.org\",\"@graph\":[{\"@type\":\"Article\",\"@id\":\"https:\/\/www.oarcanjo.net\/site\/o-milagre-da-comunicacao\/#article\",\"isPartOf\":{\"@id\":\"https:\/\/www.oarcanjo.net\/site\/o-milagre-da-comunicacao\/\"},\"author\":{\"name\":\"editor\",\"@id\":\"https:\/\/www.oarcanjo.net\/site\/#\/schema\/person\/f7024d007863202483a31326673a0838\"},\"headline\":\"O milagre da comunica\u00e7\u00e3o\",\"datePublished\":\"2009-05-06T01:18:19+00:00\",\"dateModified\":\"2009-05-07T01:19:57+00:00\",\"mainEntityOfPage\":{\"@id\":\"https:\/\/www.oarcanjo.net\/site\/o-milagre-da-comunicacao\/\"},\"wordCount\":718,\"commentCount\":0,\"publisher\":{\"@id\":\"https:\/\/www.oarcanjo.net\/site\/#organization\"},\"keywords\":[\"comunica\u00e7\u00e3o\",\"internet\",\"meios de comunica\u00e7\u00e3o\",\"r\u00e1dio\",\"telefone celular\",\"televis\u00e3o\",\"TV\"],\"articleSection\":[\"Reflex\u00f5es\"],\"inLanguage\":\"pt-BR\",\"potentialAction\":[{\"@type\":\"CommentAction\",\"name\":\"Comment\",\"target\":[\"https:\/\/www.oarcanjo.net\/site\/o-milagre-da-comunicacao\/#respond\"]}]},{\"@type\":\"WebPage\",\"@id\":\"https:\/\/www.oarcanjo.net\/site\/o-milagre-da-comunicacao\/\",\"url\":\"https:\/\/www.oarcanjo.net\/site\/o-milagre-da-comunicacao\/\",\"name\":\"O milagre da comunica\u00e7\u00e3o - O Arcanjo no ar\",\"isPartOf\":{\"@id\":\"https:\/\/www.oarcanjo.net\/site\/#website\"},\"datePublished\":\"2009-05-06T01:18:19+00:00\",\"dateModified\":\"2009-05-07T01:19:57+00:00\",\"breadcrumb\":{\"@id\":\"https:\/\/www.oarcanjo.net\/site\/o-milagre-da-comunicacao\/#breadcrumb\"},\"inLanguage\":\"pt-BR\",\"potentialAction\":[{\"@type\":\"ReadAction\",\"target\":[\"https:\/\/www.oarcanjo.net\/site\/o-milagre-da-comunicacao\/\"]}]},{\"@type\":\"BreadcrumbList\",\"@id\":\"https:\/\/www.oarcanjo.net\/site\/o-milagre-da-comunicacao\/#breadcrumb\",\"itemListElement\":[{\"@type\":\"ListItem\",\"position\":1,\"name\":\"In\u00edcio\",\"item\":\"https:\/\/www.oarcanjo.net\/site\/\"},{\"@type\":\"ListItem\",\"position\":2,\"name\":\"O milagre da comunica\u00e7\u00e3o\"}]},{\"@type\":\"WebSite\",\"@id\":\"https:\/\/www.oarcanjo.net\/site\/#website\",\"url\":\"https:\/\/www.oarcanjo.net\/site\/\",\"name\":\"O Arcanjo no ar\",\"description\":\"Site da Par\u00f3quia S\u00e3o Miguel Arcanjo (Arquidiocese de SP)\",\"publisher\":{\"@id\":\"https:\/\/www.oarcanjo.net\/site\/#organization\"},\"potentialAction\":[{\"@type\":\"SearchAction\",\"target\":{\"@type\":\"EntryPoint\",\"urlTemplate\":\"https:\/\/www.oarcanjo.net\/site\/?s={search_term_string}\"},\"query-input\":{\"@type\":\"PropertyValueSpecification\",\"valueRequired\":true,\"valueName\":\"search_term_string\"}}],\"inLanguage\":\"pt-BR\"},{\"@type\":\"Organization\",\"@id\":\"https:\/\/www.oarcanjo.net\/site\/#organization\",\"name\":\"Par\u00f3quia S\u00e3o Miguel Arcanjo\",\"url\":\"https:\/\/www.oarcanjo.net\/site\/\",\"logo\":{\"@type\":\"ImageObject\",\"inLanguage\":\"pt-BR\",\"@id\":\"https:\/\/www.oarcanjo.net\/site\/#\/schema\/logo\/image\/\",\"url\":\"https:\/\/www.oarcanjo.net\/site\/wp-content\/uploads\/LogoOArcanjo.png\",\"contentUrl\":\"https:\/\/www.oarcanjo.net\/site\/wp-content\/uploads\/LogoOArcanjo.png\",\"width\":319,\"height\":99,\"caption\":\"Par\u00f3quia S\u00e3o Miguel Arcanjo\"},\"image\":{\"@id\":\"https:\/\/www.oarcanjo.net\/site\/#\/schema\/logo\/image\/\"},\"sameAs\":[\"https:\/\/www.facebook.com\/OArcanjoNoAr\/\"]},{\"@type\":\"Person\",\"@id\":\"https:\/\/www.oarcanjo.net\/site\/#\/schema\/person\/f7024d007863202483a31326673a0838\",\"name\":\"editor\",\"sameAs\":[\"http:\/\/www.oarcanjo.net\"]}]}<\/script>\n<!-- \/ Yoast SEO plugin. -->","yoast_head_json":{"title":"O milagre da comunica\u00e7\u00e3o - O Arcanjo no ar","robots":{"index":"index","follow":"follow","max-snippet":"max-snippet:-1","max-image-preview":"max-image-preview:large","max-video-preview":"max-video-preview:-1"},"canonical":"https:\/\/www.oarcanjo.net\/site\/o-milagre-da-comunicacao\/","og_locale":"pt_BR","og_type":"article","og_title":"O milagre da comunica\u00e7\u00e3o - O Arcanjo no ar","og_description":"Marcelo Barros Mergulhados em um mundo de comunica\u00e7\u00e3o r\u00e1pida, no qual o telefone celular e a internet nos ligam, em tempo real, ao mundo inteiro, facilmente nos esquecemos de que, em termos de comunica\u00e7\u00e3o, em poucos 30 anos, o mundo viveu uma transforma\u00e7\u00e3o que, em mil\u00eanios, n\u00e3o conhecia. Estes novos meios de comunica\u00e7\u00e3o plasmaram uma [&hellip;]","og_url":"https:\/\/www.oarcanjo.net\/site\/o-milagre-da-comunicacao\/","og_site_name":"O Arcanjo no ar","article_publisher":"https:\/\/www.facebook.com\/OArcanjoNoAr\/","article_published_time":"2009-05-06T01:18:19+00:00","article_modified_time":"2009-05-07T01:19:57+00:00","og_image":[{"width":300,"height":300,"url":"https:\/\/www.oarcanjo.net\/site\/wp-content\/uploads\/logo-o-arcanjo-no-ar-facebook.png","type":"image\/png"}],"author":"editor","twitter_card":"summary_large_image","twitter_misc":{"Escrito por":"editor","Est. tempo de leitura":"4 minutos"},"schema":{"@context":"https:\/\/schema.org","@graph":[{"@type":"Article","@id":"https:\/\/www.oarcanjo.net\/site\/o-milagre-da-comunicacao\/#article","isPartOf":{"@id":"https:\/\/www.oarcanjo.net\/site\/o-milagre-da-comunicacao\/"},"author":{"name":"editor","@id":"https:\/\/www.oarcanjo.net\/site\/#\/schema\/person\/f7024d007863202483a31326673a0838"},"headline":"O milagre da comunica\u00e7\u00e3o","datePublished":"2009-05-06T01:18:19+00:00","dateModified":"2009-05-07T01:19:57+00:00","mainEntityOfPage":{"@id":"https:\/\/www.oarcanjo.net\/site\/o-milagre-da-comunicacao\/"},"wordCount":718,"commentCount":0,"publisher":{"@id":"https:\/\/www.oarcanjo.net\/site\/#organization"},"keywords":["comunica\u00e7\u00e3o","internet","meios de comunica\u00e7\u00e3o","r\u00e1dio","telefone celular","televis\u00e3o","TV"],"articleSection":["Reflex\u00f5es"],"inLanguage":"pt-BR","potentialAction":[{"@type":"CommentAction","name":"Comment","target":["https:\/\/www.oarcanjo.net\/site\/o-milagre-da-comunicacao\/#respond"]}]},{"@type":"WebPage","@id":"https:\/\/www.oarcanjo.net\/site\/o-milagre-da-comunicacao\/","url":"https:\/\/www.oarcanjo.net\/site\/o-milagre-da-comunicacao\/","name":"O milagre da comunica\u00e7\u00e3o - O Arcanjo no ar","isPartOf":{"@id":"https:\/\/www.oarcanjo.net\/site\/#website"},"datePublished":"2009-05-06T01:18:19+00:00","dateModified":"2009-05-07T01:19:57+00:00","breadcrumb":{"@id":"https:\/\/www.oarcanjo.net\/site\/o-milagre-da-comunicacao\/#breadcrumb"},"inLanguage":"pt-BR","potentialAction":[{"@type":"ReadAction","target":["https:\/\/www.oarcanjo.net\/site\/o-milagre-da-comunicacao\/"]}]},{"@type":"BreadcrumbList","@id":"https:\/\/www.oarcanjo.net\/site\/o-milagre-da-comunicacao\/#breadcrumb","itemListElement":[{"@type":"ListItem","position":1,"name":"In\u00edcio","item":"https:\/\/www.oarcanjo.net\/site\/"},{"@type":"ListItem","position":2,"name":"O milagre da comunica\u00e7\u00e3o"}]},{"@type":"WebSite","@id":"https:\/\/www.oarcanjo.net\/site\/#website","url":"https:\/\/www.oarcanjo.net\/site\/","name":"O Arcanjo no ar","description":"Site da Par\u00f3quia S\u00e3o Miguel Arcanjo (Arquidiocese de SP)","publisher":{"@id":"https:\/\/www.oarcanjo.net\/site\/#organization"},"potentialAction":[{"@type":"SearchAction","target":{"@type":"EntryPoint","urlTemplate":"https:\/\/www.oarcanjo.net\/site\/?s={search_term_string}"},"query-input":{"@type":"PropertyValueSpecification","valueRequired":true,"valueName":"search_term_string"}}],"inLanguage":"pt-BR"},{"@type":"Organization","@id":"https:\/\/www.oarcanjo.net\/site\/#organization","name":"Par\u00f3quia S\u00e3o Miguel Arcanjo","url":"https:\/\/www.oarcanjo.net\/site\/","logo":{"@type":"ImageObject","inLanguage":"pt-BR","@id":"https:\/\/www.oarcanjo.net\/site\/#\/schema\/logo\/image\/","url":"https:\/\/www.oarcanjo.net\/site\/wp-content\/uploads\/LogoOArcanjo.png","contentUrl":"https:\/\/www.oarcanjo.net\/site\/wp-content\/uploads\/LogoOArcanjo.png","width":319,"height":99,"caption":"Par\u00f3quia S\u00e3o Miguel Arcanjo"},"image":{"@id":"https:\/\/www.oarcanjo.net\/site\/#\/schema\/logo\/image\/"},"sameAs":["https:\/\/www.facebook.com\/OArcanjoNoAr\/"]},{"@type":"Person","@id":"https:\/\/www.oarcanjo.net\/site\/#\/schema\/person\/f7024d007863202483a31326673a0838","name":"editor","sameAs":["http:\/\/www.oarcanjo.net"]}]}},"publishpress_future_action":{"enabled":false,"date":"2026-05-09 04:31:52","action":"category","newStatus":"draft","terms":[],"taxonomy":"category"},"publishpress_future_workflow_manual_trigger":{"enabledWorkflows":[]},"_links":{"self":[{"href":"https:\/\/www.oarcanjo.net\/site\/wp-json\/wp\/v2\/posts\/3280"}],"collection":[{"href":"https:\/\/www.oarcanjo.net\/site\/wp-json\/wp\/v2\/posts"}],"about":[{"href":"https:\/\/www.oarcanjo.net\/site\/wp-json\/wp\/v2\/types\/post"}],"author":[{"embeddable":true,"href":"https:\/\/www.oarcanjo.net\/site\/wp-json\/wp\/v2\/users\/5"}],"replies":[{"embeddable":true,"href":"https:\/\/www.oarcanjo.net\/site\/wp-json\/wp\/v2\/comments?post=3280"}],"version-history":[{"count":0,"href":"https:\/\/www.oarcanjo.net\/site\/wp-json\/wp\/v2\/posts\/3280\/revisions"}],"wp:attachment":[{"href":"https:\/\/www.oarcanjo.net\/site\/wp-json\/wp\/v2\/media?parent=3280"}],"wp:term":[{"taxonomy":"category","embeddable":true,"href":"https:\/\/www.oarcanjo.net\/site\/wp-json\/wp\/v2\/categories?post=3280"},{"taxonomy":"post_tag","embeddable":true,"href":"https:\/\/www.oarcanjo.net\/site\/wp-json\/wp\/v2\/tags?post=3280"}],"curies":[{"name":"wp","href":"https:\/\/api.w.org\/{rel}","templated":true}]}}